{"id":16473,"date":"2020-09-23T14:43:16","date_gmt":"2020-09-23T14:43:16","guid":{"rendered":"https:\/\/larevistadigital.com.ar\/blog\/?p=16473"},"modified":"2020-09-23T14:43:16","modified_gmt":"2020-09-23T14:43:16","slug":"este-jueves-24-de-septiembre-no-habra-servicio-de-recoleccion-de-residuos","status":"publish","type":"post","link":"https:\/\/larevistadigital.com.ar\/blog\/este-jueves-24-de-septiembre-no-habra-servicio-de-recoleccion-de-residuos\/","title":{"rendered":"ESTE JUEVES 24 DE SEPTIEMBRE NO HABR\u00c1 SERVICIO DE RECOLECCI\u00d3N DE RESIDUOS"},"content":{"rendered":"<p class=\"notaIntro\">En conmemoraci\u00f3n del \u201cD\u00eda de Nuestra Se\u00f1ora de la Merced\u201d, patrona de la ciudad de Chascom\u00fas, este jueves 24, no se realizar\u00e1n las tareas de recolecci\u00f3n de residuos, por lo que se recomienda a toda la comunidad la colaboraci\u00f3n en mantener la higiene en la v\u00eda p\u00fablica y no depositar bolsas a los costados de los contenedores u otros residuos.<\/p>\n<p class=\"notaTexto\">Por otra parte, el viernes 25, se retomar\u00e1 el servicio de manera habitual.<\/p>\n","protected":false},"excerpt":{"rendered":"<div class=\"mh-excerpt\"><p>En conmemoraci\u00f3n del \u201cD\u00eda de Nuestra Se\u00f1ora de la Merced\u201d, patrona de la ciudad de Chascom\u00fas, este jueves 24, no se realizar\u00e1n las tareas de recolecci\u00f3n de residuos, por lo que se recomienda a toda <a class=\"mh-excerpt-more\" href=\"https:\/\/larevistadigital.com.ar\/blog\/este-jueves-24-de-septiembre-no-habra-servicio-de-recoleccion-de-residuos\/\" title=\"ESTE JUEVES 24 DE SEPTIEMBRE NO HABR\u00c1 SERVICIO DE RECOLECCI\u00d3N DE RESIDUOS\">[Leer M\u00e1s]<\/a><\/p>\n<\/div>","protected":false},"author":3,"featured_media":16474,"comment_status":"open","ping_status":"open","sticky":false,"template":"","format":"standard","meta":{"_jetpack_memberships_contains_paid_content":false,"footnotes":"","jetpack_publicize_message":"","jetpack_publicize_feature_enabled":true,"jetpack_social_post_already_shared":true,"jetpack_social_options":{"image_generator_settings":{"template":"highway","default_image_id":0,"font":"","enabled":false},"version":2}},"categories":[6],"tags":[],"class_list":{"0":"post-16473","1":"post","2":"type-post","3":"status-publish","4":"format-standard","5":"has-post-thumbnail","7":"category-chascomus"},"jetpack_publicize_connections":[],"jetpack_featured_media_url":"https:\/\/i0.wp.com\/larevistadigital.com.ar\/blog\/wp-content\/uploads\/2020_09_22_16_27_09_8617553.jpg?fit=600%2C415&ssl=1","jetpack_sharing_enabled":true,"jetpack_shortlink":"https:\/\/wp.me\/p8qtrQ-4hH","jetpack-related-posts":[{"id":5344,"url":"https:\/\/larevistadigital.com.ar\/blog\/recoleccion-de-residuos-en-el-fin-de-semana\/","url_meta":{"origin":16473,"position":0},"title":"Recolecci\u00f3n de residuos en el fin de semana","author":"admin","date":"27 marzo, 2018","format":false,"excerpt":"Jueves 29, viernes 30 y s\u00e1bado 31 de marzo, el servicio de recolecci\u00f3n de residuos domiciliarios funcionar\u00e1 normalmente. El domingo 1\u00ba de abril no habr\u00e1 recolecci\u00f3n, mientras que el lunes 2 se reanuda nuevamente el servicio. Se ruega a los vecinos no depositar los residuos domiciliarios durante el domingo y\u2026","rel":"","context":"En \u00abCHASCOM\u00daS\u00bb","block_context":{"text":"CHASCOM\u00daS","link":"https:\/\/larevistadigital.com.ar\/blog\/category\/chascomus\/"},"img":{"alt_text":"","src":"https:\/\/i0.wp.com\/larevistadigital.com.ar\/blog\/wp-content\/uploads\/2018\/03\/18.jpg?fit=737%2C415&ssl=1&resize=350%2C200","width":350,"height":200,"srcset":"https:\/\/i0.wp.com\/larevistadigital.com.ar\/blog\/wp-content\/uploads\/2018\/03\/18.jpg?fit=737%2C415&ssl=1&resize=350%2C200 1x, https:\/\/i0.wp.com\/larevistadigital.com.ar\/blog\/wp-content\/uploads\/2018\/03\/18.jpg?fit=737%2C415&ssl=1&resize=525%2C300 1.5x, https:\/\/i0.wp.com\/larevistadigital.com.ar\/blog\/wp-content\/uploads\/2018\/03\/18.jpg?fit=737%2C415&ssl=1&resize=700%2C400 2x"},"classes":[]},{"id":44878,"url":"https:\/\/larevistadigital.com.ar\/blog\/chascomus-como-sera-la-recoleccion-de-residuos-durante-el-fin-de-semana-largo\/","url_meta":{"origin":16473,"position":1},"title":"Chascom\u00fas: C\u00f3mo ser\u00e1 la recolecci\u00f3n de residuos durante el fin de semana largo","author":"Alejandro Sosa Ruda","date":"1 abril, 2026","format":false,"excerpt":"Para garantizar la limpieza de la ciudad, el personal municipal trabajar\u00e1 durante los feriados. 01 de abril de 2026 CHASCOM\u00daS -\u00a0 La Municipalidad de Chascom\u00fas da a conocer los horarios del servicio de recolecci\u00f3n de residuos durante los pr\u00f3ximos d\u00edas. El jueves y el viernes, s\u00e1bado, se realizar\u00e1 de manera\u2026","rel":"","context":"En \u00abINTERES GENERAL\u00bb","block_context":{"text":"INTERES GENERAL","link":"https:\/\/larevistadigital.com.ar\/blog\/category\/interes-general\/"},"img":{"alt_text":"","src":"https:\/\/i0.wp.com\/larevistadigital.com.ar\/blog\/wp-content\/uploads\/69cd4c5500238.png?fit=668%2C445&ssl=1&resize=350%2C200","width":350,"height":200,"srcset":"https:\/\/i0.wp.com\/larevistadigital.com.ar\/blog\/wp-content\/uploads\/69cd4c5500238.png?fit=668%2C445&ssl=1&resize=350%2C200 1x, https:\/\/i0.wp.com\/larevistadigital.com.ar\/blog\/wp-content\/uploads\/69cd4c5500238.png?fit=668%2C445&ssl=1&resize=525%2C300 1.5x"},"classes":[]},{"id":21069,"url":"https:\/\/larevistadigital.com.ar\/blog\/el-viernes-sin-servicio-de-recoleccion-de-residuos\/","url_meta":{"origin":16473,"position":2},"title":"EL VIERNES SIN SERVICIO DE RECOLECCI\u00d3N DE RESIDUOS","author":"Alejandro Sosa Ruda","date":"8 julio, 2021","format":false,"excerpt":"CHASCOM\u00daS -\u00a0 Se inform\u00f3 desde el municipio, que con motivo del feriado por el d\u00eda de la Independencia, este viernes 9, no se realizar\u00e1 el servicio de recolecci\u00f3n de residuos . Se recomienda a los vecinos no depositar bolsas en la v\u00eda p\u00fablica, procurando la higiene y el orden en\u2026","rel":"","context":"En \u00abINTERES GENERAL\u00bb","block_context":{"text":"INTERES GENERAL","link":"https:\/\/larevistadigital.com.ar\/blog\/category\/interes-general\/"},"img":{"alt_text":"","src":"https:\/\/i0.wp.com\/larevistadigital.com.ar\/blog\/wp-content\/uploads\/2020_07_07_17_37_57_8116455.jpg?fit=600%2C401&ssl=1&resize=350%2C200","width":350,"height":200,"srcset":"https:\/\/i0.wp.com\/larevistadigital.com.ar\/blog\/wp-content\/uploads\/2020_07_07_17_37_57_8116455.jpg?fit=600%2C401&ssl=1&resize=350%2C200 1x, https:\/\/i0.wp.com\/larevistadigital.com.ar\/blog\/wp-content\/uploads\/2020_07_07_17_37_57_8116455.jpg?fit=600%2C401&ssl=1&resize=525%2C300 1.5x"},"classes":[]},{"id":13112,"url":"https:\/\/larevistadigital.com.ar\/blog\/chascomus-manana-8-11-no-habra-recoleccion-de-residuos\/","url_meta":{"origin":16473,"position":3},"title":"CHASCOM\u00daS: MA\u00d1ANA 8\/11 NO HABR\u00c1 RECOLECCI\u00d3N DE RESIDUOS","author":"Alejandro Sosa Ruda","date":"7 noviembre, 2019","format":false,"excerpt":"La municipalidad de Chascom\u00fas, dio a conocer mediante un comunicado que ma\u00f1ana, viernes 8 de noviembre no habr\u00e1 servicio de recolecci\u00f3n de residuos, por lo que se solicita que se tomen los recaudos del caso.","rel":"","context":"En \u00abINTERES GENERAL\u00bb","block_context":{"text":"INTERES GENERAL","link":"https:\/\/larevistadigital.com.ar\/blog\/category\/interes-general\/"},"img":{"alt_text":"","src":"https:\/\/i0.wp.com\/larevistadigital.com.ar\/blog\/wp-content\/uploads\/WhatsApp-Image-2019-11-07-at-12.44.20.jpeg?fit=1200%2C1199&ssl=1&resize=350%2C200","width":350,"height":200,"srcset":"https:\/\/i0.wp.com\/larevistadigital.com.ar\/blog\/wp-content\/uploads\/WhatsApp-Image-2019-11-07-at-12.44.20.jpeg?fit=1200%2C1199&ssl=1&resize=350%2C200 1x, https:\/\/i0.wp.com\/larevistadigital.com.ar\/blog\/wp-content\/uploads\/WhatsApp-Image-2019-11-07-at-12.44.20.jpeg?fit=1200%2C1199&ssl=1&resize=525%2C300 1.5x, https:\/\/i0.wp.com\/larevistadigital.com.ar\/blog\/wp-content\/uploads\/WhatsApp-Image-2019-11-07-at-12.44.20.jpeg?fit=1200%2C1199&ssl=1&resize=700%2C400 2x, https:\/\/i0.wp.com\/larevistadigital.com.ar\/blog\/wp-content\/uploads\/WhatsApp-Image-2019-11-07-at-12.44.20.jpeg?fit=1200%2C1199&ssl=1&resize=1050%2C600 3x"},"classes":[]},{"id":12258,"url":"https:\/\/larevistadigital.com.ar\/blog\/chascomus-manana-no-habra-recoleccion-de-residuos\/","url_meta":{"origin":16473,"position":4},"title":"CHASCOM\u00daS: MA\u00d1ANA NO HABR\u00c1 RECOLECCI\u00d3N DE RESIDUOS","author":"Alejandro Sosa Ruda","date":"23 septiembre, 2019","format":false,"excerpt":"El municipio de Chascom\u00fas, di\u00f3 a conocer que el d\u00eda de ma\u00f1a, martes 24 de septiembre de 2019 no habr\u00e1 servicio de recolecci\u00f3n de res\u00edduos.","rel":"","context":"En \u00abINTERES GENERAL\u00bb","block_context":{"text":"INTERES GENERAL","link":"https:\/\/larevistadigital.com.ar\/blog\/category\/interes-general\/"},"img":{"alt_text":"","src":"https:\/\/i0.wp.com\/larevistadigital.com.ar\/blog\/wp-content\/uploads\/WhatsApp-Image-2019-09-23-at-16.27.39.jpeg?fit=1200%2C1197&ssl=1&resize=350%2C200","width":350,"height":200,"srcset":"https:\/\/i0.wp.com\/larevistadigital.com.ar\/blog\/wp-content\/uploads\/WhatsApp-Image-2019-09-23-at-16.27.39.jpeg?fit=1200%2C1197&ssl=1&resize=350%2C200 1x, https:\/\/i0.wp.com\/larevistadigital.com.ar\/blog\/wp-content\/uploads\/WhatsApp-Image-2019-09-23-at-16.27.39.jpeg?fit=1200%2C1197&ssl=1&resize=525%2C300 1.5x, https:\/\/i0.wp.com\/larevistadigital.com.ar\/blog\/wp-content\/uploads\/WhatsApp-Image-2019-09-23-at-16.27.39.jpeg?fit=1200%2C1197&ssl=1&resize=700%2C400 2x, https:\/\/i0.wp.com\/larevistadigital.com.ar\/blog\/wp-content\/uploads\/WhatsApp-Image-2019-09-23-at-16.27.39.jpeg?fit=1200%2C1197&ssl=1&resize=1050%2C600 3x"},"classes":[]},{"id":16880,"url":"https:\/\/larevistadigital.com.ar\/blog\/chascomus-el-municipio-informo-como-sera-la-recoleccion-de-residuos-durante-el-proximo-fin-de-semana-largo\/","url_meta":{"origin":16473,"position":5},"title":"CHASCOM\u00daS: EL MUNICIPIO INFORM\u00d3 C\u00d3MO SER\u00c1 LA RECOLECCI\u00d3N DE RESIDUOS DURANTE EL PR\u00d3XIMO FIN DE SEMANA LARGO","author":"Alejandro Sosa Ruda","date":"10 octubre, 2020","format":false,"excerpt":"La Municipalidad de Chascom\u00fas, inform\u00f3 el cronograma de recolecci\u00f3n de residuos durante el pr\u00f3ximo fin de semana largo, ya que el lunes 12 de octubre ser\u00e1 feriado por la conmemoraci\u00f3n del hoy llamado d\u00eda del respeto a la diversidad cultural. EL CRONOGRAMA ES EL SIGUIENTE: Viernes 9:.......... SERVICIO NORMAL S\u00e1bado\u2026","rel":"","context":"En \u00abCHASCOM\u00daS\u00bb","block_context":{"text":"CHASCOM\u00daS","link":"https:\/\/larevistadigital.com.ar\/blog\/category\/chascomus\/"},"img":{"alt_text":"","src":"https:\/\/i0.wp.com\/larevistadigital.com.ar\/blog\/wp-content\/uploads\/INFORMA-MUNICIPALIDAD-CHASCOMUS.jpg?fit=1000%2C666&ssl=1&resize=350%2C200","width":350,"height":200,"srcset":"https:\/\/i0.wp.com\/larevistadigital.com.ar\/blog\/wp-content\/uploads\/INFORMA-MUNICIPALIDAD-CHASCOMUS.jpg?fit=1000%2C666&ssl=1&resize=350%2C200 1x, https:\/\/i0.wp.com\/larevistadigital.com.ar\/blog\/wp-content\/uploads\/INFORMA-MUNICIPALIDAD-CHASCOMUS.jpg?fit=1000%2C666&ssl=1&resize=525%2C300 1.5x, https:\/\/i0.wp.com\/larevistadigital.com.ar\/blog\/wp-content\/uploads\/INFORMA-MUNICIPALIDAD-CHASCOMUS.jpg?fit=1000%2C666&ssl=1&resize=700%2C400 2x"},"classes":[]}],"_links":{"self":[{"href":"https:\/\/larevistadigital.com.ar\/blog\/wp-json\/wp\/v2\/posts\/16473","targetHints":{"allow":["GET"]}}],"collection":[{"href":"https:\/\/larevistadigital.com.ar\/blog\/wp-json\/wp\/v2\/posts"}],"about":[{"href":"https:\/\/larevistadigital.com.ar\/blog\/wp-json\/wp\/v2\/types\/post"}],"author":[{"embeddable":true,"href":"https:\/\/larevistadigital.com.ar\/blog\/wp-json\/wp\/v2\/users\/3"}],"replies":[{"embeddable":true,"href":"https:\/\/larevistadigital.com.ar\/blog\/wp-json\/wp\/v2\/comments?post=16473"}],"version-history":[{"count":1,"href":"https:\/\/larevistadigital.com.ar\/blog\/wp-json\/wp\/v2\/posts\/16473\/revisions"}],"predecessor-version":[{"id":16475,"href":"https:\/\/larevistadigital.com.ar\/blog\/wp-json\/wp\/v2\/posts\/16473\/revisions\/16475"}],"wp:featuredmedia":[{"embeddable":true,"href":"https:\/\/larevistadigital.com.ar\/blog\/wp-json\/wp\/v2\/media\/16474"}],"wp:attachment":[{"href":"https:\/\/larevistadigital.com.ar\/blog\/wp-json\/wp\/v2\/media?parent=16473"}],"wp:term":[{"taxonomy":"category","embeddable":true,"href":"https:\/\/larevistadigital.com.ar\/blog\/wp-json\/wp\/v2\/categories?post=16473"},{"taxonomy":"post_tag","embeddable":true,"href":"https:\/\/larevistadigital.com.ar\/blog\/wp-json\/wp\/v2\/tags?post=16473"}],"curies":[{"name":"wp","href":"https:\/\/api.w.org\/{rel}","templated":true}]}}