{"id":1651,"date":"2017-03-27T00:52:46","date_gmt":"2017-03-27T00:52:46","guid":{"rendered":"https:\/\/larevistadigital.com.ar\/blog\/?p=1651"},"modified":"2017-03-27T00:52:46","modified_gmt":"2017-03-27T00:52:46","slug":"se-descabezo-a-la-policia-federal-de-chascomus-por-ayudar-a-delincuentes-vinculados-a-la-droga","status":"publish","type":"post","link":"https:\/\/larevistadigital.com.ar\/blog\/se-descabezo-a-la-policia-federal-de-chascomus-por-ayudar-a-delincuentes-vinculados-a-la-droga\/","title":{"rendered":"SE DESCABEZ\u00d3 A LA POLIC\u00cdA FEDERAL DE CHASCOM\u00daS POR AYUDAR A DELINCUENTES VINCULADOS A LA DROGA"},"content":{"rendered":"<h2>Seg\u00fan confiaron al portal\u00a0 \u00a0<strong>Infobae<\/strong>\u00a0fuentes calificadas del ministerio de Seguridad, por medio del sistema de protecci\u00f3n de denunciantes fue\u00a0<strong>descabezada la unidad de la polic\u00eda Federal de Chascom\u00fa<\/strong>s.<\/h2>\n<p>A ra\u00edz de una denuncia interna de un\u00a0<strong>suboficial<\/strong>\u00a0que revistaba en la subdelegaci\u00f3n de esa localidad bonaerense, se descubri\u00f3 que el jefe de unidad, el subcomisario\u00a0<strong>Jorge Morel,<\/strong>\u00a0alertaba a delincuentes informaci\u00f3n sobre la\u00a0<strong>incautaci\u00f3n<\/strong>\u00a0de drogas y\u00a0<strong>se negaba a investigar<\/strong>\u00a0casas sospechadas de ser cuevas de operaciones de narcotr\u00e1fico de la zona.<\/p>\n<p>Luego de que el suboficial se sometiera al programa de protecci\u00f3n, el equipo del Ministerio de Seguridad liderado por <strong>Pablo\u00a0Costa<\/strong><strong>,<\/strong><strong>\u00a0<\/strong><strong>Dami\u00e1n\u00a0Arabia\u00a0<\/strong>y<strong> Carlos\u00a0Manfroni<\/strong>\u00a0coordin\u00f3 las tareas de investigaci\u00f3n con la Superintendencia de Asuntos Internos que lidera el comisario mayor <strong>Ernesto Cancio\u00a0L\u00f3pez.<\/strong><\/p>\n<blockquote>\n<h3><strong>Tras un operativo sorpresivo en Chascom\u00fas,\u00a0se comprob\u00f3 toda la denuncia. Ahora, el jefe de unidad de Chascom\u00fas fue\u00a0sumariado,\u00a0puesto a disponibilidad y tiene una\u00a0denuncia penal\u00a0en su contra.<\/strong><\/h3>\n<\/blockquote>\n<p>Seg\u00fan revelaron a\u00a0<strong>Infobae<\/strong>\u00a0fuentes del ministerio que dirige\u00a0<strong>Bullrich,<\/strong>\u00a0el caso de Chascom\u00fas\u00a0<strong>no es aislado<\/strong>. Hay otro\u00a0<strong>amplio listado<\/strong>\u00a0de denuncias de corrupci\u00f3n interna. <strong><em>\u00abRecibimos un promedio de\u00a0<\/em><\/strong><strong><em>3 o 4 denuncias diarias<\/em><\/strong><strong><em>\u00a0<\/em><\/strong><strong><em>en forma an\u00f3nima, y cada d\u00eda que pasa el sistema se muestra m\u00e1s confiable para los agentes denunciantes\u00bb<\/em><\/strong>, dijo en reserva un funcionario del \u00e1rea. La intenci\u00f3n de este grupo es que\u00a0<strong>aumenten los casos de denuncias<\/strong>\u00a0como el de Chascom\u00fas.<\/p>\n<p>Pero el equipo de control interno de las fuerzas de seguridad no se limita al tema del sistema de\u00a0<strong>protecci\u00f3n de denunciantes<\/strong>. Tambi\u00e9n desarroll\u00f3 un riguroso sistema de pedido de\u00a0<strong>declaraciones juradas<\/strong>\u00a0de bienes a los 96.700 agentes de todo el pa\u00eds. Ante la presentaci\u00f3n de los datos aportados, el Ministerio de Seguridad realiza un cruce con las bases de datos del registro automotor, los registros de inmuebles de todo el pa\u00eds, las bases de datos de embarcaciones con Migraciones, y con la evoluci\u00f3n de los legajos presentados, hace un seguimiento del\u00a0<strong>patrimonio de los uniformados.<\/strong><\/p>\n<blockquote>\n<h3>A su vez, el equipo del Sistema de control interno comenz\u00f3 a realizar\u00a0<strong>ex\u00e1menes psicof\u00edsicos sorpresivos<\/strong>\u00a0a agentes de todo el pa\u00eds. Ya hubo controles del Equipo de Prueba de Integridad que hizo ex\u00e1menes de\u00a0<strong>alcoholemia,<\/strong>\u00a0test de\u00a0<strong>drogas<\/strong>\u00a0y un test\u00a0<strong>psicol\u00f3gico<\/strong>\u00a0de gendarmes, prefectos, polic\u00edas de la Federal y de la PSA.<\/h3>\n<\/blockquote>\n<p>La idea central de este equipo es<strong>\u00a0<\/strong><strong>depurar desde adentro<\/strong>\u00a0y generar confianza con la nueva administraci\u00f3n. En caso de que haya un \u00e9xito rotundo de esta experiencia, los encargados de llevar adelante este trabajo sue\u00f1an con extender el programa a otros ministerios.<\/p>\n<p>&nbsp;<\/p>\n","protected":false},"excerpt":{"rendered":"<div class=\"mh-excerpt\"><p>Seg\u00fan confiaron al portal\u00a0 \u00a0Infobae\u00a0fuentes calificadas del ministerio de Seguridad, por medio del sistema de protecci\u00f3n de denunciantes fue\u00a0descabezada la unidad de la polic\u00eda Federal de Chascom\u00fas. A ra\u00edz de una denuncia interna de un\u00a0suboficial\u00a0que <a class=\"mh-excerpt-more\" href=\"https:\/\/larevistadigital.com.ar\/blog\/se-descabezo-a-la-policia-federal-de-chascomus-por-ayudar-a-delincuentes-vinculados-a-la-droga\/\" title=\"SE DESCABEZ\u00d3 A LA POLIC\u00cdA FEDERAL DE CHASCOM\u00daS POR AYUDAR A DELINCUENTES VINCULADOS A LA DROGA\">[Leer M\u00e1s]<\/a><\/p>\n<\/div>","protected":false},"author":3,"featured_media":1652,"comment_status":"open","ping_status":"open","sticky":false,"template":"","format":"standard","meta":{"_jetpack_memberships_contains_paid_content":false,"footnotes":"","jetpack_publicize_message":"","jetpack_publicize_feature_enabled":true,"jetpack_social_post_already_shared":true,"jetpack_social_options":{"image_generator_settings":{"template":"highway","default_image_id":0,"font":"","enabled":false},"version":2}},"categories":[6,41],"tags":[],"class_list":{"0":"post-1651","1":"post","2":"type-post","3":"status-publish","4":"format-standard","5":"has-post-thumbnail","7":"category-chascomus","8":"category-destacadas"},"jetpack_publicize_connections":[],"jetpack_featured_media_url":"https:\/\/i0.wp.com\/larevistadigital.com.ar\/blog\/wp-content\/uploads\/2017\/03\/Operativo-policial-del-fin-de-semana-3.jpg?fit=1178%2C800&ssl=1","jetpack_sharing_enabled":true,"jetpack_shortlink":"https:\/\/wp.me\/p8qtrQ-qD","jetpack-related-posts":[{"id":1679,"url":"https:\/\/larevistadigital.com.ar\/blog\/como-funciona-el-equipo-anticorrupcion-de-las-fuerzas-de-seguridad\/","url_meta":{"origin":1651,"position":0},"title":"C\u00f3mo funciona el equipo anticorrupci\u00f3n de las fuerzas de seguridad","author":"editor","date":"27 marzo, 2017","format":false,"excerpt":"Un grupo especial del Ministerio de Seguridad controla a 96.700 agentes de la Federal, Prefectura, Gendarmer\u00eda y Policia Aeroportuaria; ya descabezaron a la c\u00fapula de Chascom\u00fas con un sistema de protecci\u00f3n de denunciantes Se consideran un equipo infranqueable, tomaron nota de la experiencia de los Estados Unidos, y conforman un\u2026","rel":"","context":"En \u00abCHASCOM\u00daS\u00bb","block_context":{"text":"CHASCOM\u00daS","link":"https:\/\/larevistadigital.com.ar\/blog\/category\/chascomus\/"},"img":{"alt_text":"","src":"https:\/\/i0.wp.com\/larevistadigital.com.ar\/blog\/wp-content\/uploads\/2017\/03\/167515_nacionales.jpg?fit=544%2C293&ssl=1&resize=350%2C200","width":350,"height":200,"srcset":"https:\/\/i0.wp.com\/larevistadigital.com.ar\/blog\/wp-content\/uploads\/2017\/03\/167515_nacionales.jpg?fit=544%2C293&ssl=1&resize=350%2C200 1x, https:\/\/i0.wp.com\/larevistadigital.com.ar\/blog\/wp-content\/uploads\/2017\/03\/167515_nacionales.jpg?fit=544%2C293&ssl=1&resize=525%2C300 1.5x"},"classes":[]},{"id":26412,"url":"https:\/\/larevistadigital.com.ar\/blog\/chascomus-la-secretaria-de-seguridad-y-la-estacion-de-policia-comunal-alertan-por-llamados-extorsivos\/","url_meta":{"origin":1651,"position":1},"title":"CHASCOM\u00daS: LA SECRETAR\u00cdA DE SEGURIDAD Y LA ESTACI\u00d3N DE POLIC\u00cdA COMUNAL ALERTAN POR LLAMADOS EXTORSIVOS","author":"Alejandro Sosa Ruda","date":"7 julio, 2022","format":false,"excerpt":"Desde la Secretar\u00eda de Seguridad y la Estaci\u00f3n de Polic\u00eda Comunal, se hace un llamado de alerta a la poblaci\u00f3n, por la proliferaci\u00f3n de este tipo de delito que se est\u00e1 produciendo con asiduidad. C\u00f3mo prevenir y c\u00f3mo actuar. CHASCOM\u00daS -\u00a0 Se difundi\u00f3 desde la Secretar\u00eda de Seguridad de Chascom\u00fas,\u2026","rel":"","context":"En \u00abCHASCOM\u00daS\u00bb","block_context":{"text":"CHASCOM\u00daS","link":"https:\/\/larevistadigital.com.ar\/blog\/category\/chascomus\/"},"img":{"alt_text":"","src":"https:\/\/i0.wp.com\/larevistadigital.com.ar\/blog\/wp-content\/uploads\/1542081283589.jpg?fit=800%2C459&ssl=1&resize=350%2C200","width":350,"height":200,"srcset":"https:\/\/i0.wp.com\/larevistadigital.com.ar\/blog\/wp-content\/uploads\/1542081283589.jpg?fit=800%2C459&ssl=1&resize=350%2C200 1x, https:\/\/i0.wp.com\/larevistadigital.com.ar\/blog\/wp-content\/uploads\/1542081283589.jpg?fit=800%2C459&ssl=1&resize=525%2C300 1.5x, https:\/\/i0.wp.com\/larevistadigital.com.ar\/blog\/wp-content\/uploads\/1542081283589.jpg?fit=800%2C459&ssl=1&resize=700%2C400 2x"},"classes":[]},{"id":45294,"url":"https:\/\/larevistadigital.com.ar\/blog\/otro-golpe-al-narcotrafico-en-chascomus-la-policia-federal-detuvo-a-un-masculino-y-secuestro-drogas\/","url_meta":{"origin":1651,"position":2},"title":"Otro golpe al narcotr\u00e1fico en Chascom\u00fas: La polic\u00eda Federal detuvo a un masculino y secuestr\u00f3 drogas","author":"Alejandro Sosa Ruda","date":"24 abril, 2026","format":false,"excerpt":"24 De Abril de 2026 CHASCOM\u00daS\u00a0 -\u00a0 La Polic\u00eda Federal Argentina desarticul\u00f3 un punto de venta de drogas que operaba en la ciudad bonaerense de Chascom\u00fas, en el marco de una investigaci\u00f3n por infracci\u00f3n a la Ley N\u00b0 23.737. El operativo culmin\u00f3 con la detenci\u00f3n de un sospechoso y el\u2026","rel":"","context":"En \u00abDESTACADAS\u00bb","block_context":{"text":"DESTACADAS","link":"https:\/\/larevistadigital.com.ar\/blog\/category\/destacadas\/"},"img":{"alt_text":"","src":"https:\/\/i0.wp.com\/larevistadigital.com.ar\/blog\/wp-content\/uploads\/WhatsApp-Image-2026-04-24-at-12.52.30-1.jpeg?fit=710%2C425&ssl=1&resize=350%2C200","width":350,"height":200,"srcset":"https:\/\/i0.wp.com\/larevistadigital.com.ar\/blog\/wp-content\/uploads\/WhatsApp-Image-2026-04-24-at-12.52.30-1.jpeg?fit=710%2C425&ssl=1&resize=350%2C200 1x, https:\/\/i0.wp.com\/larevistadigital.com.ar\/blog\/wp-content\/uploads\/WhatsApp-Image-2026-04-24-at-12.52.30-1.jpeg?fit=710%2C425&ssl=1&resize=525%2C300 1.5x, https:\/\/i0.wp.com\/larevistadigital.com.ar\/blog\/wp-content\/uploads\/WhatsApp-Image-2026-04-24-at-12.52.30-1.jpeg?fit=710%2C425&ssl=1&resize=700%2C400 2x"},"classes":[]},{"id":8422,"url":"https:\/\/larevistadigital.com.ar\/blog\/chascomus-policia-federal-secuestra-de-mas-de-150-000-en-contrabando\/","url_meta":{"origin":1651,"position":3},"title":"CHASCOM\u00daS: POLIC\u00cdA FEDERAL SECUESTRA DE M\u00c1S DE $150.000.- EN CONTRABANDO","author":"Alejandro Sosa Ruda","date":"13 febrero, 2019","format":false,"excerpt":"La Polic\u00eda Federal Argentina, detuvo a dos personas y secuestr\u00f3 m\u00e1s de 150.000 pesos en Chascom\u00fas, provincia de Buenos Aires. A solicitud del magistrado actuante y siguiendo los lineamientos del Ministerio de Seguridad de la Naci\u00f3n, los efectivos de la Subdelegaci\u00f3n Chascom\u00fas de la Polic\u00eda Federal, fuerza encabezada por N\u00e9stor\u2026","rel":"","context":"En \u00abPOLICIALES\u00bb","block_context":{"text":"POLICIALES","link":"https:\/\/larevistadigital.com.ar\/blog\/category\/policiales\/"},"img":{"alt_text":"","src":"https:\/\/i0.wp.com\/larevistadigital.com.ar\/blog\/wp-content\/uploads\/2019\/02\/secuestro-mercaderia-chascomus.jpg?fit=1032%2C774&ssl=1&resize=350%2C200","width":350,"height":200,"srcset":"https:\/\/i0.wp.com\/larevistadigital.com.ar\/blog\/wp-content\/uploads\/2019\/02\/secuestro-mercaderia-chascomus.jpg?fit=1032%2C774&ssl=1&resize=350%2C200 1x, https:\/\/i0.wp.com\/larevistadigital.com.ar\/blog\/wp-content\/uploads\/2019\/02\/secuestro-mercaderia-chascomus.jpg?fit=1032%2C774&ssl=1&resize=525%2C300 1.5x, https:\/\/i0.wp.com\/larevistadigital.com.ar\/blog\/wp-content\/uploads\/2019\/02\/secuestro-mercaderia-chascomus.jpg?fit=1032%2C774&ssl=1&resize=700%2C400 2x"},"classes":[]},{"id":29589,"url":"https:\/\/larevistadigital.com.ar\/blog\/chascomus-el-intendente-acompano-los-actos-por-la-creacion-de-la-policia-bonaerense\/","url_meta":{"origin":1651,"position":4},"title":"CHASCOM\u00daS: EL INTENDENTE ACOMPA\u00d1\u00d3 LOS ACTOS POR LA CREACI\u00d3N DE LA POLIC\u00cdA BONAERENSE","author":"Alejandro Sosa Ruda","date":"23 diciembre, 2022","format":false,"excerpt":"El intendente municipal Javier Gast\u00f3n, estuvo junto a la Secretaria de Seguridad Comunal Mariela Moscarellla en el acto de conmemoraci\u00f3n de los 201 a\u00f1os de la creaci\u00f3n de la Polic\u00eda Provincial, donde se entregaron reconocimientos y distinciones. CHASCOM\u00daS -\u00a0 En un muy emotivo acto, donde se percibi\u00f3 la gran camarader\u00eda\u2026","rel":"","context":"En \u00abCHASCOM\u00daS\u00bb","block_context":{"text":"CHASCOM\u00daS","link":"https:\/\/larevistadigital.com.ar\/blog\/category\/chascomus\/"},"img":{"alt_text":"","src":"https:\/\/i0.wp.com\/larevistadigital.com.ar\/blog\/wp-content\/uploads\/2022_12_23_00_27_06_1031904.jpg?fit=600%2C401&ssl=1&resize=350%2C200","width":350,"height":200,"srcset":"https:\/\/i0.wp.com\/larevistadigital.com.ar\/blog\/wp-content\/uploads\/2022_12_23_00_27_06_1031904.jpg?fit=600%2C401&ssl=1&resize=350%2C200 1x, https:\/\/i0.wp.com\/larevistadigital.com.ar\/blog\/wp-content\/uploads\/2022_12_23_00_27_06_1031904.jpg?fit=600%2C401&ssl=1&resize=525%2C300 1.5x"},"classes":[]},{"id":41424,"url":"https:\/\/larevistadigital.com.ar\/blog\/operativo-federal-con-apoyo-municipal-en-una-vivienda-donde-se-vendian-drogas\/","url_meta":{"origin":1651,"position":5},"title":"Operativo federal con apoyo municipal en una vivienda donde se vend\u00edan drogas","author":"Alejandro Sosa Ruda","date":"12 septiembre, 2025","format":false,"excerpt":"Tras varios meses de investigaci\u00f3n, se allan\u00f3 una vivienda en el barrio Ipor\u00e1 y se detuvo a tres personas implicadas en la comercializaci\u00f3n de estupefacientes. 12 de Septiembre de 2025 CHASCOM\u00daS -\u00a0 \u00a0La Divisi\u00f3n Unidad Operativa Federal (DUOF) Chascom\u00fas de la Polic\u00eda Federal Argentina Polic\u00eda Federal Argentina, con el acompa\u00f1amiento\u2026","rel":"","context":"En \u00abDESTACADAS\u00bb","block_context":{"text":"DESTACADAS","link":"https:\/\/larevistadigital.com.ar\/blog\/category\/destacadas\/"},"img":{"alt_text":"","src":"https:\/\/i0.wp.com\/larevistadigital.com.ar\/blog\/wp-content\/uploads\/68c457b3ec213.png?fit=668%2C445&ssl=1&resize=350%2C200","width":350,"height":200,"srcset":"https:\/\/i0.wp.com\/larevistadigital.com.ar\/blog\/wp-content\/uploads\/68c457b3ec213.png?fit=668%2C445&ssl=1&resize=350%2C200 1x, https:\/\/i0.wp.com\/larevistadigital.com.ar\/blog\/wp-content\/uploads\/68c457b3ec213.png?fit=668%2C445&ssl=1&resize=525%2C300 1.5x"},"classes":[]}],"_links":{"self":[{"href":"https:\/\/larevistadigital.com.ar\/blog\/wp-json\/wp\/v2\/posts\/1651","targetHints":{"allow":["GET"]}}],"collection":[{"href":"https:\/\/larevistadigital.com.ar\/blog\/wp-json\/wp\/v2\/posts"}],"about":[{"href":"https:\/\/larevistadigital.com.ar\/blog\/wp-json\/wp\/v2\/types\/post"}],"author":[{"embeddable":true,"href":"https:\/\/larevistadigital.com.ar\/blog\/wp-json\/wp\/v2\/users\/3"}],"replies":[{"embeddable":true,"href":"https:\/\/larevistadigital.com.ar\/blog\/wp-json\/wp\/v2\/comments?post=1651"}],"version-history":[{"count":1,"href":"https:\/\/larevistadigital.com.ar\/blog\/wp-json\/wp\/v2\/posts\/1651\/revisions"}],"predecessor-version":[{"id":1653,"href":"https:\/\/larevistadigital.com.ar\/blog\/wp-json\/wp\/v2\/posts\/1651\/revisions\/1653"}],"wp:featuredmedia":[{"embeddable":true,"href":"https:\/\/larevistadigital.com.ar\/blog\/wp-json\/wp\/v2\/media\/1652"}],"wp:attachment":[{"href":"https:\/\/larevistadigital.com.ar\/blog\/wp-json\/wp\/v2\/media?parent=1651"}],"wp:term":[{"taxonomy":"category","embeddable":true,"href":"https:\/\/larevistadigital.com.ar\/blog\/wp-json\/wp\/v2\/categories?post=1651"},{"taxonomy":"post_tag","embeddable":true,"href":"https:\/\/larevistadigital.com.ar\/blog\/wp-json\/wp\/v2\/tags?post=1651"}],"curies":[{"name":"wp","href":"https:\/\/api.w.org\/{rel}","templated":true}]}}