{"id":16538,"date":"2020-09-27T15:55:26","date_gmt":"2020-09-27T15:55:26","guid":{"rendered":"https:\/\/larevistadigital.com.ar\/blog\/?p=16538"},"modified":"2020-09-27T15:55:26","modified_gmt":"2020-09-27T15:55:26","slug":"aca-el-cronograma-completo-de-anses-con-fechas-de-cobro-de-jubilaciones-pensiones-y-asignaciones","status":"publish","type":"post","link":"https:\/\/larevistadigital.com.ar\/blog\/aca-el-cronograma-completo-de-anses-con-fechas-de-cobro-de-jubilaciones-pensiones-y-asignaciones\/","title":{"rendered":"AC\u00c1 EL CRONOGRAMA COMPLETO DE ANSES CON FECHAS DE COBRO DE JUBILACIONES, PENSIONES Y ASIGNACIONES"},"content":{"rendered":"<h2 class=\"nota__hero__summary\">La Anses inform\u00f3 el cronograma de pagos para el mes pr\u00f3ximo<\/h2>\n<p>La Administraci\u00f3n Nacional de la Seguridad Social (Anses) inform\u00f3 el calendario de pagos de octubre para jubilados y pensionados, Pensiones No Contributivas, beneficiarios de la Asignaci\u00f3n Universal por Hijo y por Embarazo, de la Prestaci\u00f3n por Desempleo y Asignaciones Familiares y de Pago \u00danico (Matrimonio, Nacimiento y Adopci\u00f3n).<\/p>\n<p>Los jubilados y pensionados con haberes inferiores a la suma mensual de $20.374 con documento terminado en 0 cobrar\u00e1n el 8\/10; con DNI terminado en 1, el 9\/10; 2, el 13\/10, 3, 14\/10; 4, 15\/10; 5, 16\/10; 6, 19\/10; 7, 20\/10; 8, 21\/10 y 9, 22\/10.<\/p>\n<p>En tanto, los jubilados y pensionados con haberes superiores a esa suma con documento terminado en 0 y 1 cobrar\u00e1n el 23\/10; con DNI terminado en 2 y 3, el 26\/10; 4 y 5, 27\/10; 6 y 7, 28\/10; 8 y 9, 29\/10.<\/p>\n<p>Por su parte, los beneficiarios de la Asignaci\u00f3n Universal por Hijo (AUH) con documento terminado en 0 cobrar\u00e1n el 8\/10; con DNI terminado en 1, el 9\/10; 2, el 13\/10, 3, 14\/10; 4, 15\/10; 5, 16\/10; 7, 20\/10; 8, 21\/10 y 9, 22\/10.<\/p>\n<p>Los beneficiarios de la Asignaci\u00f3n por Embarazo con documento terminado en 0 cobrar\u00e1n el 9\/10; con DNI terminado en 1, el 13\/10; 2, el 14\/10; 3, 15\/10; 4, 16\/10; 5, 19\/10; 6, 20\/10; 7, 21\/10, 8, 22\/10 y 9, 23\/10.<\/p>\n<p>En tanto, los beneficiarios de las Asignaciones por Prenatal y Maternidad con documentos terminados en 0 y 1 cobrar\u00e1n el 9\/10; con DNI terminado en 2 y 3, el 13\/10; 4 y 5, 14\/10; 6 y 7, 15\/10; 8 y 9, 16\/10.<\/p>\n<p>En el caso de las Asignaciones Pago \u00danico todos los documentos cobrar\u00e1n la primera quincena, del 6\/10 al 10\/11; y la segunda quincena, del 22\/10 al 10\/11.<\/p>\n<p>Los beneficiarios de las Pensiones No Contributivas (PNC) con documentos terminados en 0 y 1 cobrar\u00e1n el 1\/10; con DNI terminado en 2 y 3, el 2\/10; 4 y 5, 5\/10; 6 y 7, 6\/10; 8 y 9, 7\/10; y de asignaciones familiares de PNC, todas las terminaciones de DNI del 8 al 10\/10.<\/p>\n<p>Finalmente, los beneficiarios de la Prestaci\u00f3n por Desempleo con documentos terminados en 0 y 1 cobrar\u00e1n el 23\/10; con DNI terminado en 2 y 3, el 26\/10; 4 y 5, 27\/10; 6 y 7, 28\/10; 8 y 9, 29\/10.<\/p>\n","protected":false},"excerpt":{"rendered":"<div class=\"mh-excerpt\"><p>La Anses inform\u00f3 el cronograma de pagos para el mes pr\u00f3ximo La Administraci\u00f3n Nacional de la Seguridad Social (Anses) inform\u00f3 el calendario de pagos de octubre para jubilados y pensionados, Pensiones No Contributivas, beneficiarios de <a class=\"mh-excerpt-more\" href=\"https:\/\/larevistadigital.com.ar\/blog\/aca-el-cronograma-completo-de-anses-con-fechas-de-cobro-de-jubilaciones-pensiones-y-asignaciones\/\" title=\"AC\u00c1 EL CRONOGRAMA COMPLETO DE ANSES CON FECHAS DE COBRO DE JUBILACIONES, PENSIONES Y ASIGNACIONES\">[Leer M\u00e1s]<\/a><\/p>\n<\/div>","protected":false},"author":3,"featured_media":6107,"comment_status":"open","ping_status":"open","sticky":false,"template":"","format":"standard","meta":{"_jetpack_memberships_contains_paid_content":false,"footnotes":"","jetpack_publicize_message":"","jetpack_publicize_feature_enabled":true,"jetpack_social_post_already_shared":true,"jetpack_social_options":{"image_generator_settings":{"template":"highway","default_image_id":0,"font":"","enabled":false},"version":2}},"categories":[50],"tags":[],"class_list":{"0":"post-16538","1":"post","2":"type-post","3":"status-publish","4":"format-standard","5":"has-post-thumbnail","7":"category-interes-general"},"jetpack_publicize_connections":[],"jetpack_featured_media_url":"https:\/\/i0.wp.com\/larevistadigital.com.ar\/blog\/wp-content\/uploads\/2018\/07\/ANSES-1.jpg?fit=1508%2C706&ssl=1","jetpack_sharing_enabled":true,"jetpack_shortlink":"https:\/\/wp.me\/p8qtrQ-4iK","jetpack-related-posts":[{"id":25365,"url":"https:\/\/larevistadigital.com.ar\/blog\/anses-cuando-cobran-el-proximo-sueldo-y-aguinaldo-con-aumento-los-jubilados-y-pensionados\/","url_meta":{"origin":16538,"position":0},"title":"ANSES: CUANDO COBRAN EL PR\u00d3XIMO SUELDO Y AGUINALDO CON AUMENTO LOS JUBILADOS Y PENSIONADOS","author":"Alejandro Sosa Ruda","date":"23 mayo, 2022","format":false,"excerpt":"La ANSES deber\u00e1 abonar el aguinaldo teniendo en cuenta el aumento del 15% que confirm\u00f3 el Gobierno. La\u00a0Administraci\u00f3n Nacional de la Seguridad Social (ANSES)\u00a0confirm\u00f3 que\u00a0a partir de junio\u00a0comenzar\u00e1 a regir el\u00a0segundo aumento trimestral de 2022\u00a0para las\u00a0jubilaciones, pensiones y asignaciones. En detalle, este grupo social recibir\u00e1 un aumento del 15% y,\u2026","rel":"","context":"En \u00abDESTACADAS\u00bb","block_context":{"text":"DESTACADAS","link":"https:\/\/larevistadigital.com.ar\/blog\/category\/destacadas\/"},"img":{"alt_text":"","src":"https:\/\/i0.wp.com\/larevistadigital.com.ar\/blog\/wp-content\/uploads\/2018\/07\/ANSES-1.jpg?fit=1200%2C562&ssl=1&resize=350%2C200","width":350,"height":200,"srcset":"https:\/\/i0.wp.com\/larevistadigital.com.ar\/blog\/wp-content\/uploads\/2018\/07\/ANSES-1.jpg?fit=1200%2C562&ssl=1&resize=350%2C200 1x, https:\/\/i0.wp.com\/larevistadigital.com.ar\/blog\/wp-content\/uploads\/2018\/07\/ANSES-1.jpg?fit=1200%2C562&ssl=1&resize=525%2C300 1.5x, https:\/\/i0.wp.com\/larevistadigital.com.ar\/blog\/wp-content\/uploads\/2018\/07\/ANSES-1.jpg?fit=1200%2C562&ssl=1&resize=700%2C400 2x, https:\/\/i0.wp.com\/larevistadigital.com.ar\/blog\/wp-content\/uploads\/2018\/07\/ANSES-1.jpg?fit=1200%2C562&ssl=1&resize=1050%2C600 3x"},"classes":[]},{"id":10548,"url":"https:\/\/larevistadigital.com.ar\/blog\/anses-difundio-el-cronograma-de-pago-de-aguinaldos\/","url_meta":{"origin":16538,"position":1},"title":"ANSES DIFUNDI\u00d3 EL CRONOGRAMA DE PAGO DE AGUINALDOS","author":"Alejandro Sosa Ruda","date":"11 junio, 2019","format":false,"excerpt":"La Administraci\u00f3n Nacional de Seguridad dio a conocer las fechas de cu\u00e1ndo los beneficiarios de Jubilaciones y Pensiones NO Contributivas cobrar\u00e1n el aguinaldo. En la informaci\u00f3n publicada en la p\u00e1gina oficial del organismo, no se especifica si los beneficiarios de la Asignaci\u00f3n Universal por Hijo cobrar\u00e1n este beneficio. Con respecto\u2026","rel":"","context":"En \u00abPOLITICA\u00bb","block_context":{"text":"POLITICA","link":"https:\/\/larevistadigital.com.ar\/blog\/category\/politica\/"},"img":{"alt_text":"","src":"https:\/\/i0.wp.com\/larevistadigital.com.ar\/blog\/wp-content\/uploads\/2018\/07\/ANSES-1.jpg?fit=1200%2C562&ssl=1&resize=350%2C200","width":350,"height":200,"srcset":"https:\/\/i0.wp.com\/larevistadigital.com.ar\/blog\/wp-content\/uploads\/2018\/07\/ANSES-1.jpg?fit=1200%2C562&ssl=1&resize=350%2C200 1x, https:\/\/i0.wp.com\/larevistadigital.com.ar\/blog\/wp-content\/uploads\/2018\/07\/ANSES-1.jpg?fit=1200%2C562&ssl=1&resize=525%2C300 1.5x, https:\/\/i0.wp.com\/larevistadigital.com.ar\/blog\/wp-content\/uploads\/2018\/07\/ANSES-1.jpg?fit=1200%2C562&ssl=1&resize=700%2C400 2x, https:\/\/i0.wp.com\/larevistadigital.com.ar\/blog\/wp-content\/uploads\/2018\/07\/ANSES-1.jpg?fit=1200%2C562&ssl=1&resize=1050%2C600 3x"},"classes":[]},{"id":9873,"url":"https:\/\/larevistadigital.com.ar\/blog\/anses-adelanta-los-pagos-por-el-paro-bancario-del-martes\/","url_meta":{"origin":16538,"position":2},"title":"ANS\u00c9S ADELANTA LOS PAGOS POR EL PARO BANCARIO DEL MARTES","author":"Alejandro Sosa Ruda","date":"27 abril, 2019","format":false,"excerpt":"Debido al paro bancario que se realizar\u00e1 el pr\u00f3ximo martes 30 de abril, la ANSES decidi\u00f3 adelantar los pagos correspondientes a ese d\u00eda, para el l\u00fanes 29\/4. \"Los jubilados y pensionados que cobran por encima de los $11.832 y ten\u00edan fecha de pago para el martes 30 de abril, cobrar\u00e1n\u2026","rel":"","context":"En \u00abCHASCOM\u00daS\u00bb","block_context":{"text":"CHASCOM\u00daS","link":"https:\/\/larevistadigital.com.ar\/blog\/category\/chascomus\/"},"img":{"alt_text":"","src":"https:\/\/i0.wp.com\/larevistadigital.com.ar\/blog\/wp-content\/uploads\/2019\/04\/Screenshot_2-16.jpg?fit=871%2C552&ssl=1&resize=350%2C200","width":350,"height":200,"srcset":"https:\/\/i0.wp.com\/larevistadigital.com.ar\/blog\/wp-content\/uploads\/2019\/04\/Screenshot_2-16.jpg?fit=871%2C552&ssl=1&resize=350%2C200 1x, https:\/\/i0.wp.com\/larevistadigital.com.ar\/blog\/wp-content\/uploads\/2019\/04\/Screenshot_2-16.jpg?fit=871%2C552&ssl=1&resize=525%2C300 1.5x, https:\/\/i0.wp.com\/larevistadigital.com.ar\/blog\/wp-content\/uploads\/2019\/04\/Screenshot_2-16.jpg?fit=871%2C552&ssl=1&resize=700%2C400 2x"},"classes":[]},{"id":27666,"url":"https:\/\/larevistadigital.com.ar\/blog\/bonos-de-anses-que-extras-se-pagan-en-octubre-noviembre-y-diciembre\/","url_meta":{"origin":16538,"position":3},"title":"BONOS DE ANS\u00c9S: \u00bfQU\u00c9 EXTRAS SE PAGAN EN OCTUBRE, NOVIEMBRE Y DICIEMBRE?","author":"Alejandro Sosa Ruda","date":"11 septiembre, 2022","format":false,"excerpt":"El organismo pagar\u00e1 bonos a varios grupos de beneficiarios, junto a los aumentos correspondientes para jubilados, pensionados y asignaciones familiares. 11 de septiembre de 2022 La Administraci\u00f3n Nacional de la Seguridad Social (ANSES) otorgar\u00e1 varios bonos extraordinarios durante los pr\u00f3ximos meses, en los que tambi\u00e9n abonar\u00e1 los aumentos previstos tanto\u2026","rel":"","context":"En \u00abSin categor\u00eda\u00bb","block_context":{"text":"Sin categor\u00eda","link":"https:\/\/larevistadigital.com.ar\/blog\/category\/sin-categoria\/"},"img":{"alt_text":"","src":"","width":0,"height":0},"classes":[]},{"id":41197,"url":"https:\/\/larevistadigital.com.ar\/blog\/anses-oficializo-el-aumento-de-jubilaciones-pensiones-y-asignaciones-desde-septiembre\/","url_meta":{"origin":16538,"position":4},"title":"ANSES oficializ\u00f3 el aumento de jubilaciones, pensiones y asignaciones desde septiembre","author":"Alejandro Sosa Ruda","date":"1 septiembre, 2025","format":false,"excerpt":"La suba ser\u00e1 del 1,9% seg\u00fan la f\u00f3rmula de movilidad previsional atada al \u00faltimo dato de inflaci\u00f3n. La jubilaci\u00f3n m\u00ednima ser\u00e1 de $320.277,17 sin contar el bono extraordinario que se mantiene en $70.000. 01 de Septiembre de 2025 El gobierno nacional oficializ\u00f3 este lunes, a trav\u00e9s de la Administraci\u00f3n Nacional\u2026","rel":"","context":"En \u00abDESTACADAS\u00bb","block_context":{"text":"DESTACADAS","link":"https:\/\/larevistadigital.com.ar\/blog\/category\/destacadas\/"},"img":{"alt_text":"","src":"https:\/\/i0.wp.com\/larevistadigital.com.ar\/blog\/wp-content\/uploads\/20240504132831_anses-web.jpg?fit=880%2C512&ssl=1&resize=350%2C200","width":350,"height":200,"srcset":"https:\/\/i0.wp.com\/larevistadigital.com.ar\/blog\/wp-content\/uploads\/20240504132831_anses-web.jpg?fit=880%2C512&ssl=1&resize=350%2C200 1x, https:\/\/i0.wp.com\/larevistadigital.com.ar\/blog\/wp-content\/uploads\/20240504132831_anses-web.jpg?fit=880%2C512&ssl=1&resize=525%2C300 1.5x, https:\/\/i0.wp.com\/larevistadigital.com.ar\/blog\/wp-content\/uploads\/20240504132831_anses-web.jpg?fit=880%2C512&ssl=1&resize=700%2C400 2x"},"classes":[]},{"id":39628,"url":"https:\/\/larevistadigital.com.ar\/blog\/jubilaciones-de-mayo-cuanto-cobraran-los-beneficiarios-de-anses-antes-del-aguinaldo-de-junio\/","url_meta":{"origin":16538,"position":5},"title":"Jubilaciones de mayo: cu\u00e1nto cobrar\u00e1n los beneficiarios de ANSES antes del aguinaldo de junio","author":"Alejandro Sosa Ruda","date":"3 mayo, 2025","format":false,"excerpt":"Los haberes de mayo 2025 llegar\u00e1n con un incremento del 3,73%, en base a la inflaci\u00f3n de marzo. Adem\u00e1s, se mantiene el bono para quienes perciben la jubilaci\u00f3n m\u00ednima. 03 de Mayo de 2025 La Administraci\u00f3n Nacional de la Seguridad Social (ANSES) confirm\u00f3 que los jubilados y pensionados recibir\u00e1n un\u2026","rel":"","context":"En \u00abINTERES GENERAL\u00bb","block_context":{"text":"INTERES GENERAL","link":"https:\/\/larevistadigital.com.ar\/blog\/category\/interes-general\/"},"img":{"alt_text":"","src":"https:\/\/i0.wp.com\/larevistadigital.com.ar\/blog\/wp-content\/uploads\/20240504132831_anses-web.jpg?fit=880%2C512&ssl=1&resize=350%2C200","width":350,"height":200,"srcset":"https:\/\/i0.wp.com\/larevistadigital.com.ar\/blog\/wp-content\/uploads\/20240504132831_anses-web.jpg?fit=880%2C512&ssl=1&resize=350%2C200 1x, https:\/\/i0.wp.com\/larevistadigital.com.ar\/blog\/wp-content\/uploads\/20240504132831_anses-web.jpg?fit=880%2C512&ssl=1&resize=525%2C300 1.5x, https:\/\/i0.wp.com\/larevistadigital.com.ar\/blog\/wp-content\/uploads\/20240504132831_anses-web.jpg?fit=880%2C512&ssl=1&resize=700%2C400 2x"},"classes":[]}],"_links":{"self":[{"href":"https:\/\/larevistadigital.com.ar\/blog\/wp-json\/wp\/v2\/posts\/16538","targetHints":{"allow":["GET"]}}],"collection":[{"href":"https:\/\/larevistadigital.com.ar\/blog\/wp-json\/wp\/v2\/posts"}],"about":[{"href":"https:\/\/larevistadigital.com.ar\/blog\/wp-json\/wp\/v2\/types\/post"}],"author":[{"embeddable":true,"href":"https:\/\/larevistadigital.com.ar\/blog\/wp-json\/wp\/v2\/users\/3"}],"replies":[{"embeddable":true,"href":"https:\/\/larevistadigital.com.ar\/blog\/wp-json\/wp\/v2\/comments?post=16538"}],"version-history":[{"count":1,"href":"https:\/\/larevistadigital.com.ar\/blog\/wp-json\/wp\/v2\/posts\/16538\/revisions"}],"predecessor-version":[{"id":16539,"href":"https:\/\/larevistadigital.com.ar\/blog\/wp-json\/wp\/v2\/posts\/16538\/revisions\/16539"}],"wp:featuredmedia":[{"embeddable":true,"href":"https:\/\/larevistadigital.com.ar\/blog\/wp-json\/wp\/v2\/media\/6107"}],"wp:attachment":[{"href":"https:\/\/larevistadigital.com.ar\/blog\/wp-json\/wp\/v2\/media?parent=16538"}],"wp:term":[{"taxonomy":"category","embeddable":true,"href":"https:\/\/larevistadigital.com.ar\/blog\/wp-json\/wp\/v2\/categories?post=16538"},{"taxonomy":"post_tag","embeddable":true,"href":"https:\/\/larevistadigital.com.ar\/blog\/wp-json\/wp\/v2\/tags?post=16538"}],"curies":[{"name":"wp","href":"https:\/\/api.w.org\/{rel}","templated":true}]}}