{"id":16540,"date":"2020-09-27T16:01:08","date_gmt":"2020-09-27T16:01:08","guid":{"rendered":"https:\/\/larevistadigital.com.ar\/blog\/?p=16540"},"modified":"2020-09-27T16:01:08","modified_gmt":"2020-09-27T16:01:08","slug":"dolores-robo-en-una-vivienda","status":"publish","type":"post","link":"https:\/\/larevistadigital.com.ar\/blog\/dolores-robo-en-una-vivienda\/","title":{"rendered":"DOLORES: ROBO EN UNA VIVIENDA"},"content":{"rendered":"<p>Delincuentes tras violentar una ventana ingresaron a una vivienda ubicada sobre calle Bassi con fines de robo.<\/p>\n<p>En ese momento el propietario no se encontraba en su domicilio y, cuando regres\u00f3 una hora m\u00e1s tarde, constat\u00f3 que ladrones hab\u00edan ingresado a su casa.<\/p>\n<p>Seg\u00fan se pudo saber, los delincuentes se habr\u00edan llevado una notebook y un caj\u00f3n de herramientas marca Stanley de 25 piezas.<\/p>\n<p>Por el hecho se radic\u00f3 la correspondiente denuncia policial y se dio intervenci\u00f3n a la\u00a0 UDT N\u00b0 5 a cargo del Dr. Miglio Salmo.<\/p>\n<p>fuente: entrelineas.info<\/p>\n","protected":false},"excerpt":{"rendered":"<div class=\"mh-excerpt\"><p>Delincuentes tras violentar una ventana ingresaron a una vivienda ubicada sobre calle Bassi con fines de robo. En ese momento el propietario no se encontraba en su domicilio y, cuando regres\u00f3 una hora m\u00e1s tarde, <a class=\"mh-excerpt-more\" href=\"https:\/\/larevistadigital.com.ar\/blog\/dolores-robo-en-una-vivienda\/\" title=\"DOLORES: ROBO EN UNA VIVIENDA\">[Leer M\u00e1s]<\/a><\/p>\n<\/div>","protected":false},"author":3,"featured_media":12370,"comment_status":"open","ping_status":"open","sticky":false,"template":"","format":"standard","meta":{"_jetpack_memberships_contains_paid_content":false,"footnotes":"","jetpack_publicize_message":"","jetpack_publicize_feature_enabled":true,"jetpack_social_post_already_shared":true,"jetpack_social_options":{"image_generator_settings":{"template":"highway","default_image_id":0,"font":"","enabled":false},"version":2}},"categories":[43,51],"tags":[],"class_list":{"0":"post-16540","1":"post","2":"type-post","3":"status-publish","4":"format-standard","5":"has-post-thumbnail","7":"category-dolores","8":"category-regionales"},"jetpack_publicize_connections":[],"jetpack_featured_media_url":"https:\/\/i0.wp.com\/larevistadigital.com.ar\/blog\/wp-content\/uploads\/Policia-Local-Dolores-678x381.jpg?fit=678%2C381&ssl=1","jetpack_sharing_enabled":true,"jetpack_shortlink":"https:\/\/wp.me\/p8qtrQ-4iM","jetpack-related-posts":[{"id":23648,"url":"https:\/\/larevistadigital.com.ar\/blog\/dolores-dos-sujetos-robaron-una-vivienda-uno-detenido-y-el-otro-fugado\/","url_meta":{"origin":16540,"position":0},"title":"DOLORES: DOS SUJETOS ROBARON UNA VIVIENDA. UNO DETENIDO Y EL OTRO FUGADO","author":"Alejandro Sosa Ruda","date":"29 enero, 2022","format":false,"excerpt":"DOLORES -\u00a0 Dos sujetos fueron sorprendidos por personal policial cuando acababan de cometer un robo, logrando detener a uno de los malvivientes, recuperando un televisor que hab\u00edan robado, mientras que el otro logr\u00f3 darse a la fuga a bordo de una motocicleta. El hecho ocurri\u00f3 cuando los delincuentes escalaron una\u2026","rel":"","context":"En \u00abDOLORES\u00bb","block_context":{"text":"DOLORES","link":"https:\/\/larevistadigital.com.ar\/blog\/category\/dolores\/"},"img":{"alt_text":"","src":"https:\/\/i0.wp.com\/larevistadigital.com.ar\/blog\/wp-content\/uploads\/Captura-de-pantalla-2022-01-28-212700.jpg?fit=812%2C458&ssl=1&resize=350%2C200","width":350,"height":200,"srcset":"https:\/\/i0.wp.com\/larevistadigital.com.ar\/blog\/wp-content\/uploads\/Captura-de-pantalla-2022-01-28-212700.jpg?fit=812%2C458&ssl=1&resize=350%2C200 1x, https:\/\/i0.wp.com\/larevistadigital.com.ar\/blog\/wp-content\/uploads\/Captura-de-pantalla-2022-01-28-212700.jpg?fit=812%2C458&ssl=1&resize=525%2C300 1.5x, https:\/\/i0.wp.com\/larevistadigital.com.ar\/blog\/wp-content\/uploads\/Captura-de-pantalla-2022-01-28-212700.jpg?fit=812%2C458&ssl=1&resize=700%2C400 2x"},"classes":[]},{"id":45117,"url":"https:\/\/larevistadigital.com.ar\/blog\/chascomus-tres-delincuentes-ingresaron-a-una-vivienda-y-robaron-distintas-pertenencias\/","url_meta":{"origin":16540,"position":1},"title":"Chascom\u00fas: Tres delincuentes ingresaron a una vivienda y robaron distintas pertenencias","author":"Alejandro Sosa Ruda","date":"15 abril, 2026","format":false,"excerpt":"El hecho ocurri\u00f3 cuando la v\u00edctima se encontraba en su domicilio. Tras el episodio, debi\u00f3 ser asistida por personal de salud debido a una descompensaci\u00f3n. 15 de abril de 2026 CHASCOM\u00daS -\u00a0 \u00a0Un violento robo se registr\u00f3 en una vivienda de Chascom\u00fas, donde tres hombres ingresaron al domicilio y sustrajeron\u2026","rel":"","context":"En \u00abDESTACADAS\u00bb","block_context":{"text":"DESTACADAS","link":"https:\/\/larevistadigital.com.ar\/blog\/category\/destacadas\/"},"img":{"alt_text":"","src":"https:\/\/i0.wp.com\/larevistadigital.com.ar\/blog\/wp-content\/uploads\/POLICIA.png?fit=1002%2C658&ssl=1&resize=350%2C200","width":350,"height":200,"srcset":"https:\/\/i0.wp.com\/larevistadigital.com.ar\/blog\/wp-content\/uploads\/POLICIA.png?fit=1002%2C658&ssl=1&resize=350%2C200 1x, https:\/\/i0.wp.com\/larevistadigital.com.ar\/blog\/wp-content\/uploads\/POLICIA.png?fit=1002%2C658&ssl=1&resize=525%2C300 1.5x, https:\/\/i0.wp.com\/larevistadigital.com.ar\/blog\/wp-content\/uploads\/POLICIA.png?fit=1002%2C658&ssl=1&resize=700%2C400 2x"},"classes":[]},{"id":25137,"url":"https:\/\/larevistadigital.com.ar\/blog\/policias-de-dolores-viajaron-a-comprar-un-automovil-y-terminaron-a-los-tiros-con-delincuentes\/","url_meta":{"origin":16540,"position":2},"title":"POLIC\u00cdAS DE DOLORES, VIAJARON A COMPRAR UN AUTOMOVIL Y TERMINARON A LOS TIROS CON DELINCUENTES","author":"Alejandro Sosa Ruda","date":"18 abril, 2022","format":false,"excerpt":"DOLORES\u00a0 - Una pareja de\u00a0efectivos policiales dolorenses viaj\u00f3 a comprar un auto y todo termin\u00f3 en un tiroteo\u00a0tras un intento de robo. Los j\u00f3venes hab\u00edan acordado un punto de encuentro en inmediaciones del puente Pueyrred\u00f3n, hacia donde viajaron en una camioneta prestada. Pero, mientras esperaban para concretar el negocio\u00a0fueron interceptados\u2026","rel":"","context":"En \u00abPOLICIALES\u00bb","block_context":{"text":"POLICIALES","link":"https:\/\/larevistadigital.com.ar\/blog\/category\/policiales\/"},"img":{"alt_text":"","src":"https:\/\/i0.wp.com\/larevistadigital.com.ar\/blog\/wp-content\/uploads\/2017\/03\/policia-nino-mata.jpg?fit=745%2C574&ssl=1&resize=350%2C200","width":350,"height":200,"srcset":"https:\/\/i0.wp.com\/larevistadigital.com.ar\/blog\/wp-content\/uploads\/2017\/03\/policia-nino-mata.jpg?fit=745%2C574&ssl=1&resize=350%2C200 1x, https:\/\/i0.wp.com\/larevistadigital.com.ar\/blog\/wp-content\/uploads\/2017\/03\/policia-nino-mata.jpg?fit=745%2C574&ssl=1&resize=525%2C300 1.5x, https:\/\/i0.wp.com\/larevistadigital.com.ar\/blog\/wp-content\/uploads\/2017\/03\/policia-nino-mata.jpg?fit=745%2C574&ssl=1&resize=700%2C400 2x"},"classes":[]},{"id":41007,"url":"https:\/\/larevistadigital.com.ar\/blog\/detuvieron-a-un-automovilista-en-el-peaje-de-samborombon-por-un-robo-agravado-en-lezama\/","url_meta":{"origin":16540,"position":3},"title":"Detuvieron a un automovilista en el peaje de Samboromb\u00f3n por un robo agravado en Lezama","author":"Alejandro Sosa Ruda","date":"20 agosto, 2025","format":false,"excerpt":"El hombre, oriundo de Villa Elisa, fue interceptado en un operativo cerrojo de la Polic\u00eda en la Ruta 2. El hecho investigado ocurri\u00f3 en agosto de 2024, cuando tres delincuentes asaltaron una vivienda en Lezama. 20 de agosto de 2025 CHASCOM\u00daS -\u00a0 \u00a0Un automovilista oriundo de la localidad de Villa\u2026","rel":"","context":"En \u00abINTERES GENERAL\u00bb","block_context":{"text":"INTERES GENERAL","link":"https:\/\/larevistadigital.com.ar\/blog\/category\/interes-general\/"},"img":{"alt_text":"","src":"https:\/\/i0.wp.com\/larevistadigital.com.ar\/blog\/wp-content\/uploads\/c61b352c4c92352806b4793db9e625ede332cc32.jpg?fit=1140%2C749&ssl=1&resize=350%2C200","width":350,"height":200,"srcset":"https:\/\/i0.wp.com\/larevistadigital.com.ar\/blog\/wp-content\/uploads\/c61b352c4c92352806b4793db9e625ede332cc32.jpg?fit=1140%2C749&ssl=1&resize=350%2C200 1x, https:\/\/i0.wp.com\/larevistadigital.com.ar\/blog\/wp-content\/uploads\/c61b352c4c92352806b4793db9e625ede332cc32.jpg?fit=1140%2C749&ssl=1&resize=525%2C300 1.5x, https:\/\/i0.wp.com\/larevistadigital.com.ar\/blog\/wp-content\/uploads\/c61b352c4c92352806b4793db9e625ede332cc32.jpg?fit=1140%2C749&ssl=1&resize=700%2C400 2x, https:\/\/i0.wp.com\/larevistadigital.com.ar\/blog\/wp-content\/uploads\/c61b352c4c92352806b4793db9e625ede332cc32.jpg?fit=1140%2C749&ssl=1&resize=1050%2C600 3x"},"classes":[]},{"id":27040,"url":"https:\/\/larevistadigital.com.ar\/blog\/ostende-violento-robo-a-familia-trabajadora\/","url_meta":{"origin":16540,"position":4},"title":"OSTENDE: VIOLENTO ROBO A FAMILIA TRABAJADORA","author":"Alejandro Sosa Ruda","date":"7 agosto, 2022","format":false,"excerpt":"Los delincuentes ingresaron a la vivienda a cara descubierta y golpearon a los due\u00f1os de casa pidiendo dinero. Un robo con caracter\u00edsticas similares ocurri\u00f3 d\u00edas pasados el empresario Jos\u00e9 Alba en la zona norte de Pinamar. OSTENDE -\u00a0 \u00a0El hecho se produjo en una vivienda ubicada en la calle Repetto\u2026","rel":"","context":"En \u00abPOLICIALES\u00bb","block_context":{"text":"POLICIALES","link":"https:\/\/larevistadigital.com.ar\/blog\/category\/policiales\/"},"img":{"alt_text":"","src":"https:\/\/i0.wp.com\/larevistadigital.com.ar\/blog\/wp-content\/uploads\/20220806154500_violento-robo-a-una-familia-trabajadora-de-ostende.jpg?fit=880%2C512&ssl=1&resize=350%2C200","width":350,"height":200,"srcset":"https:\/\/i0.wp.com\/larevistadigital.com.ar\/blog\/wp-content\/uploads\/20220806154500_violento-robo-a-una-familia-trabajadora-de-ostende.jpg?fit=880%2C512&ssl=1&resize=350%2C200 1x, https:\/\/i0.wp.com\/larevistadigital.com.ar\/blog\/wp-content\/uploads\/20220806154500_violento-robo-a-una-familia-trabajadora-de-ostende.jpg?fit=880%2C512&ssl=1&resize=525%2C300 1.5x, https:\/\/i0.wp.com\/larevistadigital.com.ar\/blog\/wp-content\/uploads\/20220806154500_violento-robo-a-una-familia-trabajadora-de-ostende.jpg?fit=880%2C512&ssl=1&resize=700%2C400 2x"},"classes":[]},{"id":19685,"url":"https:\/\/larevistadigital.com.ar\/blog\/pinamar-violenta-entradera-y-tiroteo-con-la-policia\/","url_meta":{"origin":16540,"position":5},"title":"PINAMAR: VIOLENTA ENTRADERA Y TIROTEO CON LA POLIC\u00cdA","author":"Alejandro Sosa Ruda","date":"16 abril, 2021","format":false,"excerpt":"Cuatro delincuentes redujeron a sus v\u00edctimas en una vivienda de un barrio residencial. La maniobra fue advertida por un vecino que dio aviso a la polic\u00eda. Hay dos detenidos. PINAMAR - Una pareja fue v\u00edctima de una brutal entradera cuando cuatro delincuentes ingresaron a su casa, ubicada en un barrio\u2026","rel":"","context":"En \u00abPOLICIALES\u00bb","block_context":{"text":"POLICIALES","link":"https:\/\/larevistadigital.com.ar\/blog\/category\/policiales\/"},"img":{"alt_text":"","src":"https:\/\/i0.wp.com\/larevistadigital.com.ar\/blog\/wp-content\/uploads\/b10a6723d73a7593aed49e1ad968128735f67ce8.jpg?fit=1140%2C640&ssl=1&resize=350%2C200","width":350,"height":200,"srcset":"https:\/\/i0.wp.com\/larevistadigital.com.ar\/blog\/wp-content\/uploads\/b10a6723d73a7593aed49e1ad968128735f67ce8.jpg?fit=1140%2C640&ssl=1&resize=350%2C200 1x, https:\/\/i0.wp.com\/larevistadigital.com.ar\/blog\/wp-content\/uploads\/b10a6723d73a7593aed49e1ad968128735f67ce8.jpg?fit=1140%2C640&ssl=1&resize=525%2C300 1.5x, https:\/\/i0.wp.com\/larevistadigital.com.ar\/blog\/wp-content\/uploads\/b10a6723d73a7593aed49e1ad968128735f67ce8.jpg?fit=1140%2C640&ssl=1&resize=700%2C400 2x, https:\/\/i0.wp.com\/larevistadigital.com.ar\/blog\/wp-content\/uploads\/b10a6723d73a7593aed49e1ad968128735f67ce8.jpg?fit=1140%2C640&ssl=1&resize=1050%2C600 3x"},"classes":[]}],"_links":{"self":[{"href":"https:\/\/larevistadigital.com.ar\/blog\/wp-json\/wp\/v2\/posts\/16540","targetHints":{"allow":["GET"]}}],"collection":[{"href":"https:\/\/larevistadigital.com.ar\/blog\/wp-json\/wp\/v2\/posts"}],"about":[{"href":"https:\/\/larevistadigital.com.ar\/blog\/wp-json\/wp\/v2\/types\/post"}],"author":[{"embeddable":true,"href":"https:\/\/larevistadigital.com.ar\/blog\/wp-json\/wp\/v2\/users\/3"}],"replies":[{"embeddable":true,"href":"https:\/\/larevistadigital.com.ar\/blog\/wp-json\/wp\/v2\/comments?post=16540"}],"version-history":[{"count":1,"href":"https:\/\/larevistadigital.com.ar\/blog\/wp-json\/wp\/v2\/posts\/16540\/revisions"}],"predecessor-version":[{"id":16541,"href":"https:\/\/larevistadigital.com.ar\/blog\/wp-json\/wp\/v2\/posts\/16540\/revisions\/16541"}],"wp:featuredmedia":[{"embeddable":true,"href":"https:\/\/larevistadigital.com.ar\/blog\/wp-json\/wp\/v2\/media\/12370"}],"wp:attachment":[{"href":"https:\/\/larevistadigital.com.ar\/blog\/wp-json\/wp\/v2\/media?parent=16540"}],"wp:term":[{"taxonomy":"category","embeddable":true,"href":"https:\/\/larevistadigital.com.ar\/blog\/wp-json\/wp\/v2\/categories?post=16540"},{"taxonomy":"post_tag","embeddable":true,"href":"https:\/\/larevistadigital.com.ar\/blog\/wp-json\/wp\/v2\/tags?post=16540"}],"curies":[{"name":"wp","href":"https:\/\/api.w.org\/{rel}","templated":true}]}}