{"id":16542,"date":"2020-09-27T16:07:21","date_gmt":"2020-09-27T16:07:21","guid":{"rendered":"https:\/\/larevistadigital.com.ar\/blog\/?p=16542"},"modified":"2020-09-27T16:07:21","modified_gmt":"2020-09-27T16:07:21","slug":"logran-enganar-a-matrimonio-de-madariaga-con-cuento-del-tio","status":"publish","type":"post","link":"https:\/\/larevistadigital.com.ar\/blog\/logran-enganar-a-matrimonio-de-madariaga-con-cuento-del-tio\/","title":{"rendered":"LOGRAN ENGA\u00d1AR A MATRIMONIO DE MADARIAGA CON CUENTO DEL T\u00cdO"},"content":{"rendered":"<h2>Le quitaron $8.500.- con una estafa telef\u00f3nica<\/h2>\n<p>M\u00e1s all\u00e1 de la gran difusi\u00f3n para prevenir este tipo de delitos, una mujer de General Madariaga, fue estafada bajo la modalidad se \u00abCuento del t\u00edo\u00bb.<\/p>\n<p>La v\u00edctima es de General Madariaga y recibi\u00f3 un llamado telef\u00f3nico, mediante el cual el delincuente se hizo pasar por gerente de la empresa Movistar.<br \/>\nComo ocurre en estos casos, le prometi\u00f3 un premio de 20.000 pesos y un nuevo aparato de telefon\u00eda de \u00faltimo modelo.<\/p>\n<p>Para esto le pidieron que deb\u00eda ir hasta la entidad bancaria para corroborar si pod\u00eda enviar el dinero.<\/p>\n<blockquote>\n<h3>As\u00ed, la mujer fue hasta el Banco Naci\u00f3n de Avellaneda y Belgrano y cumpli\u00f3 con cada uno de los pasos requeridos.<\/h3>\n<\/blockquote>\n<p>Pero le dijeron que hab\u00eda un problema y, como sab\u00edan que era acompa\u00f1ada por su marido, le solicitaron que probara con la cuenta de el.<\/p>\n<p>Fueron hasta el Banco Provincia y repitieron los pasos dictados. Les prometieron que el dinero iba a entrar horas despu\u00e9s.<\/p>\n<p>Luego, la mujer fue a revisar las cuentas y constat\u00f3 que de una de ellas sacaron 7.500 pesos y de la otra 1.000.<\/p>\n<p>Por el hecho se radic\u00f3 una denuncia y se inici\u00f3 una causa por estafa.<\/p>\n<p>publicado en entrelineas.info<\/p>\n","protected":false},"excerpt":{"rendered":"<div class=\"mh-excerpt\"><p>Le quitaron $8.500.- con una estafa telef\u00f3nica M\u00e1s all\u00e1 de la gran difusi\u00f3n para prevenir este tipo de delitos, una mujer de General Madariaga, fue estafada bajo la modalidad se \u00abCuento del t\u00edo\u00bb. La v\u00edctima <a class=\"mh-excerpt-more\" href=\"https:\/\/larevistadigital.com.ar\/blog\/logran-enganar-a-matrimonio-de-madariaga-con-cuento-del-tio\/\" title=\"LOGRAN ENGA\u00d1AR A MATRIMONIO DE MADARIAGA CON CUENTO DEL T\u00cdO\">[Leer M\u00e1s]<\/a><\/p>\n<\/div>","protected":false},"author":3,"featured_media":16543,"comment_status":"open","ping_status":"open","sticky":false,"template":"","format":"standard","meta":{"_jetpack_memberships_contains_paid_content":false,"footnotes":"","jetpack_publicize_message":"","jetpack_publicize_feature_enabled":true,"jetpack_social_post_already_shared":true,"jetpack_social_options":{"image_generator_settings":{"template":"highway","default_image_id":0,"font":"","enabled":false},"version":2}},"categories":[51],"tags":[],"class_list":{"0":"post-16542","1":"post","2":"type-post","3":"status-publish","4":"format-standard","5":"has-post-thumbnail","7":"category-regionales"},"jetpack_publicize_connections":[],"jetpack_featured_media_url":"https:\/\/i0.wp.com\/larevistadigital.com.ar\/blog\/wp-content\/uploads\/6efa93480c3a7b292a36472e340a4da4f5d7199a.jpeg?fit=1140%2C698&ssl=1","jetpack_sharing_enabled":true,"jetpack_shortlink":"https:\/\/wp.me\/p8qtrQ-4iO","jetpack-related-posts":[{"id":40345,"url":"https:\/\/larevistadigital.com.ar\/blog\/ataque-en-madariaga-un-perro-ingreso-a-una-casa-y-una-mujer-perdio-un-dedo-tratando-de-defender-a-su-mascota\/","url_meta":{"origin":16542,"position":0},"title":"Ataque en Madariaga: un perro ingres\u00f3 a una casa y una mujer perdi\u00f3 un dedo tratando de defender a su mascota","author":"Alejandro Sosa Ruda","date":"6 julio, 2025","format":false,"excerpt":"Una vecina de General Madariaga fue brutalmente mordida por un perro que irrumpi\u00f3 en su casa. Termin\u00f3 con una grave lesi\u00f3n que deriv\u00f3 en la amputaci\u00f3n de su pulgar derecho. La causa est\u00e1 en manos de la Justicia. 06 De Julio de 2025 GENERAL MADARIAGA\u00a0 -\u00a0 \u00a0Una noche que parec\u00eda\u2026","rel":"","context":"En \u00abPOLICIALES\u00bb","block_context":{"text":"POLICIALES","link":"https:\/\/larevistadigital.com.ar\/blog\/category\/policiales\/"},"img":{"alt_text":"","src":"https:\/\/i0.wp.com\/larevistadigital.com.ar\/blog\/wp-content\/uploads\/PERRO-AGRESIVO.jpg?fit=1200%2C600&ssl=1&resize=350%2C200","width":350,"height":200,"srcset":"https:\/\/i0.wp.com\/larevistadigital.com.ar\/blog\/wp-content\/uploads\/PERRO-AGRESIVO.jpg?fit=1200%2C600&ssl=1&resize=350%2C200 1x, https:\/\/i0.wp.com\/larevistadigital.com.ar\/blog\/wp-content\/uploads\/PERRO-AGRESIVO.jpg?fit=1200%2C600&ssl=1&resize=525%2C300 1.5x, https:\/\/i0.wp.com\/larevistadigital.com.ar\/blog\/wp-content\/uploads\/PERRO-AGRESIVO.jpg?fit=1200%2C600&ssl=1&resize=700%2C400 2x, https:\/\/i0.wp.com\/larevistadigital.com.ar\/blog\/wp-content\/uploads\/PERRO-AGRESIVO.jpg?fit=1200%2C600&ssl=1&resize=1050%2C600 3x"},"classes":[]},{"id":19160,"url":"https:\/\/larevistadigital.com.ar\/blog\/madariaga-un-policia-asesino-a-una-mujer-de-41-anos-y-se-suicido\/","url_meta":{"origin":16542,"position":1},"title":"MADARIAGA: UN POLIC\u00cdA ASESIN\u00d3 A UNA MUJER DE 41 A\u00d1OS Y SE SUICID\u00d3","author":"Alejandro Sosa Ruda","date":"4 marzo, 2021","format":false,"excerpt":"Ocurri\u00f3 en durante la madrugada de este mi\u00e9rcoles. La v\u00edctima fue identificada como Graciela Noem\u00ed Funes. Su cuerpo fue hallado con un disparo en la cabeza junto al del presunto autor del femicidio, Franco Mauricio Torres. Una mujer de 41 a\u00f1os fue asesinada este mi\u00e9rcoles a la madrugada por un\u2026","rel":"","context":"En \u00abPOLICIALES\u00bb","block_context":{"text":"POLICIALES","link":"https:\/\/larevistadigital.com.ar\/blog\/category\/policiales\/"},"img":{"alt_text":"","src":"https:\/\/i0.wp.com\/larevistadigital.com.ar\/blog\/wp-content\/uploads\/Captura-21.png?fit=1003%2C560&ssl=1&resize=350%2C200","width":350,"height":200,"srcset":"https:\/\/i0.wp.com\/larevistadigital.com.ar\/blog\/wp-content\/uploads\/Captura-21.png?fit=1003%2C560&ssl=1&resize=350%2C200 1x, https:\/\/i0.wp.com\/larevistadigital.com.ar\/blog\/wp-content\/uploads\/Captura-21.png?fit=1003%2C560&ssl=1&resize=525%2C300 1.5x, https:\/\/i0.wp.com\/larevistadigital.com.ar\/blog\/wp-content\/uploads\/Captura-21.png?fit=1003%2C560&ssl=1&resize=700%2C400 2x"},"classes":[]},{"id":39573,"url":"https:\/\/larevistadigital.com.ar\/blog\/violento-robo-a-un-abuelo-en-madariaga-lo-tiraron-de-la-silla-para-robarle-la-billetera\/","url_meta":{"origin":16542,"position":2},"title":"Violento robo a un abuelo en Madariaga: lo tiraron de la silla para robarle la billetera","author":"Alejandro Sosa Ruda","date":"27 abril, 2025","format":false,"excerpt":"Una mujer intervino valientemente y logr\u00f3 recuperar el documento, aunque parte del dinero hab\u00eda sido sustra\u00eddo. El ladr\u00f3n ya fue detenido. 27 de Abril de 2025 GRAL. MADARIAGA -\u00a0 Un indignante episodio de inseguridad sacudi\u00f3 a la localidad de General Madariaga cuando un hombre de 87 a\u00f1os fue brutalmente asaltado\u2026","rel":"","context":"En \u00abPOLICIALES\u00bb","block_context":{"text":"POLICIALES","link":"https:\/\/larevistadigital.com.ar\/blog\/category\/policiales\/"},"img":{"alt_text":"","src":"https:\/\/i0.wp.com\/larevistadigital.com.ar\/blog\/wp-content\/uploads\/POLICIA.png?fit=1002%2C658&ssl=1&resize=350%2C200","width":350,"height":200,"srcset":"https:\/\/i0.wp.com\/larevistadigital.com.ar\/blog\/wp-content\/uploads\/POLICIA.png?fit=1002%2C658&ssl=1&resize=350%2C200 1x, https:\/\/i0.wp.com\/larevistadigital.com.ar\/blog\/wp-content\/uploads\/POLICIA.png?fit=1002%2C658&ssl=1&resize=525%2C300 1.5x, https:\/\/i0.wp.com\/larevistadigital.com.ar\/blog\/wp-content\/uploads\/POLICIA.png?fit=1002%2C658&ssl=1&resize=700%2C400 2x"},"classes":[]},{"id":41110,"url":"https:\/\/larevistadigital.com.ar\/blog\/general-madariaga-detienen-a-dos-sujetos-por-un-violento-hecho-de-robo-en-pinamar\/","url_meta":{"origin":16542,"position":3},"title":"General Madariaga: Detienen a dos sujetos por un violento  hecho de robo en Pinamar","author":"Alejandro Sosa Ruda","date":"26 agosto, 2025","format":false,"excerpt":"La investigaci\u00f3n permiti\u00f3 dar con los sospechosos en General Madariaga. La v\u00edctima hab\u00eda sido reducida y golpeada en su vivienda. 26 de agosto de 2025 GENERAL MADARIAGA\u00a0 -\u00a0 \u00a0Un operativo policial desarrollado en General Madariaga culmin\u00f3 con la aprehensi\u00f3n de dos hombres acusados de participar en un violento robo ocurrido\u2026","rel":"","context":"En \u00abPOLICIALES\u00bb","block_context":{"text":"POLICIALES","link":"https:\/\/larevistadigital.com.ar\/blog\/category\/policiales\/"},"img":{"alt_text":"","src":"https:\/\/i0.wp.com\/larevistadigital.com.ar\/blog\/wp-content\/uploads\/539384492_18053244758449331_7543124158828652225_n.jpg?fit=700%2C700&ssl=1&resize=350%2C200","width":350,"height":200,"srcset":"https:\/\/i0.wp.com\/larevistadigital.com.ar\/blog\/wp-content\/uploads\/539384492_18053244758449331_7543124158828652225_n.jpg?fit=700%2C700&ssl=1&resize=350%2C200 1x, https:\/\/i0.wp.com\/larevistadigital.com.ar\/blog\/wp-content\/uploads\/539384492_18053244758449331_7543124158828652225_n.jpg?fit=700%2C700&ssl=1&resize=525%2C300 1.5x, https:\/\/i0.wp.com\/larevistadigital.com.ar\/blog\/wp-content\/uploads\/539384492_18053244758449331_7543124158828652225_n.jpg?fit=700%2C700&ssl=1&resize=700%2C400 2x"},"classes":[]},{"id":37534,"url":"https:\/\/larevistadigital.com.ar\/blog\/gral-madariaga-4-delincuentes-asaltaron-a-una-mujer-a-metros-de-la-comisaria\/","url_meta":{"origin":16542,"position":4},"title":"Gral. Madariaga: 4 delincuentes asaltaron a una mujer a metros de la comisar\u00eda","author":"Alejandro Sosa Ruda","date":"16 octubre, 2024","format":false,"excerpt":"La mujer fue asaltada, y le robaron una fuerte suma de dinero. 16 de Octubre de 2024 MADARIAGA -\u00a0 \u00a0Una mujer, fue v\u00edctima de un hecho delictivo en su propia vivienda, ubicada en Yrigoyen entre Alberdi y Mitre, donde cuatro personas le robaron una importante suma de dinero. Todo ocurri\u00f3\u2026","rel":"","context":"En \u00abPOLICIALES\u00bb","block_context":{"text":"POLICIALES","link":"https:\/\/larevistadigital.com.ar\/blog\/category\/policiales\/"},"img":{"alt_text":"","src":"https:\/\/i0.wp.com\/larevistadigital.com.ar\/blog\/wp-content\/uploads\/POLICIA.png?fit=1002%2C658&ssl=1&resize=350%2C200","width":350,"height":200,"srcset":"https:\/\/i0.wp.com\/larevistadigital.com.ar\/blog\/wp-content\/uploads\/POLICIA.png?fit=1002%2C658&ssl=1&resize=350%2C200 1x, https:\/\/i0.wp.com\/larevistadigital.com.ar\/blog\/wp-content\/uploads\/POLICIA.png?fit=1002%2C658&ssl=1&resize=525%2C300 1.5x, https:\/\/i0.wp.com\/larevistadigital.com.ar\/blog\/wp-content\/uploads\/POLICIA.png?fit=1002%2C658&ssl=1&resize=700%2C400 2x"},"classes":[]},{"id":19305,"url":"https:\/\/larevistadigital.com.ar\/blog\/general-madariaga-allanan-4-casas-por-una-causa-de-pornografia-infantil\/","url_meta":{"origin":16542,"position":5},"title":"GENERAL MADARIAGA: ALLANAN 4 CASAS POR UNA CAUSA DE PORNOGRAF\u00cdA INFANTIL","author":"Alejandro Sosa Ruda","date":"18 marzo, 2021","format":false,"excerpt":"Las v\u00edctimas ser\u00edan ni\u00f1as de entre 3 y 11 a\u00f1os. Sus padres y otro adulto estar\u00edan involucrados. GENERAL MADARIAGA - Una investigaci\u00f3n iniciada en General Madariaga por difusi\u00f3n de pornograf\u00eda infantil termin\u00f3 con una serie de allanamientos durante la tarde de ayer en viviendas del barrio Belgrano, en una causa\u2026","rel":"","context":"En \u00abINTERES GENERAL\u00bb","block_context":{"text":"INTERES GENERAL","link":"https:\/\/larevistadigital.com.ar\/blog\/category\/interes-general\/"},"img":{"alt_text":"","src":"https:\/\/i0.wp.com\/larevistadigital.com.ar\/blog\/wp-content\/uploads\/815a56f8316cf2896e489e6e5dfdfe3434b1aeef.jpg?fit=1140%2C623&ssl=1&resize=350%2C200","width":350,"height":200,"srcset":"https:\/\/i0.wp.com\/larevistadigital.com.ar\/blog\/wp-content\/uploads\/815a56f8316cf2896e489e6e5dfdfe3434b1aeef.jpg?fit=1140%2C623&ssl=1&resize=350%2C200 1x, https:\/\/i0.wp.com\/larevistadigital.com.ar\/blog\/wp-content\/uploads\/815a56f8316cf2896e489e6e5dfdfe3434b1aeef.jpg?fit=1140%2C623&ssl=1&resize=525%2C300 1.5x, https:\/\/i0.wp.com\/larevistadigital.com.ar\/blog\/wp-content\/uploads\/815a56f8316cf2896e489e6e5dfdfe3434b1aeef.jpg?fit=1140%2C623&ssl=1&resize=700%2C400 2x, https:\/\/i0.wp.com\/larevistadigital.com.ar\/blog\/wp-content\/uploads\/815a56f8316cf2896e489e6e5dfdfe3434b1aeef.jpg?fit=1140%2C623&ssl=1&resize=1050%2C600 3x"},"classes":[]}],"_links":{"self":[{"href":"https:\/\/larevistadigital.com.ar\/blog\/wp-json\/wp\/v2\/posts\/16542","targetHints":{"allow":["GET"]}}],"collection":[{"href":"https:\/\/larevistadigital.com.ar\/blog\/wp-json\/wp\/v2\/posts"}],"about":[{"href":"https:\/\/larevistadigital.com.ar\/blog\/wp-json\/wp\/v2\/types\/post"}],"author":[{"embeddable":true,"href":"https:\/\/larevistadigital.com.ar\/blog\/wp-json\/wp\/v2\/users\/3"}],"replies":[{"embeddable":true,"href":"https:\/\/larevistadigital.com.ar\/blog\/wp-json\/wp\/v2\/comments?post=16542"}],"version-history":[{"count":1,"href":"https:\/\/larevistadigital.com.ar\/blog\/wp-json\/wp\/v2\/posts\/16542\/revisions"}],"predecessor-version":[{"id":16544,"href":"https:\/\/larevistadigital.com.ar\/blog\/wp-json\/wp\/v2\/posts\/16542\/revisions\/16544"}],"wp:featuredmedia":[{"embeddable":true,"href":"https:\/\/larevistadigital.com.ar\/blog\/wp-json\/wp\/v2\/media\/16543"}],"wp:attachment":[{"href":"https:\/\/larevistadigital.com.ar\/blog\/wp-json\/wp\/v2\/media?parent=16542"}],"wp:term":[{"taxonomy":"category","embeddable":true,"href":"https:\/\/larevistadigital.com.ar\/blog\/wp-json\/wp\/v2\/categories?post=16542"},{"taxonomy":"post_tag","embeddable":true,"href":"https:\/\/larevistadigital.com.ar\/blog\/wp-json\/wp\/v2\/tags?post=16542"}],"curies":[{"name":"wp","href":"https:\/\/api.w.org\/{rel}","templated":true}]}}