{"id":16548,"date":"2020-09-27T17:10:11","date_gmt":"2020-09-27T17:10:11","guid":{"rendered":"https:\/\/larevistadigital.com.ar\/blog\/?p=16548"},"modified":"2020-09-27T17:10:11","modified_gmt":"2020-09-27T17:10:11","slug":"manana-habra-reunion-por-el-basurero-regional-convocada-por-el-departamento-ejecutivo","status":"publish","type":"post","link":"https:\/\/larevistadigital.com.ar\/blog\/manana-habra-reunion-por-el-basurero-regional-convocada-por-el-departamento-ejecutivo\/","title":{"rendered":"MA\u00d1ANA HABR\u00c1 REUNI\u00d3N POR EL BASURERO REGIONAL, CONVOCADA POR EL DEPARTAMENTO EJECUTIVO"},"content":{"rendered":"<p>Ma\u00f1ana, habr\u00e1 una reuni\u00f3n de Foro Municipal de Medio Ambiente de Chascom\u00fas, convocada por el Ejecutivo Municipal. La misma se realizar\u00e1 a las 18 horas, v\u00eda zoom, en los t\u00e9rminos de la Ordenanza 4526.<\/p>\n<p>Desde su g\u00e9nesis, el ejecutivo ha tratado de fijar en la memoria de la gente el nombre de \u00abPoro Productivo Ambiental Regional\u00bb, mientras que otros sectores eligen llamarlo Basurero Regional.<\/p>\n<blockquote>\n<h3><strong>El Foro de Medio Ambiente est\u00e1 conformado por el Departamento Ejecutivo, un concejal por bloque del Departamento Deliberativo, y entidades intermedias del distrito debidamente acreditadas en el registro municipal y que contemplen entre sus incumbencias el cuidado y la preservaci\u00f3n del medio ambiente, que participan con un miembro cada una.<\/strong><\/h3>\n<\/blockquote>\n<p>No obstante se desconoce cu\u00e1ntas son las entidades registradas de esa forma y si se habilitar\u00e1 dicho registro para que se inscriban las que no lo est\u00e1n, descont\u00e1ndose que en las actuales circunstancias no se les pedir\u00e1n requisitos que signifiquen inscripciones en Naci\u00f3n y\/o Provincia.<\/p>\n<p>fuente: diario el fuerte<\/p>\n","protected":false},"excerpt":{"rendered":"<div class=\"mh-excerpt\"><p>Ma\u00f1ana, habr\u00e1 una reuni\u00f3n de Foro Municipal de Medio Ambiente de Chascom\u00fas, convocada por el Ejecutivo Municipal. La misma se realizar\u00e1 a las 18 horas, v\u00eda zoom, en los t\u00e9rminos de la Ordenanza 4526. Desde <a class=\"mh-excerpt-more\" href=\"https:\/\/larevistadigital.com.ar\/blog\/manana-habra-reunion-por-el-basurero-regional-convocada-por-el-departamento-ejecutivo\/\" title=\"MA\u00d1ANA HABR\u00c1 REUNI\u00d3N POR EL BASURERO REGIONAL, CONVOCADA POR EL DEPARTAMENTO EJECUTIVO\">[Leer M\u00e1s]<\/a><\/p>\n<\/div>","protected":false},"author":3,"featured_media":16549,"comment_status":"open","ping_status":"open","sticky":false,"template":"","format":"standard","meta":{"_jetpack_memberships_contains_paid_content":false,"footnotes":"","jetpack_publicize_message":"","jetpack_publicize_feature_enabled":true,"jetpack_social_post_already_shared":true,"jetpack_social_options":{"image_generator_settings":{"template":"highway","default_image_id":0,"font":"","enabled":false},"version":2}},"categories":[6],"tags":[],"class_list":{"0":"post-16548","1":"post","2":"type-post","3":"status-publish","4":"format-standard","5":"has-post-thumbnail","7":"category-chascomus"},"jetpack_publicize_connections":[],"jetpack_featured_media_url":"https:\/\/i0.wp.com\/larevistadigital.com.ar\/blog\/wp-content\/uploads\/nota-523381-cuidemos-chascomus-reitero-denuncias-contra-gobierno-estado-basural-130410055618.jpg?fit=1000%2C531&ssl=1","jetpack_sharing_enabled":true,"jetpack_shortlink":"https:\/\/wp.me\/p8qtrQ-4iU","jetpack-related-posts":[{"id":17245,"url":"https:\/\/larevistadigital.com.ar\/blog\/la-ucr-presento-un-proyecto-de-consulta-popular-por-el-tema-del-basurero-regional-en-chascomus\/","url_meta":{"origin":16548,"position":0},"title":"LA UCR PRESENT\u00d3 UN PROYECTO DE CONSULTA POPULAR POR EL TEMA DEL \u00abBASURERO REGIONAL EN CHASCOM\u00daS\u00bb","author":"Alejandro Sosa Ruda","date":"27 octubre, 2020","format":false,"excerpt":"Mientras que desde el Departamento Ejecutivo de Chascom\u00fas se pretende hacer aprobar una ordenanza en la sesi\u00f3n del d\u00eda jueves pr\u00f3ximo, donde se lo faculte a contratar o acordar lo que desee con respecto del tema de traer la basura de otros distritos a Chascom\u00fas, sin posibilidad de discusi\u00f3n por\u2026","rel":"","context":"En \u00abINTERES GENERAL\u00bb","block_context":{"text":"INTERES GENERAL","link":"https:\/\/larevistadigital.com.ar\/blog\/category\/interes-general\/"},"img":{"alt_text":"","src":"https:\/\/i0.wp.com\/larevistadigital.com.ar\/blog\/wp-content\/uploads\/consulta-popular.jpeg?fit=750%2C375&ssl=1&resize=350%2C200","width":350,"height":200,"srcset":"https:\/\/i0.wp.com\/larevistadigital.com.ar\/blog\/wp-content\/uploads\/consulta-popular.jpeg?fit=750%2C375&ssl=1&resize=350%2C200 1x, https:\/\/i0.wp.com\/larevistadigital.com.ar\/blog\/wp-content\/uploads\/consulta-popular.jpeg?fit=750%2C375&ssl=1&resize=525%2C300 1.5x, https:\/\/i0.wp.com\/larevistadigital.com.ar\/blog\/wp-content\/uploads\/consulta-popular.jpeg?fit=750%2C375&ssl=1&resize=700%2C400 2x"},"classes":[]},{"id":36591,"url":"https:\/\/larevistadigital.com.ar\/blog\/chascomus-reunion-del-departamento-ejecutivo-municipal-con-representantes-sindicales\/","url_meta":{"origin":16548,"position":1},"title":"CHASCOM\u00daS: REUNI\u00d3N DEL DEPARTAMENTO EJECUTIVO MUNICIPAL CON REPRESENTANTES SINDICALES","author":"Alejandro Sosa Ruda","date":"4 julio, 2024","format":false,"excerpt":"Convocatoria de la mesa salarial para evaluar aumentos salariales para los pr\u00f3ximos meses. 04 de Julio de 2024 CHASCOM\u00daS -\u00a0 El Departamento Ejecutivo Municipal se reuni\u00f3 con los gremios con representaci\u00f3n municipal para iniciar el di\u00e1logo sobre los aumentos salariales para la planta salarial. En la reuni\u00f3n estuvieron presentes el\u2026","rel":"","context":"En \u00abDESTACADAS\u00bb","block_context":{"text":"DESTACADAS","link":"https:\/\/larevistadigital.com.ar\/blog\/category\/destacadas\/"},"img":{"alt_text":"","src":"https:\/\/i0.wp.com\/larevistadigital.com.ar\/blog\/wp-content\/uploads\/2024_07_05_01_08_53_2859804.jpg?fit=600%2C400&ssl=1&resize=350%2C200","width":350,"height":200,"srcset":"https:\/\/i0.wp.com\/larevistadigital.com.ar\/blog\/wp-content\/uploads\/2024_07_05_01_08_53_2859804.jpg?fit=600%2C400&ssl=1&resize=350%2C200 1x, https:\/\/i0.wp.com\/larevistadigital.com.ar\/blog\/wp-content\/uploads\/2024_07_05_01_08_53_2859804.jpg?fit=600%2C400&ssl=1&resize=525%2C300 1.5x"},"classes":[]},{"id":17728,"url":"https:\/\/larevistadigital.com.ar\/blog\/nota-de-opinion-chascomus-unido-contra-el-proyecto-de-basurero-regional-por-una-politica-ambiental-participativa-y-razonable\/","url_meta":{"origin":16548,"position":2},"title":"NOTA DE OPINI\u00d3N: CHASCOMUS UNIDO CONTRA EL PROYECTO DE BASURERO REGIONAL POR UNA POL\u00cdTICA AMBIENTAL PARTICIPATIVA Y RAZONABLE","author":"Alejandro Sosa Ruda","date":"19 noviembre, 2020","format":false,"excerpt":"El GEN de Chascom\u00fas exhorta al Intendente Javier Gast\u00f3n a que colabore con el dise\u00f1o de una verdadera pol\u00edtica de Estado, con participaci\u00f3n de la ciudadan\u00eda, ONGs, Partidos Pol\u00edticos y sectores interesados El GEN de Chascom\u00fas valora positivamente el compromiso de los vecinos con el cuidado de nuestro ambiente y\u2026","rel":"","context":"En \u00abINTERES GENERAL\u00bb","block_context":{"text":"INTERES GENERAL","link":"https:\/\/larevistadigital.com.ar\/blog\/category\/interes-general\/"},"img":{"alt_text":"","src":"https:\/\/i0.wp.com\/larevistadigital.com.ar\/blog\/wp-content\/uploads\/unnamed-8.jpg?fit=512%2C288&ssl=1&resize=350%2C200","width":350,"height":200},"classes":[]},{"id":26825,"url":"https:\/\/larevistadigital.com.ar\/blog\/sobre-cursos-de-capacitacion-necesarios-o-urgentes\/","url_meta":{"origin":16548,"position":3},"title":"SOBRE CURSOS DE CAPACITACION NECESARIOS&#8230; (O URGENTES)","author":"Alejandro Sosa Ruda","date":"27 julio, 2022","format":false,"excerpt":"Seg\u00fan se ha informado, tanto el Departamento Ejecutivo, junto a responsables de las distintas \u00e1reas de la Municipalidad, como los integrantes del Departamento Deliberativo han participado de\u00a0 jornadas sobre pol\u00edticas de g\u00e9nero, de acuerdo a lo establecido por la Ley 27.499. Esta disposici\u00f3n, conocida como \u201cLey Micaela\u201d, obliga a todas\u2026","rel":"","context":"En \u00abDESTACADAS\u00bb","block_context":{"text":"DESTACADAS","link":"https:\/\/larevistadigital.com.ar\/blog\/category\/destacadas\/"},"img":{"alt_text":"","src":"https:\/\/i0.wp.com\/larevistadigital.com.ar\/blog\/wp-content\/uploads\/2018\/03\/449787492_1_concejo-chascomus.jpg?fit=825%2C490&ssl=1&resize=350%2C200","width":350,"height":200,"srcset":"https:\/\/i0.wp.com\/larevistadigital.com.ar\/blog\/wp-content\/uploads\/2018\/03\/449787492_1_concejo-chascomus.jpg?fit=825%2C490&ssl=1&resize=350%2C200 1x, https:\/\/i0.wp.com\/larevistadigital.com.ar\/blog\/wp-content\/uploads\/2018\/03\/449787492_1_concejo-chascomus.jpg?fit=825%2C490&ssl=1&resize=525%2C300 1.5x, https:\/\/i0.wp.com\/larevistadigital.com.ar\/blog\/wp-content\/uploads\/2018\/03\/449787492_1_concejo-chascomus.jpg?fit=825%2C490&ssl=1&resize=700%2C400 2x"},"classes":[]},{"id":17693,"url":"https:\/\/larevistadigital.com.ar\/blog\/vecinos-se-manifestaron-frente-al-municipio-para-que-no-se-instale-el-basurero-regional-en-chascomus\/","url_meta":{"origin":16548,"position":4},"title":"VECINOS SE MANIFESTARON FRENTE AL MUNICIPIO PARA QUE NO SE INSTALE EL BASURERO REGIONAL EN CHASCOM\u00daS","author":"Alejandro Sosa Ruda","date":"17 noviembre, 2020","format":false,"excerpt":"Como estaba previsto, se produjo la manifestaci\u00f3n organizada por vecinos del barrio Los Ranqueles, que se hicieron presentes en el Municipio de Chascom\u00fas, adem\u00e1s del frente del Concejo Deliberante y frente al despacho del intendente Javier Gast\u00f3n. Los vecinos, indignados por la intenci\u00f3n del Municipio de ubicar en su barrio\u2026","rel":"","context":"En \u00abDESTACADAS\u00bb","block_context":{"text":"DESTACADAS","link":"https:\/\/larevistadigital.com.ar\/blog\/category\/destacadas\/"},"img":{"alt_text":"","src":"https:\/\/i0.wp.com\/larevistadigital.com.ar\/blog\/wp-content\/uploads\/WhatsApp-Image-2020-11-17-at-10.54.47.jpeg?fit=900%2C1200&ssl=1&resize=350%2C200","width":350,"height":200,"srcset":"https:\/\/i0.wp.com\/larevistadigital.com.ar\/blog\/wp-content\/uploads\/WhatsApp-Image-2020-11-17-at-10.54.47.jpeg?fit=900%2C1200&ssl=1&resize=350%2C200 1x, https:\/\/i0.wp.com\/larevistadigital.com.ar\/blog\/wp-content\/uploads\/WhatsApp-Image-2020-11-17-at-10.54.47.jpeg?fit=900%2C1200&ssl=1&resize=525%2C300 1.5x, https:\/\/i0.wp.com\/larevistadigital.com.ar\/blog\/wp-content\/uploads\/WhatsApp-Image-2020-11-17-at-10.54.47.jpeg?fit=900%2C1200&ssl=1&resize=700%2C400 2x"},"classes":[]},{"id":43038,"url":"https:\/\/larevistadigital.com.ar\/blog\/chascomus-el-concejo-deliberante-aprobo-el-presupuesto-2026\/","url_meta":{"origin":16548,"position":5},"title":"Chascom\u00fas: El Concejo Deliberante aprob\u00f3 el Presupuesto 2026","author":"Alejandro Sosa Ruda","date":"24 diciembre, 2025","format":false,"excerpt":"En una sesi\u00f3n extraordinaria realizada en la ma\u00f1ana de este martes, el deliberativo aprob\u00f3 en general el proyecto enviado por el Departamento Ejecutivo municipal. 24 de diciembre de 2025 CHASCOM\u00daS -\u00a0 \u00a0 El Presupuesto de Gastos y C\u00e1lculo de Recursos 2026 fue estimado en $59.405.821.072,92 y est\u00e1 marcado por la\u2026","rel":"","context":"En \u00abDESTACADAS\u00bb","block_context":{"text":"DESTACADAS","link":"https:\/\/larevistadigital.com.ar\/blog\/category\/destacadas\/"},"img":{"alt_text":"","src":"https:\/\/i0.wp.com\/larevistadigital.com.ar\/blog\/wp-content\/uploads\/2017\/11\/concejo-chascomus.jpg?fit=1024%2C768&ssl=1&resize=350%2C200","width":350,"height":200,"srcset":"https:\/\/i0.wp.com\/larevistadigital.com.ar\/blog\/wp-content\/uploads\/2017\/11\/concejo-chascomus.jpg?fit=1024%2C768&ssl=1&resize=350%2C200 1x, https:\/\/i0.wp.com\/larevistadigital.com.ar\/blog\/wp-content\/uploads\/2017\/11\/concejo-chascomus.jpg?fit=1024%2C768&ssl=1&resize=525%2C300 1.5x, https:\/\/i0.wp.com\/larevistadigital.com.ar\/blog\/wp-content\/uploads\/2017\/11\/concejo-chascomus.jpg?fit=1024%2C768&ssl=1&resize=700%2C400 2x"},"classes":[]}],"_links":{"self":[{"href":"https:\/\/larevistadigital.com.ar\/blog\/wp-json\/wp\/v2\/posts\/16548","targetHints":{"allow":["GET"]}}],"collection":[{"href":"https:\/\/larevistadigital.com.ar\/blog\/wp-json\/wp\/v2\/posts"}],"about":[{"href":"https:\/\/larevistadigital.com.ar\/blog\/wp-json\/wp\/v2\/types\/post"}],"author":[{"embeddable":true,"href":"https:\/\/larevistadigital.com.ar\/blog\/wp-json\/wp\/v2\/users\/3"}],"replies":[{"embeddable":true,"href":"https:\/\/larevistadigital.com.ar\/blog\/wp-json\/wp\/v2\/comments?post=16548"}],"version-history":[{"count":1,"href":"https:\/\/larevistadigital.com.ar\/blog\/wp-json\/wp\/v2\/posts\/16548\/revisions"}],"predecessor-version":[{"id":16550,"href":"https:\/\/larevistadigital.com.ar\/blog\/wp-json\/wp\/v2\/posts\/16548\/revisions\/16550"}],"wp:featuredmedia":[{"embeddable":true,"href":"https:\/\/larevistadigital.com.ar\/blog\/wp-json\/wp\/v2\/media\/16549"}],"wp:attachment":[{"href":"https:\/\/larevistadigital.com.ar\/blog\/wp-json\/wp\/v2\/media?parent=16548"}],"wp:term":[{"taxonomy":"category","embeddable":true,"href":"https:\/\/larevistadigital.com.ar\/blog\/wp-json\/wp\/v2\/categories?post=16548"},{"taxonomy":"post_tag","embeddable":true,"href":"https:\/\/larevistadigital.com.ar\/blog\/wp-json\/wp\/v2\/tags?post=16548"}],"curies":[{"name":"wp","href":"https:\/\/api.w.org\/{rel}","templated":true}]}}