{"id":16552,"date":"2020-09-27T17:53:33","date_gmt":"2020-09-27T17:53:33","guid":{"rendered":"https:\/\/larevistadigital.com.ar\/blog\/?p=16552"},"modified":"2020-09-27T18:17:43","modified_gmt":"2020-09-27T18:17:43","slug":"solo-la-memoria-mantiene-vivo-el-corazon-por-jose-eduardo-bonavitta","status":"publish","type":"post","link":"https:\/\/larevistadigital.com.ar\/blog\/solo-la-memoria-mantiene-vivo-el-corazon-por-jose-eduardo-bonavitta\/","title":{"rendered":"SOLO LA MEMORIA MANTIENE VIVO EL CORAZ\u00d3N (por Jos\u00e9 Eduardo Bonavita)"},"content":{"rendered":"<div id=\"js_4\" class=\"_5pbx userContent _3576\" data-testid=\"post_message\" data-ft=\"{&quot;tn&quot;:&quot;K&quot;}\">\n<p>Una interesante y emotiva reflexi\u00f3n del amigo y periodista <strong>Jos\u00e9 Eduardo Bonavita<\/strong> que a continuaci\u00f3n compartimos:<\/p>\n<p><strong>Domingo de cielo gris para recordar otro de<\/strong><br \/>\n<strong>cielo plomizo en la primavera reci\u00e9n nacida\u2026<\/strong><\/p>\n<p><strong>\u2026Recuerdo aquel domingo de primavera reci\u00e9n nacida. Nosotros \u00e9ramos concesionarios del Camping Monte Corti\u2026 Una de mis primeras actividades del ese d\u00eda, despu\u00e9s de las 9, fue pasar por la Panader\u00eda de la Estaci\u00f3n\u2026 Estaba ah\u00ed, conversando con Lito cuando lleg\u00f3 Ger\u00f3nimo Jorajur\u00eda, propietario del Hotel Costanera, como yo, en busca del pan\u2026 Nos cont\u00f3 del movimiento que se ve\u00eda en Yrigoyen y Garay y, dijo que se dec\u00eda, hab\u00edan matado a un chico\u2026<\/strong><br \/>\n<strong>Alg\u00fan tiempo despu\u00e9s, dec\u00eda yo en una cr\u00f3nica\u2026<\/strong><br \/>\n<strong>\u2026Era en 1997. Setiembre. Domingo 28. Amanece en la casi flamante primavera un domingo de cielo plomizo. Un cuerpo joven, sin vida, ha sido hallado a un costado de las v\u00edas del ferrocarril. Pocos creer\u00e1n ese d\u00eda que ha sido el tren. Despu\u00e9s, nadie. Desde entonces, la b\u00fasqueda de la verdad, saber quien mat\u00f3 a Emilio El\u00edas Blanco, ser\u00eda compromiso y desaf\u00edo de todos. Chascom\u00fas se pondr\u00eda de pie y en marcha, una y otra vez.<\/strong><br \/>\n<strong>\u2026\u2026\u2026\u2026\u2026.<\/strong><br \/>\n<strong>\u2026.A veintitr\u00e9s a\u00f1os de aquel d\u00eda, en memoria y en recuerdo, nos parece oportuno reiterar lo que dec\u00edamos el martes 30 de setiembre de 1997 en El Cronista\u2026 \u201cNadie oy\u00f3 gritar a Emilio. Nadie lo vio morir. Demasiados nadie. Demasiadas calladas por respuesta.<\/strong><br \/>\n<strong>En la medianoche del s\u00e1bado sali\u00f3 de su casa, con permiso hasta determinada hora y para encontrarse con sus amigos en el centro. Hab\u00eda desistido de reunirse antes en la casa de uno de ellos para disfrutar de unas pizzas, acaso mientras ve\u00edan un partido de futbol por la tele, o escuchaban m\u00fasica.<\/strong><br \/>\n<strong>\u2026Emilio El\u00edas Blanco nunca lleg\u00f3 al centro. Nadie puede saber hasta ahora que capricho del destino, que raro designio podr\u00eda haberlo llevado a caminar en sentido contrario al que habitualmente lo hubiera dejado con sus amigos. Y Emilio no era un chico de actitudes imprevisibles. Sus padres habr\u00edan de preocuparse cuando no volvi\u00f3 a la hora prevista, ni un poco m\u00e1s tarde.<\/strong><br \/>\n<strong>\u2026 A las ocho y media de la ma\u00f1ana un chico ver\u00eda su cuerpo junto a las v\u00edas. Le dir\u00eda a un comerciante que llegaba a su negocio. Este comprobar\u00eda aquella presencia. El Director de la escuela llegaba al lugar. Impuesto de lo que le dijeron se acerc\u00f3 al sitio sin saber que uno de sus alumnos, uno de los chicos de cuarto, Emilio, ser\u00eda quien hab\u00eda encontrado de manera todav\u00eda incomprensible, el final para sus d\u00edas\u2026<\/strong><br \/>\n<strong>\u2026Los guardabarreras dir\u00edan no haber visto a nadie caminando por las v\u00edas. Los vecinos asegurar\u00edan no haber escuchado a nadie gritar, llorar o clamar. Tampoco el maquinista del tren de la una. Ni el de las cuatro. Un informe pericial breve, conciso, dir\u00eda que el tren&#8230;<\/strong><\/p>\n<p><strong>Nadie oy\u00f3 gritar a Emilio.<\/strong><\/p>\n<p><strong>Nadie lo vio morir.<\/strong><\/p>\n<p><strong>Demasiados nadie. Demasiados silencios. Hip\u00f3tesis. Hip\u00f3tesis. Como si tratara de un teorema ajeno a la vida. Pero es la vida. Es la vida de un joven de diecis\u00e9is a\u00f1os tronchada, no se sabe c\u00f3mo, no se sabe cuando, no se sabe d\u00f3nde, no se sabe porqu\u00e9.<\/strong><br \/>\n<strong>\u2026Y en nombre de la vida. De la vida de tantos, de todos, es preciso no quedarse en la cr\u00f3nica, ni en el informe pericial, ni en el no te met\u00e1s. No ser ajeno.<\/strong><br \/>\n<strong>\u2026Porque Emilio El\u00edas Blanco, diecis\u00e9is a\u00f1os, estudiante, era vida. Y cualquiera haya sido la encrucijada que le tendi\u00f3 la noche, esa trampa era la muerte.<\/strong><br \/>\n<strong>Si usted es padre, Emilio era tambi\u00e9n su hijo. Si vos sos joven, Emilio eras vos. Su descanso en Paz, la resignaci\u00f3n cristiana de sus padres, la tranquilidad espiritual de sus amigos, se alcanzar\u00e1 alguna vez, si encuentran y encontramos las respuestas de tanto porqu\u00e9, de tanto cuando, de tanto d\u00f3nde, de tanto c\u00f3mo. Pero tambi\u00e9n en su nombre y en el de tanta vida nueva tronchada, es preciso que nos encontremos en la actitud, el comportamiento, la decisi\u00f3n, el compromiso de aprender a vivir y afrontar la responsabilidad de buscar la verdad. De decir y decirnos No. De decir y decirnos Basta\u201d\u2026<\/strong><br \/>\n<strong>\u2026\u2026\u2026\u2026..<\/strong><br \/>\n<strong>Bajo el lema de S\u00f3lo la Memoria mantiene vivo el Coraz\u00f3n\u2026 su madre, M\u00f3nica Blanco, habr\u00eda de encabezar sin descanso, ese andar que llevar\u00eda a tropezar con una Justicia a veces ciega, a veces sorda. Una cruzada contra los que oponen al camino hacia la verdad, los atajos a cualquier lugar\u2026 \u2026Digo ahora que con algunas respuestas logradas, otras permanecen aun pendientes, pero lo que permanece igualmente firma, esa actitud de b\u00fasqueda de la verdad para que haya Justicia\u2026 Desde aquel domingo de primavera. C\u00f3mo este, con cielo plomizo\u2026 Emilio El\u00edas Blanco tendr\u00eda hoy 39 a\u00f1os.<\/strong><\/p>\n<\/div>\n<div class=\"_3x-2\" data-ft=\"{&quot;tn&quot;:&quot;H&quot;}\">\n<div data-ft=\"{&quot;tn&quot;:&quot;H&quot;}\">\n<div class=\"mtm\">\n<div class=\"_2a2q _65sr\"><\/div>\n<\/div>\n<\/div>\n<\/div>\n","protected":false},"excerpt":{"rendered":"<div class=\"mh-excerpt\"><p>Una interesante y emotiva reflexi\u00f3n del amigo y periodista Jos\u00e9 Eduardo Bonavita que a continuaci\u00f3n compartimos: Domingo de cielo gris para recordar otro de cielo plomizo en la primavera reci\u00e9n nacida\u2026 \u2026Recuerdo aquel domingo de <a class=\"mh-excerpt-more\" href=\"https:\/\/larevistadigital.com.ar\/blog\/solo-la-memoria-mantiene-vivo-el-corazon-por-jose-eduardo-bonavitta\/\" title=\"SOLO LA MEMORIA MANTIENE VIVO EL CORAZ\u00d3N (por Jos\u00e9 Eduardo Bonavita)\">[Leer M\u00e1s]<\/a><\/p>\n<\/div>","protected":false},"author":3,"featured_media":16553,"comment_status":"open","ping_status":"open","sticky":false,"template":"","format":"standard","meta":{"_jetpack_memberships_contains_paid_content":false,"footnotes":"","jetpack_publicize_message":"","jetpack_publicize_feature_enabled":true,"jetpack_social_post_already_shared":true,"jetpack_social_options":{"image_generator_settings":{"template":"highway","default_image_id":0,"font":"","enabled":false},"version":2}},"categories":[6],"tags":[],"class_list":{"0":"post-16552","1":"post","2":"type-post","3":"status-publish","4":"format-standard","5":"has-post-thumbnail","7":"category-chascomus"},"jetpack_publicize_connections":[],"jetpack_featured_media_url":"https:\/\/i0.wp.com\/larevistadigital.com.ar\/blog\/wp-content\/uploads\/120091544_3401415853284591_274605339079439299_n.jpg?fit=737%2C415&ssl=1","jetpack_sharing_enabled":true,"jetpack_shortlink":"https:\/\/wp.me\/p8qtrQ-4iY","jetpack-related-posts":[{"id":6531,"url":"https:\/\/larevistadigital.com.ar\/blog\/chascomus-informo-el-municipio-que-se-suspende-la-kermese-de-primavera-prevista-para-este-sabado-y-domingo\/","url_meta":{"origin":16552,"position":0},"title":"CHASCOM\u00daS: INFORM\u00d3 EL MUNICIPIO QUE SE SUSPENDE LA \u00abKERMESE DE PRIMAVERA\u00bb PREVISTA PARA ESTE S\u00c1BADO Y DOMINGO","author":"Alejandro Sosa Ruda","date":"20 septiembre, 2018","format":false,"excerpt":"El municipio emiti\u00f3 un comunicado en su p\u00e1gina de facebook, en el que da aviso que queda suspendida la llamada \"kermese de Primavera\",\u00a0 prevista para el pr\u00f3ximo fin de semana. AQU\u00cd EL COMUNICADO Debido al pron\u00f3stico de condiciones clim\u00e1ticas adversas para el fin de semana, desde la Secretar\u00eda de Planificaci\u00f3n\u2026","rel":"","context":"En \u00abCHASCOM\u00daS\u00bb","block_context":{"text":"CHASCOM\u00daS","link":"https:\/\/larevistadigital.com.ar\/blog\/category\/chascomus\/"},"img":{"alt_text":"","src":"https:\/\/i0.wp.com\/larevistadigital.com.ar\/blog\/wp-content\/uploads\/2018\/09\/42205986_2070738652947009_424396795238416384_n.jpg?fit=600%2C450&ssl=1&resize=350%2C200","width":350,"height":200,"srcset":"https:\/\/i0.wp.com\/larevistadigital.com.ar\/blog\/wp-content\/uploads\/2018\/09\/42205986_2070738652947009_424396795238416384_n.jpg?fit=600%2C450&ssl=1&resize=350%2C200 1x, https:\/\/i0.wp.com\/larevistadigital.com.ar\/blog\/wp-content\/uploads\/2018\/09\/42205986_2070738652947009_424396795238416384_n.jpg?fit=600%2C450&ssl=1&resize=525%2C300 1.5x"},"classes":[]},{"id":31353,"url":"https:\/\/larevistadigital.com.ar\/blog\/merlo-hallan-abandonada-a-una-bebe-recien-nacida\/","url_meta":{"origin":16552,"position":1},"title":"MERLO: HALLAN ABANDONADA A UNA BEB\u00c9 RECI\u00c9N NACIDA","author":"Alejandro Sosa Ruda","date":"4 mayo, 2023","format":false,"excerpt":"La ni\u00f1a fue encontrada en una vereda. Se desnuda y cubierta con una frazada. La madre fue identificada y qued\u00f3 detenida. 4 de mayo de 2023 MERLO -\u00a0 Una mujer encontr\u00f3 a una beb\u00e9 reci\u00e9n nacida abandonada en una vereda del partido de Merlo. La madre de la ni\u00f1a, tras\u2026","rel":"","context":"En \u00abSOCIEDAD\u00bb","block_context":{"text":"SOCIEDAD","link":"https:\/\/larevistadigital.com.ar\/blog\/category\/sociedad\/"},"img":{"alt_text":"","src":"https:\/\/i0.wp.com\/larevistadigital.com.ar\/blog\/wp-content\/uploads\/20230504173033_hosp.jpg?fit=880%2C512&ssl=1&resize=350%2C200","width":350,"height":200,"srcset":"https:\/\/i0.wp.com\/larevistadigital.com.ar\/blog\/wp-content\/uploads\/20230504173033_hosp.jpg?fit=880%2C512&ssl=1&resize=350%2C200 1x, https:\/\/i0.wp.com\/larevistadigital.com.ar\/blog\/wp-content\/uploads\/20230504173033_hosp.jpg?fit=880%2C512&ssl=1&resize=525%2C300 1.5x, https:\/\/i0.wp.com\/larevistadigital.com.ar\/blog\/wp-content\/uploads\/20230504173033_hosp.jpg?fit=880%2C512&ssl=1&resize=700%2C400 2x"},"classes":[]},{"id":36732,"url":"https:\/\/larevistadigital.com.ar\/blog\/36732-2\/","url_meta":{"origin":16552,"position":2},"title":"CHASCOM\u00daS: JOS\u00c9 EDUARDO BONAVITA PRESENTA SU LIBRO EN LA \u00abVIEJA ESTACI\u00d3N\u00bb","author":"Alejandro Sosa Ruda","date":"17 julio, 2024","format":false,"excerpt":"Se presenta el libro \u201cVeleros de Papel en Tintas de una Laguna\u201d. 17 de Julio de 2024 CHASCOM\u00daS -\u00a0 \u201cChascom\u00fas, que fuera un Fuerte cuando se plant\u00f3 un mangrullo cerca de la Laguna, una suerte de espejo en el cual mirare, se hizo villa, fue \u201cpueblo de los peri\u00f3dicos\u201d y\u2026","rel":"","context":"En \u00abCULTURA\u00bb","block_context":{"text":"CULTURA","link":"https:\/\/larevistadigital.com.ar\/blog\/category\/cultura\/"},"img":{"alt_text":"","src":"https:\/\/i0.wp.com\/larevistadigital.com.ar\/blog\/wp-content\/uploads\/31229257_1729535373805989_6383459718513295360_n.jpg?fit=720%2C720&ssl=1&resize=350%2C200","width":350,"height":200,"srcset":"https:\/\/i0.wp.com\/larevistadigital.com.ar\/blog\/wp-content\/uploads\/31229257_1729535373805989_6383459718513295360_n.jpg?fit=720%2C720&ssl=1&resize=350%2C200 1x, https:\/\/i0.wp.com\/larevistadigital.com.ar\/blog\/wp-content\/uploads\/31229257_1729535373805989_6383459718513295360_n.jpg?fit=720%2C720&ssl=1&resize=525%2C300 1.5x, https:\/\/i0.wp.com\/larevistadigital.com.ar\/blog\/wp-content\/uploads\/31229257_1729535373805989_6383459718513295360_n.jpg?fit=720%2C720&ssl=1&resize=700%2C400 2x"},"classes":[]},{"id":15228,"url":"https:\/\/larevistadigital.com.ar\/blog\/macabro-hallan-muerta-una-beba-recien-nacida-en-un-fuenton-con-agua-trasladan-la-madre-al-hospital\/","url_meta":{"origin":16552,"position":3},"title":"MACABRO: HALLAN MUERTA UNA BEBA RECI\u00c9N NACIDA EN UN FUENT\u00d3N CON AGUA. TRASLADAN LA MADRE AL HOSPITAL","author":"Alejandro Sosa Ruda","date":"14 mayo, 2020","format":false,"excerpt":"Sucedi\u00f3 en la localidad de Punta Lara, en Ensenada. El alumbramiento se produjo a la madrugada en una casa. Una joven de 26 a\u00f1os fue derivada al nosocomio Cestino en grave estado. La justicia investiga c\u00f3mo se produjo la muerte de la nena Una beba reci\u00e9n nacida fue encontrada muerta\u2026","rel":"","context":"En \u00abPOLICIALES\u00bb","block_context":{"text":"POLICIALES","link":"https:\/\/larevistadigital.com.ar\/blog\/category\/policiales\/"},"img":{"alt_text":"","src":"https:\/\/i0.wp.com\/larevistadigital.com.ar\/blog\/wp-content\/uploads\/20200428104046_aaa.jpg?fit=887%2C554&ssl=1&resize=350%2C200","width":350,"height":200,"srcset":"https:\/\/i0.wp.com\/larevistadigital.com.ar\/blog\/wp-content\/uploads\/20200428104046_aaa.jpg?fit=887%2C554&ssl=1&resize=350%2C200 1x, https:\/\/i0.wp.com\/larevistadigital.com.ar\/blog\/wp-content\/uploads\/20200428104046_aaa.jpg?fit=887%2C554&ssl=1&resize=525%2C300 1.5x, https:\/\/i0.wp.com\/larevistadigital.com.ar\/blog\/wp-content\/uploads\/20200428104046_aaa.jpg?fit=887%2C554&ssl=1&resize=700%2C400 2x"},"classes":[]},{"id":27765,"url":"https:\/\/larevistadigital.com.ar\/blog\/horacio-pagani-fue-suspendido-luego-de-su-violenta-reaccion-contra-nico-distasio\/","url_meta":{"origin":16552,"position":4},"title":"HORACIO PAGANI FUE SUSPENDIDO LUEGO DE SU VIOLENTA REACCI\u00d3N CONTRA NICO DISTASIO","author":"Alejandro Sosa Ruda","date":"15 septiembre, 2022","format":false,"excerpt":"El periodista protagoniz\u00f3 una tensa discusi\u00f3n con su colega y casi se van a las manos. 15 de septiembre de 2022 Horacio Pagani fue suspendido tras protagonizar una violenta reacci\u00f3n contra el periodista Nicolas Distasio, tras la victoria de Boca Juniors a River Plata por 1 a 0. El periodista\u2026","rel":"","context":"En \u00abINTERES GENERAL\u00bb","block_context":{"text":"INTERES GENERAL","link":"https:\/\/larevistadigital.com.ar\/blog\/category\/interes-general\/"},"img":{"alt_text":"","src":"https:\/\/i0.wp.com\/larevistadigital.com.ar\/blog\/wp-content\/uploads\/Captura-de-pantalla-2022-09-15-102027.png?fit=879%2C416&ssl=1&resize=350%2C200","width":350,"height":200,"srcset":"https:\/\/i0.wp.com\/larevistadigital.com.ar\/blog\/wp-content\/uploads\/Captura-de-pantalla-2022-09-15-102027.png?fit=879%2C416&ssl=1&resize=350%2C200 1x, https:\/\/i0.wp.com\/larevistadigital.com.ar\/blog\/wp-content\/uploads\/Captura-de-pantalla-2022-09-15-102027.png?fit=879%2C416&ssl=1&resize=525%2C300 1.5x, https:\/\/i0.wp.com\/larevistadigital.com.ar\/blog\/wp-content\/uploads\/Captura-de-pantalla-2022-09-15-102027.png?fit=879%2C416&ssl=1&resize=700%2C400 2x"},"classes":[]},{"id":39813,"url":"https:\/\/larevistadigital.com.ar\/blog\/chascomus-este-domingo-se-realizara-el-acto-oficial-en-conmemoracion-de-la-revolucion-de-mayo\/","url_meta":{"origin":16552,"position":5},"title":"Chascom\u00fas: Este domingo se realizar\u00e1 el acto oficial en conmemoraci\u00f3n de la Revoluci\u00f3n de Mayo","author":"Alejandro Sosa Ruda","date":"20 mayo, 2025","format":false,"excerpt":"Comenzar\u00e1 a las 11,50 horas, en la Plaza Independencia y ser\u00e1 encabezado por el intendente Javier Gast\u00f3n. 20 de Mayo de 2025 CHASCOM\u00daS -\u00a0 \u00a0La Municipalidad de Chascom\u00fas invita a los vecinos a participar de los actos a celebrarse en la jornada de este domingo 25 de mayo, en conmemoraci\u00f3n\u2026","rel":"","context":"En \u00abCHASCOM\u00daS\u00bb","block_context":{"text":"CHASCOM\u00daS","link":"https:\/\/larevistadigital.com.ar\/blog\/category\/chascomus\/"},"img":{"alt_text":"","src":"https:\/\/i0.wp.com\/larevistadigital.com.ar\/blog\/wp-content\/uploads\/682cab20e594a.png?fit=668%2C445&ssl=1&resize=350%2C200","width":350,"height":200,"srcset":"https:\/\/i0.wp.com\/larevistadigital.com.ar\/blog\/wp-content\/uploads\/682cab20e594a.png?fit=668%2C445&ssl=1&resize=350%2C200 1x, https:\/\/i0.wp.com\/larevistadigital.com.ar\/blog\/wp-content\/uploads\/682cab20e594a.png?fit=668%2C445&ssl=1&resize=525%2C300 1.5x"},"classes":[]}],"_links":{"self":[{"href":"https:\/\/larevistadigital.com.ar\/blog\/wp-json\/wp\/v2\/posts\/16552","targetHints":{"allow":["GET"]}}],"collection":[{"href":"https:\/\/larevistadigital.com.ar\/blog\/wp-json\/wp\/v2\/posts"}],"about":[{"href":"https:\/\/larevistadigital.com.ar\/blog\/wp-json\/wp\/v2\/types\/post"}],"author":[{"embeddable":true,"href":"https:\/\/larevistadigital.com.ar\/blog\/wp-json\/wp\/v2\/users\/3"}],"replies":[{"embeddable":true,"href":"https:\/\/larevistadigital.com.ar\/blog\/wp-json\/wp\/v2\/comments?post=16552"}],"version-history":[{"count":4,"href":"https:\/\/larevistadigital.com.ar\/blog\/wp-json\/wp\/v2\/posts\/16552\/revisions"}],"predecessor-version":[{"id":16558,"href":"https:\/\/larevistadigital.com.ar\/blog\/wp-json\/wp\/v2\/posts\/16552\/revisions\/16558"}],"wp:featuredmedia":[{"embeddable":true,"href":"https:\/\/larevistadigital.com.ar\/blog\/wp-json\/wp\/v2\/media\/16553"}],"wp:attachment":[{"href":"https:\/\/larevistadigital.com.ar\/blog\/wp-json\/wp\/v2\/media?parent=16552"}],"wp:term":[{"taxonomy":"category","embeddable":true,"href":"https:\/\/larevistadigital.com.ar\/blog\/wp-json\/wp\/v2\/categories?post=16552"},{"taxonomy":"post_tag","embeddable":true,"href":"https:\/\/larevistadigital.com.ar\/blog\/wp-json\/wp\/v2\/tags?post=16552"}],"curies":[{"name":"wp","href":"https:\/\/api.w.org\/{rel}","templated":true}]}}