{"id":16559,"date":"2020-09-27T18:24:19","date_gmt":"2020-09-27T18:24:19","guid":{"rendered":"https:\/\/larevistadigital.com.ar\/blog\/?p=16559"},"modified":"2020-09-27T18:24:19","modified_gmt":"2020-09-27T18:24:19","slug":"nota-de-opinion-atropello-a-la-justicia-en-busca-de-impunidad","status":"publish","type":"post","link":"https:\/\/larevistadigital.com.ar\/blog\/nota-de-opinion-atropello-a-la-justicia-en-busca-de-impunidad\/","title":{"rendered":"NOTA DE OPINI\u00d3N: ATROPELLO A LA JUSTICIA EN BUSCA DE IMPUNIDAD"},"content":{"rendered":"<p><strong>El Ateneo Arturo Illia hizo p\u00fablica una nota de opini\u00f3n, que a continuaci\u00f3n reproducimos:<\/strong><\/p>\n<p>En una sesi\u00f3n del Senado con irregularidades el oficialismo en soledad aprob\u00f3 remover de sus cargos a los Camaristas, y al Juez que intervienen en causas de corrupci\u00f3n, significa que el procedimiento por el Consejo de la Magistratura de la Naci\u00f3n, el poder Ejecutivo nacional, la Vicepresidenta de la Naci\u00f3n y un conjunto de Senadores es manifiestamente ilegal.<br \/>\nConsecuentemente, dichos acontecimientos afectan la independencia del Poder Judicial de la naci\u00f3n y , por lo tanto , la forma republicana de gobierno contemplada en la Constituci\u00f3n Nacional, e ilustrada por el principio de divisi\u00f3n de poderes. Esto configura un avasallamiento al Poder Judicial nunca visto alterando el orden constitucional, lesionando gravemente la garant\u00eda constitucional de inamovilidad de los magistrados judiciales.<br \/>\nDesde la oposici\u00f3n se rechaza el procedimiento y se pone de manifiesto el avance del Kirchnerismo sobre la justicia.<br \/>\nLa Vicepresidenta de la Naci\u00f3n marco otro hito nefasto en la historia de la pol\u00edtica argentina, los legisladores oficialistas modificaron el Tribunal que tendr\u00e1 que determinar si la titular del Senado es culpable de haber liderado la mayor trama de sobornos conocida y constatada en la Justicia.<br \/>\nEvidentemente hay una decisi\u00f3n pol\u00edtica y el objetivo primordial es conseguir que las causas queden desactivadas alineando a todos los jueces y sembrar los nuevos cargos judiciales con militantes adherentes quedando a cargo de las investigaciones y los fallos durante los pr\u00f3ximos meses.<br \/>\nAs\u00ed mismo es importante recalcar que el poder Ejecutivo viola entre otros el Art. 109 de la Constituci\u00f3n Naci\u00f3n donde expresa que : En ning\u00fan caso el Presidente de la Naci\u00f3n puede ejercer funciones judiciales, arrogarse el conocimiento de causas pendientes o restablecer las fenecidas.<br \/>\nLa Corte Suprema de Justicia , m\u00e1ximo tribunal, tiene un papel preponderante en la defensa para que no se produzca la colonizaci\u00f3n de la Justicia.<br \/>\nEl Ateneo Arturo Umberto Illia expresa que la mayor\u00eda de votos no avala para que los gobiernos atropellen la Justicia y la Constituci\u00f3n Nacional y a las instituciones.<br \/>\nAteneo Arturo Illia<br \/>\nPresidente <strong>Miguel Angel Cerimele<\/strong><br \/>\nPresidente Plaza Illia <strong>Ana de Otaz\u00faa<\/strong><\/p>\n","protected":false},"excerpt":{"rendered":"<div class=\"mh-excerpt\"><p>El Ateneo Arturo Illia hizo p\u00fablica una nota de opini\u00f3n, que a continuaci\u00f3n reproducimos: En una sesi\u00f3n del Senado con irregularidades el oficialismo en soledad aprob\u00f3 remover de sus cargos a los Camaristas, y al <a class=\"mh-excerpt-more\" href=\"https:\/\/larevistadigital.com.ar\/blog\/nota-de-opinion-atropello-a-la-justicia-en-busca-de-impunidad\/\" title=\"NOTA DE OPINI\u00d3N: ATROPELLO A LA JUSTICIA EN BUSCA DE IMPUNIDAD\">[Leer M\u00e1s]<\/a><\/p>\n<\/div>","protected":false},"author":3,"featured_media":16560,"comment_status":"open","ping_status":"open","sticky":false,"template":"","format":"standard","meta":{"_jetpack_memberships_contains_paid_content":false,"footnotes":"","jetpack_publicize_message":"","jetpack_publicize_feature_enabled":true,"jetpack_social_post_already_shared":true,"jetpack_social_options":{"image_generator_settings":{"template":"highway","default_image_id":0,"font":"","enabled":false},"version":2}},"categories":[50],"tags":[],"class_list":{"0":"post-16559","1":"post","2":"type-post","3":"status-publish","4":"format-standard","5":"has-post-thumbnail","7":"category-interes-general"},"jetpack_publicize_connections":[],"jetpack_featured_media_url":"https:\/\/i0.wp.com\/larevistadigital.com.ar\/blog\/wp-content\/uploads\/justicia-no-ciega1.jpg?fit=650%2C369&ssl=1","jetpack_sharing_enabled":true,"jetpack_shortlink":"https:\/\/wp.me\/p8qtrQ-4j5","jetpack-related-posts":[{"id":18762,"url":"https:\/\/larevistadigital.com.ar\/blog\/la-intervencion-del-dirigente-bancario-juan-emilio-pallo-dio-resultado-y-el-gerente-zonal-de-banco-nacion-dio-marcha-atras\/","url_meta":{"origin":16559,"position":0},"title":"LA INTERVENCI\u00d3N DEL DIRIGENTE BANCARIO JUAN EMILIO PALLO, DIO RESULTADO Y EL GERENTE ZONAL DE BANCO NACI\u00d3N DIO MARCHA ATR\u00c1S CON UNA POL\u00c9MICA MEDIDA","author":"Alejandro Sosa Ruda","date":"8 febrero, 2021","format":false,"excerpt":"La r\u00e1pida reacci\u00f3n del dirigente nacional bancario Juan Emilio Pallo, logr\u00f3 hacer reflexionar al gerente zonal (Zona Dolores Banco Naci\u00f3n) Pablo Madrid, dando marcha atr\u00e1s con su pol\u00e9mica y peligrosa actitud. Aqu\u00ed las notas y los detalles. Luego de la nota que escribi\u00f3 el dirigente nacional de La Bancaria, Juan\u2026","rel":"","context":"En \u00abDESTACADAS\u00bb","block_context":{"text":"DESTACADAS","link":"https:\/\/larevistadigital.com.ar\/blog\/category\/destacadas\/"},"img":{"alt_text":"","src":"https:\/\/i0.wp.com\/larevistadigital.com.ar\/blog\/wp-content\/uploads\/bancaria_08denoviembrede2017_elfuerte.jpg?fit=737%2C415&ssl=1&resize=350%2C200","width":350,"height":200,"srcset":"https:\/\/i0.wp.com\/larevistadigital.com.ar\/blog\/wp-content\/uploads\/bancaria_08denoviembrede2017_elfuerte.jpg?fit=737%2C415&ssl=1&resize=350%2C200 1x, https:\/\/i0.wp.com\/larevistadigital.com.ar\/blog\/wp-content\/uploads\/bancaria_08denoviembrede2017_elfuerte.jpg?fit=737%2C415&ssl=1&resize=525%2C300 1.5x, https:\/\/i0.wp.com\/larevistadigital.com.ar\/blog\/wp-content\/uploads\/bancaria_08denoviembrede2017_elfuerte.jpg?fit=737%2C415&ssl=1&resize=700%2C400 2x"},"classes":[]},{"id":39002,"url":"https:\/\/larevistadigital.com.ar\/blog\/intendente-de-chacabuco-exige-a-nacion-respuestas-por-el-abandono-de-la-autovia-7\/","url_meta":{"origin":16559,"position":1},"title":"Intendente de Chacabuco exige a Naci\u00f3n respuestas por el abandono de la autov\u00eda 7","author":"Alejandro Sosa Ruda","date":"14 marzo, 2025","format":false,"excerpt":"La administraci\u00f3n de Dar\u00edo Gol\u00eda expres\u00f3 su preocupaci\u00f3n ante el deterioro del desv\u00edo provisional en el kil\u00f3metro 207 de la Ruta Nacional N\u00b0 7, en direcci\u00f3n a la Ruta N\u00b0 30, una v\u00eda clave que conecta Chacabuco con las ciudades de Salto y Rojas. 14 de Marzo de 2025 En\u2026","rel":"","context":"En \u00abPOLITICA PROVINCIAL\u00bb","block_context":{"text":"POLITICA PROVINCIAL","link":"https:\/\/larevistadigital.com.ar\/blog\/category\/politica\/politica-provincial\/"},"img":{"alt_text":"","src":"https:\/\/i0.wp.com\/larevistadigital.com.ar\/blog\/wp-content\/uploads\/20250314162751_intendente-chacabuco-golia-nacion-autovia.jpg?fit=880%2C512&ssl=1&resize=350%2C200","width":350,"height":200,"srcset":"https:\/\/i0.wp.com\/larevistadigital.com.ar\/blog\/wp-content\/uploads\/20250314162751_intendente-chacabuco-golia-nacion-autovia.jpg?fit=880%2C512&ssl=1&resize=350%2C200 1x, https:\/\/i0.wp.com\/larevistadigital.com.ar\/blog\/wp-content\/uploads\/20250314162751_intendente-chacabuco-golia-nacion-autovia.jpg?fit=880%2C512&ssl=1&resize=525%2C300 1.5x, https:\/\/i0.wp.com\/larevistadigital.com.ar\/blog\/wp-content\/uploads\/20250314162751_intendente-chacabuco-golia-nacion-autovia.jpg?fit=880%2C512&ssl=1&resize=700%2C400 2x"},"classes":[]},{"id":43358,"url":"https:\/\/larevistadigital.com.ar\/blog\/en-castelli-la-provincia-reactiva-viviendas-paradas-de-nacion\/","url_meta":{"origin":16559,"position":2},"title":"En Castelli la Provincia reactiva viviendas paradas de Naci\u00f3n","author":"Alejandro Sosa Ruda","date":"14 enero, 2026","format":false,"excerpt":"El proyecto habitacional prev\u00e9 la terminaci\u00f3n de 10 casas a trav\u00e9s del Programa Completar. 14 de enero de 2026 La Provincia suma otra decena de viviendas a su plan de 8.000 casas en ejecuci\u00f3n que est\u00e1 en marcha a trav\u00e9s del Ministerio de H\u00e1bitat y Desarrollo Urbano a cargo de\u2026","rel":"","context":"En \u00abPOLITICA PROVINCIAL\u00bb","block_context":{"text":"POLITICA PROVINCIAL","link":"https:\/\/larevistadigital.com.ar\/blog\/category\/politica\/politica-provincial\/"},"img":{"alt_text":"","src":"https:\/\/i0.wp.com\/larevistadigital.com.ar\/blog\/wp-content\/uploads\/Captura-de-pantalla-2026-01-14-193054.jpg?fit=691%2C429&ssl=1&resize=350%2C200","width":350,"height":200,"srcset":"https:\/\/i0.wp.com\/larevistadigital.com.ar\/blog\/wp-content\/uploads\/Captura-de-pantalla-2026-01-14-193054.jpg?fit=691%2C429&ssl=1&resize=350%2C200 1x, https:\/\/i0.wp.com\/larevistadigital.com.ar\/blog\/wp-content\/uploads\/Captura-de-pantalla-2026-01-14-193054.jpg?fit=691%2C429&ssl=1&resize=525%2C300 1.5x"},"classes":[]},{"id":43044,"url":"https:\/\/larevistadigital.com.ar\/blog\/chubut-ira-a-la-corte-suprema-por-los-51-000-millones-que-le-debe-la-nacion\/","url_meta":{"origin":16559,"position":3},"title":"Chubut ir\u00e1 a la Corte Suprema por los $51.000 millones que le debe la Naci\u00f3n","author":"Alejandro Sosa Ruda","date":"27 diciembre, 2025","format":false,"excerpt":"El gobernador Ignacio Torres confirm\u00f3 la demanda judicial por la deuda previsional que el Estado mantiene con la provincia desde 2017. 27 de Diciembre de 2025 El gobernador de Chubut,\u00a0Ignacio Torres, confirm\u00f3 que la provincia recurrir\u00e1 a la Corte Suprema de Justicia de la Naci\u00f3n para exigir el pago de\u2026","rel":"","context":"En \u00abINTERES GENERAL\u00bb","block_context":{"text":"INTERES GENERAL","link":"https:\/\/larevistadigital.com.ar\/blog\/category\/interes-general\/"},"img":{"alt_text":"","src":"https:\/\/i0.wp.com\/larevistadigital.com.ar\/blog\/wp-content\/uploads\/Captura-de-pantalla-2025-12-27-141227.jpg?fit=636%2C471&ssl=1&resize=350%2C200","width":350,"height":200,"srcset":"https:\/\/i0.wp.com\/larevistadigital.com.ar\/blog\/wp-content\/uploads\/Captura-de-pantalla-2025-12-27-141227.jpg?fit=636%2C471&ssl=1&resize=350%2C200 1x, https:\/\/i0.wp.com\/larevistadigital.com.ar\/blog\/wp-content\/uploads\/Captura-de-pantalla-2025-12-27-141227.jpg?fit=636%2C471&ssl=1&resize=525%2C300 1.5x"},"classes":[]},{"id":38842,"url":"https:\/\/larevistadigital.com.ar\/blog\/fernando-latorre-y-un-fuerte-rechazo-a-la-privatizacion-del-banco-nacion-no-nos-sorprendera-pero-no-lo-vamos-a-permitir\/","url_meta":{"origin":16559,"position":4},"title":"Fernando Latorre y un fuerte rechazo a la privatizaci\u00f3n del Banco Naci\u00f3n: \u00abNo nos sorprender\u00e1, pero no lo vamos a permitir\u00bb","author":"Alejandro Sosa Ruda","date":"26 febrero, 2025","format":false,"excerpt":"El dirigente gremial de los bancarios, expres\u00f3 su enojo y preocupaci\u00f3n por un tema que tiene en vilo a los trabajadores de Banco Naci\u00f3n. 26 de Febrero de 2025 BUENOS AIRES -\u00a0 El secretario general de la Seccional Chascom\u00fas de la Asociaci\u00f3n Bancaria, Fernando Latorre, se pronunci\u00f3 sobre el decreto\u2026","rel":"","context":"En \u00abATAQUE DE RADIO\u00bb","block_context":{"text":"ATAQUE DE RADIO","link":"https:\/\/larevistadigital.com.ar\/blog\/category\/ataque-de-radio\/"},"img":{"alt_text":"","src":"https:\/\/i0.wp.com\/larevistadigital.com.ar\/blog\/wp-content\/uploads\/img_g-21388.jpg?fit=1100%2C799&ssl=1&resize=350%2C200","width":350,"height":200,"srcset":"https:\/\/i0.wp.com\/larevistadigital.com.ar\/blog\/wp-content\/uploads\/img_g-21388.jpg?fit=1100%2C799&ssl=1&resize=350%2C200 1x, https:\/\/i0.wp.com\/larevistadigital.com.ar\/blog\/wp-content\/uploads\/img_g-21388.jpg?fit=1100%2C799&ssl=1&resize=525%2C300 1.5x, https:\/\/i0.wp.com\/larevistadigital.com.ar\/blog\/wp-content\/uploads\/img_g-21388.jpg?fit=1100%2C799&ssl=1&resize=700%2C400 2x, https:\/\/i0.wp.com\/larevistadigital.com.ar\/blog\/wp-content\/uploads\/img_g-21388.jpg?fit=1100%2C799&ssl=1&resize=1050%2C600 3x"},"classes":[]},{"id":43032,"url":"https:\/\/larevistadigital.com.ar\/blog\/carolina-piparo-fue-designada-directora-del-banco-nacion\/","url_meta":{"origin":16559,"position":5},"title":"Carolina P\u00edparo fue designada directora del Banco Naci\u00f3n","author":"Alejandro Sosa Ruda","date":"24 diciembre, 2025","format":false,"excerpt":"El Gobierno nacional oficializ\u00f3 su nombramiento por decreto. Reemplaza a Rodolfo Carvajal y completar\u00e1 el mandato hasta enero de 2028. El Gobierno nacional oficializ\u00f3 la designaci\u00f3n de Carolina P\u00edparo como nueva directora del Banco de la Naci\u00f3n Argentina, en reemplazo de Rodolfo Carvajal, cuya renuncia fue aceptada a partir del\u2026","rel":"","context":"En \u00abINTERES GENERAL\u00bb","block_context":{"text":"INTERES GENERAL","link":"https:\/\/larevistadigital.com.ar\/blog\/category\/interes-general\/"},"img":{"alt_text":"","src":"https:\/\/i0.wp.com\/larevistadigital.com.ar\/blog\/wp-content\/uploads\/CAROLINA-PIPARO.jpg?fit=782%2C429&ssl=1&resize=350%2C200","width":350,"height":200,"srcset":"https:\/\/i0.wp.com\/larevistadigital.com.ar\/blog\/wp-content\/uploads\/CAROLINA-PIPARO.jpg?fit=782%2C429&ssl=1&resize=350%2C200 1x, https:\/\/i0.wp.com\/larevistadigital.com.ar\/blog\/wp-content\/uploads\/CAROLINA-PIPARO.jpg?fit=782%2C429&ssl=1&resize=525%2C300 1.5x, https:\/\/i0.wp.com\/larevistadigital.com.ar\/blog\/wp-content\/uploads\/CAROLINA-PIPARO.jpg?fit=782%2C429&ssl=1&resize=700%2C400 2x"},"classes":[]}],"_links":{"self":[{"href":"https:\/\/larevistadigital.com.ar\/blog\/wp-json\/wp\/v2\/posts\/16559","targetHints":{"allow":["GET"]}}],"collection":[{"href":"https:\/\/larevistadigital.com.ar\/blog\/wp-json\/wp\/v2\/posts"}],"about":[{"href":"https:\/\/larevistadigital.com.ar\/blog\/wp-json\/wp\/v2\/types\/post"}],"author":[{"embeddable":true,"href":"https:\/\/larevistadigital.com.ar\/blog\/wp-json\/wp\/v2\/users\/3"}],"replies":[{"embeddable":true,"href":"https:\/\/larevistadigital.com.ar\/blog\/wp-json\/wp\/v2\/comments?post=16559"}],"version-history":[{"count":1,"href":"https:\/\/larevistadigital.com.ar\/blog\/wp-json\/wp\/v2\/posts\/16559\/revisions"}],"predecessor-version":[{"id":16561,"href":"https:\/\/larevistadigital.com.ar\/blog\/wp-json\/wp\/v2\/posts\/16559\/revisions\/16561"}],"wp:featuredmedia":[{"embeddable":true,"href":"https:\/\/larevistadigital.com.ar\/blog\/wp-json\/wp\/v2\/media\/16560"}],"wp:attachment":[{"href":"https:\/\/larevistadigital.com.ar\/blog\/wp-json\/wp\/v2\/media?parent=16559"}],"wp:term":[{"taxonomy":"category","embeddable":true,"href":"https:\/\/larevistadigital.com.ar\/blog\/wp-json\/wp\/v2\/categories?post=16559"},{"taxonomy":"post_tag","embeddable":true,"href":"https:\/\/larevistadigital.com.ar\/blog\/wp-json\/wp\/v2\/tags?post=16559"}],"curies":[{"name":"wp","href":"https:\/\/api.w.org\/{rel}","templated":true}]}}