{"id":1656,"date":"2017-03-26T18:30:43","date_gmt":"2017-03-26T18:30:43","guid":{"rendered":"https:\/\/larevistadigital.com.ar\/blog\/?p=1656"},"modified":"2017-03-27T18:36:11","modified_gmt":"2017-03-27T18:36:11","slug":"desde-el-colegio-profesionales-de-turismo-informaron-sobre-tareas-realizadas","status":"publish","type":"post","link":"https:\/\/larevistadigital.com.ar\/blog\/desde-el-colegio-profesionales-de-turismo-informaron-sobre-tareas-realizadas\/","title":{"rendered":"Desde el Colegio Profesionales de Turismo informaron sobre tareas realizadas."},"content":{"rendered":"<p>Durante los meses de febrero y marzo de este a\u00f1o se contin\u00fao con la pol\u00edtica de \u201cvisitas de encuentro y matriculaci\u00f3n\u201d realizadas por el Colegio, en pos de acercarnos a los profesionales de toda la provincia y de facilitarles la posibilidad de\u00a0 matricularse. As\u00ed, ya son m\u00e1s de 15 las ciudades que hemos visitado desde octubre del a\u00f1o pasado.<\/p>\n<p>En las \u00faltimas semanas, nos acercamos a algunas localidades de la zona sur, como Carmen de Patagones y Sierra de la Ventana, en donde estuvo nuestra Prosecretaria Victoria Gallardo Batista, a localidades del centro del territorio como Chascom\u00fas en donde estuvo presente el Presidente Esteban Zaballa y el Secretario Olegario Ferrari, a ciudades del conurbano como Tigre, que fue visitada por tercera vez por la vocal del Consejo Directivo, Karina Villalba, y tambi\u00e9n en localidades bien al norte como Pergamino, en donde estuvo el Presidente Esteban Zaballa.<\/p>\n<p>Dichas recorridas continuar\u00e1n durante abril visto la prorrogas de los PASO 2 y 3 para los enmarcados en el art\u00edculo 57, visitando seguramente las ciudades de Dolores, Villa Gessel, Lan\u00fas, Lujan, San Antonio de Areco y algunas mas.<\/p>\n","protected":false},"excerpt":{"rendered":"<div class=\"mh-excerpt\"><p>Durante los meses de febrero y marzo de este a\u00f1o se contin\u00fao con la pol\u00edtica de \u201cvisitas de encuentro y matriculaci\u00f3n\u201d realizadas por el Colegio, en pos de acercarnos a los profesionales de toda la <a class=\"mh-excerpt-more\" href=\"https:\/\/larevistadigital.com.ar\/blog\/desde-el-colegio-profesionales-de-turismo-informaron-sobre-tareas-realizadas\/\" title=\"Desde el Colegio Profesionales de Turismo informaron sobre tareas realizadas.\">[Leer M\u00e1s]<\/a><\/p>\n<\/div>","protected":false},"author":2,"featured_media":1657,"comment_status":"open","ping_status":"open","sticky":false,"template":"","format":"standard","meta":{"_jetpack_memberships_contains_paid_content":false,"footnotes":"","jetpack_publicize_message":"Desde el Colegio Profesionales de Turismo informaron sobre tareas realizadas.","jetpack_publicize_feature_enabled":true,"jetpack_social_post_already_shared":true,"jetpack_social_options":{"image_generator_settings":{"template":"highway","default_image_id":0,"font":"","enabled":false},"version":2}},"categories":[6,24],"tags":[],"class_list":{"0":"post-1656","1":"post","2":"type-post","3":"status-publish","4":"format-standard","5":"has-post-thumbnail","7":"category-chascomus","8":"category-politica-provincial"},"jetpack_publicize_connections":[],"jetpack_featured_media_url":"https:\/\/i0.wp.com\/larevistadigital.com.ar\/blog\/wp-content\/uploads\/2017\/03\/cpturismo.jpg?fit=960%2C480&ssl=1","jetpack_sharing_enabled":true,"jetpack_shortlink":"https:\/\/wp.me\/p8qtrQ-qI","jetpack-related-posts":[{"id":10929,"url":"https:\/\/larevistadigital.com.ar\/blog\/hubo-elecciones-en-el-colegio-de-trabajadores-sociales\/","url_meta":{"origin":1656,"position":0},"title":"HUBO ELECCIONES EN EL COLEGIO DE TRABAJADORES SOCIALES","author":"Alejandro Sosa Ruda","date":"30 junio, 2019","format":false,"excerpt":"Se realizaron ayer las elecciones en el Colegio de Asistentes y Trabajadores Sociales de la provincia de Buenos Aires. Hubo votaci\u00f3n en Chascom\u00fas, ciudad que pertenece al Colegio con asiento en Dolores. En estos comicios, los profesionales sufragaron para elegir autoridades distritales, representantes provinciales para el consejo superior, y autoridades\u2026","rel":"","context":"En \u00abINTERES GENERAL\u00bb","block_context":{"text":"INTERES GENERAL","link":"https:\/\/larevistadigital.com.ar\/blog\/category\/interes-general\/"},"img":{"alt_text":"","src":"https:\/\/i0.wp.com\/larevistadigital.com.ar\/blog\/wp-content\/uploads\/20190423081931_ballot-black-and-white-black-and-white-1550337.jpg?fit=887%2C554&ssl=1&resize=350%2C200","width":350,"height":200,"srcset":"https:\/\/i0.wp.com\/larevistadigital.com.ar\/blog\/wp-content\/uploads\/20190423081931_ballot-black-and-white-black-and-white-1550337.jpg?fit=887%2C554&ssl=1&resize=350%2C200 1x, https:\/\/i0.wp.com\/larevistadigital.com.ar\/blog\/wp-content\/uploads\/20190423081931_ballot-black-and-white-black-and-white-1550337.jpg?fit=887%2C554&ssl=1&resize=525%2C300 1.5x, https:\/\/i0.wp.com\/larevistadigital.com.ar\/blog\/wp-content\/uploads\/20190423081931_ballot-black-and-white-black-and-white-1550337.jpg?fit=887%2C554&ssl=1&resize=700%2C400 2x"},"classes":[]},{"id":33805,"url":"https:\/\/larevistadigital.com.ar\/blog\/chascomus-participo-de-la-feria-internacional-de-turismo\/","url_meta":{"origin":1656,"position":1},"title":"CHASCOM\u00daS PARTICIP\u00d3 DE LA FERIA INTERNACIONAL DE TURISMO","author":"Alejandro Sosa Ruda","date":"4 octubre, 2023","format":false,"excerpt":"Desde el viernes 30 de septiembre hasta el martes 3 de octubre se llev\u00f3 a cabo en el Predio Ferial de La Rural de la Ciudad Aut\u00f3noma de Buenos Aires la Feria Internacional de Turismo que este a\u00f1o tuvo un rec\u00f3rd de p\u00fablico, superando los 125 mil visitantes (87.986 de\u2026","rel":"","context":"En \u00abCHASCOM\u00daS\u00bb","block_context":{"text":"CHASCOM\u00daS","link":"https:\/\/larevistadigital.com.ar\/blog\/category\/chascomus\/"},"img":{"alt_text":"","src":"https:\/\/i0.wp.com\/larevistadigital.com.ar\/blog\/wp-content\/uploads\/fit-1500x610-1.jpg?fit=1200%2C488&ssl=1&resize=350%2C200","width":350,"height":200,"srcset":"https:\/\/i0.wp.com\/larevistadigital.com.ar\/blog\/wp-content\/uploads\/fit-1500x610-1.jpg?fit=1200%2C488&ssl=1&resize=350%2C200 1x, https:\/\/i0.wp.com\/larevistadigital.com.ar\/blog\/wp-content\/uploads\/fit-1500x610-1.jpg?fit=1200%2C488&ssl=1&resize=525%2C300 1.5x, https:\/\/i0.wp.com\/larevistadigital.com.ar\/blog\/wp-content\/uploads\/fit-1500x610-1.jpg?fit=1200%2C488&ssl=1&resize=700%2C400 2x, https:\/\/i0.wp.com\/larevistadigital.com.ar\/blog\/wp-content\/uploads\/fit-1500x610-1.jpg?fit=1200%2C488&ssl=1&resize=1050%2C600 3x"},"classes":[]},{"id":16135,"url":"https:\/\/larevistadigital.com.ar\/blog\/nota-de-la-ucr-local-el-problema-de-los-residuos-en-chascomus-no-se-resuelve-trayendo-basura-de-otras-ciudades\/","url_meta":{"origin":1656,"position":2},"title":"NOTA DE LA UCR LOCAL: \u00abEL PROBLEMA DE LOS RESIDUOS EN CHASCOM\u00daS NO SE RESUELVE TRAYENDO BASURA DE OTRAS CIUDADES","author":"Alejandro Sosa Ruda","date":"26 agosto, 2020","format":false,"excerpt":"El Comit\u00e9 de la UCR acerc\u00f3 un anota que aborda el pol\u00e9mico tema del tratamiento de la basura, y la posible transformaci\u00f3n de la ciudad en el lugar donde se traigan los desperdicios de localidades vecinas. LA NOTA: \u201cD\u00edas atr\u00e1s, el Intendente Gast\u00f3n, dio a conocer una propuesta que ha\u2026","rel":"","context":"En \u00abDESTACADAS\u00bb","block_context":{"text":"DESTACADAS","link":"https:\/\/larevistadigital.com.ar\/blog\/category\/destacadas\/"},"img":{"alt_text":"","src":"https:\/\/i0.wp.com\/larevistadigital.com.ar\/blog\/wp-content\/uploads\/WhatsApp-Image-2020-08-20-at-15.08.40.jpeg?fit=720%2C456&ssl=1&resize=350%2C200","width":350,"height":200,"srcset":"https:\/\/i0.wp.com\/larevistadigital.com.ar\/blog\/wp-content\/uploads\/WhatsApp-Image-2020-08-20-at-15.08.40.jpeg?fit=720%2C456&ssl=1&resize=350%2C200 1x, https:\/\/i0.wp.com\/larevistadigital.com.ar\/blog\/wp-content\/uploads\/WhatsApp-Image-2020-08-20-at-15.08.40.jpeg?fit=720%2C456&ssl=1&resize=525%2C300 1.5x, https:\/\/i0.wp.com\/larevistadigital.com.ar\/blog\/wp-content\/uploads\/WhatsApp-Image-2020-08-20-at-15.08.40.jpeg?fit=720%2C456&ssl=1&resize=700%2C400 2x"},"classes":[]},{"id":8519,"url":"https:\/\/larevistadigital.com.ar\/blog\/el-diputado-chascomunense-jose-cote-rossi-visito-distintas-localidades-acompanando-a-axel-kicillof\/","url_meta":{"origin":1656,"position":3},"title":"EL DIPUTADO CHASCOMUNENSE JOS\u00c9  \u00abCOTE\u00bb ROSSI VISIT\u00d3 DISTINTAS LOCALIDADES ACOMPA\u00d1ANDO A AXEL KICILLOF","author":"Alejandro Sosa Ruda","date":"18 febrero, 2019","format":false,"excerpt":"El dirigente kirchner\u00edsta y ex ministro de econom\u00eda del gobierno de Cristina Fernandez,\u00a0Axel Kicillof visit\u00f3 distintas localidades de la provincia de Buenos Aires, en el marco de una recorrida que tiene que ver con su probable candidatura a gobernador de la Provincia, acompa\u00f1ado por el diputado de Unidad Ciudadana nativo\u2026","rel":"","context":"En \u00abPOLITICA\u00bb","block_context":{"text":"POLITICA","link":"https:\/\/larevistadigital.com.ar\/blog\/category\/politica\/"},"img":{"alt_text":"","src":"https:\/\/i0.wp.com\/larevistadigital.com.ar\/blog\/wp-content\/uploads\/2019\/02\/WhatsApp-Image-2019-02-17-at-22.18.45.jpeg?fit=720%2C479&ssl=1&resize=350%2C200","width":350,"height":200,"srcset":"https:\/\/i0.wp.com\/larevistadigital.com.ar\/blog\/wp-content\/uploads\/2019\/02\/WhatsApp-Image-2019-02-17-at-22.18.45.jpeg?fit=720%2C479&ssl=1&resize=350%2C200 1x, https:\/\/i0.wp.com\/larevistadigital.com.ar\/blog\/wp-content\/uploads\/2019\/02\/WhatsApp-Image-2019-02-17-at-22.18.45.jpeg?fit=720%2C479&ssl=1&resize=525%2C300 1.5x, https:\/\/i0.wp.com\/larevistadigital.com.ar\/blog\/wp-content\/uploads\/2019\/02\/WhatsApp-Image-2019-02-17-at-22.18.45.jpeg?fit=720%2C479&ssl=1&resize=700%2C400 2x"},"classes":[]},{"id":6275,"url":"https:\/\/larevistadigital.com.ar\/blog\/chascomus-se-viene-el-cafe-de-la-plaza-en-el-colegio-de-arquitectos\/","url_meta":{"origin":1656,"position":4},"title":"CHASCOM\u00daS: SE VIENE EL \u00abCAF\u00c9 DE LA PLAZA\u00bb EN EL COLEGIO DE ARQUITECTOS","author":"Alejandro Sosa Ruda","date":"18 agosto, 2018","format":false,"excerpt":"La \u00f3rbita de la Plaza Independencia de Chascom\u00fas cuenta con todo, o casi todo, lo que acostumbran tener las plazas c\u00e9ntricas de los pueblos\/ciudades del Interior, salvo por el t\u00edpico caf\u00e9, bar o punto de encuentro para aquellos que visitan el Palacio Municipal, la Casa de Casco, el Teatro Brazzola,\u2026","rel":"","context":"En \u00abCHASCOM\u00daS\u00bb","block_context":{"text":"CHASCOM\u00daS","link":"https:\/\/larevistadigital.com.ar\/blog\/category\/chascomus\/"},"img":{"alt_text":"","src":"https:\/\/i0.wp.com\/larevistadigital.com.ar\/blog\/wp-content\/uploads\/2018\/08\/mail-2.jpg?fit=720%2C960&ssl=1&resize=350%2C200","width":350,"height":200,"srcset":"https:\/\/i0.wp.com\/larevistadigital.com.ar\/blog\/wp-content\/uploads\/2018\/08\/mail-2.jpg?fit=720%2C960&ssl=1&resize=350%2C200 1x, https:\/\/i0.wp.com\/larevistadigital.com.ar\/blog\/wp-content\/uploads\/2018\/08\/mail-2.jpg?fit=720%2C960&ssl=1&resize=525%2C300 1.5x, https:\/\/i0.wp.com\/larevistadigital.com.ar\/blog\/wp-content\/uploads\/2018\/08\/mail-2.jpg?fit=720%2C960&ssl=1&resize=700%2C400 2x"},"classes":[]},{"id":32462,"url":"https:\/\/larevistadigital.com.ar\/blog\/chascomus-beatriz-de-leon-mantuvo-una-muy-interesante-reunion-con-el-colegio-de-arquitectos\/","url_meta":{"origin":1656,"position":5},"title":"CHASCOM\u00daS: BEATRIZ DE LE\u00d3N MANTUVO UNA MUY INTERESANTE REUNI\u00d3N CON EL COL\u00c9GIO DE ARQUITECTOS","author":"Alejandro Sosa Ruda","date":"17 julio, 2023","format":false,"excerpt":"La candidata a intendente por el Partido Libres del Sur, dialog\u00f3 con los arquitectos que se sorprendieron por la claridad de sus propuestas. 17 de julio de 2023 CHASCOM\u00daS -\u00a0 El colegio de Arquitectos de Chascom\u00fas, est\u00e1 realizando distintas reuniones con candidatos a Intendente y concejales, a efectos de conocer\u2026","rel":"","context":"En \u00abINTERES GENERAL\u00bb","block_context":{"text":"INTERES GENERAL","link":"https:\/\/larevistadigital.com.ar\/blog\/category\/interes-general\/"},"img":{"alt_text":"","src":"https:\/\/i0.wp.com\/larevistadigital.com.ar\/blog\/wp-content\/uploads\/WhatsApp-Image-2023-07-17-at-13.02.23-1.jpeg?fit=1200%2C675&ssl=1&resize=350%2C200","width":350,"height":200,"srcset":"https:\/\/i0.wp.com\/larevistadigital.com.ar\/blog\/wp-content\/uploads\/WhatsApp-Image-2023-07-17-at-13.02.23-1.jpeg?fit=1200%2C675&ssl=1&resize=350%2C200 1x, https:\/\/i0.wp.com\/larevistadigital.com.ar\/blog\/wp-content\/uploads\/WhatsApp-Image-2023-07-17-at-13.02.23-1.jpeg?fit=1200%2C675&ssl=1&resize=525%2C300 1.5x, https:\/\/i0.wp.com\/larevistadigital.com.ar\/blog\/wp-content\/uploads\/WhatsApp-Image-2023-07-17-at-13.02.23-1.jpeg?fit=1200%2C675&ssl=1&resize=700%2C400 2x, https:\/\/i0.wp.com\/larevistadigital.com.ar\/blog\/wp-content\/uploads\/WhatsApp-Image-2023-07-17-at-13.02.23-1.jpeg?fit=1200%2C675&ssl=1&resize=1050%2C600 3x"},"classes":[]}],"_links":{"self":[{"href":"https:\/\/larevistadigital.com.ar\/blog\/wp-json\/wp\/v2\/posts\/1656","targetHints":{"allow":["GET"]}}],"collection":[{"href":"https:\/\/larevistadigital.com.ar\/blog\/wp-json\/wp\/v2\/posts"}],"about":[{"href":"https:\/\/larevistadigital.com.ar\/blog\/wp-json\/wp\/v2\/types\/post"}],"author":[{"embeddable":true,"href":"https:\/\/larevistadigital.com.ar\/blog\/wp-json\/wp\/v2\/users\/2"}],"replies":[{"embeddable":true,"href":"https:\/\/larevistadigital.com.ar\/blog\/wp-json\/wp\/v2\/comments?post=1656"}],"version-history":[{"count":1,"href":"https:\/\/larevistadigital.com.ar\/blog\/wp-json\/wp\/v2\/posts\/1656\/revisions"}],"predecessor-version":[{"id":1658,"href":"https:\/\/larevistadigital.com.ar\/blog\/wp-json\/wp\/v2\/posts\/1656\/revisions\/1658"}],"wp:featuredmedia":[{"embeddable":true,"href":"https:\/\/larevistadigital.com.ar\/blog\/wp-json\/wp\/v2\/media\/1657"}],"wp:attachment":[{"href":"https:\/\/larevistadigital.com.ar\/blog\/wp-json\/wp\/v2\/media?parent=1656"}],"wp:term":[{"taxonomy":"category","embeddable":true,"href":"https:\/\/larevistadigital.com.ar\/blog\/wp-json\/wp\/v2\/categories?post=1656"},{"taxonomy":"post_tag","embeddable":true,"href":"https:\/\/larevistadigital.com.ar\/blog\/wp-json\/wp\/v2\/tags?post=1656"}],"curies":[{"name":"wp","href":"https:\/\/api.w.org\/{rel}","templated":true}]}}