{"id":16658,"date":"2020-09-30T18:28:11","date_gmt":"2020-09-30T18:28:11","guid":{"rendered":"https:\/\/larevistadigital.com.ar\/blog\/?p=16658"},"modified":"2020-09-30T18:28:11","modified_gmt":"2020-09-30T18:28:11","slug":"guernica-a-un-dia-del-desalojo-las-familias-dicen-que-van-a-resistir","status":"publish","type":"post","link":"https:\/\/larevistadigital.com.ar\/blog\/guernica-a-un-dia-del-desalojo-las-familias-dicen-que-van-a-resistir\/","title":{"rendered":"GUERNICA: A UN D\u00cdA DEL DESALOJO LAS FAMILIAS DICEN QUE VAN A RESISTIR"},"content":{"rendered":"<h2>Los ocupantes est\u00e1n haciendo una asamblea este mediod\u00eda. Pero tienen la decisi\u00f3n tomada de quedarse en el lugar.<\/h2>\n<p>A un d\u00eda del desalojo previsto en Guernica, la toma parece no existir.\u00a0<strong>O no estar habitada<\/strong>. Las casillas -la mayor\u00eda, hechas de palos y bolsas de residuos negras como techo- est\u00e1n vac\u00edas. Los referentes de la toma est\u00e1n reunidos este mi\u00e9rcoles al mediod\u00eda en asamblea. En el fondo del predio, sin acceso para los que no son parte. Y all\u00ed, seg\u00fan publica <strong>Clar\u00edn<\/strong>, habr\u00edan decidido resistir el desalojo.<\/p>\n<p>No hay\u00a0una presencia importante de la Polic\u00eda: s\u00f3lo el m\u00f3vil habitual, parado en la intersecci\u00f3n de Patagones y Bogado, en la principal entrada a la toma que tiene fecha de desalojo para dentro de menos de 24 horas.<\/p>\n<p>Seg\u00fan menciona Clar\u00edn, hay familias que desistieron de seguir ocupando las tierras ilegalmente y quedan los grupos de \u00ababrazo solidario\u00bb, \u00a0que ya avisaron que resistir\u00e1n. El primer indicio:\u00a0<strong>la quema de gomas que ocurri\u00f3 horas atr\u00e1s<\/strong>.<\/p>\n<p>Al caminar por las improvisadas calles que se delimitaron en estos campos de Guernica, la sensaci\u00f3n no se va:\u00a0<strong>quietud absoluta<\/strong>. Contrasta con la imagen, en caso de comenzar el desalojo, de polic\u00edas de la bonaerense que entran a un lugar con una orden judicial para defender la propiedad privada.<\/p>\n<p>Hasta\u00a0<strong>faltan las mujeres con sus hijos<\/strong>. Que siempre fueron las que \u201cbancaron las casillas\u201d mientras sus parejas trabajaban.<\/p>\n<blockquote>\n<h3>\u201cEsta lucha no se perdi\u00f3, nos van a buscar una soluci\u00f3n. Ac\u00e1 no creo que la gente se vaya sin nada. Los que no son de ac\u00e1 puede ser. Nosotros no.\u00a0<strong>No creo que ma\u00f1ana entren a sacarnos<\/strong>\u201d, dice a este diario\u00a0una mujer que est\u00e1 con su nieta, casi solas, en este inmenso predio de casi 100 hect\u00e1reas.<\/h3>\n<\/blockquote>\n<p>Yamila camina por el predio con sus cuatro hijos y su marido. Estuvieron en la asamblea. Son de Lomas de Zamora. Le cont\u00f3 a esta cronista que en la discusi\u00f3n \u00abhay s\u00f3lo vecinos, ning\u00fan partido pol\u00edtico\u00bb. Y que si bien el debate sigue, est\u00e1 tomada la decisi\u00f3n de quedarse en el predio y \u00abresistir al desalojo\u00bb. <em><strong>\u00abNos quedamos\u00bb,<\/strong><\/em> ratificaron otro grupo de mujeres que tambi\u00e9n volv\u00edan de la asamblea. Aunque hubo versiones de que hab\u00eda grupos armando barricadas, el equipo de\u00a0<strong>Clar\u00edn<\/strong> asegur\u00f3 no haberlas visto en su recorrida por el predio.<\/p>\n<p>\u201cS\u00f3lo debemos estar atentos a si\u00a0traen elementos para hacer barricada o vemos grupos importantes de gente. No hay una orden para ampliar la vigilancia. El desalojo, hasta ahora, es ma\u00f1ana.\u00a0<strong>Nosotros esperamos ordenes<\/strong>\u201d, dice\u00a0el superior de la Bonaerense que lleg\u00f3, cerca de las 12.30, como relevo del \u00fanico m\u00f3vil apostado en el lugar.\u00a0El desalojo ordenado originalmente para el 23 de septiembre por el juez de Garant\u00edas N\u00b0 8 de Ca\u00f1uelas, Mart\u00edn Rizzo, se pospuso para el 1\u00b0 de octubre \u00aben horario diurno y en condiciones clim\u00e1ticas favorables\u00bb.<\/p>\n","protected":false},"excerpt":{"rendered":"<div class=\"mh-excerpt\"><p>Los ocupantes est\u00e1n haciendo una asamblea este mediod\u00eda. Pero tienen la decisi\u00f3n tomada de quedarse en el lugar. A un d\u00eda del desalojo previsto en Guernica, la toma parece no existir.\u00a0O no estar habitada. Las <a class=\"mh-excerpt-more\" href=\"https:\/\/larevistadigital.com.ar\/blog\/guernica-a-un-dia-del-desalojo-las-familias-dicen-que-van-a-resistir\/\" title=\"GUERNICA: A UN D\u00cdA DEL DESALOJO LAS FAMILIAS DICEN QUE VAN A RESISTIR\">[Leer M\u00e1s]<\/a><\/p>\n<\/div>","protected":false},"author":3,"featured_media":16659,"comment_status":"open","ping_status":"open","sticky":false,"template":"","format":"standard","meta":{"_jetpack_memberships_contains_paid_content":false,"footnotes":"","jetpack_publicize_message":"","jetpack_publicize_feature_enabled":true,"jetpack_social_post_already_shared":true,"jetpack_social_options":{"image_generator_settings":{"template":"highway","default_image_id":0,"font":"","enabled":false},"version":2}},"categories":[50],"tags":[],"class_list":{"0":"post-16658","1":"post","2":"type-post","3":"status-publish","4":"format-standard","5":"has-post-thumbnail","7":"category-interes-general"},"jetpack_publicize_connections":[],"jetpack_featured_media_url":"https:\/\/i0.wp.com\/larevistadigital.com.ar\/blog\/wp-content\/uploads\/toma-guernica-el-90-los-ocupantes-son-desocupados.jpg?fit=1200%2C675&ssl=1","jetpack_sharing_enabled":true,"jetpack_shortlink":"https:\/\/wp.me\/p8qtrQ-4kG","jetpack-related-posts":[{"id":16759,"url":"https:\/\/larevistadigital.com.ar\/blog\/larroque-hay-80-tomas-en-la-provincia-y-la-de-guernica-es-la-mas-compleja\/","url_meta":{"origin":16658,"position":0},"title":"LARROQUE: HAY 80 TOMAS EN LA PROVINCIA, Y LA DE GUERNICA ES LA M\u00c1S COMPLEJA","author":"Alejandro Sosa Ruda","date":"5 octubre, 2020","format":false,"excerpt":"El titular de Desarrollo de la Comunidad considera que est\u00e1n las condiciones dadas para encontrar una soluci\u00f3n pac\u00edfica, voluntaria. El ministro de Desarrollo de la Comunidad de la provincia de Buenos Aires, Andr\u00e9s Larroque, dijo que \u201chay 80 tomas judicializadas\u201d en el distrito, y reconoci\u00f3 que \u201d la m\u00e1s compleja\u201d\u2026","rel":"","context":"En \u00abINTERES GENERAL\u00bb","block_context":{"text":"INTERES GENERAL","link":"https:\/\/larevistadigital.com.ar\/blog\/category\/interes-general\/"},"img":{"alt_text":"","src":"https:\/\/i0.wp.com\/larevistadigital.com.ar\/blog\/wp-content\/uploads\/Screenshot_1-154.jpg?fit=1006%2C672&ssl=1&resize=350%2C200","width":350,"height":200,"srcset":"https:\/\/i0.wp.com\/larevistadigital.com.ar\/blog\/wp-content\/uploads\/Screenshot_1-154.jpg?fit=1006%2C672&ssl=1&resize=350%2C200 1x, https:\/\/i0.wp.com\/larevistadigital.com.ar\/blog\/wp-content\/uploads\/Screenshot_1-154.jpg?fit=1006%2C672&ssl=1&resize=525%2C300 1.5x, https:\/\/i0.wp.com\/larevistadigital.com.ar\/blog\/wp-content\/uploads\/Screenshot_1-154.jpg?fit=1006%2C672&ssl=1&resize=700%2C400 2x"},"classes":[]},{"id":31910,"url":"https:\/\/larevistadigital.com.ar\/blog\/berni-encabezo-un-operativo-de-desalojo-de-toma-de-terrenos-en-zarate\/","url_meta":{"origin":16658,"position":1},"title":"BERNI ENCABEZ\u00d3 UN OPERATIVO DE DESALOJO DE TOMA DE TERRENOS EN ZARATE","author":"Alejandro Sosa Ruda","date":"11 junio, 2023","format":false,"excerpt":"El ministro de seguridad bonaerense, Sergio Berni, encabez\u00f3 este s\u00e1bado el operativo de desalojo de una toma de terrenos ubicados sobre la avenida Ant\u00e1rtida Argentina, en la ciudad de Z\u00e1rate. El funcionario de Axel Kicillof critic\u00f3 la demora de la justicia en tomar medidas al respecto y alert\u00f3 por los\u2026","rel":"","context":"En \u00abPOLICIALES\u00bb","block_context":{"text":"POLICIALES","link":"https:\/\/larevistadigital.com.ar\/blog\/category\/policiales\/"},"img":{"alt_text":"","src":"https:\/\/i0.wp.com\/larevistadigital.com.ar\/blog\/wp-content\/uploads\/20230611114604_berni-zarate-desalojo-toma-terrenos-tropa.jpg?fit=880%2C512&ssl=1&resize=350%2C200","width":350,"height":200,"srcset":"https:\/\/i0.wp.com\/larevistadigital.com.ar\/blog\/wp-content\/uploads\/20230611114604_berni-zarate-desalojo-toma-terrenos-tropa.jpg?fit=880%2C512&ssl=1&resize=350%2C200 1x, https:\/\/i0.wp.com\/larevistadigital.com.ar\/blog\/wp-content\/uploads\/20230611114604_berni-zarate-desalojo-toma-terrenos-tropa.jpg?fit=880%2C512&ssl=1&resize=525%2C300 1.5x, https:\/\/i0.wp.com\/larevistadigital.com.ar\/blog\/wp-content\/uploads\/20230611114604_berni-zarate-desalojo-toma-terrenos-tropa.jpg?fit=880%2C512&ssl=1&resize=700%2C400 2x"},"classes":[]},{"id":17214,"url":"https:\/\/larevistadigital.com.ar\/blog\/kicillof-comparo-a-los-cowntrys-con-las-usurpaciones-tampoco-paga-impuestos\/","url_meta":{"origin":16658,"position":2},"title":"KICILLOF COMPAR\u00d3 A LOS COWNTRYS CON LAS USURPACIONES: \u00abTAMPOCO PAGA IMPUESTOS\u00bb","author":"Alejandro Sosa Ruda","date":"25 octubre, 2020","format":false,"excerpt":"El gobernador de Buenos Aires, Axel Kicillof, compar\u00f3 la situaci\u00f3n de los cowntrys y barrios privados de Buenos Aires con las usurpaciones de tierras, un conflicto que viene generando pol\u00e9mica estos \u00faltimos meses en el pa\u00eds. En una entrevista con la agencia T\u00e9lam, expres\u00f3: \"No hab\u00eda un mapa de la\u2026","rel":"","context":"En \u00abINTERES GENERAL\u00bb","block_context":{"text":"INTERES GENERAL","link":"https:\/\/larevistadigital.com.ar\/blog\/category\/interes-general\/"},"img":{"alt_text":"","src":"https:\/\/i0.wp.com\/larevistadigital.com.ar\/blog\/wp-content\/uploads\/axel-kicillof-la-mayoria-de-los-barrios-privados-son-practicamente-ocupaciones-de-tierra.jpg?fit=1200%2C675&ssl=1&resize=350%2C200","width":350,"height":200,"srcset":"https:\/\/i0.wp.com\/larevistadigital.com.ar\/blog\/wp-content\/uploads\/axel-kicillof-la-mayoria-de-los-barrios-privados-son-practicamente-ocupaciones-de-tierra.jpg?fit=1200%2C675&ssl=1&resize=350%2C200 1x, https:\/\/i0.wp.com\/larevistadigital.com.ar\/blog\/wp-content\/uploads\/axel-kicillof-la-mayoria-de-los-barrios-privados-son-practicamente-ocupaciones-de-tierra.jpg?fit=1200%2C675&ssl=1&resize=525%2C300 1.5x, https:\/\/i0.wp.com\/larevistadigital.com.ar\/blog\/wp-content\/uploads\/axel-kicillof-la-mayoria-de-los-barrios-privados-son-practicamente-ocupaciones-de-tierra.jpg?fit=1200%2C675&ssl=1&resize=700%2C400 2x, https:\/\/i0.wp.com\/larevistadigital.com.ar\/blog\/wp-content\/uploads\/axel-kicillof-la-mayoria-de-los-barrios-privados-son-practicamente-ocupaciones-de-tierra.jpg?fit=1200%2C675&ssl=1&resize=1050%2C600 3x"},"classes":[]},{"id":23615,"url":"https:\/\/larevistadigital.com.ar\/blog\/video-la-plata-la-policia-desalojo-familias-que-ocupaban-el-predio-en-el-barrio-aeropuerto-gases-corridas-y-detenidos\/","url_meta":{"origin":16658,"position":3},"title":"[VIDEO] LA PLATA: LA POLIC\u00cdA DESALOJ\u00d3 FAMILIAS QUE OCUPABAN EL PREDIO EN EL BARRIO AEROPUERTO. GASES, CORRIDAS Y DETENIDOS","author":"Alejandro Sosa Ruda","date":"27 enero, 2022","format":false,"excerpt":"Desalojo en Barrio Aeropuerto. La Polic\u00eda derrib\u00f3 las casillas de unas 50 familias. Es en el predio ubicado entre las calles 609 a 607 y de 4 a 115. Hubo corridas, piedrazos, gases y detenidos. Sigue la tensi\u00f3n en el predio ocupado en El Barrio Aeropuerto, donde la policia desaloj\u00f3\u2026","rel":"","context":"En \u00abPOLICIALES\u00bb","block_context":{"text":"POLICIALES","link":"https:\/\/larevistadigital.com.ar\/blog\/category\/policiales\/"},"img":{"alt_text":"","src":"https:\/\/i0.wp.com\/larevistadigital.com.ar\/blog\/wp-content\/uploads\/1643325497909.jpg?fit=607%2C344&ssl=1&resize=350%2C200","width":350,"height":200,"srcset":"https:\/\/i0.wp.com\/larevistadigital.com.ar\/blog\/wp-content\/uploads\/1643325497909.jpg?fit=607%2C344&ssl=1&resize=350%2C200 1x, https:\/\/i0.wp.com\/larevistadigital.com.ar\/blog\/wp-content\/uploads\/1643325497909.jpg?fit=607%2C344&ssl=1&resize=525%2C300 1.5x"},"classes":[]},{"id":10883,"url":"https:\/\/larevistadigital.com.ar\/blog\/la-plata-desalojo-sorpresivo-en-asentamiento\/","url_meta":{"origin":16658,"position":4},"title":"LA PLATA: DESALOJO SORPRESIVO EN ASENTAMIENTO","author":"Alejandro Sosa Ruda","date":"28 junio, 2019","format":false,"excerpt":"Este jueves, 56 familias fueron desalojadas de un\u00a0 asentamiento en la periferia de la ciudad de La Plata. Intervino la polic\u00eda bonaerense, si ninguna orden que les permitiera hacer que las familias abandonen sus hogares. Entre los afectados, se encuentra una ni\u00f1a que tiene s\u00f3lo tres d\u00edas de vida.\u00a0 Hoy\u2026","rel":"","context":"En \u00abREGIONALES\u00bb","block_context":{"text":"REGIONALES","link":"https:\/\/larevistadigital.com.ar\/blog\/category\/regionales\/"},"img":{"alt_text":"","src":"https:\/\/i0.wp.com\/larevistadigital.com.ar\/blog\/wp-content\/uploads\/Screenshot_5-1.jpg?fit=996%2C598&ssl=1&resize=350%2C200","width":350,"height":200,"srcset":"https:\/\/i0.wp.com\/larevistadigital.com.ar\/blog\/wp-content\/uploads\/Screenshot_5-1.jpg?fit=996%2C598&ssl=1&resize=350%2C200 1x, https:\/\/i0.wp.com\/larevistadigital.com.ar\/blog\/wp-content\/uploads\/Screenshot_5-1.jpg?fit=996%2C598&ssl=1&resize=525%2C300 1.5x, https:\/\/i0.wp.com\/larevistadigital.com.ar\/blog\/wp-content\/uploads\/Screenshot_5-1.jpg?fit=996%2C598&ssl=1&resize=700%2C400 2x"},"classes":[]},{"id":28291,"url":"https:\/\/larevistadigital.com.ar\/blog\/tension-en-villa-mascardi-las-fuerzas-especiales-ingresaron-al-predio-tomado-y-hay-al-menos-ocho-detenidos\/","url_meta":{"origin":16658,"position":5},"title":"TENSI\u00d3N EN VILLA MASCARDI: LAS FUERZAS ESPECIALES INGRESARON AL PREDIO TOMADO Y HAY AL MENOS OCHO DETENIDOS","author":"Alejandro Sosa Ruda","date":"4 octubre, 2022","format":false,"excerpt":"Uno de los detenidos es la Machi Colhuan. La mujer se considera \"autoridad espiritual\" de la Lof. Hasta momento no se confirm\u00f3 la detenci\u00f3n de ninguno de los l\u00edderes de la usurpaci\u00f3n. Pese a todo, los terroristas al retirarse dijeron \"aunque nos saquen, vamos a volver\". 04 de Octubre de\u2026","rel":"","context":"En \u00abINTERES GENERAL\u00bb","block_context":{"text":"INTERES GENERAL","link":"https:\/\/larevistadigital.com.ar\/blog\/category\/interes-general\/"},"img":{"alt_text":"","src":"https:\/\/i0.wp.com\/larevistadigital.com.ar\/blog\/wp-content\/uploads\/mapuches.jpg?fit=844%2C422&ssl=1&resize=350%2C200","width":350,"height":200,"srcset":"https:\/\/i0.wp.com\/larevistadigital.com.ar\/blog\/wp-content\/uploads\/mapuches.jpg?fit=844%2C422&ssl=1&resize=350%2C200 1x, https:\/\/i0.wp.com\/larevistadigital.com.ar\/blog\/wp-content\/uploads\/mapuches.jpg?fit=844%2C422&ssl=1&resize=525%2C300 1.5x, https:\/\/i0.wp.com\/larevistadigital.com.ar\/blog\/wp-content\/uploads\/mapuches.jpg?fit=844%2C422&ssl=1&resize=700%2C400 2x"},"classes":[]}],"_links":{"self":[{"href":"https:\/\/larevistadigital.com.ar\/blog\/wp-json\/wp\/v2\/posts\/16658","targetHints":{"allow":["GET"]}}],"collection":[{"href":"https:\/\/larevistadigital.com.ar\/blog\/wp-json\/wp\/v2\/posts"}],"about":[{"href":"https:\/\/larevistadigital.com.ar\/blog\/wp-json\/wp\/v2\/types\/post"}],"author":[{"embeddable":true,"href":"https:\/\/larevistadigital.com.ar\/blog\/wp-json\/wp\/v2\/users\/3"}],"replies":[{"embeddable":true,"href":"https:\/\/larevistadigital.com.ar\/blog\/wp-json\/wp\/v2\/comments?post=16658"}],"version-history":[{"count":1,"href":"https:\/\/larevistadigital.com.ar\/blog\/wp-json\/wp\/v2\/posts\/16658\/revisions"}],"predecessor-version":[{"id":16660,"href":"https:\/\/larevistadigital.com.ar\/blog\/wp-json\/wp\/v2\/posts\/16658\/revisions\/16660"}],"wp:featuredmedia":[{"embeddable":true,"href":"https:\/\/larevistadigital.com.ar\/blog\/wp-json\/wp\/v2\/media\/16659"}],"wp:attachment":[{"href":"https:\/\/larevistadigital.com.ar\/blog\/wp-json\/wp\/v2\/media?parent=16658"}],"wp:term":[{"taxonomy":"category","embeddable":true,"href":"https:\/\/larevistadigital.com.ar\/blog\/wp-json\/wp\/v2\/categories?post=16658"},{"taxonomy":"post_tag","embeddable":true,"href":"https:\/\/larevistadigital.com.ar\/blog\/wp-json\/wp\/v2\/tags?post=16658"}],"curies":[{"name":"wp","href":"https:\/\/api.w.org\/{rel}","templated":true}]}}