{"id":16661,"date":"2020-09-30T18:40:27","date_gmt":"2020-09-30T18:40:27","guid":{"rendered":"https:\/\/larevistadigital.com.ar\/blog\/?p=16661"},"modified":"2020-09-30T18:40:27","modified_gmt":"2020-09-30T18:40:27","slug":"se-reunio-finalmente-la-comision-del-foro-municipal-de-medioambiente","status":"publish","type":"post","link":"https:\/\/larevistadigital.com.ar\/blog\/se-reunio-finalmente-la-comision-del-foro-municipal-de-medioambiente\/","title":{"rendered":"SE REUNI\u00d3 FINALMENTE LA COMISI\u00d3N DEL FORO MUNICIPAL DE MEDIOAMBIENTE"},"content":{"rendered":"<p>Al respecto se inform\u00f3 oficialmente que en la misma se establecieron los lineamientos de trabajo para construir un espacio que facilite el di\u00e1logo y el consenso en diversos temas relacionados a la preservaci\u00f3n del ambiente en nuestra ciudad.<\/p>\n<p>De acuerdo al bolet\u00edn municipal en este encuentro, desarrollado a trav\u00e9s de la plataforma zoom, se analizaron propuestas presentadas por los participantes, en particular el proyecto de creaci\u00f3n de un Polo Productivo Ambiental, y se consider\u00f3 de especial importancia la elaboraci\u00f3n de una pol\u00edtica p\u00fablica ambiental con base en la educaci\u00f3n y la concientizaci\u00f3n.<\/p>\n<p>Un aspecto interesante del encuentro fue que los asistentes resolvieron invitar a otras instituciones, en respuesta a la solicitud de participaci\u00f3n, con previa inscripci\u00f3n en el Registro Municipal de Instituciones de Bien P\u00fablico, se estima que como \u00fanico requisito.<\/p>\n<p>Cabe destacar, aunque no se comunic\u00f3 esto y lo que sigue en esta nota, que desde los funcionarios presentes, que fueron tres en lugar de uno como fija la ordenanza, se plante\u00f3 que se buscaba consenso para su proyecto, mencionando reuniones realizadas con que ya generaron con el sector educativo, t\u00e9cnicos y profesores, ambientalistas, emprendedores tur\u00edsticos y Concejo Deliberante.<\/p>\n<p>Tambi\u00e9n se abord\u00f3 el reclamo ya realizado por vecinos sobre el relleno previsto de una cava que se ha transformado en un humedal.<\/p>\n<blockquote>\n<h3>Manifestaron los representantes de Gast\u00f3n, que tienen intenciones de modificar la ordenanza que proh\u00edbe traer basura de otras localidades. Vinculado a esto plantearon que la \u00fanica forma de garantizar la sustentabilidad en el tiempo del \u201cPolo\u201d es la regionalizaci\u00f3n, asegurando que el financiamiento viene solo si es zonal, algo que seguro desde otros espacios pol\u00edticos se tendr\u00e1 que confirmar.<\/h3>\n<\/blockquote>\n<p>Se\u00f1alaron adem\u00e1s que hasta el momento no hay ning\u00fan proyecto alternativo, dando por sentado que lo piensan ejecutar de cualquier manera, dado que si algo no se hace no tiene porque existir una cosa alternativa.<\/p>\n<p>Siguiendo ese planteo resaltaron que esperaban que sea una pol\u00edtica de estado y que todos voten a favor.<\/p>\n<p>Un aspecto que sorprendi\u00f3 a los presentes fue que informaron que no hay un proyecto y que el mismo se va a conocer cuando se licite.<\/p>\n<blockquote>\n<h2>Finalmente comunicaron que tienen la prefactibilidad para hacer las instalaciones en el basurero actual y que la planta ser\u00e1 para 80\/120 toneladas diarias, a diferencia del Viceministro de Ambiente de la Naci\u00f3n, Sergio Federovisky, que en el Teatro Brazzola asegur\u00f3 que ser\u00eda de para 400\/500 toneladas diarias, otro tema que sin duda la comunidad y la oposici\u00f3n pol\u00edtica deber\u00e1 conocer claramente, ya que m\u00f3s cantidad significa m\u00e1s ciudades que traer\u00e1n los residuos.<br \/>\nLas reuniones, que deber\u00e1n ser engrosadas con la participaci\u00f3n de otras entidades porque las dos presentes no podr\u00e1n ser representativas del com\u00fan de la poblaci\u00f3n, tendr\u00e1n una frecuencia mensual con una duraci\u00f3n de dos horas.<\/h2>\n<\/blockquote>\n<p>Para el pr\u00f3ximo encuentro, se determin\u00f3 elaborar normativas que reflejen todo lo conversado y analizar propuestas para la erradicaci\u00f3n o el cambio de modalidad de entrega de bolsas en los comercios.<\/p>\n<p>Del encuentro virtual participaron los secretarios de Gobierno, <strong>Cipriano P\u00e9rez del Cerro<\/strong>, y de Planificaci\u00f3n y Turismo, <strong>Leandro Otondo<\/strong>; el director de Ambiente y Desarrollo Sustentable, <strong>Ricardo Miccino<\/strong>; los representantes de los diferentes bloques pol\u00edticos del Honorable Concejo Deliberant<strong>e (Mariela Alfons\u00edn UCR, Augusto Villa PRO, Fernanda Coronel Frente de Todos\/UxCh y Mar\u00eda Eugenia Ludue\u00f1a Frente de Todos\/PJ\/UC)<\/strong>, <strong>Facundo Campos<\/strong> representante de Econciencia y <strong>Mariana Murias<\/strong> por el Taller Protegido Pedro Etcheverr\u00eda.<\/p>\n<p><strong>Comisi\u00f3n de Medio Ambiente y Ecolog\u00eda<\/strong><\/p>\n<p>Cabe destacar que el Intendente convoc\u00f3 al Foro Municipal de Medio Ambiente dado que, aunque no se reun\u00eda, hab\u00eda sido creado por la ordenanza la Ordenanza 4526 y ahora deber\u00e1 hacer lo mismo con la Comisi\u00f3n de Medio Ambiente y Ecolog\u00eda, que tampoco se re\u00fane, pero cuya ordenanza de creaci\u00f3n 2254 no ha sido derogada.<\/p>\n<p>Por otra parte es una norma m\u00e1s abierta ya que permite la participaci\u00f3n de vecinos interesados aparte de instituciones. Concretamente, por ejemplo, se debe dar sus propias autoridades y tiene que ser integrada por entidades, profesionales y t\u00e9cnicos relacionados con la tem\u00e1tica, a los que se pueden sumar vecinos interesados en la cuesti\u00f3n.<\/p>\n<p>Esta comisi\u00f3n, para la que se deber\u00eda abrir inscripci\u00f3n, fue creada en el a\u00f1o 1991 para elaborar un informe un diagn\u00f3stico para el Partido de Chascom\u00fas, que desconocemos si se realiz\u00f3, pero que ten\u00eda garantizada su continuidad a trav\u00e9s de un Consejo Permanente establecido en el art\u00edculo 5\u00ba.<\/p>\n<p>publicado en elfuertediario.com.ar<\/p>\n","protected":false},"excerpt":{"rendered":"<div class=\"mh-excerpt\"><p>Al respecto se inform\u00f3 oficialmente que en la misma se establecieron los lineamientos de trabajo para construir un espacio que facilite el di\u00e1logo y el consenso en diversos temas relacionados a la preservaci\u00f3n del ambiente <a class=\"mh-excerpt-more\" href=\"https:\/\/larevistadigital.com.ar\/blog\/se-reunio-finalmente-la-comision-del-foro-municipal-de-medioambiente\/\" title=\"SE REUNI\u00d3 FINALMENTE LA COMISI\u00d3N DEL FORO MUNICIPAL DE MEDIOAMBIENTE\">[Leer M\u00e1s]<\/a><\/p>\n<\/div>","protected":false},"author":3,"featured_media":16662,"comment_status":"open","ping_status":"open","sticky":false,"template":"","format":"standard","meta":{"_jetpack_memberships_contains_paid_content":false,"footnotes":"","jetpack_publicize_message":"","jetpack_publicize_feature_enabled":true,"jetpack_social_post_already_shared":true,"jetpack_social_options":{"image_generator_settings":{"template":"highway","default_image_id":0,"font":"","enabled":false},"version":2}},"categories":[6],"tags":[],"class_list":{"0":"post-16661","1":"post","2":"type-post","3":"status-publish","4":"format-standard","5":"has-post-thumbnail","7":"category-chascomus"},"jetpack_publicize_connections":[],"jetpack_featured_media_url":"https:\/\/i0.wp.com\/larevistadigital.com.ar\/blog\/wp-content\/uploads\/foro_elfuerte-30deseptiembre.jpg?fit=737%2C415&ssl=1","jetpack_sharing_enabled":true,"jetpack_shortlink":"https:\/\/wp.me\/p8qtrQ-4kJ","jetpack-related-posts":[{"id":7913,"url":"https:\/\/larevistadigital.com.ar\/blog\/chascomus-el-intendente-gaston-mantuvo-un-encuentro-con-la-nueva-comision-directiva-de-pesca-y-nautica\/","url_meta":{"origin":16661,"position":0},"title":"CHASCOM\u00daS: EL INTENDENTE GAST\u00d3N MANTUVO UN ENCUENTRO CON LA NUEVA COMISI\u00d3N DIRECTIVA DE PESCA Y N\u00c1UTICA","author":"Alejandro Sosa Ruda","date":"23 enero, 2019","format":false,"excerpt":"El \u00faltimo fin de semana, Javier Gast\u00f3n se acerc\u00f3 a las instalaciones de la Asociaci\u00f3n Pesca y N\u00e1utica para mantener una reuni\u00f3n con los miembros de la nueva comisi\u00f3n directiva, donde abordaron, entre otras cosas, sobre la participaci\u00f3n de la instituci\u00f3n en el Carnaval Infantil. All\u00ed, acompa\u00f1ado por la directora\u2026","rel":"","context":"En \u00abCHASCOM\u00daS\u00bb","block_context":{"text":"CHASCOM\u00daS","link":"https:\/\/larevistadigital.com.ar\/blog\/category\/chascomus\/"},"img":{"alt_text":"","src":"https:\/\/i0.wp.com\/larevistadigital.com.ar\/blog\/wp-content\/uploads\/2019\/01\/50648344_2252827864738086_2068394269080551424_n.jpg?fit=887%2C579&ssl=1&resize=350%2C200","width":350,"height":200,"srcset":"https:\/\/i0.wp.com\/larevistadigital.com.ar\/blog\/wp-content\/uploads\/2019\/01\/50648344_2252827864738086_2068394269080551424_n.jpg?fit=887%2C579&ssl=1&resize=350%2C200 1x, https:\/\/i0.wp.com\/larevistadigital.com.ar\/blog\/wp-content\/uploads\/2019\/01\/50648344_2252827864738086_2068394269080551424_n.jpg?fit=887%2C579&ssl=1&resize=525%2C300 1.5x, https:\/\/i0.wp.com\/larevistadigital.com.ar\/blog\/wp-content\/uploads\/2019\/01\/50648344_2252827864738086_2068394269080551424_n.jpg?fit=887%2C579&ssl=1&resize=700%2C400 2x"},"classes":[]},{"id":35630,"url":"https:\/\/larevistadigital.com.ar\/blog\/presentacion-del-programa-de-salud-bucal-municipal-en-la-primera-infancia\/","url_meta":{"origin":16661,"position":1},"title":"PRESENTACI\u00d3N DEL PROGRAMA DE SALUD BUCAL MUNICIPAL EN LA PRIMERA INFANCIA","author":"Alejandro Sosa Ruda","date":"19 marzo, 2024","format":false,"excerpt":"La propuesta est\u00e1 orientada a la prevenci\u00f3n y el cuidado de la salud bucal de los ni\u00f1os y las ni\u00f1as de Chascom\u00fas desde su nacimiento hasta los tres a\u00f1os de edad. 19 de marzo de 2024 CHASCOM\u00daS -\u00a0 \u00a0El pr\u00f3ximo viernes a las 8:30 horasse llevar\u00e1 a cabo la presentaci\u00f3n\u2026","rel":"","context":"En \u00abCHASCOM\u00daS\u00bb","block_context":{"text":"CHASCOM\u00daS","link":"https:\/\/larevistadigital.com.ar\/blog\/category\/chascomus\/"},"img":{"alt_text":"","src":"https:\/\/i0.wp.com\/larevistadigital.com.ar\/blog\/wp-content\/uploads\/2024_03_20_01_24_25_2283393.jpg?fit=600%2C400&ssl=1&resize=350%2C200","width":350,"height":200,"srcset":"https:\/\/i0.wp.com\/larevistadigital.com.ar\/blog\/wp-content\/uploads\/2024_03_20_01_24_25_2283393.jpg?fit=600%2C400&ssl=1&resize=350%2C200 1x, https:\/\/i0.wp.com\/larevistadigital.com.ar\/blog\/wp-content\/uploads\/2024_03_20_01_24_25_2283393.jpg?fit=600%2C400&ssl=1&resize=525%2C300 1.5x"},"classes":[]},{"id":37009,"url":"https:\/\/larevistadigital.com.ar\/blog\/chascomus-se-reunio-la-comision-de-lucha-contra-las-plagas\/","url_meta":{"origin":16661,"position":2},"title":"SE REUNI\u00d3 LA COMISI\u00d3N DE LUCHA CONTRA LAS PLAGAS","author":"Alejandro Sosa Ruda","date":"20 agosto, 2024","format":false,"excerpt":"Este martes, la Comisi\u00f3n Municipal de Lucha contra las Plagas llev\u00f3 a cabo una reuni\u00f3n en la Direcci\u00f3n de Desarrollo Productivo municipal, destinada a avanzar en el control de la acacia negra y establecer un plan de mapeo 19 de Agosto de 2024 CHASCO M\u00daS - Participaron el secretario de\u2026","rel":"","context":"En \u00abCHASCOM\u00daS\u00bb","block_context":{"text":"CHASCOM\u00daS","link":"https:\/\/larevistadigital.com.ar\/blog\/category\/chascomus\/"},"img":{"alt_text":"","src":"https:\/\/i0.wp.com\/larevistadigital.com.ar\/blog\/wp-content\/uploads\/66c4d73f8bd3d.png?fit=668%2C445&ssl=1&resize=350%2C200","width":350,"height":200,"srcset":"https:\/\/i0.wp.com\/larevistadigital.com.ar\/blog\/wp-content\/uploads\/66c4d73f8bd3d.png?fit=668%2C445&ssl=1&resize=350%2C200 1x, https:\/\/i0.wp.com\/larevistadigital.com.ar\/blog\/wp-content\/uploads\/66c4d73f8bd3d.png?fit=668%2C445&ssl=1&resize=525%2C300 1.5x"},"classes":[]},{"id":9608,"url":"https:\/\/larevistadigital.com.ar\/blog\/ranchos-el-intendente-alvarez-participo-de-la-inauguracion-del-encuentro-provincial-de-newcom\/","url_meta":{"origin":16661,"position":3},"title":"RANCHOS: EL INTENDENTE ALVAREZ PARTICIPO DE LA INAUGURACI\u00d3N DEL ENCUENTRO PROVINCIAL DE NEWCOM.","author":"Alejandro Sosa Ruda","date":"8 abril, 2019","format":false,"excerpt":"El Gimnasio Mayor del Centro de Educaci\u00f3n F\u00edsica de Ranchos, fue escenario de la primera fecha del Campeonato Provincial de Newcom, perteneciente a la Liga Provincial de Bonaerense. El encuentro deportivo, reservado para jugadores mayores de 60 a\u00f1os, se desarroll\u00f3 en el transcurso de los d\u00edas s\u00e1bado y domingo del\u2026","rel":"","context":"En \u00abPOLITICA\u00bb","block_context":{"text":"POLITICA","link":"https:\/\/larevistadigital.com.ar\/blog\/category\/politica\/"},"img":{"alt_text":"","src":"https:\/\/i0.wp.com\/larevistadigital.com.ar\/blog\/wp-content\/uploads\/2019\/04\/56800806_2139077759665168_4103961248419282944_n.jpg?fit=666%2C960&ssl=1&resize=350%2C200","width":350,"height":200,"srcset":"https:\/\/i0.wp.com\/larevistadigital.com.ar\/blog\/wp-content\/uploads\/2019\/04\/56800806_2139077759665168_4103961248419282944_n.jpg?fit=666%2C960&ssl=1&resize=350%2C200 1x, https:\/\/i0.wp.com\/larevistadigital.com.ar\/blog\/wp-content\/uploads\/2019\/04\/56800806_2139077759665168_4103961248419282944_n.jpg?fit=666%2C960&ssl=1&resize=525%2C300 1.5x"},"classes":[]},{"id":22405,"url":"https:\/\/larevistadigital.com.ar\/blog\/guillermo-nunez-dijo-que-trabajan-en-brindar-nuevas-capacitaciones\/","url_meta":{"origin":16661,"position":4},"title":"GUILLERMO NU\u00d1EZ DIJO QUE TRABAJAN EN BRINDAR NUEVAS CAPACITACIONES","author":"Alejandro Sosa Ruda","date":"18 octubre, 2021","format":false,"excerpt":"CHASCOM\u00daS - El nuevo presidente de la C\u00e1mara de Comercio, Industria, Producci\u00f3n y Servicios de Chascom\u00fas, Guillermo N\u00fa\u00f1ez, fue entrevistado en el programa \u201cAM Show\u201d que conduce Alberto Morel. En primer t\u00e9rmino, se\u00f1al\u00f3 que est\u00e1n llevando adelante actividades con diversas instituciones y a su vez est\u00e1n trabajando en lo que\u2026","rel":"","context":"En \u00abINTERES GENERAL\u00bb","block_context":{"text":"INTERES GENERAL","link":"https:\/\/larevistadigital.com.ar\/blog\/category\/interes-general\/"},"img":{"alt_text":"","src":"https:\/\/i0.wp.com\/larevistadigital.com.ar\/blog\/wp-content\/uploads\/Captura-de-pantalla-2021-10-18-083628.jpg?fit=933%2C788&ssl=1&resize=350%2C200","width":350,"height":200,"srcset":"https:\/\/i0.wp.com\/larevistadigital.com.ar\/blog\/wp-content\/uploads\/Captura-de-pantalla-2021-10-18-083628.jpg?fit=933%2C788&ssl=1&resize=350%2C200 1x, https:\/\/i0.wp.com\/larevistadigital.com.ar\/blog\/wp-content\/uploads\/Captura-de-pantalla-2021-10-18-083628.jpg?fit=933%2C788&ssl=1&resize=525%2C300 1.5x, https:\/\/i0.wp.com\/larevistadigital.com.ar\/blog\/wp-content\/uploads\/Captura-de-pantalla-2021-10-18-083628.jpg?fit=933%2C788&ssl=1&resize=700%2C400 2x"},"classes":[]},{"id":1060,"url":"https:\/\/larevistadigital.com.ar\/blog\/1060-2\/","url_meta":{"origin":16661,"position":5},"title":"Arnaldo Harispe, mantuvo una reuni\u00f3n con autoridades de los tres organismos de Educaci\u00f3n del distrito","author":"editor","date":"12 marzo, 2017","format":false,"excerpt":"El Intendente Municipal de Lezama, Arnaldo Harispe, mantuvo una reuni\u00f3n con autoridades de los tres organismos de Educaci\u00f3n del distrito, o sea, Jefatura Distrital, Consejo Escolar y Secretar\u00eda de Asuntos Docentes, a la que adem\u00e1s se sumaron directores y equipos de conducci\u00f3n de los establecimientos educativos. El Jefe\u00a0Comunal lezamense solicit\u00f3\u2026","rel":"","context":"En \u00abLEZAMA\u00bb","block_context":{"text":"LEZAMA","link":"https:\/\/larevistadigital.com.ar\/blog\/category\/lezama\/"},"img":{"alt_text":"","src":"https:\/\/i0.wp.com\/larevistadigital.com.ar\/blog\/wp-content\/uploads\/2017\/03\/arnaldo-harispe.jpg?fit=1011%2C534&ssl=1&resize=350%2C200","width":350,"height":200,"srcset":"https:\/\/i0.wp.com\/larevistadigital.com.ar\/blog\/wp-content\/uploads\/2017\/03\/arnaldo-harispe.jpg?fit=1011%2C534&ssl=1&resize=350%2C200 1x, https:\/\/i0.wp.com\/larevistadigital.com.ar\/blog\/wp-content\/uploads\/2017\/03\/arnaldo-harispe.jpg?fit=1011%2C534&ssl=1&resize=525%2C300 1.5x, https:\/\/i0.wp.com\/larevistadigital.com.ar\/blog\/wp-content\/uploads\/2017\/03\/arnaldo-harispe.jpg?fit=1011%2C534&ssl=1&resize=700%2C400 2x"},"classes":[]}],"_links":{"self":[{"href":"https:\/\/larevistadigital.com.ar\/blog\/wp-json\/wp\/v2\/posts\/16661","targetHints":{"allow":["GET"]}}],"collection":[{"href":"https:\/\/larevistadigital.com.ar\/blog\/wp-json\/wp\/v2\/posts"}],"about":[{"href":"https:\/\/larevistadigital.com.ar\/blog\/wp-json\/wp\/v2\/types\/post"}],"author":[{"embeddable":true,"href":"https:\/\/larevistadigital.com.ar\/blog\/wp-json\/wp\/v2\/users\/3"}],"replies":[{"embeddable":true,"href":"https:\/\/larevistadigital.com.ar\/blog\/wp-json\/wp\/v2\/comments?post=16661"}],"version-history":[{"count":1,"href":"https:\/\/larevistadigital.com.ar\/blog\/wp-json\/wp\/v2\/posts\/16661\/revisions"}],"predecessor-version":[{"id":16663,"href":"https:\/\/larevistadigital.com.ar\/blog\/wp-json\/wp\/v2\/posts\/16661\/revisions\/16663"}],"wp:featuredmedia":[{"embeddable":true,"href":"https:\/\/larevistadigital.com.ar\/blog\/wp-json\/wp\/v2\/media\/16662"}],"wp:attachment":[{"href":"https:\/\/larevistadigital.com.ar\/blog\/wp-json\/wp\/v2\/media?parent=16661"}],"wp:term":[{"taxonomy":"category","embeddable":true,"href":"https:\/\/larevistadigital.com.ar\/blog\/wp-json\/wp\/v2\/categories?post=16661"},{"taxonomy":"post_tag","embeddable":true,"href":"https:\/\/larevistadigital.com.ar\/blog\/wp-json\/wp\/v2\/tags?post=16661"}],"curies":[{"name":"wp","href":"https:\/\/api.w.org\/{rel}","templated":true}]}}