{"id":167,"date":"2017-02-12T01:57:06","date_gmt":"2017-02-12T01:57:06","guid":{"rendered":"https:\/\/larevistadigital.com.ar\/blog\/?p=167"},"modified":"2017-02-12T01:57:06","modified_gmt":"2017-02-12T01:57:06","slug":"datos-curiosos-del-super-bowl-2017","status":"publish","type":"post","link":"https:\/\/larevistadigital.com.ar\/blog\/datos-curiosos-del-super-bowl-2017\/","title":{"rendered":"Datos curiosos del Super Bowl 2017"},"content":{"rendered":"<div class=\"intro content-offset\">\n<p>Para este juego de 2017 los Patriots parten como favoritos por tres puntos en las apuestas, enfrentan a los Falcons, equipo que buscan su primera corona.<\/p>\n<\/div>\n<div>\n<div class=\"wysiwyg\">\n<p>El mayor espect\u00e1culo deportivo del a\u00f1o en Estados Unidos, el Super Bowl, tiene ya listos a los Patriots de Nueva Inglaterra y a los Falcons de Atlanta para decidir al nuevo campe\u00f3n de la Liga Nacional de F\u00fatbol Americano (NFL), sin que haya un claro favorito en las apuestas.<\/p>\n<p>Los Patriots, actuales campeones de la Conferencia Americana (AFC), van a disputar su noveno Super Bowl y buscan el quinto t\u00edtulo de campeones.<\/p>\n<p>Este equipo tiene al frente la combinaci\u00f3n ganadora y legendaria del entrenador en jefe Bill Belichick y el mariscal de campo Tom Brady.<\/p>\n<p><img data-recalc-dims=\"1\" decoding=\"async\" class=\" enhanced\" src=\"https:\/\/i0.wp.com\/gdb.voanews.com\/8104E114-7714-40C4-BF52-5908D67785B4_w650_r1_s.jpg?ssl=1\" alt=\"Mariscal de campo de Los Patriots, Tom Brady.\" \/><\/p>\n<p class=\"caption\">Mariscal de campo de Los Patriots, Tom Brady.<\/p>\n<p>Los Falcons se presentan como campeones de la Conferencia Nacional (NFC), pero s\u00f3lo por segunda vez en su historia, est\u00e1n en la b\u00fasqueda del primer t\u00edtulo que puede darle una ofensiva arrolladora con el mariscal de campo Matt Ryan.<\/p>\n<p>Ryan es el m\u00e1ximo aspirante al premio de Jugador M\u00e1s Valioso (MVP) de la NFL, adem\u00e1s del receptor abierto Julio Jones, quien est\u00e1 completamente recuperado para el juego de hoy.<\/p>\n<p><strong>Estos son otros datos del Super Bowl.<\/strong><\/p>\n<p>1.1 millones de d\u00f3lares, la apuesta m\u00e1s alta registrada en Las Vegas a favor de los Falcons. 1.97 millones de seguidores en Twitter son los que tiene Rob Gronkowski, m\u00e1s que ning\u00fan otro jugador en el duelo.<\/p>\n<p>Dos han sido las veces que se han jugado un Super Bowl en Houston antes. Tres son los puntos por los que son favoritos los Patriots en las casas de apuestas.<\/p>\n<p><img data-recalc-dims=\"1\" decoding=\"async\" class=\" enhanced\" src=\"https:\/\/i0.wp.com\/gdb.voanews.com\/1B15E198-68C6-4041-B5B1-8DD885CF16D0_w650_r1_s.jpg?ssl=1\" alt=\"El partido ser\u00e1 este domingo 5 de febrero, inicia en Estados Unidos a las 3:30 pm hora Pac\u00edfico y 6:30 pm hora del Este. En los Estados Unidos ser\u00e1 trasmitido por la cadena FOX.\" \/><\/p>\n<p class=\"caption\">El partido ser\u00e1 este domingo 5 de febrero, inicia en Estados Unidos a las 3:30 pm hora Pac\u00edfico y 6:30 pm hora del Este. En los Estados Unidos ser\u00e1 trasmitido por la cadena FOX.<\/p>\n<p>Cuatro los Super Bowls que han ganado los Patriots. Falcons va por el primero. 5 millones de d\u00f3lares el costo promedio por un comercial de 30 segundos durante el evento.<\/p>\n<p>Seis Super Bowls a los que ha ido Tom Brady antes, m\u00e1s que todo el equipo completo de los Falcons (5). 13 Los minutos que durar\u00e1 el espect\u00e1culo de medio tiempo, encabezado por Lady Gaga.<\/p>\n<p>35 mil toneladas de aguacate se consumir\u00e1n durante el partido. 2004 a\u00f1o en que los Patriots ganaron el Super Bowl en Houston.<\/p>\n<\/div>\n<\/div>\n","protected":false},"excerpt":{"rendered":"<div class=\"mh-excerpt\"><p>Para este juego de 2017 los Patriots parten como favoritos por tres puntos en las apuestas, enfrentan a los Falcons, equipo que buscan su primera corona. El mayor espect\u00e1culo deportivo del a\u00f1o en Estados Unidos, <a class=\"mh-excerpt-more\" href=\"https:\/\/larevistadigital.com.ar\/blog\/datos-curiosos-del-super-bowl-2017\/\" title=\"Datos curiosos del Super Bowl 2017\">[Leer M\u00e1s]<\/a><\/p>\n<\/div>","protected":false},"author":2,"featured_media":168,"comment_status":"open","ping_status":"open","sticky":false,"template":"","format":"standard","meta":{"_jetpack_memberships_contains_paid_content":false,"footnotes":"","jetpack_publicize_message":"","jetpack_publicize_feature_enabled":true,"jetpack_social_post_already_shared":false,"jetpack_social_options":{"image_generator_settings":{"template":"highway","default_image_id":0,"font":"","enabled":false},"version":2}},"categories":[11],"tags":[],"class_list":{"0":"post-167","1":"post","2":"type-post","3":"status-publish","4":"format-standard","5":"has-post-thumbnail","7":"category-curiosas"},"jetpack_publicize_connections":[],"jetpack_featured_media_url":"https:\/\/i0.wp.com\/larevistadigital.com.ar\/blog\/wp-content\/uploads\/2017\/02\/SB1253231.jpg?fit=1023%2C575&ssl=1","jetpack_sharing_enabled":true,"jetpack_shortlink":"https:\/\/wp.me\/p8qtrQ-2H","jetpack-related-posts":[{"id":24104,"url":"https:\/\/larevistadigital.com.ar\/blog\/emocion-mundial-el-reencuentro-de-bilardo-con-los-campeones-mundiales-de-1986\/","url_meta":{"origin":167,"position":0},"title":"EMOCI\u00d3N MUNDIAL: EL REENCUENTRO DE BILARDO CON LOS CAMPEONES MUNDIALES DE 1986","author":"Alejandro Sosa Ruda","date":"18 febrero, 2022","format":false,"excerpt":"El Doctor volvi\u00f3 a aparecer en una imagen compartida en las redes, ahora posando con su\u00a0Licencia Honor\u00edfica de Entrenador de Conmebol. \u201c\u00a1Enorme alegr\u00eda haberle entregado la Licencia Honor\u00edfica de Entrenador de Conmebol a mi querido amigo, el doctor Carlos Bilardo! Uno de los muchos reconocimientos que se merece este inigualable\u2026","rel":"","context":"En \u00abINTERES GENERAL\u00bb","block_context":{"text":"INTERES GENERAL","link":"https:\/\/larevistadigital.com.ar\/blog\/category\/interes-general\/"},"img":{"alt_text":"","src":"https:\/\/i0.wp.com\/larevistadigital.com.ar\/blog\/wp-content\/uploads\/PRSK3YPWA5EPTAYDTCEWIKEMHE.jpg?fit=767%2C430&ssl=1&resize=350%2C200","width":350,"height":200,"srcset":"https:\/\/i0.wp.com\/larevistadigital.com.ar\/blog\/wp-content\/uploads\/PRSK3YPWA5EPTAYDTCEWIKEMHE.jpg?fit=767%2C430&ssl=1&resize=350%2C200 1x, https:\/\/i0.wp.com\/larevistadigital.com.ar\/blog\/wp-content\/uploads\/PRSK3YPWA5EPTAYDTCEWIKEMHE.jpg?fit=767%2C430&ssl=1&resize=525%2C300 1.5x, https:\/\/i0.wp.com\/larevistadigital.com.ar\/blog\/wp-content\/uploads\/PRSK3YPWA5EPTAYDTCEWIKEMHE.jpg?fit=767%2C430&ssl=1&resize=700%2C400 2x"},"classes":[]},{"id":23835,"url":"https:\/\/larevistadigital.com.ar\/blog\/balcarce-se-inauguro-la-fiesta-nacional-del-automovilismo-tras-un-ano-de-suspension\/","url_meta":{"origin":167,"position":1},"title":"BALCARCE: SE INAUGUR\u00d3 LA FIESTA NACIONAL DEL AUTOMOVILISMO, TRAS UN A\u00d1O DE SUSPENSI\u00d3N","author":"Alejandro Sosa Ruda","date":"5 febrero, 2022","format":false,"excerpt":"El intendente de Balcarce, Esteban Reino, dio inicio a la vig\u00e9simo novena edici\u00f3n de la Fiesta Nacional del Automovilismo. \u201cLes quiero decir a los balcarce\u00f1os y a quienes nos visitan que tengan plena seguridad que viviremos una de las mejores fiestas nacionales del pa\u00eds. Es un evento que crece en\u2026","rel":"","context":"En \u00abREGIONALES\u00bb","block_context":{"text":"REGIONALES","link":"https:\/\/larevistadigital.com.ar\/blog\/category\/regionales\/"},"img":{"alt_text":"","src":"https:\/\/i0.wp.com\/larevistadigital.com.ar\/blog\/wp-content\/uploads\/20220204143439_29.jpg?fit=880%2C512&ssl=1&resize=350%2C200","width":350,"height":200,"srcset":"https:\/\/i0.wp.com\/larevistadigital.com.ar\/blog\/wp-content\/uploads\/20220204143439_29.jpg?fit=880%2C512&ssl=1&resize=350%2C200 1x, https:\/\/i0.wp.com\/larevistadigital.com.ar\/blog\/wp-content\/uploads\/20220204143439_29.jpg?fit=880%2C512&ssl=1&resize=525%2C300 1.5x, https:\/\/i0.wp.com\/larevistadigital.com.ar\/blog\/wp-content\/uploads\/20220204143439_29.jpg?fit=880%2C512&ssl=1&resize=700%2C400 2x"},"classes":[]},{"id":18124,"url":"https:\/\/larevistadigital.com.ar\/blog\/escandalo-en-barcelona-koeman-no-le-dara-mas-oportunidades-a-un-resfuerzo\/","url_meta":{"origin":167,"position":2},"title":"ESC\u00c1NDALO EN BARCELONA: KOEMAN NO LE DAR\u00c1 M\u00c1S OPORTUNIDADES A UN RESFUERZO","author":"Alejandro Sosa Ruda","date":"14 diciembre, 2020","format":false,"excerpt":"BARCELONA - Ronald Koeman\u00a0desde que asumi\u00f3 su rol como entrenador de\u00a0Barcelona\u00a0en reemplazo de\u00a0Quique Seti\u00e9n\u00a0tras la goleada sufrida ante\u00a0Bayern Munich, debi\u00f3 tomar decisiones importantes para rejuvenecer un plantel que ten\u00eda mil batallas. Desde que arrib\u00f3 el holand\u00e9s,\u00a0Ivan\u00a0Rakitic\u00a0se fue a\u00a0Sevilla,\u00a0Nelson Semedo\u00a0a los\u00a0Wolves,\u00a0Arthur Melo\u00a0a\u00a0Juventus,\u00a0Luis Su\u00e1rez\u00a0a\u00a0Atl\u00e9tico de Madrid,\u00a0Arturo Vidal\u00a0a\u00a0Inter,\u00a0Rafinha\u00a0a\u00a0Par\u00eds Saint Germain\u00a0y\u00a0Jean-Clair Todibo\u00a0a\u00a0Benfica, entre otros.\u2026","rel":"","context":"En \u00abDEPORTES\u00bb","block_context":{"text":"DEPORTES","link":"https:\/\/larevistadigital.com.ar\/blog\/category\/deportes\/"},"img":{"alt_text":"","src":"","width":0,"height":0},"classes":[]},{"id":39641,"url":"https:\/\/larevistadigital.com.ar\/blog\/39641-2\/","url_meta":{"origin":167,"position":3},"title":"Chascomunenses viajan al Panamericano de Taekwondo","author":"Alejandro Sosa Ruda","date":"5 mayo, 2025","format":false,"excerpt":"La competencia de nivel internacional se realizar\u00e1 en Chile bajo la organizaci\u00f3n de la ITF. 05 de Mayo de 2025 CHASCOM\u00daS -\u00a0 Entre el 6 y el 10 de mayo tendr\u00e1 lugar en el Polideportivo del Estadio Nacional de Santiago de Chile, el XVI Campeonato Panamericano de Taekwondo ITF. Hasta\u2026","rel":"","context":"En \u00abCHASCOM\u00daS\u00bb","block_context":{"text":"CHASCOM\u00daS","link":"https:\/\/larevistadigital.com.ar\/blog\/category\/chascomus\/"},"img":{"alt_text":"","src":"https:\/\/i0.wp.com\/larevistadigital.com.ar\/blog\/wp-content\/uploads\/6818fab9997cb.png?fit=668%2C445&ssl=1&resize=350%2C200","width":350,"height":200,"srcset":"https:\/\/i0.wp.com\/larevistadigital.com.ar\/blog\/wp-content\/uploads\/6818fab9997cb.png?fit=668%2C445&ssl=1&resize=350%2C200 1x, https:\/\/i0.wp.com\/larevistadigital.com.ar\/blog\/wp-content\/uploads\/6818fab9997cb.png?fit=668%2C445&ssl=1&resize=525%2C300 1.5x"},"classes":[]},{"id":30484,"url":"https:\/\/larevistadigital.com.ar\/blog\/el-bayern-munich-dejo-afuera-de-la-champions-al-psg-de-messi-y-mbappe\/","url_meta":{"origin":167,"position":4},"title":"EL BAYERN MUNICH DEJ\u00d3 AFUERA DE LA CHAMPIONS AL PSG DE MESSI Y MBAPPE","author":"Alejandro Sosa Ruda","date":"8 marzo, 2023","format":false,"excerpt":"Se jug\u00f3 en Alemania, y el resultado fue 2 a 0. De esta manera redonde\u00f3 un 3 a 0 en el global de la serie. El equipo franc\u00e9s fue totalmente dominado. Milan elimin\u00f3 al Tottenham en la otra serie. 8 de marzo de 2023 MUNICH -\u00a0 Bayern Munich elimin\u00f3 este\u2026","rel":"","context":"En \u00abDEPORTES\u00bb","block_context":{"text":"DEPORTES","link":"https:\/\/larevistadigital.com.ar\/blog\/category\/deportes\/"},"img":{"alt_text":"","src":"https:\/\/i0.wp.com\/larevistadigital.com.ar\/blog\/wp-content\/uploads\/PSG-BAYERN.png?fit=805%2C508&ssl=1&resize=350%2C200","width":350,"height":200,"srcset":"https:\/\/i0.wp.com\/larevistadigital.com.ar\/blog\/wp-content\/uploads\/PSG-BAYERN.png?fit=805%2C508&ssl=1&resize=350%2C200 1x, https:\/\/i0.wp.com\/larevistadigital.com.ar\/blog\/wp-content\/uploads\/PSG-BAYERN.png?fit=805%2C508&ssl=1&resize=525%2C300 1.5x, https:\/\/i0.wp.com\/larevistadigital.com.ar\/blog\/wp-content\/uploads\/PSG-BAYERN.png?fit=805%2C508&ssl=1&resize=700%2C400 2x"},"classes":[]},{"id":5380,"url":"https:\/\/larevistadigital.com.ar\/blog\/ya-esta-en-marcha-el-torneo-nacional-de-boxeo-de-ambapa-rumbo-a-mexico-2018\/","url_meta":{"origin":167,"position":5},"title":"Ya est\u00e1 en marcha el Torneo Nacional de Boxeo de AMBAPA \u201cRumbo a M\u00e9xico 2018\u201d","author":"admin","date":"3 febrero, 2018","format":false,"excerpt":"Por\u00a0Laura Risso\u00a0- Esta ma\u00f1ana en el Centro Recreativo Municipal \u201cN\u00e9stor C. Kirchner\u201d de nuestra ciudad se dio inicio al Torneo Nacional de Boxeo \u201cRumbo a M\u00e9xico 2018\u201d que es organizado por AMBAPA, la Asociaci\u00f3n de Managers y Boxeadores Argentinos Profesionales y Amateurs y coordinado por la gente del gimnasio florense\u2026","rel":"","context":"En \u00abDEPORTES\u00bb","block_context":{"text":"DEPORTES","link":"https:\/\/larevistadigital.com.ar\/blog\/category\/deportes\/"},"img":{"alt_text":"","src":"https:\/\/i0.wp.com\/larevistadigital.com.ar\/blog\/wp-content\/uploads\/2018\/04\/29993786_10216127519807157_1079042006_o-696x522.jpg?fit=696%2C522&ssl=1&resize=350%2C200","width":350,"height":200,"srcset":"https:\/\/i0.wp.com\/larevistadigital.com.ar\/blog\/wp-content\/uploads\/2018\/04\/29993786_10216127519807157_1079042006_o-696x522.jpg?fit=696%2C522&ssl=1&resize=350%2C200 1x, https:\/\/i0.wp.com\/larevistadigital.com.ar\/blog\/wp-content\/uploads\/2018\/04\/29993786_10216127519807157_1079042006_o-696x522.jpg?fit=696%2C522&ssl=1&resize=525%2C300 1.5x"},"classes":[]}],"_links":{"self":[{"href":"https:\/\/larevistadigital.com.ar\/blog\/wp-json\/wp\/v2\/posts\/167","targetHints":{"allow":["GET"]}}],"collection":[{"href":"https:\/\/larevistadigital.com.ar\/blog\/wp-json\/wp\/v2\/posts"}],"about":[{"href":"https:\/\/larevistadigital.com.ar\/blog\/wp-json\/wp\/v2\/types\/post"}],"author":[{"embeddable":true,"href":"https:\/\/larevistadigital.com.ar\/blog\/wp-json\/wp\/v2\/users\/2"}],"replies":[{"embeddable":true,"href":"https:\/\/larevistadigital.com.ar\/blog\/wp-json\/wp\/v2\/comments?post=167"}],"version-history":[{"count":1,"href":"https:\/\/larevistadigital.com.ar\/blog\/wp-json\/wp\/v2\/posts\/167\/revisions"}],"predecessor-version":[{"id":169,"href":"https:\/\/larevistadigital.com.ar\/blog\/wp-json\/wp\/v2\/posts\/167\/revisions\/169"}],"wp:featuredmedia":[{"embeddable":true,"href":"https:\/\/larevistadigital.com.ar\/blog\/wp-json\/wp\/v2\/media\/168"}],"wp:attachment":[{"href":"https:\/\/larevistadigital.com.ar\/blog\/wp-json\/wp\/v2\/media?parent=167"}],"wp:term":[{"taxonomy":"category","embeddable":true,"href":"https:\/\/larevistadigital.com.ar\/blog\/wp-json\/wp\/v2\/categories?post=167"},{"taxonomy":"post_tag","embeddable":true,"href":"https:\/\/larevistadigital.com.ar\/blog\/wp-json\/wp\/v2\/tags?post=167"}],"curies":[{"name":"wp","href":"https:\/\/api.w.org\/{rel}","templated":true}]}}