{"id":16727,"date":"2020-10-05T02:55:53","date_gmt":"2020-10-05T02:55:53","guid":{"rendered":"https:\/\/larevistadigital.com.ar\/blog\/?p=16727"},"modified":"2020-10-05T02:55:53","modified_gmt":"2020-10-05T02:55:53","slug":"la-plata-terrible-pelea-en-la-zona-roja-teermina-con-acuchillado-en-el-abdomen","status":"publish","type":"post","link":"https:\/\/larevistadigital.com.ar\/blog\/la-plata-terrible-pelea-en-la-zona-roja-teermina-con-acuchillado-en-el-abdomen\/","title":{"rendered":"LA PLATA: TERRIBLE PELEA EN LA ZONA ROJA, TEERMINA CON ACUCHILLADO EN EL ABDOMEN"},"content":{"rendered":"<h2 class=\"fparrafo ctext fz18 lh25\">La v\u00edctima, de 24 a\u00f1os, fue trasladada al hospital San Mart\u00edn mientras que los seis implicados fueron arrestados.<\/h2>\n<p class=\"selectionShareable\">Una adolescente de 17 a\u00f1os y cinco j\u00f3venes de entre 22 y 23 fueron aprehendidos en la zona roja platense acusados de golpear y apu\u00f1alar en el abdomen a un hombre, informaron hoy fuentes policiales.<\/p>\n<blockquote>\n<h3 class=\"selectionShareable\">El incidente se produjo en la Plaza Matheu, ubicada en el cruce de las avenidas 1 y 66, donde por razones que se investigan un hombre de 24 a\u00f1os se encontraba tirado en el piso y un grupo lo agred\u00eda con golpes de pu\u00f1os hasta que llegaron efectivos de la fuerza.<\/h3>\n<\/blockquote>\n<p class=\"selectionShareable\">Los numerarios rescataron al damnificado y arrestaron a los agresores, mientras que el herido fue trasladado al policl\u00ednico San Mart\u00edn por presentar dos puntazos en la parte derecha del abdomen y lesiones en el rostro, donde luego se inform\u00f3 que las heridas no eran de gravedad.<\/p>\n<blockquote>\n<h3 class=\"selectionShareable\">Los implicados fueron derivados a la comisar\u00eda Novena y con el aval de la UFI N\u00b0 16 del fiscal <strong>Juan Cruz Condom\u00ed Alcorta<\/strong> se inici\u00f3 una causa penal por \u201clesiones\u201d.<\/h3>\n<\/blockquote>\n","protected":false},"excerpt":{"rendered":"<div class=\"mh-excerpt\"><p>La v\u00edctima, de 24 a\u00f1os, fue trasladada al hospital San Mart\u00edn mientras que los seis implicados fueron arrestados. Una adolescente de 17 a\u00f1os y cinco j\u00f3venes de entre 22 y 23 fueron aprehendidos en la <a class=\"mh-excerpt-more\" href=\"https:\/\/larevistadigital.com.ar\/blog\/la-plata-terrible-pelea-en-la-zona-roja-teermina-con-acuchillado-en-el-abdomen\/\" title=\"LA PLATA: TERRIBLE PELEA EN LA ZONA ROJA, TEERMINA CON ACUCHILLADO EN EL ABDOMEN\">[Leer M\u00e1s]<\/a><\/p>\n<\/div>","protected":false},"author":3,"featured_media":16728,"comment_status":"open","ping_status":"open","sticky":false,"template":"","format":"standard","meta":{"_jetpack_memberships_contains_paid_content":false,"footnotes":"","jetpack_publicize_message":"","jetpack_publicize_feature_enabled":true,"jetpack_social_post_already_shared":true,"jetpack_social_options":{"image_generator_settings":{"template":"highway","default_image_id":0,"font":"","enabled":false},"version":2}},"categories":[44,51],"tags":[],"class_list":{"0":"post-16727","1":"post","2":"type-post","3":"status-publish","4":"format-standard","5":"has-post-thumbnail","7":"category-policiales","8":"category-regionales"},"jetpack_publicize_connections":[],"jetpack_featured_media_url":"https:\/\/i0.wp.com\/larevistadigital.com.ar\/blog\/wp-content\/uploads\/20201004121558_3.jpg?fit=880%2C586&ssl=1","jetpack_sharing_enabled":true,"jetpack_shortlink":"https:\/\/wp.me\/p8qtrQ-4lN","jetpack-related-posts":[{"id":16768,"url":"https:\/\/larevistadigital.com.ar\/blog\/mar-del-plata-apunalan-a-tres-jovenes-al-querer-entrar-a-una-fiesta-de-cumpleanos\/","url_meta":{"origin":16727,"position":0},"title":"MAR DEL PLATA: APU\u00d1ALAN A TRES J\u00d3VENES AL QUERER ENTRAR A UNA FIESTA DE CUMPLEA\u00d1OS","author":"Alejandro Sosa Ruda","date":"5 octubre, 2020","format":false,"excerpt":"Ocurri\u00f3 ayer a la madrugada en el barrio San Mart\u00edn. Las v\u00edctimas tienen 17, 18 y 19 a\u00f1os. Tres j\u00f3venes, de 17, 18 y 19 a\u00f1os, fueron apu\u00f1alados al querer ingresar a una fiesta clandestina en el barrio San Mart\u00edn donde un adolescente celebraba su cumplea\u00f1os. Cerca de las 5\u2026","rel":"","context":"En \u00abINTERES GENERAL\u00bb","block_context":{"text":"INTERES GENERAL","link":"https:\/\/larevistadigital.com.ar\/blog\/category\/interes-general\/"},"img":{"alt_text":"","src":"https:\/\/i0.wp.com\/larevistadigital.com.ar\/blog\/wp-content\/uploads\/Guardia-Higa-0311.jpg?fit=790%2C444&ssl=1&resize=350%2C200","width":350,"height":200,"srcset":"https:\/\/i0.wp.com\/larevistadigital.com.ar\/blog\/wp-content\/uploads\/Guardia-Higa-0311.jpg?fit=790%2C444&ssl=1&resize=350%2C200 1x, https:\/\/i0.wp.com\/larevistadigital.com.ar\/blog\/wp-content\/uploads\/Guardia-Higa-0311.jpg?fit=790%2C444&ssl=1&resize=525%2C300 1.5x, https:\/\/i0.wp.com\/larevistadigital.com.ar\/blog\/wp-content\/uploads\/Guardia-Higa-0311.jpg?fit=790%2C444&ssl=1&resize=700%2C400 2x"},"classes":[]},{"id":28349,"url":"https:\/\/larevistadigital.com.ar\/blog\/tandil-apunalan-a-un-hombre-y-esta-grave\/","url_meta":{"origin":16727,"position":1},"title":"TANDIL: APU\u00d1ALAN A UN HOMBRE Y EST\u00c1 GRAVE","author":"Alejandro Sosa Ruda","date":"10 octubre, 2022","format":false,"excerpt":"El hecho tuvo lugar este domingo por la noche en Godoy Cruz al 100, donde por circunstancias que a\u00fan son materia de investigaci\u00f3n, un hombre de 42 a\u00f1os result\u00f3 gravemente herido, tras recibir una pu\u00f1alada en el abdomen, y otra en la zona de los gl\u00fateos, por lo que se\u2026","rel":"","context":"En \u00abPOLICIALES\u00bb","block_context":{"text":"POLICIALES","link":"https:\/\/larevistadigital.com.ar\/blog\/category\/policiales\/"},"img":{"alt_text":"","src":"https:\/\/i0.wp.com\/larevistadigital.com.ar\/blog\/wp-content\/uploads\/2-hospital-ramon-santamarina.jpg?fit=1200%2C783&ssl=1&resize=350%2C200","width":350,"height":200,"srcset":"https:\/\/i0.wp.com\/larevistadigital.com.ar\/blog\/wp-content\/uploads\/2-hospital-ramon-santamarina.jpg?fit=1200%2C783&ssl=1&resize=350%2C200 1x, https:\/\/i0.wp.com\/larevistadigital.com.ar\/blog\/wp-content\/uploads\/2-hospital-ramon-santamarina.jpg?fit=1200%2C783&ssl=1&resize=525%2C300 1.5x, https:\/\/i0.wp.com\/larevistadigital.com.ar\/blog\/wp-content\/uploads\/2-hospital-ramon-santamarina.jpg?fit=1200%2C783&ssl=1&resize=700%2C400 2x, https:\/\/i0.wp.com\/larevistadigital.com.ar\/blog\/wp-content\/uploads\/2-hospital-ramon-santamarina.jpg?fit=1200%2C783&ssl=1&resize=1050%2C600 3x"},"classes":[]},{"id":15645,"url":"https:\/\/larevistadigital.com.ar\/blog\/la-plata-pelea-en-via-publica-hay-tres-apunalados\/","url_meta":{"origin":16727,"position":2},"title":"GORINA: PELEA EN V\u00cdA P\u00daBLICA. HAY TRES APU\u00d1ALADOS","author":"Alejandro Sosa Ruda","date":"15 junio, 2020","format":false,"excerpt":"Dos hombres de 27 y 34 a\u00f1os quedaron internados en el Hospital San Roque de Gonnet y otro de 44 en el Hospital Rossi del Barrio Hip\u00f3dromo como consecuencia de una ri\u00f1a ocurrida en las \u00faltimas horas en la localidad de Gorina. El incidente sucedi\u00f3 137 y 484 cuando por\u2026","rel":"","context":"En \u00abREGIONALES\u00bb","block_context":{"text":"REGIONALES","link":"https:\/\/larevistadigital.com.ar\/blog\/category\/regionales\/"},"img":{"alt_text":"","src":"https:\/\/i0.wp.com\/larevistadigital.com.ar\/blog\/wp-content\/uploads\/20200615133301_20190723130252_1.jpg?fit=880%2C586&ssl=1&resize=350%2C200","width":350,"height":200,"srcset":"https:\/\/i0.wp.com\/larevistadigital.com.ar\/blog\/wp-content\/uploads\/20200615133301_20190723130252_1.jpg?fit=880%2C586&ssl=1&resize=350%2C200 1x, https:\/\/i0.wp.com\/larevistadigital.com.ar\/blog\/wp-content\/uploads\/20200615133301_20190723130252_1.jpg?fit=880%2C586&ssl=1&resize=525%2C300 1.5x, https:\/\/i0.wp.com\/larevistadigital.com.ar\/blog\/wp-content\/uploads\/20200615133301_20190723130252_1.jpg?fit=880%2C586&ssl=1&resize=700%2C400 2x"},"classes":[]},{"id":20202,"url":"https:\/\/larevistadigital.com.ar\/blog\/apunalan-a-un-hombre-en-medio-de-una-terrible-pelea-por-gallinas\/","url_meta":{"origin":16727,"position":3},"title":"APU\u00d1ALAN A UN HOMBRE EN MEDIO DE UNA TERRIBLE PELEA POR GALLINAS","author":"Alejandro Sosa Ruda","date":"10 mayo, 2021","format":false,"excerpt":"Uno de los involucrados fue detenido por \u201ctentativa de homicidio'', mientras investigan detalles de lo sucedido. Una brutal pelea entre vecinos termin\u00f3 con un hombre apu\u00f1alado y gravemente herido. Seg\u00fan informaron fuentes policiales,\u00a0todo comenz\u00f3 por una discusi\u00f3n y reclamo por el robo de unas gallinas. Ese habr\u00eda sido el desencadenante\u2026","rel":"","context":"En \u00abPOLICIALES\u00bb","block_context":{"text":"POLICIALES","link":"https:\/\/larevistadigital.com.ar\/blog\/category\/policiales\/"},"img":{"alt_text":"","src":"https:\/\/i0.wp.com\/larevistadigital.com.ar\/blog\/wp-content\/uploads\/1604578052509.jpg?fit=1200%2C797&ssl=1&resize=350%2C200","width":350,"height":200,"srcset":"https:\/\/i0.wp.com\/larevistadigital.com.ar\/blog\/wp-content\/uploads\/1604578052509.jpg?fit=1200%2C797&ssl=1&resize=350%2C200 1x, https:\/\/i0.wp.com\/larevistadigital.com.ar\/blog\/wp-content\/uploads\/1604578052509.jpg?fit=1200%2C797&ssl=1&resize=525%2C300 1.5x, https:\/\/i0.wp.com\/larevistadigital.com.ar\/blog\/wp-content\/uploads\/1604578052509.jpg?fit=1200%2C797&ssl=1&resize=700%2C400 2x, https:\/\/i0.wp.com\/larevistadigital.com.ar\/blog\/wp-content\/uploads\/1604578052509.jpg?fit=1200%2C797&ssl=1&resize=1050%2C600 3x"},"classes":[]},{"id":23933,"url":"https:\/\/larevistadigital.com.ar\/blog\/berazategui-encuentran-a-la-abuela-degollada-y-buscan-a-dos-ladronas\/","url_meta":{"origin":16727,"position":4},"title":"BERAZATEGUI: ENCUENTRAN A LA ABUELA DEGOLLADA Y BUSCAN A DOS LADRONAS","author":"Alejandro Sosa Ruda","date":"11 febrero, 2022","format":false,"excerpt":"Un nene hall\u00f3 a su abuela, una mujer de 80 a\u00f1os, degollada en su vivienda de Berazategui y por el crimen buscan a dos presuntas ladronas. BERAZATEGUI -\u00a0 Un nene encontr\u00f3 a su abuela, una mujer de 80 a\u00f1os, con heridas letales cortantes en el cuello y en el abdomen\u2026","rel":"","context":"En \u00abPOLICIALES\u00bb","block_context":{"text":"POLICIALES","link":"https:\/\/larevistadigital.com.ar\/blog\/category\/policiales\/"},"img":{"alt_text":"","src":"https:\/\/i0.wp.com\/larevistadigital.com.ar\/blog\/wp-content\/uploads\/7a7407d67d754c9491714f6a2bfd63318b91cf90.jpg?fit=1140%2C641&ssl=1&resize=350%2C200","width":350,"height":200,"srcset":"https:\/\/i0.wp.com\/larevistadigital.com.ar\/blog\/wp-content\/uploads\/7a7407d67d754c9491714f6a2bfd63318b91cf90.jpg?fit=1140%2C641&ssl=1&resize=350%2C200 1x, https:\/\/i0.wp.com\/larevistadigital.com.ar\/blog\/wp-content\/uploads\/7a7407d67d754c9491714f6a2bfd63318b91cf90.jpg?fit=1140%2C641&ssl=1&resize=525%2C300 1.5x, https:\/\/i0.wp.com\/larevistadigital.com.ar\/blog\/wp-content\/uploads\/7a7407d67d754c9491714f6a2bfd63318b91cf90.jpg?fit=1140%2C641&ssl=1&resize=700%2C400 2x, https:\/\/i0.wp.com\/larevistadigital.com.ar\/blog\/wp-content\/uploads\/7a7407d67d754c9491714f6a2bfd63318b91cf90.jpg?fit=1140%2C641&ssl=1&resize=1050%2C600 3x"},"classes":[]},{"id":43985,"url":"https:\/\/larevistadigital.com.ar\/blog\/tension-en-pleno-centro-de-mar-del-plata-una-mujer-se-subio-al-monumento-a-san-martin-y-amenazo-con-arrojarse\/","url_meta":{"origin":16727,"position":5},"title":"Tensi\u00f3n en pleno centro de Mar del Plata: una mujer se subi\u00f3 al Monumento a San Mart\u00edn y amenaz\u00f3 con arrojarse","author":"Alejandro Sosa Ruda","date":"13 febrero, 2026","format":false,"excerpt":"El hecho ocurri\u00f3 durante un evento religioso en la Plaza San Mart\u00edn. Intervinieron Defensa Civil, la Polic\u00eda y la Unidad de Rescate. La joven fue asistida y el tr\u00e1nsito ya fue restablecido en la zona de Luro. 13 de febrero de 2026 MAR DEL PLATA -\u00a0 \u00a0Momentos de alta tensi\u00f3n\u2026","rel":"","context":"En \u00abPOLICIALES\u00bb","block_context":{"text":"POLICIALES","link":"https:\/\/larevistadigital.com.ar\/blog\/category\/policiales\/"},"img":{"alt_text":"","src":"https:\/\/i0.wp.com\/larevistadigital.com.ar\/blog\/wp-content\/uploads\/Captura-de-pantalla-2026-02-13-232034.jpg?fit=798%2C422&ssl=1&resize=350%2C200","width":350,"height":200,"srcset":"https:\/\/i0.wp.com\/larevistadigital.com.ar\/blog\/wp-content\/uploads\/Captura-de-pantalla-2026-02-13-232034.jpg?fit=798%2C422&ssl=1&resize=350%2C200 1x, https:\/\/i0.wp.com\/larevistadigital.com.ar\/blog\/wp-content\/uploads\/Captura-de-pantalla-2026-02-13-232034.jpg?fit=798%2C422&ssl=1&resize=525%2C300 1.5x, https:\/\/i0.wp.com\/larevistadigital.com.ar\/blog\/wp-content\/uploads\/Captura-de-pantalla-2026-02-13-232034.jpg?fit=798%2C422&ssl=1&resize=700%2C400 2x"},"classes":[]}],"_links":{"self":[{"href":"https:\/\/larevistadigital.com.ar\/blog\/wp-json\/wp\/v2\/posts\/16727","targetHints":{"allow":["GET"]}}],"collection":[{"href":"https:\/\/larevistadigital.com.ar\/blog\/wp-json\/wp\/v2\/posts"}],"about":[{"href":"https:\/\/larevistadigital.com.ar\/blog\/wp-json\/wp\/v2\/types\/post"}],"author":[{"embeddable":true,"href":"https:\/\/larevistadigital.com.ar\/blog\/wp-json\/wp\/v2\/users\/3"}],"replies":[{"embeddable":true,"href":"https:\/\/larevistadigital.com.ar\/blog\/wp-json\/wp\/v2\/comments?post=16727"}],"version-history":[{"count":1,"href":"https:\/\/larevistadigital.com.ar\/blog\/wp-json\/wp\/v2\/posts\/16727\/revisions"}],"predecessor-version":[{"id":16729,"href":"https:\/\/larevistadigital.com.ar\/blog\/wp-json\/wp\/v2\/posts\/16727\/revisions\/16729"}],"wp:featuredmedia":[{"embeddable":true,"href":"https:\/\/larevistadigital.com.ar\/blog\/wp-json\/wp\/v2\/media\/16728"}],"wp:attachment":[{"href":"https:\/\/larevistadigital.com.ar\/blog\/wp-json\/wp\/v2\/media?parent=16727"}],"wp:term":[{"taxonomy":"category","embeddable":true,"href":"https:\/\/larevistadigital.com.ar\/blog\/wp-json\/wp\/v2\/categories?post=16727"},{"taxonomy":"post_tag","embeddable":true,"href":"https:\/\/larevistadigital.com.ar\/blog\/wp-json\/wp\/v2\/tags?post=16727"}],"curies":[{"name":"wp","href":"https:\/\/api.w.org\/{rel}","templated":true}]}}