{"id":16856,"date":"2020-10-08T18:42:30","date_gmt":"2020-10-08T18:42:30","guid":{"rendered":"https:\/\/larevistadigital.com.ar\/blog\/?p=16856"},"modified":"2020-10-08T18:42:30","modified_gmt":"2020-10-08T18:42:30","slug":"ayacucho-joven-de-15-anos-creo-una-tienda-online-trucha-y-estafo-hasta-a-su-familia","status":"publish","type":"post","link":"https:\/\/larevistadigital.com.ar\/blog\/ayacucho-joven-de-15-anos-creo-una-tienda-online-trucha-y-estafo-hasta-a-su-familia\/","title":{"rendered":"AYACUCHO: JOVEN DE 15 A\u00d1OS CRE\u00d3 UNA TIENDA ONLINE TRUCHA, Y ESTAF\u00d3 HASTA A SU FAMILIA"},"content":{"rendered":"<p>Con la cuarentena obligatoria que se decret\u00f3 por el avance del Covid, muchas personas se animaron a la compra online de dist\u00edntos productos, como es el caso de <strong>Camila. <\/strong>La joven de 23 a\u00f1os pag\u00f3 un par de zapatillas que vio en una p\u00e1gina de Instagram de Tandil llamada \u00abInfanta Sof\u00eda\u00bb para que le llegar\u00e1n al cabo de diez d\u00edas. Sin embargo el producto nunca lleg\u00f3.<\/p>\n<p>Tras reclamar al sitio en reiteradas oportunidades y sin obtener respuesta alguna se contact\u00f3 con otras chicas que dejaron su queja en la red social de la marca, ya que al igual que ella tambi\u00e9n hab\u00edan sido estafadas.<\/p>\n<p>En un grupo de WhatsApp m\u00e1s de 250 j\u00f3venes se unieron para obtener informaci\u00f3n de esta red de estafadores y descubrieron un dato que lo sorprendi\u00f3: un joven de 15 a\u00f1os es qui\u00e9n maneja la p\u00e1gina y la marca no es de Tandil como indica la web sino de Ayacucho.<\/p>\n<p><img data-recalc-dims=\"1\" loading=\"lazy\" decoding=\"async\" class=\"wp-image-16857 alignright\" src=\"https:\/\/i0.wp.com\/larevistadigital.com.ar\/blog\/wp-content\/uploads\/joven_15_axos_estafa_ayacucho_x1x.jpeg_173866420.jpeg?resize=492%2C615&#038;ssl=1\" alt=\"\" width=\"492\" height=\"615\" srcset=\"https:\/\/i0.wp.com\/larevistadigital.com.ar\/blog\/wp-content\/uploads\/joven_15_axos_estafa_ayacucho_x1x.jpeg_173866420.jpeg?w=256&amp;ssl=1 256w, https:\/\/i0.wp.com\/larevistadigital.com.ar\/blog\/wp-content\/uploads\/joven_15_axos_estafa_ayacucho_x1x.jpeg_173866420.jpeg?resize=240%2C300&amp;ssl=1 240w\" sizes=\"auto, (max-width: 492px) 100vw, 492px\" \/><\/p>\n<blockquote>\n<h3>\u00abUna de las integrantes del grupo, ten\u00eda v\u00ednculos laborales con \u00abmercado pago\u00bb y nos pas\u00f3 el dato de cuanto fue lo que nos estaf\u00f3. Lleg\u00f3 a sacar 250.000 pesos, y en el banco lo recib\u00edan como un rey, ya que retiraba la plata sin requerimientos. Estaba en complicidad con el padrastro y la madre. Tambi\u00e9n estaf\u00f3 a los abuelos, porque les rob\u00f3 las tarjetas\u00bb.<\/h3>\n<\/blockquote>\n<p>Detall\u00f3 indignada: La cuenta que recib\u00eda la plata mediante la transferencia de los clientes, figuraba a nombre de <strong>Carlos Ariel Etchepare<\/strong>, el padrastro del menor de edad.<\/p>\n<blockquote>\n<h3>\u00abLo buscamos en redes, y en los comentarios de las fotos lo escrachaban\u00bb. \u00abTras la repercusi\u00f3n, di una nota con un medio de Ayacucho y se contact\u00f3 conmigo Luciano Gerasi, persona que me figuraba cuando hice la compra en mercadopago, que estuvo preso m\u00e1s de dos a\u00f1os por una asociaci\u00f3n il\u00edcita, ya que se lo acusa de liberar zonas para la venta de estupefacientes\u00bb.<\/h3>\n<h3>\u00abHablamos por tel\u00e9fono y me dijo que averigu\u00f3 que existe una cuenta a su nombre y otra a nombre de su mam\u00e1, y que ellos no tienen nada que ver. Su sobrino, Martiniano les rob\u00f3 las identidades para recibir el dinero\u00bb<\/h3>\n<\/blockquote>\n<p>En la fiscal\u00eda de Dolores est\u00e1n agrupadas las denuncias en tres causas penales, con ellas se hizo un allanamiento y se lleva a cabo una investigaci\u00f3n, pero al parecer, estas personas ya se habr\u00edan gastado parte de la plata.<\/p>\n<blockquote>\n<h3>\u00abTambi\u00e9n me contact\u00f3 la pareja del padre de este menor de edad, porque ellos viven en Tandil, y no sab\u00edan lo que estaba pasando. Y esa se\u00f1ora nos aport\u00f3 datos como que la familia compr\u00f3 una camioneta. Seguimos investigando y llegamos a que el domicilio de la p\u00e1gina de venta estaba a nombre de Mar\u00eda Lucila Vega, que ser\u00eda la madre del menor de edad, c\u00f3mplice del tema. Y Etchepare, su pareja quien recib\u00eda los dep\u00f3sitos de la estafa\u00bb, puntualiz\u00f3.<\/h3>\n<\/blockquote>\n<p><strong>Romina Peralta<\/strong>, otra de las chicas estafadas dijo: <strong><em>\u00abVi por Instagram una publicidad de esta p\u00e1gina que ten\u00edan todo al 50% y justo se ven\u00eda el D\u00eda del Ni\u00f1o. Me dio seguridad, porque hasta ten\u00edan p\u00e1gina web y dec\u00eda que si pagabas por transferencia, te hac\u00edan un 10% m\u00e1s. S\u00faper tentador. Compr\u00e9 con la modalidad transferencia y me mandaron el link por mail\u00bb<\/em><\/strong><\/p>\n<p>&nbsp;<\/p>\n<p>&nbsp;<\/p>\n<blockquote><p>&nbsp;<\/p><\/blockquote>\n<p>&nbsp;<\/p>\n","protected":false},"excerpt":{"rendered":"<div class=\"mh-excerpt\"><p>Con la cuarentena obligatoria que se decret\u00f3 por el avance del Covid, muchas personas se animaron a la compra online de dist\u00edntos productos, como es el caso de Camila. La joven de 23 a\u00f1os pag\u00f3 <a class=\"mh-excerpt-more\" href=\"https:\/\/larevistadigital.com.ar\/blog\/ayacucho-joven-de-15-anos-creo-una-tienda-online-trucha-y-estafo-hasta-a-su-familia\/\" title=\"AYACUCHO: JOVEN DE 15 A\u00d1OS CRE\u00d3 UNA TIENDA ONLINE TRUCHA, Y ESTAF\u00d3 HASTA A SU FAMILIA\">[Leer M\u00e1s]<\/a><\/p>\n<\/div>","protected":false},"author":3,"featured_media":16859,"comment_status":"open","ping_status":"open","sticky":false,"template":"","format":"standard","meta":{"_jetpack_memberships_contains_paid_content":false,"footnotes":"","jetpack_publicize_message":"","jetpack_publicize_feature_enabled":true,"jetpack_social_post_already_shared":true,"jetpack_social_options":{"image_generator_settings":{"template":"highway","default_image_id":0,"font":"","enabled":false},"version":2}},"categories":[51],"tags":[],"class_list":{"0":"post-16856","1":"post","2":"type-post","3":"status-publish","4":"format-standard","5":"has-post-thumbnail","7":"category-regionales"},"jetpack_publicize_connections":[],"jetpack_featured_media_url":"https:\/\/i0.wp.com\/larevistadigital.com.ar\/blog\/wp-content\/uploads\/1500x844_compras_online.jpg?fit=1500%2C844&ssl=1","jetpack_sharing_enabled":true,"jetpack_shortlink":"https:\/\/wp.me\/p8qtrQ-4nS","jetpack-related-posts":[{"id":22891,"url":"https:\/\/larevistadigital.com.ar\/blog\/tandil-desplazan-a-funcionario-que-atropello-mato-a-un-joven-y-se-fugo\/","url_meta":{"origin":16856,"position":0},"title":"TANDIL: DESPLAZAN A FUNCIONARIO QUE ATROPELL\u00d3, MAT\u00d3 A UN JOVEN Y SE FUGO","author":"Alejandro Sosa Ruda","date":"8 diciembre, 2021","format":false,"excerpt":"Se trata del hasta ahora director de Espacios Verdes P\u00fablicos, Luciano Jaureguiber. La v\u00edctima ten\u00eda 19 a\u00f1os. TANDIL -\u00a0 La municipalidad de Tandil inform\u00f3 que fue desplazado de su cargo el director de Espacios Verdes P\u00fablicos, Luciano Jaureguiber, luego de que se conociera que\u00a0se dio a la fuga tras atropellar\u2026","rel":"","context":"En \u00abINTERES GENERAL\u00bb","block_context":{"text":"INTERES GENERAL","link":"https:\/\/larevistadigital.com.ar\/blog\/category\/interes-general\/"},"img":{"alt_text":"","src":"https:\/\/i0.wp.com\/larevistadigital.com.ar\/blog\/wp-content\/uploads\/9d331ecdf10d7ed76b389b577e482c09dba48d55.jpeg?fit=1140%2C641&ssl=1&resize=350%2C200","width":350,"height":200,"srcset":"https:\/\/i0.wp.com\/larevistadigital.com.ar\/blog\/wp-content\/uploads\/9d331ecdf10d7ed76b389b577e482c09dba48d55.jpeg?fit=1140%2C641&ssl=1&resize=350%2C200 1x, https:\/\/i0.wp.com\/larevistadigital.com.ar\/blog\/wp-content\/uploads\/9d331ecdf10d7ed76b389b577e482c09dba48d55.jpeg?fit=1140%2C641&ssl=1&resize=525%2C300 1.5x, https:\/\/i0.wp.com\/larevistadigital.com.ar\/blog\/wp-content\/uploads\/9d331ecdf10d7ed76b389b577e482c09dba48d55.jpeg?fit=1140%2C641&ssl=1&resize=700%2C400 2x, https:\/\/i0.wp.com\/larevistadigital.com.ar\/blog\/wp-content\/uploads\/9d331ecdf10d7ed76b389b577e482c09dba48d55.jpeg?fit=1140%2C641&ssl=1&resize=1050%2C600 3x"},"classes":[]},{"id":40581,"url":"https:\/\/larevistadigital.com.ar\/blog\/tragedia-en-la-ruta-226-un-joven-de-21-anos-murio-en-un-brutal-choque-triple\/","url_meta":{"origin":16856,"position":1},"title":"Tragedia en la Ruta 226: un joven de 21 a\u00f1os muri\u00f3 en un brutal choque triple","author":"Alejandro Sosa Ruda","date":"21 julio, 2025","format":false,"excerpt":"El siniestro ocurri\u00f3 en la madrugada del domingo en Tandil. Dos camionetas y un auto se vieron involucrados. La v\u00edctima fatal fue identificada como un joven conductor tandilense. 21 de Julio de 2025 TANDIL -\u00a0 Un tr\u00e1gico accidente vial conmocion\u00f3 a la ciudad de Tandil en la madrugada del domingo.\u2026","rel":"","context":"En \u00abPOLICIALES\u00bb","block_context":{"text":"POLICIALES","link":"https:\/\/larevistadigital.com.ar\/blog\/category\/policiales\/"},"img":{"alt_text":"","src":"https:\/\/i0.wp.com\/larevistadigital.com.ar\/blog\/wp-content\/uploads\/92b7e938d1a1a062faf5f89dce662f6a0d80fa83.jpg?fit=1140%2C563&ssl=1&resize=350%2C200","width":350,"height":200,"srcset":"https:\/\/i0.wp.com\/larevistadigital.com.ar\/blog\/wp-content\/uploads\/92b7e938d1a1a062faf5f89dce662f6a0d80fa83.jpg?fit=1140%2C563&ssl=1&resize=350%2C200 1x, https:\/\/i0.wp.com\/larevistadigital.com.ar\/blog\/wp-content\/uploads\/92b7e938d1a1a062faf5f89dce662f6a0d80fa83.jpg?fit=1140%2C563&ssl=1&resize=525%2C300 1.5x, https:\/\/i0.wp.com\/larevistadigital.com.ar\/blog\/wp-content\/uploads\/92b7e938d1a1a062faf5f89dce662f6a0d80fa83.jpg?fit=1140%2C563&ssl=1&resize=700%2C400 2x, https:\/\/i0.wp.com\/larevistadigital.com.ar\/blog\/wp-content\/uploads\/92b7e938d1a1a062faf5f89dce662f6a0d80fa83.jpg?fit=1140%2C563&ssl=1&resize=1050%2C600 3x"},"classes":[]},{"id":3792,"url":"https:\/\/larevistadigital.com.ar\/blog\/tandil-se-escondio-bano-mato-punaladas-ex-pareja\/","url_meta":{"origin":16856,"position":2},"title":"TANDIL: SE ESCONDI\u00d3 EN EL BA\u00d1O, Y MAT\u00d3 A PU\u00d1ALADAS A SU EX PAREJA","author":"Alejandro Sosa Ruda","date":"12 noviembre, 2017","format":false,"excerpt":"Ail\u00edn Torres ten\u00eda 26 a\u00f1os y era due\u00f1a de una peluquer\u00eda canina. Fue atacada en su casa por su ex pareja que intent\u00f3 suicidarse. Una proteccionista de animales de 26 a\u00f1os fue asesinada a pu\u00f1aladas esta madrugada, en Tandil, por su ex pareja, quien hab\u00eda entrado a su departamento y\u00a0la\u2026","rel":"","context":"En \u00abPOLICIALES\u00bb","block_context":{"text":"POLICIALES","link":"https:\/\/larevistadigital.com.ar\/blog\/category\/policiales\/"},"img":{"alt_text":"","src":"https:\/\/i0.wp.com\/larevistadigital.com.ar\/blog\/wp-content\/uploads\/2017\/11\/Sin-t%C3%ADtulo-2.jpg?fit=750%2C484&ssl=1&resize=350%2C200","width":350,"height":200,"srcset":"https:\/\/i0.wp.com\/larevistadigital.com.ar\/blog\/wp-content\/uploads\/2017\/11\/Sin-t%C3%ADtulo-2.jpg?fit=750%2C484&ssl=1&resize=350%2C200 1x, https:\/\/i0.wp.com\/larevistadigital.com.ar\/blog\/wp-content\/uploads\/2017\/11\/Sin-t%C3%ADtulo-2.jpg?fit=750%2C484&ssl=1&resize=525%2C300 1.5x, https:\/\/i0.wp.com\/larevistadigital.com.ar\/blog\/wp-content\/uploads\/2017\/11\/Sin-t%C3%ADtulo-2.jpg?fit=750%2C484&ssl=1&resize=700%2C400 2x"},"classes":[]},{"id":30833,"url":"https:\/\/larevistadigital.com.ar\/blog\/tandil-polemica-por-la-liberacion-de-un-ex-funcionario-que-atropello-y-mato-a-un-joven\/","url_meta":{"origin":16856,"position":3},"title":"TANDIL: POL\u00c9MICA POR LA LIBERACI\u00d3N DE UN EX FUNCIONARIO QUE ATROPELL\u00d3 Y MAT\u00d3 A UN JOVEN","author":"Alejandro Sosa Ruda","date":"1 abril, 2023","format":false,"excerpt":"La familia de Sim\u00f3n denuncia connivencia judicial y pol\u00edtica y acusa al propio Miguel Lunghi, intendente de Tandil, de haber negociado la liberaci\u00f3n de Jaureguiber. La familia adem\u00e1s cuestiona el accionar del fiscal Ignacio Calonje, que pidi\u00f3 el m\u00ednimo de pena y un juicio abreviado. 01 de abril de 2023\u2026","rel":"","context":"En \u00abPOLICIALES\u00bb","block_context":{"text":"POLICIALES","link":"https:\/\/larevistadigital.com.ar\/blog\/category\/policiales\/"},"img":{"alt_text":"","src":"https:\/\/i0.wp.com\/larevistadigital.com.ar\/blog\/wp-content\/uploads\/20230331163202_tandil.jpg?fit=880%2C512&ssl=1&resize=350%2C200","width":350,"height":200,"srcset":"https:\/\/i0.wp.com\/larevistadigital.com.ar\/blog\/wp-content\/uploads\/20230331163202_tandil.jpg?fit=880%2C512&ssl=1&resize=350%2C200 1x, https:\/\/i0.wp.com\/larevistadigital.com.ar\/blog\/wp-content\/uploads\/20230331163202_tandil.jpg?fit=880%2C512&ssl=1&resize=525%2C300 1.5x, https:\/\/i0.wp.com\/larevistadigital.com.ar\/blog\/wp-content\/uploads\/20230331163202_tandil.jpg?fit=880%2C512&ssl=1&resize=700%2C400 2x"},"classes":[]},{"id":41238,"url":"https:\/\/larevistadigital.com.ar\/blog\/femicidio-en-tandil-conmocion-por-el-asesinato-de-una-joven-de-18-anos-a-la-salida-de-un-boliche\/","url_meta":{"origin":16856,"position":4},"title":"Femicidio en Tandil: conmoci\u00f3n por el asesinato de una joven de 18 a\u00f1os a la salida de un boliche","author":"Alejandro Sosa Ruda","date":"1 septiembre, 2025","format":false,"excerpt":"Una madrugada tr\u00e1gica golpe\u00f3 a la ciudad serrana cuando una adolescente fue asesinada de una pu\u00f1alada en el cuello en plena v\u00eda p\u00fablica. El agresor, un joven de 23 a\u00f1os, fue detenido y qued\u00f3 a disposici\u00f3n de la Justicia. 01 de agosto de 2025 TANDIL -\u00a0 \u00a0El hecho ocurri\u00f3 el\u2026","rel":"","context":"En \u00abPOLICIALES\u00bb","block_context":{"text":"POLICIALES","link":"https:\/\/larevistadigital.com.ar\/blog\/category\/policiales\/"},"img":{"alt_text":"","src":"https:\/\/i0.wp.com\/larevistadigital.com.ar\/blog\/wp-content\/uploads\/Captura-de-pantalla-2025-09-01-213003.jpg?fit=709%2C505&ssl=1&resize=350%2C200","width":350,"height":200,"srcset":"https:\/\/i0.wp.com\/larevistadigital.com.ar\/blog\/wp-content\/uploads\/Captura-de-pantalla-2025-09-01-213003.jpg?fit=709%2C505&ssl=1&resize=350%2C200 1x, https:\/\/i0.wp.com\/larevistadigital.com.ar\/blog\/wp-content\/uploads\/Captura-de-pantalla-2025-09-01-213003.jpg?fit=709%2C505&ssl=1&resize=525%2C300 1.5x, https:\/\/i0.wp.com\/larevistadigital.com.ar\/blog\/wp-content\/uploads\/Captura-de-pantalla-2025-09-01-213003.jpg?fit=709%2C505&ssl=1&resize=700%2C400 2x"},"classes":[]},{"id":39456,"url":"https:\/\/larevistadigital.com.ar\/blog\/tandil-cayo-de-la-moto-y-se-fracturo-la-pierna-y-las-costillas\/","url_meta":{"origin":16856,"position":5},"title":"Tandil: Cay\u00f3 de la moto y se fractur\u00f3 la pierna y las costillas","author":"Alejandro Sosa Ruda","date":"20 abril, 2025","format":false,"excerpt":"Ocurri\u00f3 la madrugada del domingo, entre Lober\u00eda y Larrea. 20 de Abril de 2025 TANDIL -\u00a0 Era la madrugada y un hombre circulaba en una moto marca Motomel Skua, acompa\u00f1ado de otro, cuando tras perder el control del veh\u00edculo, impactaron contra la carteler\u00eda y cayendo ambos sobre el asfalto en\u2026","rel":"","context":"En \u00abPOLICIALES\u00bb","block_context":{"text":"POLICIALES","link":"https:\/\/larevistadigital.com.ar\/blog\/category\/policiales\/"},"img":{"alt_text":"","src":"https:\/\/i0.wp.com\/larevistadigital.com.ar\/blog\/wp-content\/uploads\/accidente_alvear.jpg?fit=768%2C590&ssl=1&resize=350%2C200","width":350,"height":200,"srcset":"https:\/\/i0.wp.com\/larevistadigital.com.ar\/blog\/wp-content\/uploads\/accidente_alvear.jpg?fit=768%2C590&ssl=1&resize=350%2C200 1x, https:\/\/i0.wp.com\/larevistadigital.com.ar\/blog\/wp-content\/uploads\/accidente_alvear.jpg?fit=768%2C590&ssl=1&resize=525%2C300 1.5x, https:\/\/i0.wp.com\/larevistadigital.com.ar\/blog\/wp-content\/uploads\/accidente_alvear.jpg?fit=768%2C590&ssl=1&resize=700%2C400 2x"},"classes":[]}],"_links":{"self":[{"href":"https:\/\/larevistadigital.com.ar\/blog\/wp-json\/wp\/v2\/posts\/16856","targetHints":{"allow":["GET"]}}],"collection":[{"href":"https:\/\/larevistadigital.com.ar\/blog\/wp-json\/wp\/v2\/posts"}],"about":[{"href":"https:\/\/larevistadigital.com.ar\/blog\/wp-json\/wp\/v2\/types\/post"}],"author":[{"embeddable":true,"href":"https:\/\/larevistadigital.com.ar\/blog\/wp-json\/wp\/v2\/users\/3"}],"replies":[{"embeddable":true,"href":"https:\/\/larevistadigital.com.ar\/blog\/wp-json\/wp\/v2\/comments?post=16856"}],"version-history":[{"count":1,"href":"https:\/\/larevistadigital.com.ar\/blog\/wp-json\/wp\/v2\/posts\/16856\/revisions"}],"predecessor-version":[{"id":16860,"href":"https:\/\/larevistadigital.com.ar\/blog\/wp-json\/wp\/v2\/posts\/16856\/revisions\/16860"}],"wp:featuredmedia":[{"embeddable":true,"href":"https:\/\/larevistadigital.com.ar\/blog\/wp-json\/wp\/v2\/media\/16859"}],"wp:attachment":[{"href":"https:\/\/larevistadigital.com.ar\/blog\/wp-json\/wp\/v2\/media?parent=16856"}],"wp:term":[{"taxonomy":"category","embeddable":true,"href":"https:\/\/larevistadigital.com.ar\/blog\/wp-json\/wp\/v2\/categories?post=16856"},{"taxonomy":"post_tag","embeddable":true,"href":"https:\/\/larevistadigital.com.ar\/blog\/wp-json\/wp\/v2\/tags?post=16856"}],"curies":[{"name":"wp","href":"https:\/\/api.w.org\/{rel}","templated":true}]}}