{"id":16888,"date":"2020-10-10T13:03:38","date_gmt":"2020-10-10T13:03:38","guid":{"rendered":"https:\/\/larevistadigital.com.ar\/blog\/?p=16888"},"modified":"2020-10-10T13:03:38","modified_gmt":"2020-10-10T13:03:38","slug":"mar-del-plata-tendra-cinco-frecuencias-de-trenes-durante-la-temporada-20-21","status":"publish","type":"post","link":"https:\/\/larevistadigital.com.ar\/blog\/mar-del-plata-tendra-cinco-frecuencias-de-trenes-durante-la-temporada-20-21\/","title":{"rendered":"MAR DEL PLATA TENDR\u00c1 CINCO FRECUENCIAS DE TRENES DURANTE LA TEMPORADA 20\/21"},"content":{"rendered":"<h2 class=\"nota__hero__summary\">Se implementar\u00e1n protocolos sanitarios muy estrictos. Las formaciones podr\u00e1n transportar el 50% de su capacidad. Las tarifas casi no presentar\u00e1n variantes.<\/h2>\n<p>La ciudad de Mar del Plata tendr\u00e1 cinco frecuencias diarias de trenes durante el verano 2020\/21 desde la Estaci\u00f3n Constituci\u00f3n de la ciudad de Buenos Aires, donde se incorporar\u00e1n \u00abcoches movileros\u00bb, lo que permitir\u00e1 a los turistas llevar su veh\u00edculo dentro de las mismas unidades, se indic\u00f3 hoy desde Trenes Argentinos.<\/p>\n<blockquote>\n<h3>El presidente de Trenes Argentinos, Mart\u00edn Marinucci sostuvo hoy a la radio marplatense 0223 que \u00abtenemos todas las formaciones de larga distancia y en particular, todos los trenes que van a empezar a correr a Mar del Plata, a disposici\u00f3n para cuando el ministro Mario Meoni y el presidente Alberto Fern\u00e1ndez determinen que se puede iniciar esta actividad\u00bb.<\/h3>\n<\/blockquote>\n<p>El funcionario dijo que <em><strong>\u00abse implementar\u00e1n protocolos sanitarios muy estrictos en los trenes para garantizar tranquilidad y seguridad a los veraneantes que apuesten por Mar del Plata\u00bb.<\/strong><\/em><\/p>\n<p><strong>Marinucci<\/strong> puntualiz\u00f3 que <strong><em>\u00aben los trenes de larga distancia tenemos equipos de \u00faltima tecnolog\u00eda para hacer la desinfecci\u00f3n antes y durante el viaje, en la zonas con mayor afluencia como pueden ser los pasillos hacia los ba\u00f1os y las zonas del comedor\u00bb<\/em><\/strong>.<\/p>\n<p>Agreg\u00f3 que <em><strong>\u00abcon respecto a la capacidad, est\u00e1 pactado que las formaciones puedan transportar el 50% de la disponibilidad total\u00bb<\/strong><\/em>, aunque no descart\u00f3 que este aspecto se modifique <em><strong>\u00abteniendo en cuenta los cambios din\u00e1micos que impone la pandemia del Coronavirus\u00bb<\/strong><\/em>.<\/p>\n<blockquote>\n<h3>El funcionario asever\u00f3 que en los trenes \u00abhabr\u00e1 dispenser de alcohol en gel y elementos de protecci\u00f3n para garantizar que haya zonas seguras en cuanto al tr\u00e1nsito y dem\u00e1s\u00bb.<\/h3>\n<\/blockquote>\n<p>El referente de Trenes Argentinos manifest\u00f3 que si bien todav\u00eda est\u00e1 prohibida por decreto la actividad tur\u00edstica en todo el pa\u00eds, revel\u00f3 que para la temporada de verano <strong><em>\u00abest\u00e1 previsto incrementar a cinco las frecuencias diarias que unen a Mar del Plata con plaza Constituci\u00f3n y el viaje durar\u00e1 unas cinco horas\u00bb<\/em><\/strong><\/p>\n<p>Con respecto a las tarifas, sostuvo que la estructura de precios no presentar\u00e1 mayores variantes con respecto al a\u00f1o pasado. <strong><em>\u00abTendr\u00eda que ser la misma: en primera, la tarifa era de 690 pesos y en pulman de 795 pesos\u00bb<\/em><\/strong>, detall\u00f3.<\/p>\n<p>publicado en entrel\u00edneas.info<\/p>\n","protected":false},"excerpt":{"rendered":"<div class=\"mh-excerpt\"><p>Se implementar\u00e1n protocolos sanitarios muy estrictos. Las formaciones podr\u00e1n transportar el 50% de su capacidad. Las tarifas casi no presentar\u00e1n variantes. La ciudad de Mar del Plata tendr\u00e1 cinco frecuencias diarias de trenes durante el <a class=\"mh-excerpt-more\" href=\"https:\/\/larevistadigital.com.ar\/blog\/mar-del-plata-tendra-cinco-frecuencias-de-trenes-durante-la-temporada-20-21\/\" title=\"MAR DEL PLATA TENDR\u00c1 CINCO FRECUENCIAS DE TRENES DURANTE LA TEMPORADA 20\/21\">[Leer M\u00e1s]<\/a><\/p>\n<\/div>","protected":false},"author":3,"featured_media":16889,"comment_status":"open","ping_status":"open","sticky":false,"template":"","format":"standard","meta":{"_jetpack_memberships_contains_paid_content":false,"footnotes":"","jetpack_publicize_message":"","jetpack_publicize_feature_enabled":true,"jetpack_social_post_already_shared":true,"jetpack_social_options":{"image_generator_settings":{"template":"highway","default_image_id":0,"font":"","enabled":false},"version":2}},"categories":[41],"tags":[],"class_list":{"0":"post-16888","1":"post","2":"type-post","3":"status-publish","4":"format-standard","5":"has-post-thumbnail","7":"category-destacadas"},"jetpack_publicize_connections":[],"jetpack_featured_media_url":"https:\/\/i0.wp.com\/larevistadigital.com.ar\/blog\/wp-content\/uploads\/8142-scaled.jpg?fit=2560%2C1707&ssl=1","jetpack_sharing_enabled":true,"jetpack_shortlink":"https:\/\/wp.me\/p8qtrQ-4oo","jetpack-related-posts":[{"id":17911,"url":"https:\/\/larevistadigital.com.ar\/blog\/trenes-todos-los-horarios-y-servicios-a-chascomus-y-a-mar-del-plata\/","url_meta":{"origin":16888,"position":0},"title":"TRENES: TODOS LOS HORARIOS Y SERVICIOS A CHASCOM\u00daS Y A MAR DEL PLATA","author":"Alejandro Sosa Ruda","date":"1 diciembre, 2020","format":false,"excerpt":"Trenes Argentinos brind\u00f3 el detalle al portal antinoticias.com.ar de los servicios de larga distancia y de cercan\u00eda que desde este martes 1 de diciembre llegar\u00e1n y parar\u00e1n en Chascom\u00fas. Respecto del servicio de larga distancia entre Plaza Constituci\u00f3n y Mar del Plata, desde prensa de Trenes Argentinos le informaron a\u2026","rel":"","context":"En \u00abINTERES GENERAL\u00bb","block_context":{"text":"INTERES GENERAL","link":"https:\/\/larevistadigital.com.ar\/blog\/category\/interes-general\/"},"img":{"alt_text":"","src":"https:\/\/i0.wp.com\/larevistadigital.com.ar\/blog\/wp-content\/uploads\/2017\/12\/estacion-chascomusnva.jpg?fit=960%2C539&ssl=1&resize=350%2C200","width":350,"height":200,"srcset":"https:\/\/i0.wp.com\/larevistadigital.com.ar\/blog\/wp-content\/uploads\/2017\/12\/estacion-chascomusnva.jpg?fit=960%2C539&ssl=1&resize=350%2C200 1x, https:\/\/i0.wp.com\/larevistadigital.com.ar\/blog\/wp-content\/uploads\/2017\/12\/estacion-chascomusnva.jpg?fit=960%2C539&ssl=1&resize=525%2C300 1.5x, https:\/\/i0.wp.com\/larevistadigital.com.ar\/blog\/wp-content\/uploads\/2017\/12\/estacion-chascomusnva.jpg?fit=960%2C539&ssl=1&resize=700%2C400 2x"},"classes":[]},{"id":41,"url":"https:\/\/larevistadigital.com.ar\/blog\/bomberos-lezamenses-recibieron-una-capacitacion-sobre-los-nuevos-trenes\/","url_meta":{"origin":16888,"position":1},"title":"Bomberos Lezamenses recibieron una capacitaci\u00f3n sobre los nuevos trenes","author":"editor","date":"30 enero, 2017","format":false,"excerpt":"En el Cuartel de Bomberos Voluntarios de Lezama se realiz\u00f3 una capacitaci\u00f3n ferroviaria, brindada por la Gerencia de Seguridad Operacional del Ministerio de Transportes de la Naci\u00f3n (Trenes Argentinos). Durante la misma, se inform\u00f3 de las diferentes formaciones que pasaran por Lezama por la traza ferroviaria hacia la ciudad de\u2026","rel":"","context":"En \u00abLEZAMA\u00bb","block_context":{"text":"LEZAMA","link":"https:\/\/larevistadigital.com.ar\/blog\/category\/lezama\/"},"img":{"alt_text":"","src":"https:\/\/i0.wp.com\/larevistadigital.com.ar\/blog\/wp-content\/uploads\/2017\/01\/ca-.jpg?fit=960%2C541&ssl=1&resize=350%2C200","width":350,"height":200,"srcset":"https:\/\/i0.wp.com\/larevistadigital.com.ar\/blog\/wp-content\/uploads\/2017\/01\/ca-.jpg?fit=960%2C541&ssl=1&resize=350%2C200 1x, https:\/\/i0.wp.com\/larevistadigital.com.ar\/blog\/wp-content\/uploads\/2017\/01\/ca-.jpg?fit=960%2C541&ssl=1&resize=525%2C300 1.5x, https:\/\/i0.wp.com\/larevistadigital.com.ar\/blog\/wp-content\/uploads\/2017\/01\/ca-.jpg?fit=960%2C541&ssl=1&resize=700%2C400 2x"},"classes":[]},{"id":994,"url":"https:\/\/larevistadigital.com.ar\/blog\/randazzo-les-pidio-a-los-ferroviarios-que-luchen-por-el-regreso-del-tren-a-rosario-mar-del-plata-y-chascomus\/","url_meta":{"origin":16888,"position":2},"title":"Randazzo les pidi\u00f3 a los ferroviarios que luchen por el regreso del tren a Rosario, Mar del Plata y Chascom\u00fas","author":"editor","date":"10 marzo, 2017","format":false,"excerpt":"Mientras los rumores de una posible candidatura de Florencio Randazzo, para senador nacional por la provincia de Buenos Aires, aumentan cada vez m\u00e1s, se filtr\u00f3 un v\u00eddeo del ex ministro del Interior en el que se mete de lleno en la pol\u00e9mica por el regreso de los trenes. \"Si el\u2026","rel":"","context":"En \u00abCHASCOM\u00daS\u00bb","block_context":{"text":"CHASCOM\u00daS","link":"https:\/\/larevistadigital.com.ar\/blog\/category\/chascomus\/"},"img":{"alt_text":"","src":"https:\/\/i0.wp.com\/larevistadigital.com.ar\/blog\/wp-content\/uploads\/2017\/03\/randazzo_elfuerte_090317.jpg?fit=870%2C576&ssl=1&resize=350%2C200","width":350,"height":200,"srcset":"https:\/\/i0.wp.com\/larevistadigital.com.ar\/blog\/wp-content\/uploads\/2017\/03\/randazzo_elfuerte_090317.jpg?fit=870%2C576&ssl=1&resize=350%2C200 1x, https:\/\/i0.wp.com\/larevistadigital.com.ar\/blog\/wp-content\/uploads\/2017\/03\/randazzo_elfuerte_090317.jpg?fit=870%2C576&ssl=1&resize=525%2C300 1.5x, https:\/\/i0.wp.com\/larevistadigital.com.ar\/blog\/wp-content\/uploads\/2017\/03\/randazzo_elfuerte_090317.jpg?fit=870%2C576&ssl=1&resize=700%2C400 2x"},"classes":[]},{"id":19697,"url":"https:\/\/larevistadigital.com.ar\/blog\/la-plata-cambian-los-accesos-de-la-estacion-de-tren\/","url_meta":{"origin":16888,"position":3},"title":"LA PLATA: CAMBIAN LOS ACCESOS DE LA ESTACI\u00d3N DE TREN","author":"Alejandro Sosa Ruda","date":"16 abril, 2021","format":false,"excerpt":"Esto se debe a las obras que son llevadas adelante por Trenes Argentinos Infraestructura en la parte del techo LA PLATA - Trenes Argentinos inform\u00f3 que, a partir de este viernes, el ingreso y egreso a la Estaci\u00f3n de La Plata ser\u00e1 por Diagonal 80. Esto se debe al inicio\u2026","rel":"","context":"En \u00abREGIONALES\u00bb","block_context":{"text":"REGIONALES","link":"https:\/\/larevistadigital.com.ar\/blog\/category\/regionales\/"},"img":{"alt_text":"","src":"https:\/\/i0.wp.com\/larevistadigital.com.ar\/blog\/wp-content\/uploads\/Captura-de-pantalla-2021-04-16-195722.png?fit=1200%2C599&ssl=1&resize=350%2C200","width":350,"height":200,"srcset":"https:\/\/i0.wp.com\/larevistadigital.com.ar\/blog\/wp-content\/uploads\/Captura-de-pantalla-2021-04-16-195722.png?fit=1200%2C599&ssl=1&resize=350%2C200 1x, https:\/\/i0.wp.com\/larevistadigital.com.ar\/blog\/wp-content\/uploads\/Captura-de-pantalla-2021-04-16-195722.png?fit=1200%2C599&ssl=1&resize=525%2C300 1.5x, https:\/\/i0.wp.com\/larevistadigital.com.ar\/blog\/wp-content\/uploads\/Captura-de-pantalla-2021-04-16-195722.png?fit=1200%2C599&ssl=1&resize=700%2C400 2x, https:\/\/i0.wp.com\/larevistadigital.com.ar\/blog\/wp-content\/uploads\/Captura-de-pantalla-2021-04-16-195722.png?fit=1200%2C599&ssl=1&resize=1050%2C600 3x"},"classes":[]},{"id":40704,"url":"https:\/\/larevistadigital.com.ar\/blog\/chascomus-avanza-en-acuerdos-con-trenes-argentinos\/","url_meta":{"origin":16888,"position":4},"title":"Chascom\u00fas avanza en acuerdos con Trenes Argentinos","author":"Alejandro Sosa Ruda","date":"1 agosto, 2025","format":false,"excerpt":"El gobierno municipal trabaja para incrementar los servicios ferroviarios a la ciudad. 01 de Agosto de 2025 CHASCOM\u00daS -\u00a0 \u00a0Las gestiones fueron realizadas por el secretario de Gobierno, Cipriano P\u00e9rez del Cerro; el subsecretario de Infancias y Juventudes, Lucio Alfons\u00edn, y la subsecretaria de Desarrollo Tur\u00edstico y Productivo, Jimena Arano,\u2026","rel":"","context":"En \u00abCHASCOM\u00daS\u00bb","block_context":{"text":"CHASCOM\u00daS","link":"https:\/\/larevistadigital.com.ar\/blog\/category\/chascomus\/"},"img":{"alt_text":"","src":"https:\/\/i0.wp.com\/larevistadigital.com.ar\/blog\/wp-content\/uploads\/688cf5d45e578.png?fit=668%2C445&ssl=1&resize=350%2C200","width":350,"height":200,"srcset":"https:\/\/i0.wp.com\/larevistadigital.com.ar\/blog\/wp-content\/uploads\/688cf5d45e578.png?fit=668%2C445&ssl=1&resize=350%2C200 1x, https:\/\/i0.wp.com\/larevistadigital.com.ar\/blog\/wp-content\/uploads\/688cf5d45e578.png?fit=668%2C445&ssl=1&resize=525%2C300 1.5x"},"classes":[]},{"id":2344,"url":"https:\/\/larevistadigital.com.ar\/blog\/el-sindicato-union-ferroviaria-aseguro-que-desde-julio-regresa-el-tren-a-mar-del-plata\/","url_meta":{"origin":16888,"position":5},"title":"EL SINDICATO UNION FERROVIARIA ASEGURO QUE DESDE JULIO REGRESA EL TREN A MAR DEL PLATA","author":"Alejandro Sosa Ruda","date":"9 junio, 2017","format":false,"excerpt":"Desde fines de junio de 2016, la gobernaci\u00f3n de la Provincia de Buenos Aires, decidi\u00f3 el traspaso de Ferrobaires a la \u00f3rbita del estado nacional, por lo que desde ese momento fueron suspendidos todos los servicios prestados por la misma, y pese a que se retomaron algunas conexiones, algunos distritos\u2026","rel":"","context":"En \u00abCHASCOM\u00daS\u00bb","block_context":{"text":"CHASCOM\u00daS","link":"https:\/\/larevistadigital.com.ar\/blog\/category\/chascomus\/"},"img":{"alt_text":"","src":"https:\/\/i0.wp.com\/larevistadigital.com.ar\/blog\/wp-content\/uploads\/2017\/06\/not_861086_02_145728.jpg?fit=1000%2C540&ssl=1&resize=350%2C200","width":350,"height":200,"srcset":"https:\/\/i0.wp.com\/larevistadigital.com.ar\/blog\/wp-content\/uploads\/2017\/06\/not_861086_02_145728.jpg?fit=1000%2C540&ssl=1&resize=350%2C200 1x, https:\/\/i0.wp.com\/larevistadigital.com.ar\/blog\/wp-content\/uploads\/2017\/06\/not_861086_02_145728.jpg?fit=1000%2C540&ssl=1&resize=525%2C300 1.5x, https:\/\/i0.wp.com\/larevistadigital.com.ar\/blog\/wp-content\/uploads\/2017\/06\/not_861086_02_145728.jpg?fit=1000%2C540&ssl=1&resize=700%2C400 2x"},"classes":[]}],"_links":{"self":[{"href":"https:\/\/larevistadigital.com.ar\/blog\/wp-json\/wp\/v2\/posts\/16888","targetHints":{"allow":["GET"]}}],"collection":[{"href":"https:\/\/larevistadigital.com.ar\/blog\/wp-json\/wp\/v2\/posts"}],"about":[{"href":"https:\/\/larevistadigital.com.ar\/blog\/wp-json\/wp\/v2\/types\/post"}],"author":[{"embeddable":true,"href":"https:\/\/larevistadigital.com.ar\/blog\/wp-json\/wp\/v2\/users\/3"}],"replies":[{"embeddable":true,"href":"https:\/\/larevistadigital.com.ar\/blog\/wp-json\/wp\/v2\/comments?post=16888"}],"version-history":[{"count":1,"href":"https:\/\/larevistadigital.com.ar\/blog\/wp-json\/wp\/v2\/posts\/16888\/revisions"}],"predecessor-version":[{"id":16890,"href":"https:\/\/larevistadigital.com.ar\/blog\/wp-json\/wp\/v2\/posts\/16888\/revisions\/16890"}],"wp:featuredmedia":[{"embeddable":true,"href":"https:\/\/larevistadigital.com.ar\/blog\/wp-json\/wp\/v2\/media\/16889"}],"wp:attachment":[{"href":"https:\/\/larevistadigital.com.ar\/blog\/wp-json\/wp\/v2\/media?parent=16888"}],"wp:term":[{"taxonomy":"category","embeddable":true,"href":"https:\/\/larevistadigital.com.ar\/blog\/wp-json\/wp\/v2\/categories?post=16888"},{"taxonomy":"post_tag","embeddable":true,"href":"https:\/\/larevistadigital.com.ar\/blog\/wp-json\/wp\/v2\/tags?post=16888"}],"curies":[{"name":"wp","href":"https:\/\/api.w.org\/{rel}","templated":true}]}}