{"id":16891,"date":"2020-10-10T13:46:19","date_gmt":"2020-10-10T13:46:19","guid":{"rendered":"https:\/\/larevistadigital.com.ar\/blog\/?p=16891"},"modified":"2020-10-10T13:46:19","modified_gmt":"2020-10-10T13:46:19","slug":"ostende-muchacha-denuncia-que-fue-abusada-durante-anos-por-la-pareja-de-su-madre","status":"publish","type":"post","link":"https:\/\/larevistadigital.com.ar\/blog\/ostende-muchacha-denuncia-que-fue-abusada-durante-anos-por-la-pareja-de-su-madre\/","title":{"rendered":"OSTENDE: MUCHACHA DENUNCIA QUE FUE ABUSADA DURANTE A\u00d1OS POR LA PAREJA DE SU MADRE"},"content":{"rendered":"<h2 class=\"nota__hero__summary\">La chica tiene 16 a\u00f1os y desde los 9 a\u00f1os fue sometida por el sujeto. Habr\u00eda quedado embarazada como consecuencia de las violaciones y el sujeto la amenaz\u00f3 de muerte. El hombre ya se encuentra detenido.<\/h2>\n<p>Una joven de 16 a\u00f1os denunci\u00f3 que durante 7 a\u00f1os fue v\u00edctima de repetidos abusos por parte de la pareja de su madre y, como consecuencia de las violaciones, hace un a\u00f1o y medio habr\u00eda quedado embarazada.<\/p>\n<p>Los aberrantes sucesos tuvieron lugar en Ostende y, tras la denuncia de la menor, el sujeto que vive en Pinamar fue aprehendido.<\/p>\n<blockquote>\n<h3>Seg\u00fan inform\u00f3 el diario \u201cPionero\u201d de Pinamar, el secretario de Seguridad, Lucas Ventoso, dio detalles del delito: \u201cTuvimos conocimiento de una circunstancia muy terrible, donde una ni\u00f1a de 16 a\u00f1os pr\u00e1cticamente fue corriendo a la Comisar\u00eda a denunciar un intento de abuso sexual por parte de la pareja de su madre\u201d, relat\u00f3.<\/h3>\n<\/blockquote>\n<p>El funcionario municipal agreg\u00f3: <em><strong>\u201cCuando llega a la comisar\u00eda y empieza a explicar lo que est\u00e1 viviendo, le cuenta a la polic\u00eda que lo que est\u00e1 sufriendo lo padece desde los 9 a\u00f1os. La polic\u00eda escucha atentamente la denuncia y luego llega la madre. Se intenta indagar en la situaci\u00f3n, se llama a la Comisar\u00eda de la Mujer y toma participaci\u00f3n todo el equipo de asistentes sociales del municipio\u201d.<\/strong><\/em><\/p>\n<p>Finalmente <em><strong>\u201cla ni\u00f1a relata hechos atroces que viene sufriendo desde los 9 a\u00f1os de abusos sexuales reiterados, inclusive cuenta que qued\u00f3 embarazada producto de una violaci\u00f3n de este sujeto hace un a\u00f1o y medio y que la amenazaba de muerte por lo cual nunca se anim\u00f3 a hacer la denuncia. Horas m\u00e1s tarde viene esta persona a buscarla a la comisar\u00eda, la polic\u00eda frente a esta situaci\u00f3n llama a la Fiscal\u00eda y frente a esta narrativa de los hechos la Fiscal ordena la inmediata aprehensi\u00f3n y detenci\u00f3n de este sujeto\u201d<\/strong><\/em>, relat\u00f3 <strong>Ventoso<\/strong>.<\/p>\n","protected":false},"excerpt":{"rendered":"<div class=\"mh-excerpt\"><p>La chica tiene 16 a\u00f1os y desde los 9 a\u00f1os fue sometida por el sujeto. Habr\u00eda quedado embarazada como consecuencia de las violaciones y el sujeto la amenaz\u00f3 de muerte. El hombre ya se encuentra <a class=\"mh-excerpt-more\" href=\"https:\/\/larevistadigital.com.ar\/blog\/ostende-muchacha-denuncia-que-fue-abusada-durante-anos-por-la-pareja-de-su-madre\/\" title=\"OSTENDE: MUCHACHA DENUNCIA QUE FUE ABUSADA DURANTE A\u00d1OS POR LA PAREJA DE SU MADRE\">[Leer M\u00e1s]<\/a><\/p>\n<\/div>","protected":false},"author":3,"featured_media":16892,"comment_status":"open","ping_status":"open","sticky":false,"template":"","format":"standard","meta":{"_jetpack_memberships_contains_paid_content":false,"footnotes":"","jetpack_publicize_message":"","jetpack_publicize_feature_enabled":true,"jetpack_social_post_already_shared":true,"jetpack_social_options":{"image_generator_settings":{"template":"highway","default_image_id":0,"font":"","enabled":false},"version":2}},"categories":[44,51],"tags":[],"class_list":{"0":"post-16891","1":"post","2":"type-post","3":"status-publish","4":"format-standard","5":"has-post-thumbnail","7":"category-policiales","8":"category-regionales"},"jetpack_publicize_connections":[],"jetpack_featured_media_url":"https:\/\/i0.wp.com\/larevistadigital.com.ar\/blog\/wp-content\/uploads\/c2728acf85a63a49cfbbf9fff249c657c9aa068d.png?fit=1140%2C640&ssl=1","jetpack_sharing_enabled":true,"jetpack_shortlink":"https:\/\/wp.me\/p8qtrQ-4or","jetpack-related-posts":[{"id":40010,"url":"https:\/\/larevistadigital.com.ar\/blog\/horror-en-ostende-una-mujer-fue-asesinada-y-su-nuera-de-18-anos-es-la-principal-sospechosa\/","url_meta":{"origin":16891,"position":0},"title":"Horror en Ostende: una mujer fue asesinada y su nuera de 18 a\u00f1os es la principal sospechosa","author":"Alejandro Sosa Ruda","date":"9 junio, 2025","format":false,"excerpt":"Un crimen con ribetes dram\u00e1ticos sacude a la comunidad de Pinamar. Deila Jakow, de 69 a\u00f1os, fue encontrada muerta en su casa de Ostende. La principal sospechosa es Nicol Castronovo, la joven pareja del hijo de la v\u00edctima. Las pruebas, las c\u00e1maras y la reconstrucci\u00f3n de las \u00faltimas horas podr\u00edan\u2026","rel":"","context":"En \u00abPOLICIALES\u00bb","block_context":{"text":"POLICIALES","link":"https:\/\/larevistadigital.com.ar\/blog\/category\/policiales\/"},"img":{"alt_text":"","src":"https:\/\/i0.wp.com\/larevistadigital.com.ar\/blog\/wp-content\/uploads\/6c091059e9212863920721289125521a51adf3ac.jpeg?fit=1125%2C900&ssl=1&resize=350%2C200","width":350,"height":200,"srcset":"https:\/\/i0.wp.com\/larevistadigital.com.ar\/blog\/wp-content\/uploads\/6c091059e9212863920721289125521a51adf3ac.jpeg?fit=1125%2C900&ssl=1&resize=350%2C200 1x, https:\/\/i0.wp.com\/larevistadigital.com.ar\/blog\/wp-content\/uploads\/6c091059e9212863920721289125521a51adf3ac.jpeg?fit=1125%2C900&ssl=1&resize=525%2C300 1.5x, https:\/\/i0.wp.com\/larevistadigital.com.ar\/blog\/wp-content\/uploads\/6c091059e9212863920721289125521a51adf3ac.jpeg?fit=1125%2C900&ssl=1&resize=700%2C400 2x, https:\/\/i0.wp.com\/larevistadigital.com.ar\/blog\/wp-content\/uploads\/6c091059e9212863920721289125521a51adf3ac.jpeg?fit=1125%2C900&ssl=1&resize=1050%2C600 3x"},"classes":[]},{"id":36886,"url":"https:\/\/larevistadigital.com.ar\/blog\/pinamar-detienen-al-padre-de-la-familia-tras-el-tragico-incendio-en-ostende\/","url_meta":{"origin":16891,"position":1},"title":"PINAMAR: DETIENEN AL PADRE DE LA FAMILIA TRAS EL TR\u00c1GICO INCENDIO EN OSTENDE","author":"Alejandro Sosa Ruda","date":"3 agosto, 2024","format":false,"excerpt":"En un giro inesperado, el \u00fanico sobreviviente del incendio que cobr\u00f3 la vida de su familia el pasado 11 de julio en Ostende, Pinamar, fue detenido mientras intentaba tomar un vuelo hacia Tucum\u00e1n. PINAMAR -\u00a0 El detenido, un hombre de 26 a\u00f1os, logr\u00f3 escapar ileso del incendio que consumi\u00f3 la\u2026","rel":"","context":"En \u00abPOLICIALES\u00bb","block_context":{"text":"POLICIALES","link":"https:\/\/larevistadigital.com.ar\/blog\/category\/policiales\/"},"img":{"alt_text":"","src":"https:\/\/i0.wp.com\/larevistadigital.com.ar\/blog\/wp-content\/uploads\/7caf4855692354f8a6500f206e29dd206135645d.jpg?fit=1140%2C642&ssl=1&resize=350%2C200","width":350,"height":200,"srcset":"https:\/\/i0.wp.com\/larevistadigital.com.ar\/blog\/wp-content\/uploads\/7caf4855692354f8a6500f206e29dd206135645d.jpg?fit=1140%2C642&ssl=1&resize=350%2C200 1x, https:\/\/i0.wp.com\/larevistadigital.com.ar\/blog\/wp-content\/uploads\/7caf4855692354f8a6500f206e29dd206135645d.jpg?fit=1140%2C642&ssl=1&resize=525%2C300 1.5x, https:\/\/i0.wp.com\/larevistadigital.com.ar\/blog\/wp-content\/uploads\/7caf4855692354f8a6500f206e29dd206135645d.jpg?fit=1140%2C642&ssl=1&resize=700%2C400 2x, https:\/\/i0.wp.com\/larevistadigital.com.ar\/blog\/wp-content\/uploads\/7caf4855692354f8a6500f206e29dd206135645d.jpg?fit=1140%2C642&ssl=1&resize=1050%2C600 3x"},"classes":[]},{"id":14606,"url":"https:\/\/larevistadigital.com.ar\/blog\/condenan-a-un-sujeto-por-estupro-y-amenazas\/","url_meta":{"origin":16891,"position":2},"title":"CONDENAN A UN SUJETO POR ESTUPRO Y AMENAZAS","author":"Alejandro Sosa Ruda","date":"4 febrero, 2020","format":false,"excerpt":"Tambi\u00e9n por haber violado una orden judicial. Los hechos seg\u00fan el fallo dictado en el Tribunal en lo Criminal n\u00ba 1 de Dolores fueron perpetrado en la localidad de Ostende. El Dr. Christian Rabaia actuando como Juez unipersonal del Tribunal en lo Criminal n\u00b0 1 de Dolores conden\u00f3 recientemente a\u2026","rel":"","context":"En \u00abREGIONALES\u00bb","block_context":{"text":"REGIONALES","link":"https:\/\/larevistadigital.com.ar\/blog\/category\/regionales\/"},"img":{"alt_text":"","src":"https:\/\/i0.wp.com\/larevistadigital.com.ar\/blog\/wp-content\/uploads\/Tribunales-de-Dolores.jpg?fit=759%2C379&ssl=1&resize=350%2C200","width":350,"height":200,"srcset":"https:\/\/i0.wp.com\/larevistadigital.com.ar\/blog\/wp-content\/uploads\/Tribunales-de-Dolores.jpg?fit=759%2C379&ssl=1&resize=350%2C200 1x, https:\/\/i0.wp.com\/larevistadigital.com.ar\/blog\/wp-content\/uploads\/Tribunales-de-Dolores.jpg?fit=759%2C379&ssl=1&resize=525%2C300 1.5x, https:\/\/i0.wp.com\/larevistadigital.com.ar\/blog\/wp-content\/uploads\/Tribunales-de-Dolores.jpg?fit=759%2C379&ssl=1&resize=700%2C400 2x"},"classes":[]},{"id":36661,"url":"https:\/\/larevistadigital.com.ar\/blog\/pinamar-incendio-en-ostende-mueren-una-mama-y-sus-dos-hijos\/","url_meta":{"origin":16891,"position":3},"title":"PINAMAR: INCENDIO EN OSTENDE, MUEREN UNA MAM\u00c1 Y SUS DOS HIJOS.","author":"Alejandro Sosa Ruda","date":"12 julio, 2024","format":false,"excerpt":"El tr\u00e1gico siniestro tuvo como \u00fanico sobreviviente al marido y padre de las criaturas fallecidas. Se encuentra en estado reservado. 11 de Julio de 2024 PINAMAR -\u00a0 En un tr\u00e1gico incendio ocurrido en una casilla de madera en Ostende, partido de Pinamar, una mujer y sus dos hijos peque\u00f1os, un\u2026","rel":"","context":"En \u00abPOLICIALES\u00bb","block_context":{"text":"POLICIALES","link":"https:\/\/larevistadigital.com.ar\/blog\/category\/policiales\/"},"img":{"alt_text":"","src":"https:\/\/i0.wp.com\/larevistadigital.com.ar\/blog\/wp-content\/uploads\/7caf4855692354f8a6500f206e29dd206135645d.jpg?fit=1140%2C642&ssl=1&resize=350%2C200","width":350,"height":200,"srcset":"https:\/\/i0.wp.com\/larevistadigital.com.ar\/blog\/wp-content\/uploads\/7caf4855692354f8a6500f206e29dd206135645d.jpg?fit=1140%2C642&ssl=1&resize=350%2C200 1x, https:\/\/i0.wp.com\/larevistadigital.com.ar\/blog\/wp-content\/uploads\/7caf4855692354f8a6500f206e29dd206135645d.jpg?fit=1140%2C642&ssl=1&resize=525%2C300 1.5x, https:\/\/i0.wp.com\/larevistadigital.com.ar\/blog\/wp-content\/uploads\/7caf4855692354f8a6500f206e29dd206135645d.jpg?fit=1140%2C642&ssl=1&resize=700%2C400 2x, https:\/\/i0.wp.com\/larevistadigital.com.ar\/blog\/wp-content\/uploads\/7caf4855692354f8a6500f206e29dd206135645d.jpg?fit=1140%2C642&ssl=1&resize=1050%2C600 3x"},"classes":[]},{"id":34873,"url":"https:\/\/larevistadigital.com.ar\/blog\/pinamar-condenan-a-ex-concejal-por-abuso-agravado-contra-una-menor-a-16-anos-de-carcel\/","url_meta":{"origin":16891,"position":4},"title":"PINAMAR: CONDENAN A EX CONCEJAL POR ABUSO AGRAVADO CONTRA UNA MENOR A 16 A\u00d1OS DE CARCEL","author":"Alejandro Sosa Ruda","date":"18 diciembre, 2023","format":false,"excerpt":"Claudio Galarza estaba detenido desde 2018. Roc\u00edo Ayel\u00e9n Salazar, su pareja, fue sentenciada a 10 a\u00f1os de prisi\u00f3n por facilitar el abuso. 18 de diciembre de 2023 PINAMAR -\u00a0\u00a0Claudio Marcelo Galarza, ex concejal de Pinamar, fue condenado a 16 a\u00f1os de prisi\u00f3n por abuso sexual agravado en perjuicio de una\u2026","rel":"","context":"En \u00abPOLICIALES\u00bb","block_context":{"text":"POLICIALES","link":"https:\/\/larevistadigital.com.ar\/blog\/category\/policiales\/"},"img":{"alt_text":"","src":"https:\/\/i0.wp.com\/larevistadigital.com.ar\/blog\/wp-content\/uploads\/20231215150651_whatsapp-image-2023-12-15-at-15-04-30.jpg?fit=880%2C512&ssl=1&resize=350%2C200","width":350,"height":200,"srcset":"https:\/\/i0.wp.com\/larevistadigital.com.ar\/blog\/wp-content\/uploads\/20231215150651_whatsapp-image-2023-12-15-at-15-04-30.jpg?fit=880%2C512&ssl=1&resize=350%2C200 1x, https:\/\/i0.wp.com\/larevistadigital.com.ar\/blog\/wp-content\/uploads\/20231215150651_whatsapp-image-2023-12-15-at-15-04-30.jpg?fit=880%2C512&ssl=1&resize=525%2C300 1.5x, https:\/\/i0.wp.com\/larevistadigital.com.ar\/blog\/wp-content\/uploads\/20231215150651_whatsapp-image-2023-12-15-at-15-04-30.jpg?fit=880%2C512&ssl=1&resize=700%2C400 2x"},"classes":[]},{"id":27040,"url":"https:\/\/larevistadigital.com.ar\/blog\/ostende-violento-robo-a-familia-trabajadora\/","url_meta":{"origin":16891,"position":5},"title":"OSTENDE: VIOLENTO ROBO A FAMILIA TRABAJADORA","author":"Alejandro Sosa Ruda","date":"7 agosto, 2022","format":false,"excerpt":"Los delincuentes ingresaron a la vivienda a cara descubierta y golpearon a los due\u00f1os de casa pidiendo dinero. Un robo con caracter\u00edsticas similares ocurri\u00f3 d\u00edas pasados el empresario Jos\u00e9 Alba en la zona norte de Pinamar. OSTENDE -\u00a0 \u00a0El hecho se produjo en una vivienda ubicada en la calle Repetto\u2026","rel":"","context":"En \u00abPOLICIALES\u00bb","block_context":{"text":"POLICIALES","link":"https:\/\/larevistadigital.com.ar\/blog\/category\/policiales\/"},"img":{"alt_text":"","src":"https:\/\/i0.wp.com\/larevistadigital.com.ar\/blog\/wp-content\/uploads\/20220806154500_violento-robo-a-una-familia-trabajadora-de-ostende.jpg?fit=880%2C512&ssl=1&resize=350%2C200","width":350,"height":200,"srcset":"https:\/\/i0.wp.com\/larevistadigital.com.ar\/blog\/wp-content\/uploads\/20220806154500_violento-robo-a-una-familia-trabajadora-de-ostende.jpg?fit=880%2C512&ssl=1&resize=350%2C200 1x, https:\/\/i0.wp.com\/larevistadigital.com.ar\/blog\/wp-content\/uploads\/20220806154500_violento-robo-a-una-familia-trabajadora-de-ostende.jpg?fit=880%2C512&ssl=1&resize=525%2C300 1.5x, https:\/\/i0.wp.com\/larevistadigital.com.ar\/blog\/wp-content\/uploads\/20220806154500_violento-robo-a-una-familia-trabajadora-de-ostende.jpg?fit=880%2C512&ssl=1&resize=700%2C400 2x"},"classes":[]}],"_links":{"self":[{"href":"https:\/\/larevistadigital.com.ar\/blog\/wp-json\/wp\/v2\/posts\/16891","targetHints":{"allow":["GET"]}}],"collection":[{"href":"https:\/\/larevistadigital.com.ar\/blog\/wp-json\/wp\/v2\/posts"}],"about":[{"href":"https:\/\/larevistadigital.com.ar\/blog\/wp-json\/wp\/v2\/types\/post"}],"author":[{"embeddable":true,"href":"https:\/\/larevistadigital.com.ar\/blog\/wp-json\/wp\/v2\/users\/3"}],"replies":[{"embeddable":true,"href":"https:\/\/larevistadigital.com.ar\/blog\/wp-json\/wp\/v2\/comments?post=16891"}],"version-history":[{"count":1,"href":"https:\/\/larevistadigital.com.ar\/blog\/wp-json\/wp\/v2\/posts\/16891\/revisions"}],"predecessor-version":[{"id":16893,"href":"https:\/\/larevistadigital.com.ar\/blog\/wp-json\/wp\/v2\/posts\/16891\/revisions\/16893"}],"wp:featuredmedia":[{"embeddable":true,"href":"https:\/\/larevistadigital.com.ar\/blog\/wp-json\/wp\/v2\/media\/16892"}],"wp:attachment":[{"href":"https:\/\/larevistadigital.com.ar\/blog\/wp-json\/wp\/v2\/media?parent=16891"}],"wp:term":[{"taxonomy":"category","embeddable":true,"href":"https:\/\/larevistadigital.com.ar\/blog\/wp-json\/wp\/v2\/categories?post=16891"},{"taxonomy":"post_tag","embeddable":true,"href":"https:\/\/larevistadigital.com.ar\/blog\/wp-json\/wp\/v2\/tags?post=16891"}],"curies":[{"name":"wp","href":"https:\/\/api.w.org\/{rel}","templated":true}]}}