{"id":16895,"date":"2020-10-10T14:02:32","date_gmt":"2020-10-10T14:02:32","guid":{"rendered":"https:\/\/larevistadigital.com.ar\/blog\/?p=16895"},"modified":"2020-10-10T14:02:32","modified_gmt":"2020-10-10T14:02:32","slug":"se-registraron-varios-incendios-en-sierra-de-los-padres","status":"publish","type":"post","link":"https:\/\/larevistadigital.com.ar\/blog\/se-registraron-varios-incendios-en-sierra-de-los-padres\/","title":{"rendered":"SE REGISTRARON VARIOS INCENDIOS EN SIERRA DE LOS PADRES"},"content":{"rendered":"<h2 class=\"nota__hero__summary\">Seg\u00fan informaron desde la Sociedad de Bomberos Voluntarios de la localidad serrana, el fuego afect\u00f3 a las zonas de \u201cEl abrojo\u201d y \u201cLa Serrana\u201d.<\/h2>\n<blockquote>\n<h3>En las \u00faltimas 48 horas, Sierra de los Padres se vio afectada por dos focos \u00edgneos registrados en \u201cEl Abrojo\u201d y \u201cLa Serrana\u201d, seg\u00fan informaron desde la Sociedad de Bomberos Voluntarios de Sierra de los Padres. El primer incendio fue sofocado mientras que el segundo a\u00fan se encuentra activo.<\/h3>\n<h3>\u00abHay un incendio que permanece en la sierra La Serrana que empez\u00f3 ayer entre las 19 y las 20 y estuvo quemando toda la noche\u201d, aseguraron y explicaron que actualmente hay un frente de fuego abierto de 300 metros aproximadamente.<\/h3>\n<\/blockquote>\n<p><strong><em>\u201cEstamos tratando de controlarlo para que no se desborde. No podemos decir que est\u00e1 controlado todav\u00eda\u00bb<\/em><\/strong>, expresaron desde la sociedad, alertando que ser\u00e1n cruciales las pr\u00f3ximas horas <strong><em>\u00abpara que no se meta dentro de los montes\u00bb<\/em><\/strong>.<\/p>\n<p>Sucede que los bomberos est\u00e1n trabajando \u00aba contrarreloj\u00bb para tratar de controlar las llamas antes de que rote el viento.<\/p>\n<p>publicado en entrelineas<\/p>\n","protected":false},"excerpt":{"rendered":"<div class=\"mh-excerpt\"><p>Seg\u00fan informaron desde la Sociedad de Bomberos Voluntarios de la localidad serrana, el fuego afect\u00f3 a las zonas de \u201cEl abrojo\u201d y \u201cLa Serrana\u201d. En las \u00faltimas 48 horas, Sierra de los Padres se vio <a class=\"mh-excerpt-more\" href=\"https:\/\/larevistadigital.com.ar\/blog\/se-registraron-varios-incendios-en-sierra-de-los-padres\/\" title=\"SE REGISTRARON VARIOS INCENDIOS EN SIERRA DE LOS PADRES\">[Leer M\u00e1s]<\/a><\/p>\n<\/div>","protected":false},"author":3,"featured_media":16896,"comment_status":"open","ping_status":"open","sticky":false,"template":"","format":"standard","meta":{"_jetpack_memberships_contains_paid_content":false,"footnotes":"","jetpack_publicize_message":"","jetpack_publicize_feature_enabled":true,"jetpack_social_post_already_shared":true,"jetpack_social_options":{"image_generator_settings":{"template":"highway","default_image_id":0,"font":"","enabled":false},"version":2}},"categories":[51],"tags":[],"class_list":{"0":"post-16895","1":"post","2":"type-post","3":"status-publish","4":"format-standard","5":"has-post-thumbnail","7":"category-regionales"},"jetpack_publicize_connections":[],"jetpack_featured_media_url":"https:\/\/i0.wp.com\/larevistadigital.com.ar\/blog\/wp-content\/uploads\/3f95d1a645b850a04c5eacadbe6337d254b4804b.jpg?fit=1140%2C761&ssl=1","jetpack_sharing_enabled":true,"jetpack_shortlink":"https:\/\/wp.me\/p8qtrQ-4ov","jetpack-related-posts":[{"id":35500,"url":"https:\/\/larevistadigital.com.ar\/blog\/terrible-incendio-en-laguna-de-los-padres-con-16-hectareas-consumidas-por-el-fuego\/","url_meta":{"origin":16895,"position":0},"title":"TERRIBLE INCENDIO EN LAGUNA DE LOS PADRES, CON 16 HECT\u00c1REAS CONSUMIDAS POR EL FUEGO","author":"Alejandro Sosa Ruda","date":"10 marzo, 2024","format":false,"excerpt":"Las llamas\u00a0quemaron a su paso \u00e1rboles de hasta 10 metros de altura, vegetaci\u00f3n y pastizales. Los bomberos\u00a0lograron contener el avance en todo el per\u00edmetro. 10 de marzo de 2024 SIERRA DE LOS PADRES -\u00a0 Tras seis arduas horas de labor, los esfuerzos conjuntos de los Bomberos Voluntarios de Sierra de\u2026","rel":"","context":"En \u00abREGIONALES\u00bb","block_context":{"text":"REGIONALES","link":"https:\/\/larevistadigital.com.ar\/blog\/category\/regionales\/"},"img":{"alt_text":"","src":"https:\/\/i0.wp.com\/larevistadigital.com.ar\/blog\/wp-content\/uploads\/Captura-de-pantalla-2024-03-10-224114.png?fit=811%2C411&ssl=1&resize=350%2C200","width":350,"height":200,"srcset":"https:\/\/i0.wp.com\/larevistadigital.com.ar\/blog\/wp-content\/uploads\/Captura-de-pantalla-2024-03-10-224114.png?fit=811%2C411&ssl=1&resize=350%2C200 1x, https:\/\/i0.wp.com\/larevistadigital.com.ar\/blog\/wp-content\/uploads\/Captura-de-pantalla-2024-03-10-224114.png?fit=811%2C411&ssl=1&resize=525%2C300 1.5x, https:\/\/i0.wp.com\/larevistadigital.com.ar\/blog\/wp-content\/uploads\/Captura-de-pantalla-2024-03-10-224114.png?fit=811%2C411&ssl=1&resize=700%2C400 2x"},"classes":[]},{"id":29339,"url":"https:\/\/larevistadigital.com.ar\/blog\/mar-del-plata-dos-hermanitos-de-4-y-6-anos-sufrieron-graves-quemaduras-en-un-incendio\/","url_meta":{"origin":16895,"position":1},"title":"MAR DEL PLATA: DOS HERMANITOS DE 4 Y 6 A\u00d1OS SUFRIERON GRAVES QUEMADURAS EN UN INCENDIO.","author":"Alejandro Sosa Ruda","date":"9 diciembre, 2022","format":false,"excerpt":"Ambos est\u00e1n internados en el Hospital Materno Infantil y uno de ellos se encuentra en la sala de terapia intensiva. El incendio ocurri\u00f3 en una vivienda de El Coyunco. 8 de diciembre de 2022 MAR DEL PLATA -\u00a0 Dos hermanos, de 4 y 6 a\u00f1os, sufrieron graves quemaduras al incendiarse\u2026","rel":"","context":"En \u00abPOLICIALES\u00bb","block_context":{"text":"POLICIALES","link":"https:\/\/larevistadigital.com.ar\/blog\/category\/policiales\/"},"img":{"alt_text":"","src":"https:\/\/i0.wp.com\/larevistadigital.com.ar\/blog\/wp-content\/uploads\/NENES.jpg?fit=797%2C466&ssl=1&resize=350%2C200","width":350,"height":200,"srcset":"https:\/\/i0.wp.com\/larevistadigital.com.ar\/blog\/wp-content\/uploads\/NENES.jpg?fit=797%2C466&ssl=1&resize=350%2C200 1x, https:\/\/i0.wp.com\/larevistadigital.com.ar\/blog\/wp-content\/uploads\/NENES.jpg?fit=797%2C466&ssl=1&resize=525%2C300 1.5x, https:\/\/i0.wp.com\/larevistadigital.com.ar\/blog\/wp-content\/uploads\/NENES.jpg?fit=797%2C466&ssl=1&resize=700%2C400 2x"},"classes":[]},{"id":40132,"url":"https:\/\/larevistadigital.com.ar\/blog\/comarca-serrana-nevadas-en-villa-ventana-y-el-parque-tornquist\/","url_meta":{"origin":16895,"position":2},"title":"Comarca serrana: Nevadas en Villa Ventana y el Parque Tornquist","author":"Alejandro Sosa Ruda","date":"23 junio, 2025","format":false,"excerpt":"Desde las 13 hs de este domingo, comenz\u00f3 a nevar en la comarca serrana del suroeste bonaerense. Los primeros copos cayeron en el sector del Parque Provincial Ernesto Tornquist y en la zona urbana de Villa Ventana. 23 de Junio de 2025 BUENOS AIRES -\u00a0 \u00a0Este domingo a partir de\u2026","rel":"","context":"En \u00abREGIONALES\u00bb","block_context":{"text":"REGIONALES","link":"https:\/\/larevistadigital.com.ar\/blog\/category\/regionales\/"},"img":{"alt_text":"","src":"https:\/\/i0.wp.com\/larevistadigital.com.ar\/blog\/wp-content\/uploads\/20250623155158_nevadas-villa-ventana-parque-tornquist.jpg?fit=880%2C512&ssl=1&resize=350%2C200","width":350,"height":200,"srcset":"https:\/\/i0.wp.com\/larevistadigital.com.ar\/blog\/wp-content\/uploads\/20250623155158_nevadas-villa-ventana-parque-tornquist.jpg?fit=880%2C512&ssl=1&resize=350%2C200 1x, https:\/\/i0.wp.com\/larevistadigital.com.ar\/blog\/wp-content\/uploads\/20250623155158_nevadas-villa-ventana-parque-tornquist.jpg?fit=880%2C512&ssl=1&resize=525%2C300 1.5x, https:\/\/i0.wp.com\/larevistadigital.com.ar\/blog\/wp-content\/uploads\/20250623155158_nevadas-villa-ventana-parque-tornquist.jpg?fit=880%2C512&ssl=1&resize=700%2C400 2x"},"classes":[]},{"id":37023,"url":"https:\/\/larevistadigital.com.ar\/blog\/gualeguaychu-colosal-incendio-en-parque-industrial\/","url_meta":{"origin":16895,"position":3},"title":"GUALEGUAYCH\u00da: COLOSAL INCENDIO EN PARQUE INDUSTRIAL","author":"Alejandro Sosa Ruda","date":"20 agosto, 2024","format":false,"excerpt":"Un incendio de gran magnitud se desat\u00f3 esta ma\u00f1ana. Se quem\u00f3 gran cantidad de resina de pino, utilizada para la fabricaci\u00f3n de \u201ccolofonia\u201d. Los detalles. 20 de Agosto de 2024 GUALEGUAYCH\u00da -\u00a0 \u00a0Una intensa columna de humo cubri\u00f3 el cielo de Gualeguaych\u00fa la ma\u00f1ana de este martes, debido a un\u2026","rel":"","context":"En \u00abINTERES GENERAL\u00bb","block_context":{"text":"INTERES GENERAL","link":"https:\/\/larevistadigital.com.ar\/blog\/category\/interes-general\/"},"img":{"alt_text":"","src":"https:\/\/i0.wp.com\/larevistadigital.com.ar\/blog\/wp-content\/uploads\/incendio-gualeguaychu.png?fit=873%2C476&ssl=1&resize=350%2C200","width":350,"height":200,"srcset":"https:\/\/i0.wp.com\/larevistadigital.com.ar\/blog\/wp-content\/uploads\/incendio-gualeguaychu.png?fit=873%2C476&ssl=1&resize=350%2C200 1x, https:\/\/i0.wp.com\/larevistadigital.com.ar\/blog\/wp-content\/uploads\/incendio-gualeguaychu.png?fit=873%2C476&ssl=1&resize=525%2C300 1.5x, https:\/\/i0.wp.com\/larevistadigital.com.ar\/blog\/wp-content\/uploads\/incendio-gualeguaychu.png?fit=873%2C476&ssl=1&resize=700%2C400 2x"},"classes":[]},{"id":17402,"url":"https:\/\/larevistadigital.com.ar\/blog\/incendio-consumio-40-hectareas-de-parque-pereyra\/","url_meta":{"origin":16895,"position":4},"title":"INCENDIO CONSUMI\u00d3 40 HECT\u00c1REAS DE PARQUE PEREYRA","author":"Alejandro Sosa Ruda","date":"2 noviembre, 2020","format":false,"excerpt":"Un incendio de grandes dimensiones consumi\u00f3 unas 40 hect\u00e1reas de vegetaci\u00f3n en el interior del Parque Pereyra Iraola. Bomberos de distintos cuarteles trabajaron durante varias horas y pudieron controlar y extinguir las llamas. El fuego se desat\u00f3 el s\u00e1bado por la noche cerca del acceso de Camino General Belgrano y\u2026","rel":"","context":"En \u00abREGIONALES\u00bb","block_context":{"text":"REGIONALES","link":"https:\/\/larevistadigital.com.ar\/blog\/category\/regionales\/"},"img":{"alt_text":"","src":"https:\/\/i0.wp.com\/larevistadigital.com.ar\/blog\/wp-content\/uploads\/20201102090308_123666837_1279485735717812_6972570969218456954_n.jpg?fit=880%2C586&ssl=1&resize=350%2C200","width":350,"height":200,"srcset":"https:\/\/i0.wp.com\/larevistadigital.com.ar\/blog\/wp-content\/uploads\/20201102090308_123666837_1279485735717812_6972570969218456954_n.jpg?fit=880%2C586&ssl=1&resize=350%2C200 1x, https:\/\/i0.wp.com\/larevistadigital.com.ar\/blog\/wp-content\/uploads\/20201102090308_123666837_1279485735717812_6972570969218456954_n.jpg?fit=880%2C586&ssl=1&resize=525%2C300 1.5x, https:\/\/i0.wp.com\/larevistadigital.com.ar\/blog\/wp-content\/uploads\/20201102090308_123666837_1279485735717812_6972570969218456954_n.jpg?fit=880%2C586&ssl=1&resize=700%2C400 2x"},"classes":[]},{"id":28345,"url":"https:\/\/larevistadigital.com.ar\/blog\/iban-alcoholizados-por-la-ruta-266-y-volcaron-en-sierra-de-los-padres\/","url_meta":{"origin":16895,"position":5},"title":"IBAN ALCOHOLIZADOS POR LA RUTA 266 Y VOLCARON EN SIERRA DE LOS PADRES","author":"Alejandro Sosa Ruda","date":"10 octubre, 2022","format":false,"excerpt":"El conductor de un Renault Kwid perdi\u00f3 el control del veh\u00edculo al llegar al paraje \"El Coyunco\". El test de alcoholemia arroj\u00f3 que ten\u00eda 2 g\/l de alcohol en sangre. Su acompa\u00f1ante tambi\u00e9n estaba alcoholizado, seg\u00fan inform\u00f3 la polic\u00eda. 10 de octubre de 2022 SIERRA DE LOS PADRES -\u00a0 Dos\u2026","rel":"","context":"En \u00abPOLICIALES\u00bb","block_context":{"text":"POLICIALES","link":"https:\/\/larevistadigital.com.ar\/blog\/category\/policiales\/"},"img":{"alt_text":"","src":"https:\/\/i0.wp.com\/larevistadigital.com.ar\/blog\/wp-content\/uploads\/vuelco.jpg?fit=802%2C418&ssl=1&resize=350%2C200","width":350,"height":200,"srcset":"https:\/\/i0.wp.com\/larevistadigital.com.ar\/blog\/wp-content\/uploads\/vuelco.jpg?fit=802%2C418&ssl=1&resize=350%2C200 1x, https:\/\/i0.wp.com\/larevistadigital.com.ar\/blog\/wp-content\/uploads\/vuelco.jpg?fit=802%2C418&ssl=1&resize=525%2C300 1.5x, https:\/\/i0.wp.com\/larevistadigital.com.ar\/blog\/wp-content\/uploads\/vuelco.jpg?fit=802%2C418&ssl=1&resize=700%2C400 2x"},"classes":[]}],"_links":{"self":[{"href":"https:\/\/larevistadigital.com.ar\/blog\/wp-json\/wp\/v2\/posts\/16895","targetHints":{"allow":["GET"]}}],"collection":[{"href":"https:\/\/larevistadigital.com.ar\/blog\/wp-json\/wp\/v2\/posts"}],"about":[{"href":"https:\/\/larevistadigital.com.ar\/blog\/wp-json\/wp\/v2\/types\/post"}],"author":[{"embeddable":true,"href":"https:\/\/larevistadigital.com.ar\/blog\/wp-json\/wp\/v2\/users\/3"}],"replies":[{"embeddable":true,"href":"https:\/\/larevistadigital.com.ar\/blog\/wp-json\/wp\/v2\/comments?post=16895"}],"version-history":[{"count":1,"href":"https:\/\/larevistadigital.com.ar\/blog\/wp-json\/wp\/v2\/posts\/16895\/revisions"}],"predecessor-version":[{"id":16897,"href":"https:\/\/larevistadigital.com.ar\/blog\/wp-json\/wp\/v2\/posts\/16895\/revisions\/16897"}],"wp:featuredmedia":[{"embeddable":true,"href":"https:\/\/larevistadigital.com.ar\/blog\/wp-json\/wp\/v2\/media\/16896"}],"wp:attachment":[{"href":"https:\/\/larevistadigital.com.ar\/blog\/wp-json\/wp\/v2\/media?parent=16895"}],"wp:term":[{"taxonomy":"category","embeddable":true,"href":"https:\/\/larevistadigital.com.ar\/blog\/wp-json\/wp\/v2\/categories?post=16895"},{"taxonomy":"post_tag","embeddable":true,"href":"https:\/\/larevistadigital.com.ar\/blog\/wp-json\/wp\/v2\/tags?post=16895"}],"curies":[{"name":"wp","href":"https:\/\/api.w.org\/{rel}","templated":true}]}}