{"id":16898,"date":"2020-10-10T14:37:44","date_gmt":"2020-10-10T14:37:44","guid":{"rendered":"https:\/\/larevistadigital.com.ar\/blog\/?p=16898"},"modified":"2020-10-10T14:37:44","modified_gmt":"2020-10-10T14:37:44","slug":"video-violento-enfrentamiento-entre-trabajadores-petroleros-en-ensenada","status":"publish","type":"post","link":"https:\/\/larevistadigital.com.ar\/blog\/video-violento-enfrentamiento-entre-trabajadores-petroleros-en-ensenada\/","title":{"rendered":"[VIDEO] VIOLENTO ENFRENTAMIENTO ENTRE TRABAJADORES PETROLEROS EN ENSENADA"},"content":{"rendered":"<h2 class=\"ffalt fz10 ctext ttu bdb bdtextlight\"><strong>Un violento enfrentamiento se produjo esta tarde entre trabajadores petroleros frente al SUPeH de calle Ortiz de Rosas y Cabo Verde, que arrojo como saldo varios heridos con balas de goma ya que tuvo que intervenir la polic\u00eda en medio de dos bandos muy numerosos de trabajadores del sector.<\/strong><\/h2>\n<div class=\"flr g10 fparrafo ctext fz16 lh26 mb20 \">\n<div class=\"wysiwyg mb15 ovh\">\n<p class=\"selectionShareable\">Todo se habr\u00eda originado cuando los\u00a0<strong>cuerpos de delegados de YPF y Emprendimientos<\/strong>\u00a0realizaron una convocatoria para acompa\u00f1ar a\u00a0tres trabajadores que fueron designados para entregar un petitorio con distintas demandas en la\u00a0<strong>sede sindical de SUPeH<\/strong>. Pero aparentemente militantes afines a la conducci\u00f3n del gremio que lidera <strong>Ram\u00f3n Garaza<\/strong>, comenzaron a abalanzarse contra las tres personas designadas para entregar el escrito.\u00a0Fue entonces que quienes lo fueron a acompa\u00f1ar, no menos de 500 trabajadores,\u00a0salieron a defenderlos y ah\u00ed se produjo el choque, tal como muestra el video que acompa\u00f1a esta nota.<\/p>\n<p><span class=\"embed-youtube\" style=\"text-align:center; display: block;\"><iframe loading=\"lazy\" class=\"youtube-player\" width=\"640\" height=\"360\" src=\"https:\/\/www.youtube.com\/embed\/Zfdfbfcb_gw?version=3&#038;rel=1&#038;showsearch=0&#038;showinfo=1&#038;iv_load_policy=1&#038;fs=1&#038;hl=es-ES&#038;autohide=2&#038;wmode=transparent\" allowfullscreen=\"true\" style=\"border:0;\" sandbox=\"allow-scripts allow-same-origin allow-popups allow-presentation allow-popups-to-escape-sandbox\"><\/iframe><\/span><\/p>\n<p class=\"selectionShareable\"><strong>La Agrupaci\u00f3n Sindical Petrolera 11 de Agosto y la Asociaci\u00f3n de los Trabajadores Petroleros<\/strong>, denunciaron esta situaci\u00f3n y en un comunicado se\u00f1alaron: <strong><em>\u00abLa polic\u00eda hiri\u00f3 con balas de gomas a varios compa\u00f1eros\u00bb<\/em><\/strong>, y agregaron: <strong><em>\u00abHacemos responsables de esta situaci\u00f3n a todos los miembros de la comisi\u00f3n directiva del SUPeH porque consideramos que instigaron a este enfrentamiento violento entre trabajadores petroleros, nos mintieron cuando nos dijeron que nos esperaban para recibir los reclamos, tambi\u00e9n mintieron cuando dijeron que quer\u00edan oir a los trabajadores, y nos esperaron con un grupo de choque y la Polic\u00eda\u00bb.<\/em><\/strong><\/p>\n<p class=\"selectionShareable\">Desde el otro sector desmintieron las versiones y se\u00f1alaron que nada tuvieron que ver con los hechos generados en los alrededores de la sede sindical.<\/p>\n<p class=\"selectionShareable\">Cabe destacar que hace unos d\u00edas el SUPeH hab\u00eda anunciado un acuerdo de paritarias (ver m\u00e1s abajo noticias relacionadas) con el que evidentemente no todos est\u00e1n conformes.<\/p>\n<p class=\"selectionShareable\"><strong>COMUNICADO DEL SUPEH<\/strong><\/p>\n<p class=\"selectionShareable\"><b>El siguiente es el comunicado emitido anoche por el SUPEH<\/b><\/p>\n<p><img data-recalc-dims=\"1\" loading=\"lazy\" decoding=\"async\" class=\"alignnone size-full wp-image-16899\" src=\"https:\/\/i0.wp.com\/larevistadigital.com.ar\/blog\/wp-content\/uploads\/20201010084423_d654db2a_ecf7_4c48_93fa_c5c249a00598.jpg?resize=730%2C1033&#038;ssl=1\" alt=\"\" width=\"730\" height=\"1033\" srcset=\"https:\/\/i0.wp.com\/larevistadigital.com.ar\/blog\/wp-content\/uploads\/20201010084423_d654db2a_ecf7_4c48_93fa_c5c249a00598.jpg?w=730&amp;ssl=1 730w, https:\/\/i0.wp.com\/larevistadigital.com.ar\/blog\/wp-content\/uploads\/20201010084423_d654db2a_ecf7_4c48_93fa_c5c249a00598.jpg?resize=212%2C300&amp;ssl=1 212w, https:\/\/i0.wp.com\/larevistadigital.com.ar\/blog\/wp-content\/uploads\/20201010084423_d654db2a_ecf7_4c48_93fa_c5c249a00598.jpg?resize=724%2C1024&amp;ssl=1 724w\" sizes=\"auto, (max-width: 730px) 100vw, 730px\" \/><\/p>\n<p>publicacion y video: eleditorplatense<\/p>\n<p>&nbsp;<\/p>\n<p>&nbsp;<\/p>\n<\/div>\n<\/div>\n","protected":false},"excerpt":{"rendered":"<div class=\"mh-excerpt\"><p>Un violento enfrentamiento se produjo esta tarde entre trabajadores petroleros frente al SUPeH de calle Ortiz de Rosas y Cabo Verde, que arrojo como saldo varios heridos con balas de goma ya que tuvo que <a class=\"mh-excerpt-more\" href=\"https:\/\/larevistadigital.com.ar\/blog\/video-violento-enfrentamiento-entre-trabajadores-petroleros-en-ensenada\/\" title=\"[VIDEO] VIOLENTO ENFRENTAMIENTO ENTRE TRABAJADORES PETROLEROS EN ENSENADA\">[Leer M\u00e1s]<\/a><\/p>\n<\/div>","protected":false},"author":3,"featured_media":16901,"comment_status":"open","ping_status":"open","sticky":false,"template":"","format":"standard","meta":{"_jetpack_memberships_contains_paid_content":false,"footnotes":"","jetpack_publicize_message":"","jetpack_publicize_feature_enabled":true,"jetpack_social_post_already_shared":true,"jetpack_social_options":{"image_generator_settings":{"template":"highway","default_image_id":0,"font":"","enabled":false},"version":2}},"categories":[10,51],"tags":[],"class_list":{"0":"post-16898","1":"post","2":"type-post","3":"status-publish","4":"format-standard","5":"has-post-thumbnail","7":"category-gremiales","8":"category-regionales"},"jetpack_publicize_connections":[],"jetpack_featured_media_url":"https:\/\/i0.wp.com\/larevistadigital.com.ar\/blog\/wp-content\/uploads\/Screenshot_1-159.jpg?fit=998%2C474&ssl=1","jetpack_sharing_enabled":true,"jetpack_shortlink":"https:\/\/wp.me\/p8qtrQ-4oy","jetpack-related-posts":[{"id":20673,"url":"https:\/\/larevistadigital.com.ar\/blog\/paritarias-petroleros-cerraron-aumentos-para-trabajadores-de-refinerias\/","url_meta":{"origin":16898,"position":0},"title":"PARITARIAS: PETROLEROS CERRARON AUMENTOS PARA TRABAJADORES DE REFINER\u00cdAS","author":"Alejandro Sosa Ruda","date":"9 junio, 2021","format":false,"excerpt":"La FASiPeGyBio activ\u00f3 la revisi\u00f3n salarial y firm\u00f3 la paritaria 2021 del sector, con la posibilidad de reabrir la negociaci\u00f3n antes de finalizar el per\u00edodo convenido. La Federaci\u00f3n Argentina de Petroleros, Gas y Biocombustible (FASiPeGyBio) consigui\u00f3 cerrar la revisi\u00f3n salarial 2020 y la pauta salarial del corriente a\u00f1o, logrando de\u2026","rel":"","context":"En \u00abGREMIALES\u00bb","block_context":{"text":"GREMIALES","link":"https:\/\/larevistadigital.com.ar\/blog\/category\/gremiales\/"},"img":{"alt_text":"","src":"https:\/\/i0.wp.com\/larevistadigital.com.ar\/blog\/wp-content\/uploads\/PGP_680-scaled-1.jpeg?fit=1200%2C900&ssl=1&resize=350%2C200","width":350,"height":200,"srcset":"https:\/\/i0.wp.com\/larevistadigital.com.ar\/blog\/wp-content\/uploads\/PGP_680-scaled-1.jpeg?fit=1200%2C900&ssl=1&resize=350%2C200 1x, https:\/\/i0.wp.com\/larevistadigital.com.ar\/blog\/wp-content\/uploads\/PGP_680-scaled-1.jpeg?fit=1200%2C900&ssl=1&resize=525%2C300 1.5x, https:\/\/i0.wp.com\/larevistadigital.com.ar\/blog\/wp-content\/uploads\/PGP_680-scaled-1.jpeg?fit=1200%2C900&ssl=1&resize=700%2C400 2x, https:\/\/i0.wp.com\/larevistadigital.com.ar\/blog\/wp-content\/uploads\/PGP_680-scaled-1.jpeg?fit=1200%2C900&ssl=1&resize=1050%2C600 3x"},"classes":[]},{"id":1669,"url":"https:\/\/larevistadigital.com.ar\/blog\/fuerte-apoyo-de-la-provincia-al-plan-de-lucha-de-los-trabajadores-petroleros\/","url_meta":{"origin":16898,"position":1},"title":"Fuerte apoyo de la provincia al plan de lucha de los trabajadores petroleros","author":"editor","date":"27 marzo, 2017","format":false,"excerpt":"Tanto la Provincia como la Intendencia local ratificaron su apoyo al plan de lucha del sindicato petrolero, y exigen que al gobierno nacional que se le d\u00e9 a Chubut, los mismos beneficios que a Neuqu\u00e9n en materia de gas y petr\u00f3leo. El gobernador Das Neves pidi\u00f3 a sus ministros estar\u2026","rel":"","context":"En \u00abGREMIALES\u00bb","block_context":{"text":"GREMIALES","link":"https:\/\/larevistadigital.com.ar\/blog\/category\/gremiales\/"},"img":{"alt_text":"","src":"https:\/\/i0.wp.com\/larevistadigital.com.ar\/blog\/wp-content\/uploads\/2017\/03\/20170326122647_carlos_linares_baja.jpg?fit=620%2C370&ssl=1&resize=350%2C200","width":350,"height":200,"srcset":"https:\/\/i0.wp.com\/larevistadigital.com.ar\/blog\/wp-content\/uploads\/2017\/03\/20170326122647_carlos_linares_baja.jpg?fit=620%2C370&ssl=1&resize=350%2C200 1x, https:\/\/i0.wp.com\/larevistadigital.com.ar\/blog\/wp-content\/uploads\/2017\/03\/20170326122647_carlos_linares_baja.jpg?fit=620%2C370&ssl=1&resize=525%2C300 1.5x"},"classes":[]},{"id":38442,"url":"https:\/\/larevistadigital.com.ar\/blog\/accidente-en-ruta-5-con-el-saldo-de-cinco-petroleros-heridos\/","url_meta":{"origin":16898,"position":2},"title":"Accidente en ruta 5 con el saldo de cinco petroleros heridos","author":"Alejandro Sosa Ruda","date":"8 enero, 2025","format":false,"excerpt":"08 de Enero de 2025 Esta ma\u00f1ana, un accidente vial dej\u00f3 varios trabajadores petroleros heridos frente a la entrada del yacimiento El Trapial, sobre la Ruta Provincial N\u00b05, a unos kil\u00f3metros de Rinc\u00f3n de los Sauces. El siniestro involucr\u00f3 a un veh\u00edculo que transportaba personal hacia el yacimiento, seg\u00fan informaron\u2026","rel":"","context":"En \u00abINTERES GENERAL\u00bb","block_context":{"text":"INTERES GENERAL","link":"https:\/\/larevistadigital.com.ar\/blog\/category\/interes-general\/"},"img":{"alt_text":"","src":"https:\/\/i0.wp.com\/larevistadigital.com.ar\/blog\/wp-content\/uploads\/FOTO-ACCIDENTE-RUTA-5.jpg?fit=855%2C900&ssl=1&resize=350%2C200","width":350,"height":200,"srcset":"https:\/\/i0.wp.com\/larevistadigital.com.ar\/blog\/wp-content\/uploads\/FOTO-ACCIDENTE-RUTA-5.jpg?fit=855%2C900&ssl=1&resize=350%2C200 1x, https:\/\/i0.wp.com\/larevistadigital.com.ar\/blog\/wp-content\/uploads\/FOTO-ACCIDENTE-RUTA-5.jpg?fit=855%2C900&ssl=1&resize=525%2C300 1.5x, https:\/\/i0.wp.com\/larevistadigital.com.ar\/blog\/wp-content\/uploads\/FOTO-ACCIDENTE-RUTA-5.jpg?fit=855%2C900&ssl=1&resize=700%2C400 2x"},"classes":[]},{"id":20686,"url":"https:\/\/larevistadigital.com.ar\/blog\/violento-choque-en-la-ruta-11-con-saldo-de-8-heridos\/","url_meta":{"origin":16898,"position":3},"title":"VIOLENTO CHOQUE EN LA RUTA 11 CON SALDO DE 8 HERIDOS","author":"Alejandro Sosa Ruda","date":"9 junio, 2021","format":false,"excerpt":"Ocho heridos\u00a0fue el saldo que dej\u00f3 este mi\u00e9rcoles un\u00a0violento choque\u00a0entre una camioneta y un auto en la ruta 11, seg\u00fan informaron fuentes policiales. El accidente ocurri\u00f3 cerca de las 8.30 de la autov\u00eda en la autov\u00eda que une Santa Clara del Mar con Mar del Plata cuando, por causas que\u2026","rel":"","context":"En \u00abREGIONALES\u00bb","block_context":{"text":"REGIONALES","link":"https:\/\/larevistadigital.com.ar\/blog\/category\/regionales\/"},"img":{"alt_text":"","src":"https:\/\/i0.wp.com\/larevistadigital.com.ar\/blog\/wp-content\/uploads\/choque-mar-del-platajunio-2021.jpg?fit=770%2C577&ssl=1&resize=350%2C200","width":350,"height":200,"srcset":"https:\/\/i0.wp.com\/larevistadigital.com.ar\/blog\/wp-content\/uploads\/choque-mar-del-platajunio-2021.jpg?fit=770%2C577&ssl=1&resize=350%2C200 1x, https:\/\/i0.wp.com\/larevistadigital.com.ar\/blog\/wp-content\/uploads\/choque-mar-del-platajunio-2021.jpg?fit=770%2C577&ssl=1&resize=525%2C300 1.5x, https:\/\/i0.wp.com\/larevistadigital.com.ar\/blog\/wp-content\/uploads\/choque-mar-del-platajunio-2021.jpg?fit=770%2C577&ssl=1&resize=700%2C400 2x"},"classes":[]},{"id":14258,"url":"https:\/\/larevistadigital.com.ar\/blog\/mar-del-plata-violento-vuelco-en-punta-mogotes-con-tres-hospitalizados\/","url_meta":{"origin":16898,"position":4},"title":"MAR DEL PLATA: VIOLENTO VUELCO EN PUNTA MOGOTES CON TRES HOSPITALIZADOS","author":"Alejandro Sosa Ruda","date":"19 enero, 2020","format":false,"excerpt":"El siniestro se registr\u00f3 alrededor de las 9 sobre Avenida de Los Trabajadores al 1500.\u00a0 Tres personas trasladadas al Hospital Interzonal General de Agudos (Higa) fue el saldo que dej\u00f3 un impactante vuelco que\u00a0se registr\u00f3 en horas de la ma\u00f1ana de este domingo en la zona de Punta Mogotes. El\u2026","rel":"","context":"En \u00abPOLICIALES\u00bb","block_context":{"text":"POLICIALES","link":"https:\/\/larevistadigital.com.ar\/blog\/category\/policiales\/"},"img":{"alt_text":"","src":"https:\/\/i0.wp.com\/larevistadigital.com.ar\/blog\/wp-content\/uploads\/1579438155619.jpeg?fit=790%2C444&ssl=1&resize=350%2C200","width":350,"height":200,"srcset":"https:\/\/i0.wp.com\/larevistadigital.com.ar\/blog\/wp-content\/uploads\/1579438155619.jpeg?fit=790%2C444&ssl=1&resize=350%2C200 1x, https:\/\/i0.wp.com\/larevistadigital.com.ar\/blog\/wp-content\/uploads\/1579438155619.jpeg?fit=790%2C444&ssl=1&resize=525%2C300 1.5x, https:\/\/i0.wp.com\/larevistadigital.com.ar\/blog\/wp-content\/uploads\/1579438155619.jpeg?fit=790%2C444&ssl=1&resize=700%2C400 2x"},"classes":[]},{"id":786,"url":"https:\/\/larevistadigital.com.ar\/blog\/gremio-smata-no-participara-la-movilizacion-parara-las-ultimas-cuatro-horas-laborales\/","url_meta":{"origin":16898,"position":5},"title":"El gremio SMATA no participar\u00e1 de la movilizaci\u00f3n, pero parar\u00e1 durante las \u00faltimas cuatro horas laborales","author":"editor","date":"8 marzo, 2017","format":false,"excerpt":"Desde el gremio SMATA informaron que los mec\u00e1nicos que participan del Movimiento de Acci\u00f3n Sindical Argentino (M.A.S.A.) tomaron la decisi\u00f3n de no participar de la movilizaci\u00f3n de hoy 7 de marzo. Agregando que s\u00ed acompa\u00f1ar\u00e1n desde cada empresa representada en los convenios colectivos de trabajo celebrados por dicho gremio con\u2026","rel":"","context":"En \u00abLOCAL Y DE LA ZONA\u00bb","block_context":{"text":"LOCAL Y DE LA ZONA","link":"https:\/\/larevistadigital.com.ar\/blog\/category\/gremiales\/local-y-de-la-zona\/"},"img":{"alt_text":"","src":"https:\/\/i0.wp.com\/larevistadigital.com.ar\/blog\/wp-content\/uploads\/2017\/03\/smata_24defebrerode2017_elfuerte.jpg?fit=824%2C471&ssl=1&resize=350%2C200","width":350,"height":200,"srcset":"https:\/\/i0.wp.com\/larevistadigital.com.ar\/blog\/wp-content\/uploads\/2017\/03\/smata_24defebrerode2017_elfuerte.jpg?fit=824%2C471&ssl=1&resize=350%2C200 1x, https:\/\/i0.wp.com\/larevistadigital.com.ar\/blog\/wp-content\/uploads\/2017\/03\/smata_24defebrerode2017_elfuerte.jpg?fit=824%2C471&ssl=1&resize=525%2C300 1.5x, https:\/\/i0.wp.com\/larevistadigital.com.ar\/blog\/wp-content\/uploads\/2017\/03\/smata_24defebrerode2017_elfuerte.jpg?fit=824%2C471&ssl=1&resize=700%2C400 2x"},"classes":[]}],"_links":{"self":[{"href":"https:\/\/larevistadigital.com.ar\/blog\/wp-json\/wp\/v2\/posts\/16898","targetHints":{"allow":["GET"]}}],"collection":[{"href":"https:\/\/larevistadigital.com.ar\/blog\/wp-json\/wp\/v2\/posts"}],"about":[{"href":"https:\/\/larevistadigital.com.ar\/blog\/wp-json\/wp\/v2\/types\/post"}],"author":[{"embeddable":true,"href":"https:\/\/larevistadigital.com.ar\/blog\/wp-json\/wp\/v2\/users\/3"}],"replies":[{"embeddable":true,"href":"https:\/\/larevistadigital.com.ar\/blog\/wp-json\/wp\/v2\/comments?post=16898"}],"version-history":[{"count":1,"href":"https:\/\/larevistadigital.com.ar\/blog\/wp-json\/wp\/v2\/posts\/16898\/revisions"}],"predecessor-version":[{"id":16902,"href":"https:\/\/larevistadigital.com.ar\/blog\/wp-json\/wp\/v2\/posts\/16898\/revisions\/16902"}],"wp:featuredmedia":[{"embeddable":true,"href":"https:\/\/larevistadigital.com.ar\/blog\/wp-json\/wp\/v2\/media\/16901"}],"wp:attachment":[{"href":"https:\/\/larevistadigital.com.ar\/blog\/wp-json\/wp\/v2\/media?parent=16898"}],"wp:term":[{"taxonomy":"category","embeddable":true,"href":"https:\/\/larevistadigital.com.ar\/blog\/wp-json\/wp\/v2\/categories?post=16898"},{"taxonomy":"post_tag","embeddable":true,"href":"https:\/\/larevistadigital.com.ar\/blog\/wp-json\/wp\/v2\/tags?post=16898"}],"curies":[{"name":"wp","href":"https:\/\/api.w.org\/{rel}","templated":true}]}}