{"id":16903,"date":"2020-10-10T14:50:58","date_gmt":"2020-10-10T14:50:58","guid":{"rendered":"https:\/\/larevistadigital.com.ar\/blog\/?p=16903"},"modified":"2020-10-10T14:51:29","modified_gmt":"2020-10-10T14:51:29","slug":"kicillof-anuncio-las-actividades-que-se-abriran-en-amba-desde-el-19-de-octubre","status":"publish","type":"post","link":"https:\/\/larevistadigital.com.ar\/blog\/kicillof-anuncio-las-actividades-que-se-abriran-en-amba-desde-el-19-de-octubre\/","title":{"rendered":"KICILLOF ANUNCI\u00d3 LAS ACTIVIDADES QUE SE ABRIRAN EN AMBA DESDE EL 19 DE OCTUBRE"},"content":{"rendered":"<h2 class=\"negrita\">Restaurantes, bares y gimnasios podr\u00e1n trabajar al aire libre en la medida en que los casos contin\u00faen bajando cada 15 d\u00edas. Tambi\u00e9n abren salidas recreativas.<\/h2>\n<p>El gobernador bonaerense\u00a0<strong>Axel Kicillof<\/strong>\u00a0brind\u00f3 este s\u00e1bado una breve conferencia de prensa donde\u00a0<strong>anunci\u00f3 c\u00f3mo seguir\u00e1 el Aislamiento Social, Preventivo y Obligatorio (ASPO)<\/strong>\u00a0en el \u00c1rea Metropolitana de Buenos Aires (AMBA) y el resto de la provincia, a partir del 19 de octubre.<\/p>\n<p><em><strong>\u00abEstamos viendo una reducci\u00f3n leve en el GBA mientras que en el interior se est\u00e1 dando un crecimiento acelerado\u00bb<\/strong><\/em>, precis\u00f3 el mandatario, y en esa l\u00ednea confirm\u00f3 que <em><strong>\u00aben el Conurbano bonaerense vamos a proceder a una apertura gradual, condicionada e intermitente de ciertas actividades\u00bb<\/strong><\/em>.<\/p>\n<p>\u00ab<strong>Mientras sigan cayendo los casos, por etapas, vamos a ir abriendo actividades<\/strong>. Van a ser 3 etapas\u00a0condicionadas, porque se har\u00e1n siempre y cuando los casos sigan bajando cada 15 d\u00edas. Si revierte, retrocedemos\u00bb, aclar\u00f3.<\/p>\n<p>Los sectores que volver\u00e1n a la actividad\u00a0<strong>con protocolo y cuidados sanitarios son<\/strong>\u00a0el personal auxiliar de casas particulares; los\u00a0restaurantes y bares con trabajo al aire libre; los\u00a0gimnasios con trabajo al aire libre y las\u00a0obras y construcci\u00f3n de viviendas multifamiliares y obras en parques industriales.<\/p>\n<p>\u00ab<strong>Tambi\u00e9n la\u00a0semana que viene vamos a habilitar las salidas recreativas y salidas en grupos de ni\u00f1os, ni\u00f1as y adolescentes de hasta 10 personas<\/strong>, siempre con barbijo y tapaboca y guardando distanciamiento social\u00bb, adelant\u00f3.<\/p>\n<p>publicado en 0221.com.ar<\/p>\n","protected":false},"excerpt":{"rendered":"<div class=\"mh-excerpt\"><p>Restaurantes, bares y gimnasios podr\u00e1n trabajar al aire libre en la medida en que los casos contin\u00faen bajando cada 15 d\u00edas. Tambi\u00e9n abren salidas recreativas. El gobernador bonaerense\u00a0Axel Kicillof\u00a0brind\u00f3 este s\u00e1bado una breve conferencia de <a class=\"mh-excerpt-more\" href=\"https:\/\/larevistadigital.com.ar\/blog\/kicillof-anuncio-las-actividades-que-se-abriran-en-amba-desde-el-19-de-octubre\/\" title=\"KICILLOF ANUNCI\u00d3 LAS ACTIVIDADES QUE SE ABRIRAN EN AMBA DESDE EL 19 DE OCTUBRE\">[Leer M\u00e1s]<\/a><\/p>\n<\/div>","protected":false},"author":3,"featured_media":16904,"comment_status":"open","ping_status":"open","sticky":false,"template":"","format":"standard","meta":{"_jetpack_memberships_contains_paid_content":false,"footnotes":"","jetpack_publicize_message":"","jetpack_publicize_feature_enabled":true,"jetpack_social_post_already_shared":true,"jetpack_social_options":{"image_generator_settings":{"template":"highway","default_image_id":0,"font":"","enabled":false},"version":2}},"categories":[50,24],"tags":[],"class_list":{"0":"post-16903","1":"post","2":"type-post","3":"status-publish","4":"format-standard","5":"has-post-thumbnail","7":"category-interes-general","8":"category-politica-provincial"},"jetpack_publicize_connections":[],"jetpack_featured_media_url":"https:\/\/i0.wp.com\/larevistadigital.com.ar\/blog\/wp-content\/uploads\/1602340109792.jpeg?fit=1024%2C682&ssl=1","jetpack_sharing_enabled":true,"jetpack_shortlink":"https:\/\/wp.me\/p8qtrQ-4oD","jetpack-related-posts":[{"id":21708,"url":"https:\/\/larevistadigital.com.ar\/blog\/lamentable-noticia-confirman-la-circulacion-comunitaria-de-la-variante-delta-en-el-amba\/","url_meta":{"origin":16903,"position":0},"title":"LAMENTABLE NOTICIA: CONFIRMAN LA CIRCULACI\u00d3N COMUNITARIA DE LA \u00abVARIANTE DELTA\u00bb EN EL AMBA","author":"Alejandro Sosa Ruda","date":"25 agosto, 2021","format":false,"excerpt":"Lo informaron este mi\u00e9rcoles autoridades del Ministerio de Salud bonaerense. Sin embargo se\u00f1alan que la cepa \u201ca\u00fan no predomina\u201d. El jefe de asesores del Ministerio de Salud bonaerense, Enio Garc\u00eda, asegur\u00f3 que en la regi\u00f3n del Amba \u201chay circulaci\u00f3n comunitaria de la variante Delta pero todav\u00eda no predomina\u201d. \u201cApareci\u00f3 el\u2026","rel":"","context":"En \u00abINTERES GENERAL\u00bb","block_context":{"text":"INTERES GENERAL","link":"https:\/\/larevistadigital.com.ar\/blog\/category\/interes-general\/"},"img":{"alt_text":"","src":"https:\/\/i0.wp.com\/larevistadigital.com.ar\/blog\/wp-content\/uploads\/Captura-de-pantalla-2021-08-25-122328.png?fit=992%2C561&ssl=1&resize=350%2C200","width":350,"height":200,"srcset":"https:\/\/i0.wp.com\/larevistadigital.com.ar\/blog\/wp-content\/uploads\/Captura-de-pantalla-2021-08-25-122328.png?fit=992%2C561&ssl=1&resize=350%2C200 1x, https:\/\/i0.wp.com\/larevistadigital.com.ar\/blog\/wp-content\/uploads\/Captura-de-pantalla-2021-08-25-122328.png?fit=992%2C561&ssl=1&resize=525%2C300 1.5x, https:\/\/i0.wp.com\/larevistadigital.com.ar\/blog\/wp-content\/uploads\/Captura-de-pantalla-2021-08-25-122328.png?fit=992%2C561&ssl=1&resize=700%2C400 2x"},"classes":[]},{"id":33278,"url":"https:\/\/larevistadigital.com.ar\/blog\/kicillof-anuncio-un-aumento-a-estatales-un-bono-de-30-000-y-ayuda-a-los-municipios-por-la-suma-fija\/","url_meta":{"origin":16903,"position":1},"title":"KICILLOF ANUNCI\u00d3 UN AUMENTO A ESTATALES, UN BONO DE $30.000.- Y AYUDA A LOS MUNICIPIOS POR LA SUMA FIJA","author":"Alejandro Sosa Ruda","date":"5 septiembre, 2023","format":false,"excerpt":"La Provincia lleva el incremento salarial en septiembre a 25%. El plus ser\u00e1 por \u00fanica vez y no remunerativo. M\u00e1s de una decena de provincias rechaz\u00f3 la pol\u00edtica impulsada por el ministro Sergio Massa. A qui\u00e9nes beneficiar\u00e1 la medida. 5 de Septiembre de 2023 El Gobierno bonaerense anunci\u00f3 este lunes\u2026","rel":"","context":"En \u00abINTERES GENERAL\u00bb","block_context":{"text":"INTERES GENERAL","link":"https:\/\/larevistadigital.com.ar\/blog\/category\/interes-general\/"},"img":{"alt_text":"","src":"https:\/\/i0.wp.com\/larevistadigital.com.ar\/blog\/wp-content\/uploads\/Captura-de-pantalla-2023-09-05-002337.png?fit=700%2C468&ssl=1&resize=350%2C200","width":350,"height":200,"srcset":"https:\/\/i0.wp.com\/larevistadigital.com.ar\/blog\/wp-content\/uploads\/Captura-de-pantalla-2023-09-05-002337.png?fit=700%2C468&ssl=1&resize=350%2C200 1x, https:\/\/i0.wp.com\/larevistadigital.com.ar\/blog\/wp-content\/uploads\/Captura-de-pantalla-2023-09-05-002337.png?fit=700%2C468&ssl=1&resize=525%2C300 1.5x, https:\/\/i0.wp.com\/larevistadigital.com.ar\/blog\/wp-content\/uploads\/Captura-de-pantalla-2023-09-05-002337.png?fit=700%2C468&ssl=1&resize=700%2C400 2x"},"classes":[]},{"id":43163,"url":"https:\/\/larevistadigital.com.ar\/blog\/la-provincia-sale-a-sostener-el-transporte-del-amba-tras-el-retiro-de-los-subsidios-nacionales\/","url_meta":{"origin":16903,"position":2},"title":"La Provincia sale a sostener el transporte del AMBA tras el retiro de los subsidios nacionales","author":"Alejandro Sosa Ruda","date":"5 enero, 2026","format":false,"excerpt":"Axel Kicillof firm\u00f3 un decreto clave para garantizar la continuidad del transporte p\u00fablico en el AMBA ante el ajuste y la salida del Estado nacional. El gobierno de la provincia de Buenos Aires avanz\u00f3 con una decisi\u00f3n clave para sostener el funcionamiento del transporte p\u00fablico en el \u00c1rea Metropolitana de\u2026","rel":"","context":"En \u00abINTERES GENERAL\u00bb","block_context":{"text":"INTERES GENERAL","link":"https:\/\/larevistadigital.com.ar\/blog\/category\/interes-general\/"},"img":{"alt_text":"","src":"https:\/\/i0.wp.com\/larevistadigital.com.ar\/blog\/wp-content\/uploads\/Captura-de-pantalla-2026-01-05-212841.jpg?fit=738%2C444&ssl=1&resize=350%2C200","width":350,"height":200,"srcset":"https:\/\/i0.wp.com\/larevistadigital.com.ar\/blog\/wp-content\/uploads\/Captura-de-pantalla-2026-01-05-212841.jpg?fit=738%2C444&ssl=1&resize=350%2C200 1x, https:\/\/i0.wp.com\/larevistadigital.com.ar\/blog\/wp-content\/uploads\/Captura-de-pantalla-2026-01-05-212841.jpg?fit=738%2C444&ssl=1&resize=525%2C300 1.5x, https:\/\/i0.wp.com\/larevistadigital.com.ar\/blog\/wp-content\/uploads\/Captura-de-pantalla-2026-01-05-212841.jpg?fit=738%2C444&ssl=1&resize=700%2C400 2x"},"classes":[]},{"id":19666,"url":"https:\/\/larevistadigital.com.ar\/blog\/la-plata-que-se-puede-hacer-y-que-no-con-las-nuevas-restricciones\/","url_meta":{"origin":16903,"position":3},"title":"LA PLATA: QU\u00c9 SE PUEDE HACER Y QU\u00c9 NO, CON LAS NUEVAS RESTRICCIONES","author":"Alejandro Sosa Ruda","date":"15 abril, 2021","format":false,"excerpt":"El Gobierno anunci\u00f3 nuevas medidas para el AMBA en medio de la abrupta suba de contagios. Buscan avanzar con la vacunaci\u00f3n y preservar el sistema sanitario. Luego de un inicio de semana con una explosi\u00f3n de casos diarios de\u00a0coronavirus, el presidente\u00a0Alberto Fern\u00e1ndez\u00a0avanz\u00f3 con medidas m\u00e1s duras para frenar los contagios\u2026","rel":"","context":"En \u00abREGIONALES\u00bb","block_context":{"text":"REGIONALES","link":"https:\/\/larevistadigital.com.ar\/blog\/category\/regionales\/"},"img":{"alt_text":"","src":"https:\/\/i0.wp.com\/larevistadigital.com.ar\/blog\/wp-content\/uploads\/1617114933833.jpg?fit=1200%2C810&ssl=1&resize=350%2C200","width":350,"height":200,"srcset":"https:\/\/i0.wp.com\/larevistadigital.com.ar\/blog\/wp-content\/uploads\/1617114933833.jpg?fit=1200%2C810&ssl=1&resize=350%2C200 1x, https:\/\/i0.wp.com\/larevistadigital.com.ar\/blog\/wp-content\/uploads\/1617114933833.jpg?fit=1200%2C810&ssl=1&resize=525%2C300 1.5x, https:\/\/i0.wp.com\/larevistadigital.com.ar\/blog\/wp-content\/uploads\/1617114933833.jpg?fit=1200%2C810&ssl=1&resize=700%2C400 2x, https:\/\/i0.wp.com\/larevistadigital.com.ar\/blog\/wp-content\/uploads\/1617114933833.jpg?fit=1200%2C810&ssl=1&resize=1050%2C600 3x"},"classes":[]},{"id":37114,"url":"https:\/\/larevistadigital.com.ar\/blog\/kicillof-vamos-a-seguir-peleando-por-los-recursos-que-le-corresponden-al-pueblo-de-la-provincia\/","url_meta":{"origin":16903,"position":4},"title":"KICILLOF: \u00abVAMOS A SEGUIR PELEANDO POR LOS RECURSOS QUE LE CORRESPONDEN AL PUEBLO DE LA PROVINCIA","author":"Alejandro Sosa Ruda","date":"4 septiembre, 2024","format":false,"excerpt":"El Gobierno provincial recurri\u00f3 ante la Corte Suprema de Justicia de la Naci\u00f3n para reclamar por la eliminaci\u00f3n de parte del Gobierno nacional del programa Boleto Integrado del sistema de Red SUBE. Mi\u00e9rcoles 4 de Septiembre 2024 El gobernador Axel Kicillof anunci\u00f3 este mi\u00e9rcoles que la Provincia de Buenos Aires\u2026","rel":"","context":"En \u00abDESTACADAS\u00bb","block_context":{"text":"DESTACADAS","link":"https:\/\/larevistadigital.com.ar\/blog\/category\/destacadas\/"},"img":{"alt_text":"","src":"https:\/\/i0.wp.com\/larevistadigital.com.ar\/blog\/wp-content\/uploads\/Axel-Kicillof_49.jpg?fit=743%2C530&ssl=1&resize=350%2C200","width":350,"height":200,"srcset":"https:\/\/i0.wp.com\/larevistadigital.com.ar\/blog\/wp-content\/uploads\/Axel-Kicillof_49.jpg?fit=743%2C530&ssl=1&resize=350%2C200 1x, https:\/\/i0.wp.com\/larevistadigital.com.ar\/blog\/wp-content\/uploads\/Axel-Kicillof_49.jpg?fit=743%2C530&ssl=1&resize=525%2C300 1.5x, https:\/\/i0.wp.com\/larevistadigital.com.ar\/blog\/wp-content\/uploads\/Axel-Kicillof_49.jpg?fit=743%2C530&ssl=1&resize=700%2C400 2x"},"classes":[]},{"id":16911,"url":"https:\/\/larevistadigital.com.ar\/blog\/kicillof-anuncio-la-vuelta-a-las-clases-en-24-distritos\/","url_meta":{"origin":16903,"position":5},"title":"KICILLOF ANUNCI\u00d3 LA VUELTA A LAS CLASES EN 24 DISTRITOS","author":"Alejandro Sosa Ruda","date":"10 octubre, 2020","format":false,"excerpt":"El gobernador bonaerense tambi\u00e9n detall\u00f3 que lanzar\u00e1 el programa ATR, por medio del cual unos 45 mil maestros y estudiantes avanzados\u00a0\"van a ir a buscar a la casa a los chicos que tuvieron problemas\"\u00a0para conectarse con su escuela. El gobernador bonaerense Axel Kicillof\u00a0anunci\u00f3 que en\u00a024 distritos de la provincia de\u2026","rel":"","context":"En \u00abINTERES GENERAL\u00bb","block_context":{"text":"INTERES GENERAL","link":"https:\/\/larevistadigital.com.ar\/blog\/category\/interes-general\/"},"img":{"alt_text":"","src":"https:\/\/i0.wp.com\/larevistadigital.com.ar\/blog\/wp-content\/uploads\/Axel-Kicillof-1-3.jpg?fit=1200%2C800&ssl=1&resize=350%2C200","width":350,"height":200,"srcset":"https:\/\/i0.wp.com\/larevistadigital.com.ar\/blog\/wp-content\/uploads\/Axel-Kicillof-1-3.jpg?fit=1200%2C800&ssl=1&resize=350%2C200 1x, https:\/\/i0.wp.com\/larevistadigital.com.ar\/blog\/wp-content\/uploads\/Axel-Kicillof-1-3.jpg?fit=1200%2C800&ssl=1&resize=525%2C300 1.5x, https:\/\/i0.wp.com\/larevistadigital.com.ar\/blog\/wp-content\/uploads\/Axel-Kicillof-1-3.jpg?fit=1200%2C800&ssl=1&resize=700%2C400 2x, https:\/\/i0.wp.com\/larevistadigital.com.ar\/blog\/wp-content\/uploads\/Axel-Kicillof-1-3.jpg?fit=1200%2C800&ssl=1&resize=1050%2C600 3x"},"classes":[]}],"_links":{"self":[{"href":"https:\/\/larevistadigital.com.ar\/blog\/wp-json\/wp\/v2\/posts\/16903","targetHints":{"allow":["GET"]}}],"collection":[{"href":"https:\/\/larevistadigital.com.ar\/blog\/wp-json\/wp\/v2\/posts"}],"about":[{"href":"https:\/\/larevistadigital.com.ar\/blog\/wp-json\/wp\/v2\/types\/post"}],"author":[{"embeddable":true,"href":"https:\/\/larevistadigital.com.ar\/blog\/wp-json\/wp\/v2\/users\/3"}],"replies":[{"embeddable":true,"href":"https:\/\/larevistadigital.com.ar\/blog\/wp-json\/wp\/v2\/comments?post=16903"}],"version-history":[{"count":2,"href":"https:\/\/larevistadigital.com.ar\/blog\/wp-json\/wp\/v2\/posts\/16903\/revisions"}],"predecessor-version":[{"id":16906,"href":"https:\/\/larevistadigital.com.ar\/blog\/wp-json\/wp\/v2\/posts\/16903\/revisions\/16906"}],"wp:featuredmedia":[{"embeddable":true,"href":"https:\/\/larevistadigital.com.ar\/blog\/wp-json\/wp\/v2\/media\/16904"}],"wp:attachment":[{"href":"https:\/\/larevistadigital.com.ar\/blog\/wp-json\/wp\/v2\/media?parent=16903"}],"wp:term":[{"taxonomy":"category","embeddable":true,"href":"https:\/\/larevistadigital.com.ar\/blog\/wp-json\/wp\/v2\/categories?post=16903"},{"taxonomy":"post_tag","embeddable":true,"href":"https:\/\/larevistadigital.com.ar\/blog\/wp-json\/wp\/v2\/tags?post=16903"}],"curies":[{"name":"wp","href":"https:\/\/api.w.org\/{rel}","templated":true}]}}