{"id":16907,"date":"2020-10-10T15:07:07","date_gmt":"2020-10-10T15:07:07","guid":{"rendered":"https:\/\/larevistadigital.com.ar\/blog\/?p=16907"},"modified":"2020-10-10T15:07:07","modified_gmt":"2020-10-10T15:07:07","slug":"el-video-que-muestra-el-descontrol-en-una-cerveceria-marplatense","status":"publish","type":"post","link":"https:\/\/larevistadigital.com.ar\/blog\/el-video-que-muestra-el-descontrol-en-una-cerveceria-marplatense\/","title":{"rendered":"EL VIDEO QUE MUESTRA EL DESCONTROL EN UNA CERVECER\u00cdA MARPLATENSE"},"content":{"rendered":"<h2>Circula en las redes sociales y\u00a0 evidencia la falta de cumplimiento de los protocolos. Preocupaci\u00f3n en el sector gastron\u00f3mico.<\/h2>\n<p>Un video que circul\u00f3 en las \u00faltimas horas en las redes sociales muestra la falta de cumplimiento de protocolos en una reconocida cervecer\u00eda de Mar del Plata<\/p>\n<blockquote>\n<h3>En las im\u00e1genes que fueron compartidas en la red social Instagram, se puede ver a un numeroso grupo de j\u00f3venes divirti\u00e9ndose en un local de la avenida Constituci\u00f3n sin cumplir ning\u00fan tipo de medida preventiva. No hay ni distanciamiento social ni nadie utilizando tapa bocas.<\/h3>\n<\/blockquote>\n<p>El video fue repudiado por gran parte del sector gastron\u00f3mico que desde hace varios meses insiste en el pedido de apertura<\/p>\n<p>En tanto, el \u00e1rea de inspecci\u00f3n general a cargo del control de nocturnidad est\u00e1 al tanto de la situaci\u00f3n.<\/p>\n<blockquote>\n<h3><em><strong>\u201cA pesar de intentar comprender la situaci\u00f3n dram\u00e1tica que\u00a0 todos est\u00e1n viviendo, situaciones de esa magnitud no ayudan a la gastronom\u00eda\u201d, confi\u00f3 una fuente de LA CAPITAL y agreg\u00f3 que \u201cel sector gastron\u00f3mico hizo un esfuerzo muy grande y lamentablemente pago el precio de la irresponsabilidad social\u201d<\/strong><\/em>.<\/h3>\n<\/blockquote>\n<p>En la misma direcci\u00f3n se expresaron algunos empresarios del sector al se\u00f1alar que\u00a0<strong>\u201ctodos hacemos un gran esfuerzo y con esto se tira todo por la borda\u201d.<\/strong><\/p>\n<p>&nbsp;<\/p>\n<p><span class=\"embed-youtube\" style=\"text-align:center; display: block;\"><iframe loading=\"lazy\" class=\"youtube-player\" width=\"640\" height=\"360\" src=\"https:\/\/www.youtube.com\/embed\/xutLNAZbH04?version=3&#038;rel=1&#038;showsearch=0&#038;showinfo=1&#038;iv_load_policy=1&#038;fs=1&#038;hl=es-ES&#038;autohide=2&#038;wmode=transparent\" allowfullscreen=\"true\" style=\"border:0;\" sandbox=\"allow-scripts allow-same-origin allow-popups allow-presentation allow-popups-to-escape-sandbox\"><\/iframe><\/span><\/p>\n<p>publicado en La Capital<\/p>\n","protected":false},"excerpt":{"rendered":"<div class=\"mh-excerpt\"><p>Circula en las redes sociales y\u00a0 evidencia la falta de cumplimiento de los protocolos. Preocupaci\u00f3n en el sector gastron\u00f3mico. Un video que circul\u00f3 en las \u00faltimas horas en las redes sociales muestra la falta de <a class=\"mh-excerpt-more\" href=\"https:\/\/larevistadigital.com.ar\/blog\/el-video-que-muestra-el-descontrol-en-una-cerveceria-marplatense\/\" title=\"EL VIDEO QUE MUESTRA EL DESCONTROL EN UNA CERVECER\u00cdA MARPLATENSE\">[Leer M\u00e1s]<\/a><\/p>\n<\/div>","protected":false},"author":3,"featured_media":16909,"comment_status":"open","ping_status":"open","sticky":false,"template":"","format":"standard","meta":{"_jetpack_memberships_contains_paid_content":false,"footnotes":"","jetpack_publicize_message":"","jetpack_publicize_feature_enabled":true,"jetpack_social_post_already_shared":true,"jetpack_social_options":{"image_generator_settings":{"template":"highway","default_image_id":0,"font":"","enabled":false},"version":2}},"categories":[50],"tags":[],"class_list":{"0":"post-16907","1":"post","2":"type-post","3":"status-publish","4":"format-standard","5":"has-post-thumbnail","7":"category-interes-general"},"jetpack_publicize_connections":[],"jetpack_featured_media_url":"https:\/\/i0.wp.com\/larevistadigital.com.ar\/blog\/wp-content\/uploads\/admin-ajax.jpg?fit=1000%2C1408&ssl=1","jetpack_sharing_enabled":true,"jetpack_shortlink":"https:\/\/wp.me\/p8qtrQ-4oH","jetpack-related-posts":[{"id":19719,"url":"https:\/\/larevistadigital.com.ar\/blog\/comunicado-del-circulo-medico-de-chascomus\/","url_meta":{"origin":16907,"position":0},"title":"COMUNICADO DEL C\u00cdRCULO M\u00c9DICO DE CHASCOM\u00daS","author":"Alejandro Sosa Ruda","date":"19 abril, 2021","format":false,"excerpt":"Segunda ola de la pandemia de COVID Aconseja a la poblaci\u00f3n a permanecer en sus hogares, moviliz\u00e1ndose solo para el desempe\u00f1o de actividades esenciales, e insta a la importancia del cumplimiento de los protocolos El C\u00edrculo M\u00e9dico de Chascom\u00fas difundi\u00f3 un comunicado donde pide a la comunidad continuar con los\u2026","rel":"","context":"En \u00abCHASCOM\u00daS\u00bb","block_context":{"text":"CHASCOM\u00daS","link":"https:\/\/larevistadigital.com.ar\/blog\/category\/chascomus\/"},"img":{"alt_text":"","src":"https:\/\/i0.wp.com\/larevistadigital.com.ar\/blog\/wp-content\/uploads\/circulo-medico.jpg?fit=900%2C510&ssl=1&resize=350%2C200","width":350,"height":200,"srcset":"https:\/\/i0.wp.com\/larevistadigital.com.ar\/blog\/wp-content\/uploads\/circulo-medico.jpg?fit=900%2C510&ssl=1&resize=350%2C200 1x, https:\/\/i0.wp.com\/larevistadigital.com.ar\/blog\/wp-content\/uploads\/circulo-medico.jpg?fit=900%2C510&ssl=1&resize=525%2C300 1.5x, https:\/\/i0.wp.com\/larevistadigital.com.ar\/blog\/wp-content\/uploads\/circulo-medico.jpg?fit=900%2C510&ssl=1&resize=700%2C400 2x"},"classes":[]},{"id":18443,"url":"https:\/\/larevistadigital.com.ar\/blog\/mar-del-plata-desarticulan-30-fiestas-clandestinas-con-mas-de-1000-personas\/","url_meta":{"origin":16907,"position":1},"title":"MAR DEL PLATA: DESARTICULAN 30 FIESTAS CLANDESTINAS CON M\u00c1S DE 1000 PERSONAS","author":"Alejandro Sosa Ruda","date":"3 enero, 2021","format":false,"excerpt":"4 actas de constataci\u00f3n en establecimientos comerciales por no cumplir con el protocolo de funcionamiento gastron\u00f3mico provincial, por constatarse personas bailando sin distanciamiento social. MAR DEL PLATA - El Municipio de General Pueyrredon\u00a0por medio de distintas \u00e1reas, continu\u00f3 con los operativos de control durante la noche del s\u00e1bado y las\u2026","rel":"","context":"En \u00abREGIONALES\u00bb","block_context":{"text":"REGIONALES","link":"https:\/\/larevistadigital.com.ar\/blog\/category\/regionales\/"},"img":{"alt_text":"","src":"https:\/\/i0.wp.com\/larevistadigital.com.ar\/blog\/wp-content\/uploads\/Screenshot_2-125.jpg?fit=1001%2C565&ssl=1&resize=350%2C200","width":350,"height":200,"srcset":"https:\/\/i0.wp.com\/larevistadigital.com.ar\/blog\/wp-content\/uploads\/Screenshot_2-125.jpg?fit=1001%2C565&ssl=1&resize=350%2C200 1x, https:\/\/i0.wp.com\/larevistadigital.com.ar\/blog\/wp-content\/uploads\/Screenshot_2-125.jpg?fit=1001%2C565&ssl=1&resize=525%2C300 1.5x, https:\/\/i0.wp.com\/larevistadigital.com.ar\/blog\/wp-content\/uploads\/Screenshot_2-125.jpg?fit=1001%2C565&ssl=1&resize=700%2C400 2x"},"classes":[]},{"id":15554,"url":"https:\/\/larevistadigital.com.ar\/blog\/coronel-suarez-fase-5-regresan-bares-confiterias-y-restaurantes-con-protocolos-estrictos\/","url_meta":{"origin":16907,"position":2},"title":"CORONEL SUAREZ FASE 5: REGRESAN BARES, CONFITER\u00cdAS Y RESTAURANTES CON PROTOCOLOS ESTRICTOS","author":"Alejandro Sosa Ruda","date":"8 junio, 2020","format":false,"excerpt":"En la sexta secci\u00f3n electoral hay 19 distritos sin casos de COVID-19\u00a0y con perspectivas de ingresar en la fase de distanciamiento social. Vuelve el sector gastron\u00f3mico, deportes de pocos participantes\u00a0y talleres con un m\u00e1ximo de 6 integrantes. El intendente del Frente de Todos,\u00a0Ricardo Moccero, confirm\u00f3 el regreso \u201ccon condiciones\u201d de\u2026","rel":"","context":"En \u00abINTERES GENERAL\u00bb","block_context":{"text":"INTERES GENERAL","link":"https:\/\/larevistadigital.com.ar\/blog\/category\/interes-general\/"},"img":{"alt_text":"","src":"https:\/\/i0.wp.com\/larevistadigital.com.ar\/blog\/wp-content\/uploads\/el-increible-cambio-que-han-sufrido-los-bares-con-el-paso-del-tiempo.jpg?fit=1200%2C675&ssl=1&resize=350%2C200","width":350,"height":200,"srcset":"https:\/\/i0.wp.com\/larevistadigital.com.ar\/blog\/wp-content\/uploads\/el-increible-cambio-que-han-sufrido-los-bares-con-el-paso-del-tiempo.jpg?fit=1200%2C675&ssl=1&resize=350%2C200 1x, https:\/\/i0.wp.com\/larevistadigital.com.ar\/blog\/wp-content\/uploads\/el-increible-cambio-que-han-sufrido-los-bares-con-el-paso-del-tiempo.jpg?fit=1200%2C675&ssl=1&resize=525%2C300 1.5x, https:\/\/i0.wp.com\/larevistadigital.com.ar\/blog\/wp-content\/uploads\/el-increible-cambio-que-han-sufrido-los-bares-con-el-paso-del-tiempo.jpg?fit=1200%2C675&ssl=1&resize=700%2C400 2x, https:\/\/i0.wp.com\/larevistadigital.com.ar\/blog\/wp-content\/uploads\/el-increible-cambio-que-han-sufrido-los-bares-con-el-paso-del-tiempo.jpg?fit=1200%2C675&ssl=1&resize=1050%2C600 3x"},"classes":[]},{"id":37573,"url":"https:\/\/larevistadigital.com.ar\/blog\/general-madariaga-alerta-por-falta-de-medicos\/","url_meta":{"origin":16907,"position":3},"title":"General Madariaga: Alerta por falta de m\u00e9dicos","author":"Alejandro Sosa Ruda","date":"20 octubre, 2024","format":false,"excerpt":"Seg\u00fan inform\u00f3 el portal entrel\u00edneas, hoy solo habr\u00e1 un m\u00e9dico en la guardia, y ma\u00f1ana domingo\u00a0 no habr\u00e1 pediatra ni m\u00e9dico de terapia intensiva. 19 de Octubre de 2024 GENERAL MADARIAGA -\u00a0 \u00a0Una alarmante situaci\u00f3n fue informada desde el Municipio de General Madariaga, donde comunicaron que en el Hospital de\u2026","rel":"","context":"En \u00abREGIONALES\u00bb","block_context":{"text":"REGIONALES","link":"https:\/\/larevistadigital.com.ar\/blog\/category\/regionales\/"},"img":{"alt_text":"","src":"https:\/\/i0.wp.com\/larevistadigital.com.ar\/blog\/wp-content\/uploads\/5df7844a69d1c2a1bd19b6dfde8338e8de0be379.jpeg?fit=1140%2C639&ssl=1&resize=350%2C200","width":350,"height":200,"srcset":"https:\/\/i0.wp.com\/larevistadigital.com.ar\/blog\/wp-content\/uploads\/5df7844a69d1c2a1bd19b6dfde8338e8de0be379.jpeg?fit=1140%2C639&ssl=1&resize=350%2C200 1x, https:\/\/i0.wp.com\/larevistadigital.com.ar\/blog\/wp-content\/uploads\/5df7844a69d1c2a1bd19b6dfde8338e8de0be379.jpeg?fit=1140%2C639&ssl=1&resize=525%2C300 1.5x, https:\/\/i0.wp.com\/larevistadigital.com.ar\/blog\/wp-content\/uploads\/5df7844a69d1c2a1bd19b6dfde8338e8de0be379.jpeg?fit=1140%2C639&ssl=1&resize=700%2C400 2x, https:\/\/i0.wp.com\/larevistadigital.com.ar\/blog\/wp-content\/uploads\/5df7844a69d1c2a1bd19b6dfde8338e8de0be379.jpeg?fit=1140%2C639&ssl=1&resize=1050%2C600 3x"},"classes":[]},{"id":38816,"url":"https:\/\/larevistadigital.com.ar\/blog\/duena-de-cerveceria-y-su-exmarido-acusados-por-un-violento-asalto-en-mar-del-plata\/","url_meta":{"origin":16907,"position":4},"title":"Due\u00f1a de cervecer\u00eda y su exmarido, acusados por un violento asalto en Mar del Plata","author":"Alejandro Sosa Ruda","date":"23 febrero, 2025","format":false,"excerpt":"Se trata de una pareja rusa que desde hace varios a\u00f1os regentea, con relativo \u00e9xito, una cervecer\u00eda en el paseo costanero. Un joven de 24 a\u00f1os, v\u00edctima del robo, los denunci\u00f3 como los autores. 23 de Febrero de 2025 LA PLATA -\u00a0 La Justicia local investiga un ins\u00f3lito caso de\u2026","rel":"","context":"En \u00abINTERES GENERAL\u00bb","block_context":{"text":"INTERES GENERAL","link":"https:\/\/larevistadigital.com.ar\/blog\/category\/interes-general\/"},"img":{"alt_text":"","src":"https:\/\/i0.wp.com\/larevistadigital.com.ar\/blog\/wp-content\/uploads\/Captura-de-pantalla-2025-02-23-194056.jpg?fit=766%2C482&ssl=1&resize=350%2C200","width":350,"height":200,"srcset":"https:\/\/i0.wp.com\/larevistadigital.com.ar\/blog\/wp-content\/uploads\/Captura-de-pantalla-2025-02-23-194056.jpg?fit=766%2C482&ssl=1&resize=350%2C200 1x, https:\/\/i0.wp.com\/larevistadigital.com.ar\/blog\/wp-content\/uploads\/Captura-de-pantalla-2025-02-23-194056.jpg?fit=766%2C482&ssl=1&resize=525%2C300 1.5x, https:\/\/i0.wp.com\/larevistadigital.com.ar\/blog\/wp-content\/uploads\/Captura-de-pantalla-2025-02-23-194056.jpg?fit=766%2C482&ssl=1&resize=700%2C400 2x"},"classes":[]},{"id":6290,"url":"https:\/\/larevistadigital.com.ar\/blog\/masiva-marcha-en-homenaje-a-los-policias-caidos-por-la-delincuencia\/","url_meta":{"origin":16907,"position":5},"title":"MASIVA MARCHA EN HOMENAJE A LOS POLIC\u00cdAS CA\u00cdDOS POR LA DELINCUENCIA","author":"Alejandro Sosa Ruda","date":"19 agosto, 2018","format":false,"excerpt":"Durante el la tarde de ayer, familiares de polic\u00edas asesinados y victimas de la delincuencia armada, se concentraron en la ciudad de Buenos Aires, en la llamada \"plaza de la rep\u00fablica\", bajo el obelisco porte\u00f1o. En el acto, se record\u00f3 a las victimas de la delincuencia armada, tanto civiles como\u2026","rel":"","context":"En \u00abPOLITICA\u00bb","block_context":{"text":"POLITICA","link":"https:\/\/larevistadigital.com.ar\/blog\/category\/politica\/"},"img":{"alt_text":"","src":"https:\/\/i0.wp.com\/larevistadigital.com.ar\/blog\/wp-content\/uploads\/2018\/08\/39515123_146355699601348_5011960623769059328_n.jpg?fit=960%2C540&ssl=1&resize=350%2C200","width":350,"height":200,"srcset":"https:\/\/i0.wp.com\/larevistadigital.com.ar\/blog\/wp-content\/uploads\/2018\/08\/39515123_146355699601348_5011960623769059328_n.jpg?fit=960%2C540&ssl=1&resize=350%2C200 1x, https:\/\/i0.wp.com\/larevistadigital.com.ar\/blog\/wp-content\/uploads\/2018\/08\/39515123_146355699601348_5011960623769059328_n.jpg?fit=960%2C540&ssl=1&resize=525%2C300 1.5x, https:\/\/i0.wp.com\/larevistadigital.com.ar\/blog\/wp-content\/uploads\/2018\/08\/39515123_146355699601348_5011960623769059328_n.jpg?fit=960%2C540&ssl=1&resize=700%2C400 2x"},"classes":[]}],"_links":{"self":[{"href":"https:\/\/larevistadigital.com.ar\/blog\/wp-json\/wp\/v2\/posts\/16907","targetHints":{"allow":["GET"]}}],"collection":[{"href":"https:\/\/larevistadigital.com.ar\/blog\/wp-json\/wp\/v2\/posts"}],"about":[{"href":"https:\/\/larevistadigital.com.ar\/blog\/wp-json\/wp\/v2\/types\/post"}],"author":[{"embeddable":true,"href":"https:\/\/larevistadigital.com.ar\/blog\/wp-json\/wp\/v2\/users\/3"}],"replies":[{"embeddable":true,"href":"https:\/\/larevistadigital.com.ar\/blog\/wp-json\/wp\/v2\/comments?post=16907"}],"version-history":[{"count":1,"href":"https:\/\/larevistadigital.com.ar\/blog\/wp-json\/wp\/v2\/posts\/16907\/revisions"}],"predecessor-version":[{"id":16910,"href":"https:\/\/larevistadigital.com.ar\/blog\/wp-json\/wp\/v2\/posts\/16907\/revisions\/16910"}],"wp:featuredmedia":[{"embeddable":true,"href":"https:\/\/larevistadigital.com.ar\/blog\/wp-json\/wp\/v2\/media\/16909"}],"wp:attachment":[{"href":"https:\/\/larevistadigital.com.ar\/blog\/wp-json\/wp\/v2\/media?parent=16907"}],"wp:term":[{"taxonomy":"category","embeddable":true,"href":"https:\/\/larevistadigital.com.ar\/blog\/wp-json\/wp\/v2\/categories?post=16907"},{"taxonomy":"post_tag","embeddable":true,"href":"https:\/\/larevistadigital.com.ar\/blog\/wp-json\/wp\/v2\/tags?post=16907"}],"curies":[{"name":"wp","href":"https:\/\/api.w.org\/{rel}","templated":true}]}}