{"id":16911,"date":"2020-10-10T16:49:35","date_gmt":"2020-10-10T16:49:35","guid":{"rendered":"https:\/\/larevistadigital.com.ar\/blog\/?p=16911"},"modified":"2020-10-10T16:49:35","modified_gmt":"2020-10-10T16:49:35","slug":"kicillof-anuncio-la-vuelta-a-las-clases-en-24-distritos","status":"publish","type":"post","link":"https:\/\/larevistadigital.com.ar\/blog\/kicillof-anuncio-la-vuelta-a-las-clases-en-24-distritos\/","title":{"rendered":"KICILLOF ANUNCI\u00d3 LA VUELTA A LAS CLASES EN 24 DISTRITOS"},"content":{"rendered":"<h2>El gobernador bonaerense tambi\u00e9n detall\u00f3 que lanzar\u00e1 el programa ATR, por medio del cual unos 45 mil maestros y estudiantes avanzados\u00a0<em>\u00abvan a ir a buscar a la casa a los chicos que tuvieron problemas\u00bb<\/em>\u00a0para conectarse con su escuela.<\/h2>\n<p>El gobernador bonaerense <strong>Axel Kicillof\u00a0<\/strong>anunci\u00f3 que en<strong>\u00a024 distritos de la provincia de Buenos Aires\u00a0<em>\u00abse va a iniciar el retorno seguro a la presencialidad\u00bb<\/em>\u00a0de las clases en las escuelas<\/strong>, y dijo que\u00a0<em>\u00abse est\u00e1 hablando con los intendentes, directivos y maestros\u00bb<\/em>\u00a0de esos lugares, ya que<em>\u00a0\u00abes una tarea muy compleja y de mucho riesgo\u00bb.<\/em><\/p>\n<blockquote>\n<h3>Al anunciar\u00a0la nueva etapa del aislamiento en la Provincia, el mandatario dijo adem\u00e1s que se\u00a0<strong>lanzar\u00e1 el programa ATR, por medio del cual unos 45 mil maestros y estudiantes avanzados (\u00faltimo a\u00f1o de primaria y secundaria) <em>\u00abvan a ir a buscar a la casa a los chicos que tuvieron problemas\u00bb<\/em><\/strong>\u00a0para conectarse con su escuela.<\/h3>\n<\/blockquote>\n<div><\/div>\n<div><strong>Entre esos distritos, se encuentran Adolfo Alsina, Gonz\u00e1lez Ch\u00e1vez, Daireaux, Florentino Ameghino, General Lamadrid, General Lavalle, Monte Hermoso, Puan, Saavedra, Saliquel\u00f3, Tordillo, Tres Lomas, 25 de Mayo, 9 de Julio, Alberdi, Bragado, Carlos Tejedor, Chascom\u00fas, Chivilcoy, Guamin\u00ed, Lezama, Lobos Lezama y Monte.<\/strong><\/div>\n","protected":false},"excerpt":{"rendered":"<div class=\"mh-excerpt\"><p>El gobernador bonaerense tambi\u00e9n detall\u00f3 que lanzar\u00e1 el programa ATR, por medio del cual unos 45 mil maestros y estudiantes avanzados\u00a0\u00abvan a ir a buscar a la casa a los chicos que tuvieron problemas\u00bb\u00a0para conectarse <a class=\"mh-excerpt-more\" href=\"https:\/\/larevistadigital.com.ar\/blog\/kicillof-anuncio-la-vuelta-a-las-clases-en-24-distritos\/\" title=\"KICILLOF ANUNCI\u00d3 LA VUELTA A LAS CLASES EN 24 DISTRITOS\">[Leer M\u00e1s]<\/a><\/p>\n<\/div>","protected":false},"author":3,"featured_media":16913,"comment_status":"open","ping_status":"open","sticky":false,"template":"","format":"standard","meta":{"_jetpack_memberships_contains_paid_content":false,"footnotes":"","jetpack_publicize_message":"","jetpack_publicize_feature_enabled":true,"jetpack_social_post_already_shared":true,"jetpack_social_options":{"image_generator_settings":{"template":"highway","default_image_id":0,"font":"","enabled":false},"version":2}},"categories":[50,24],"tags":[],"class_list":{"0":"post-16911","1":"post","2":"type-post","3":"status-publish","4":"format-standard","5":"has-post-thumbnail","7":"category-interes-general","8":"category-politica-provincial"},"jetpack_publicize_connections":[],"jetpack_featured_media_url":"https:\/\/i0.wp.com\/larevistadigital.com.ar\/blog\/wp-content\/uploads\/Axel-Kicillof-1-3.jpg?fit=1200%2C800&ssl=1","jetpack_sharing_enabled":true,"jetpack_shortlink":"https:\/\/wp.me\/p8qtrQ-4oL","jetpack-related-posts":[{"id":41401,"url":"https:\/\/larevistadigital.com.ar\/blog\/kicillof-tras-la-derrota-libertaria-milei-puso-todas-las-fichas-en-buenos-aires-y-perdio-en-mas-de-100-distritos\/","url_meta":{"origin":16911,"position":0},"title":"Kicillof tras la derrota libertaria: \u201cMilei puso todas las fichas en Buenos Aires y perdi\u00f3 en m\u00e1s de 100 distritos\u201d","author":"Alejandro Sosa Ruda","date":"10 septiembre, 2025","format":false,"excerpt":"El gobernador bonaerense celebr\u00f3 el triunfo del peronismo en las legislativas y calific\u00f3 la derrota de Javier Milei como un \u201csacud\u00f3n\u201d pol\u00edtico y econ\u00f3mico. Tambi\u00e9n apunt\u00f3 contra el FMI por el endeudamiento del pa\u00eds. 10 de Septiembre de 2025 BUENOS AIRES\u00a0 -\u00a0 \u00a0El gobernador de la provincia de Buenos Aires,\u2026","rel":"","context":"En \u00abINTERES GENERAL\u00bb","block_context":{"text":"INTERES GENERAL","link":"https:\/\/larevistadigital.com.ar\/blog\/category\/interes-general\/"},"img":{"alt_text":"","src":"https:\/\/i0.wp.com\/larevistadigital.com.ar\/blog\/wp-content\/uploads\/Captura-de-pantalla-2025-09-10-225347.jpg?fit=642%2C367&ssl=1&resize=350%2C200","width":350,"height":200,"srcset":"https:\/\/i0.wp.com\/larevistadigital.com.ar\/blog\/wp-content\/uploads\/Captura-de-pantalla-2025-09-10-225347.jpg?fit=642%2C367&ssl=1&resize=350%2C200 1x, https:\/\/i0.wp.com\/larevistadigital.com.ar\/blog\/wp-content\/uploads\/Captura-de-pantalla-2025-09-10-225347.jpg?fit=642%2C367&ssl=1&resize=525%2C300 1.5x"},"classes":[]},{"id":34219,"url":"https:\/\/larevistadigital.com.ar\/blog\/unos-300-mil-estudiantes-bonaerenses-realizaron-el-viaje-de-fin-de-curso-generado-por-la-provincia\/","url_meta":{"origin":16911,"position":1},"title":"UNOS 300 MIL ESTUDIANTES BONAERENSES REALIZARON EL VIAJE DE FIN DE CURSO GENERADO POR LA PROVINCIA","author":"Alejandro Sosa Ruda","date":"26 octubre, 2023","format":false,"excerpt":"El programa de la cartera del Ministerio de Producci\u00f3n, Ciencia e Innovaci\u00f3n Tecnol\u00f3gica bonaerense permite a los estudiantes viajar durante 4 d\u00edas en temporada baja a destinos de la provincia, a playas, sierras y m\u00e1s. 25 de octubre de 2023 BUENOS AIRES -\u00a0 Unos 300 mil estudiantes secundarios que asisten\u2026","rel":"","context":"En \u00abINTERES GENERAL\u00bb","block_context":{"text":"INTERES GENERAL","link":"https:\/\/larevistadigital.com.ar\/blog\/category\/interes-general\/"},"img":{"alt_text":"","src":"https:\/\/i0.wp.com\/larevistadigital.com.ar\/blog\/wp-content\/uploads\/20231025152736_viaj.jpg?fit=880%2C512&ssl=1&resize=350%2C200","width":350,"height":200,"srcset":"https:\/\/i0.wp.com\/larevistadigital.com.ar\/blog\/wp-content\/uploads\/20231025152736_viaj.jpg?fit=880%2C512&ssl=1&resize=350%2C200 1x, https:\/\/i0.wp.com\/larevistadigital.com.ar\/blog\/wp-content\/uploads\/20231025152736_viaj.jpg?fit=880%2C512&ssl=1&resize=525%2C300 1.5x, https:\/\/i0.wp.com\/larevistadigital.com.ar\/blog\/wp-content\/uploads\/20231025152736_viaj.jpg?fit=880%2C512&ssl=1&resize=700%2C400 2x"},"classes":[]},{"id":39550,"url":"https:\/\/larevistadigital.com.ar\/blog\/el-gobernador-kicillof-presento-nuevas-obras-en-educacion-y-seguridad\/","url_meta":{"origin":16911,"position":2},"title":"El gobernador Kicillof present\u00f3 nuevas obras en Educaci\u00f3n y Seguridad","author":"Alejandro Sosa Ruda","date":"26 abril, 2025","format":false,"excerpt":"El gobernador bonaerense Axel Kicillof visit\u00f3 este viernes Trenque Lauquen para inaugurar obras en escuelas y reforzar el sistema de seguridad local. Adem\u00e1s, entreg\u00f3 computadoras del programa Conectar Igualdad Bonaerense y puso en marcha nuevos patrulleros para el distrito. 26 de Abril de 2026 BUENOS AIRES -\u00a0\u00a0Durante el acto, Kicillof\u2026","rel":"","context":"En \u00abDESTACADAS\u00bb","block_context":{"text":"DESTACADAS","link":"https:\/\/larevistadigital.com.ar\/blog\/category\/destacadas\/"},"img":{"alt_text":"","src":"https:\/\/i0.wp.com\/larevistadigital.com.ar\/blog\/wp-content\/uploads\/20250425173040_kicillof-trenque-lauquen-escuela-primaria-n3.jpg?fit=880%2C512&ssl=1&resize=350%2C200","width":350,"height":200,"srcset":"https:\/\/i0.wp.com\/larevistadigital.com.ar\/blog\/wp-content\/uploads\/20250425173040_kicillof-trenque-lauquen-escuela-primaria-n3.jpg?fit=880%2C512&ssl=1&resize=350%2C200 1x, https:\/\/i0.wp.com\/larevistadigital.com.ar\/blog\/wp-content\/uploads\/20250425173040_kicillof-trenque-lauquen-escuela-primaria-n3.jpg?fit=880%2C512&ssl=1&resize=525%2C300 1.5x, https:\/\/i0.wp.com\/larevistadigital.com.ar\/blog\/wp-content\/uploads\/20250425173040_kicillof-trenque-lauquen-escuela-primaria-n3.jpg?fit=880%2C512&ssl=1&resize=700%2C400 2x"},"classes":[]},{"id":43824,"url":"https:\/\/larevistadigital.com.ar\/blog\/encuesta-cual-es-la-imagen-de-axel-kicillof-y-javier-milei-en-cada-provincia\/","url_meta":{"origin":16911,"position":3},"title":"Encuesta: cu\u00e1l es la imagen de Axel Kicillof y Javier Milei en cada provincia","author":"Alejandro Sosa Ruda","date":"6 febrero, 2026","format":false,"excerpt":"Una nueva encuesta revela c\u00f3mo miden Javier Milei y Axel Kicillof en cada provincia. D\u00f3nde gana cada uno y qu\u00e9 distritos marcan la diferencia. 6 de febrero de 2026 Una nueva\u00a0encuesta nacional\u00a0volvi\u00f3 a poner el foco en el mapa pol\u00edtico argentino. La consultora\u00a0CG Global Data\u00a0present\u00f3 un estudio que midi\u00f3 la\u2026","rel":"","context":"En \u00abINTERES GENERAL\u00bb","block_context":{"text":"INTERES GENERAL","link":"https:\/\/larevistadigital.com.ar\/blog\/category\/interes-general\/"},"img":{"alt_text":"","src":"https:\/\/i0.wp.com\/larevistadigital.com.ar\/blog\/wp-content\/uploads\/Captura-de-pantalla-2026-02-06-141759.jpg?fit=802%2C530&ssl=1&resize=350%2C200","width":350,"height":200,"srcset":"https:\/\/i0.wp.com\/larevistadigital.com.ar\/blog\/wp-content\/uploads\/Captura-de-pantalla-2026-02-06-141759.jpg?fit=802%2C530&ssl=1&resize=350%2C200 1x, https:\/\/i0.wp.com\/larevistadigital.com.ar\/blog\/wp-content\/uploads\/Captura-de-pantalla-2026-02-06-141759.jpg?fit=802%2C530&ssl=1&resize=525%2C300 1.5x, https:\/\/i0.wp.com\/larevistadigital.com.ar\/blog\/wp-content\/uploads\/Captura-de-pantalla-2026-02-06-141759.jpg?fit=802%2C530&ssl=1&resize=700%2C400 2x"},"classes":[]},{"id":19980,"url":"https:\/\/larevistadigital.com.ar\/blog\/kicillof-anuncio-multas-de-hasta-45-millones-de-pesos-a-los-que-no-cumplan-las-restricciones\/","url_meta":{"origin":16911,"position":4},"title":"KICILLOF ANUNCI\u00d3 MULTAS DE HASTA 4,5 MILLONES DE PESOS A LOS QUE NO CUMPLAN LAS RESTRICCIONES","author":"Alejandro Sosa Ruda","date":"30 abril, 2021","format":false,"excerpt":"El mandatario bonaerense indic\u00f3 que el valor de las multas alcanzar\u00e1 los 500 sueldos m\u00ednimos. El gobernador bonaerense\u00a0Axel Kicillof\u00a0detalla c\u00f3mo se adaptar\u00e1n las medidas sanitarias anunciadas por el presidente Alberto Fern\u00e1ndez esta ma\u00f1ana,\u00a0\u00a0que comienzan a regir desde este s\u00e1bado 1 de mayo en el Sal\u00f3n Dorado de la Casa de\u2026","rel":"","context":"En \u00abINTERES GENERAL\u00bb","block_context":{"text":"INTERES GENERAL","link":"https:\/\/larevistadigital.com.ar\/blog\/category\/interes-general\/"},"img":{"alt_text":"","src":"https:\/\/i0.wp.com\/larevistadigital.com.ar\/blog\/wp-content\/uploads\/KICI.png?fit=997%2C552&ssl=1&resize=350%2C200","width":350,"height":200,"srcset":"https:\/\/i0.wp.com\/larevistadigital.com.ar\/blog\/wp-content\/uploads\/KICI.png?fit=997%2C552&ssl=1&resize=350%2C200 1x, https:\/\/i0.wp.com\/larevistadigital.com.ar\/blog\/wp-content\/uploads\/KICI.png?fit=997%2C552&ssl=1&resize=525%2C300 1.5x, https:\/\/i0.wp.com\/larevistadigital.com.ar\/blog\/wp-content\/uploads\/KICI.png?fit=997%2C552&ssl=1&resize=700%2C400 2x"},"classes":[]},{"id":45044,"url":"https:\/\/larevistadigital.com.ar\/blog\/carlos-tejedor-kicillof-inauguro-el-centro-universitario-no50-del-programa-puentes\/","url_meta":{"origin":16911,"position":5},"title":"Carlos Tejedor: Kicillof inaugur\u00f3 el centro universitario N\u00ba50 del Programa Puentes","author":"Alejandro Sosa Ruda","date":"10 abril, 2026","format":false,"excerpt":"Adem\u00e1s, el Gobernador otorg\u00f3 computadoras del programa Conectar Igualdad Bonaerense a estudiantes del distrito. 10 de abril de 2026 El gobernador de la provincia de Buenos Aires, Axel Kicillof, encabez\u00f3 este viernes en Carlos Tejedor el acto de inauguraci\u00f3n del centro universitario N\u00ba50 del Programa Puentes, junto al ministro de\u2026","rel":"","context":"En \u00abPOLITICA\u00bb","block_context":{"text":"POLITICA","link":"https:\/\/larevistadigital.com.ar\/blog\/category\/politica\/"},"img":{"alt_text":"","src":"https:\/\/i0.wp.com\/larevistadigital.com.ar\/blog\/wp-content\/uploads\/DSC9274-1-scaled.jpg?fit=1200%2C801&ssl=1&resize=350%2C200","width":350,"height":200,"srcset":"https:\/\/i0.wp.com\/larevistadigital.com.ar\/blog\/wp-content\/uploads\/DSC9274-1-scaled.jpg?fit=1200%2C801&ssl=1&resize=350%2C200 1x, https:\/\/i0.wp.com\/larevistadigital.com.ar\/blog\/wp-content\/uploads\/DSC9274-1-scaled.jpg?fit=1200%2C801&ssl=1&resize=525%2C300 1.5x, https:\/\/i0.wp.com\/larevistadigital.com.ar\/blog\/wp-content\/uploads\/DSC9274-1-scaled.jpg?fit=1200%2C801&ssl=1&resize=700%2C400 2x, https:\/\/i0.wp.com\/larevistadigital.com.ar\/blog\/wp-content\/uploads\/DSC9274-1-scaled.jpg?fit=1200%2C801&ssl=1&resize=1050%2C600 3x"},"classes":[]}],"_links":{"self":[{"href":"https:\/\/larevistadigital.com.ar\/blog\/wp-json\/wp\/v2\/posts\/16911","targetHints":{"allow":["GET"]}}],"collection":[{"href":"https:\/\/larevistadigital.com.ar\/blog\/wp-json\/wp\/v2\/posts"}],"about":[{"href":"https:\/\/larevistadigital.com.ar\/blog\/wp-json\/wp\/v2\/types\/post"}],"author":[{"embeddable":true,"href":"https:\/\/larevistadigital.com.ar\/blog\/wp-json\/wp\/v2\/users\/3"}],"replies":[{"embeddable":true,"href":"https:\/\/larevistadigital.com.ar\/blog\/wp-json\/wp\/v2\/comments?post=16911"}],"version-history":[{"count":1,"href":"https:\/\/larevistadigital.com.ar\/blog\/wp-json\/wp\/v2\/posts\/16911\/revisions"}],"predecessor-version":[{"id":16914,"href":"https:\/\/larevistadigital.com.ar\/blog\/wp-json\/wp\/v2\/posts\/16911\/revisions\/16914"}],"wp:featuredmedia":[{"embeddable":true,"href":"https:\/\/larevistadigital.com.ar\/blog\/wp-json\/wp\/v2\/media\/16913"}],"wp:attachment":[{"href":"https:\/\/larevistadigital.com.ar\/blog\/wp-json\/wp\/v2\/media?parent=16911"}],"wp:term":[{"taxonomy":"category","embeddable":true,"href":"https:\/\/larevistadigital.com.ar\/blog\/wp-json\/wp\/v2\/categories?post=16911"},{"taxonomy":"post_tag","embeddable":true,"href":"https:\/\/larevistadigital.com.ar\/blog\/wp-json\/wp\/v2\/tags?post=16911"}],"curies":[{"name":"wp","href":"https:\/\/api.w.org\/{rel}","templated":true}]}}