{"id":16935,"date":"2020-10-13T21:05:50","date_gmt":"2020-10-13T21:05:50","guid":{"rendered":"https:\/\/larevistadigital.com.ar\/blog\/?p=16935"},"modified":"2020-10-13T21:05:50","modified_gmt":"2020-10-13T21:05:50","slug":"mar-del-plata-detienen-a-un-hombre-que-robaba-en-los-semaforos","status":"publish","type":"post","link":"https:\/\/larevistadigital.com.ar\/blog\/mar-del-plata-detienen-a-un-hombre-que-robaba-en-los-semaforos\/","title":{"rendered":"MAR DEL PLATA: DETIENEN A UN HOMBRE QUE ROBABA EN LOS SEM\u00c1FOROS"},"content":{"rendered":"<h2>Tiene 28 a\u00f1os y cuenta con diferentes antecedentes de hurto y encubrimiento. Fue detenido en la esquina de la avenida Jara y Belgrano.<\/h2>\n<p>Un\u00a0<strong>hombre de 28 a\u00f1os<\/strong>\u00a0acusado de intentar robar a un automovilista en la esquina de la avenida Jara y Belgrano fue detenido el domingo por la tarde.<\/p>\n<p>La mec\u00e1nica para los robos era sencilla: el hombre esperaba agazapado en la esquina de una avenida y sorprend\u00eda a los conductores cuando deten\u00edan la marcha del auto en el sem\u00e1foro, lo que le daba unos segundos para escapar.<\/p>\n<blockquote>\n<h3>Sin embargo el domingo las cosas le salieron mal. Un\u00a0Volkswagen Gol, conducido por un hombre de 31 a\u00f1os, fren\u00f3 en la esquina de la avenida Jara y Belgrano y, cuando fue sorprendido por un delincuente que intentaba abrirle la puerta aceler\u00f3 el auto, sin importarle la luz roja.<\/h3>\n<\/blockquote>\n<p>El conductor pudo escapar del lugar e inmediatamente fue a la comisar\u00eda cuarta para hacer la denuncia y aport\u00f3 las descripciones del hombre que hab\u00eda intentado abrirle la puerta del auto. Luego, personal del Comando de Patrullas de zona norte fue hasta el lugar y detuvo a un hombre con esas caracter\u00edsticas.<\/p>\n<p>El detenido fue imputado por \u201crobo en grado de tentativa\u201d y al identificarlo pudieron comprobar que ten\u00eda antecedentes por diferentes hechos de \u201churto\u201d y de \u201cencubrimiento\u201d.<\/p>\n","protected":false},"excerpt":{"rendered":"<div class=\"mh-excerpt\"><p>Tiene 28 a\u00f1os y cuenta con diferentes antecedentes de hurto y encubrimiento. Fue detenido en la esquina de la avenida Jara y Belgrano. Un\u00a0hombre de 28 a\u00f1os\u00a0acusado de intentar robar a un automovilista en la <a class=\"mh-excerpt-more\" href=\"https:\/\/larevistadigital.com.ar\/blog\/mar-del-plata-detienen-a-un-hombre-que-robaba-en-los-semaforos\/\" title=\"MAR DEL PLATA: DETIENEN A UN HOMBRE QUE ROBABA EN LOS SEM\u00c1FOROS\">[Leer M\u00e1s]<\/a><\/p>\n<\/div>","protected":false},"author":3,"featured_media":16936,"comment_status":"open","ping_status":"open","sticky":false,"template":"","format":"standard","meta":{"_jetpack_memberships_contains_paid_content":false,"footnotes":"","jetpack_publicize_message":"","jetpack_publicize_feature_enabled":true,"jetpack_social_post_already_shared":true,"jetpack_social_options":{"image_generator_settings":{"template":"highway","default_image_id":0,"font":"","enabled":false},"version":2}},"categories":[51],"tags":[],"class_list":{"0":"post-16935","1":"post","2":"type-post","3":"status-publish","4":"format-standard","5":"has-post-thumbnail","7":"category-regionales"},"jetpack_publicize_connections":[],"jetpack_featured_media_url":"https:\/\/i0.wp.com\/larevistadigital.com.ar\/blog\/wp-content\/uploads\/Screenshot_2-109.jpg?fit=1009%2C668&ssl=1","jetpack_sharing_enabled":true,"jetpack_shortlink":"https:\/\/wp.me\/p8qtrQ-4p9","jetpack-related-posts":[{"id":28744,"url":"https:\/\/larevistadigital.com.ar\/blog\/descontrol-total-insulto-a-policias-escapo-en-su-auto-y-fue-detenido-luego-de-chocar-a-un-patrullero\/","url_meta":{"origin":16935,"position":0},"title":"DESCONTROL TOTAL: INSULT\u00d3 A POLIC\u00cdAS, ESCAP\u00d3 EN SU AUTO Y FUE DETENIDO LUEGO DE CHOCAR A UN PATRULLERO","author":"Alejandro Sosa Ruda","date":"2 noviembre, 2022","format":false,"excerpt":"El hombre de 53 a\u00f1os fue atrapado en avenida Constituci\u00f3n y Ricardo Palma. Fue imputado de da\u00f1o y resistencia a la autoridad. 2 de noviembre de 2022 Un\u00a0hombre de 53 a\u00f1os\u00a0fue detenido este martes a la tarde despu\u00e9s de una intensa persecuci\u00f3n que termin\u00f3 en la avenida Constituci\u00f3n y Ricardo\u2026","rel":"","context":"En \u00abPOLICIALES\u00bb","block_context":{"text":"POLICIALES","link":"https:\/\/larevistadigital.com.ar\/blog\/category\/policiales\/"},"img":{"alt_text":"","src":"https:\/\/i0.wp.com\/larevistadigital.com.ar\/blog\/wp-content\/uploads\/Captura-de-pantalla-2022-11-02-115549.png?fit=808%2C392&ssl=1&resize=350%2C200","width":350,"height":200,"srcset":"https:\/\/i0.wp.com\/larevistadigital.com.ar\/blog\/wp-content\/uploads\/Captura-de-pantalla-2022-11-02-115549.png?fit=808%2C392&ssl=1&resize=350%2C200 1x, https:\/\/i0.wp.com\/larevistadigital.com.ar\/blog\/wp-content\/uploads\/Captura-de-pantalla-2022-11-02-115549.png?fit=808%2C392&ssl=1&resize=525%2C300 1.5x, https:\/\/i0.wp.com\/larevistadigital.com.ar\/blog\/wp-content\/uploads\/Captura-de-pantalla-2022-11-02-115549.png?fit=808%2C392&ssl=1&resize=700%2C400 2x"},"classes":[]},{"id":28711,"url":"https:\/\/larevistadigital.com.ar\/blog\/detienen-a-un-presunto-homicida-en-un-control-de-transito\/","url_meta":{"origin":16935,"position":1},"title":"DETIENEN A UN PRESUNTO HOMICIDA EN UN CONTROL DE TR\u00c1NSITO","author":"Alejandro Sosa Ruda","date":"31 octubre, 2022","format":false,"excerpt":"El sospechoso fue capturado en un operativo\u00a0en Plaza Yrigoyen, luego de que los agentes lo interceptaran y averiguaran sus antecedentes. 31 de octubre de 2022 LA PLATA -\u00a0 El Municipio realiz\u00f3 durante la \u00faltima semana una serie de operativos simult\u00e1neos en distintos barrios de la ciudad que dejaron como resultado\u2026","rel":"","context":"En \u00abINTERES GENERAL\u00bb","block_context":{"text":"INTERES GENERAL","link":"https:\/\/larevistadigital.com.ar\/blog\/category\/interes-general\/"},"img":{"alt_text":"","src":"https:\/\/i0.wp.com\/larevistadigital.com.ar\/blog\/wp-content\/uploads\/1667241325338.jpg?fit=1200%2C594&ssl=1&resize=350%2C200","width":350,"height":200,"srcset":"https:\/\/i0.wp.com\/larevistadigital.com.ar\/blog\/wp-content\/uploads\/1667241325338.jpg?fit=1200%2C594&ssl=1&resize=350%2C200 1x, https:\/\/i0.wp.com\/larevistadigital.com.ar\/blog\/wp-content\/uploads\/1667241325338.jpg?fit=1200%2C594&ssl=1&resize=525%2C300 1.5x, https:\/\/i0.wp.com\/larevistadigital.com.ar\/blog\/wp-content\/uploads\/1667241325338.jpg?fit=1200%2C594&ssl=1&resize=700%2C400 2x, https:\/\/i0.wp.com\/larevistadigital.com.ar\/blog\/wp-content\/uploads\/1667241325338.jpg?fit=1200%2C594&ssl=1&resize=1050%2C600 3x"},"classes":[]},{"id":42125,"url":"https:\/\/larevistadigital.com.ar\/blog\/detuvieron-a-un-hombre-acusado-de-abandonar-el-cuerpo-de-una-anciana-en-un-camino-rural-de-general-belgrano\/","url_meta":{"origin":16935,"position":2},"title":"Detuvieron a un hombre acusado de abandonar el cuerpo de una anciana en un camino rural de General Belgrano","author":"Alejandro Sosa Ruda","date":"20 octubre, 2025","format":false,"excerpt":"La v\u00edctima, de 84 a\u00f1os, hab\u00eda sido hallada envuelta en una frazada cerca del Puente El Zapallar. El detenido, de 53 a\u00f1os, era su apoderado y estaba a cargo de su cuidado. 20 de Octubre de 2025 GRAL. BELGRANO -\u00a0 \u00a0Un hombre de 53 a\u00f1os fue detenido en las \u00faltimas\u2026","rel":"","context":"En \u00abPOLICIALES\u00bb","block_context":{"text":"POLICIALES","link":"https:\/\/larevistadigital.com.ar\/blog\/category\/policiales\/"},"img":{"alt_text":"","src":"https:\/\/i0.wp.com\/larevistadigital.com.ar\/blog\/wp-content\/uploads\/99bbe206ef87c9567318d87379d157f8af23583a.jpg?fit=1140%2C734&ssl=1&resize=350%2C200","width":350,"height":200,"srcset":"https:\/\/i0.wp.com\/larevistadigital.com.ar\/blog\/wp-content\/uploads\/99bbe206ef87c9567318d87379d157f8af23583a.jpg?fit=1140%2C734&ssl=1&resize=350%2C200 1x, https:\/\/i0.wp.com\/larevistadigital.com.ar\/blog\/wp-content\/uploads\/99bbe206ef87c9567318d87379d157f8af23583a.jpg?fit=1140%2C734&ssl=1&resize=525%2C300 1.5x, https:\/\/i0.wp.com\/larevistadigital.com.ar\/blog\/wp-content\/uploads\/99bbe206ef87c9567318d87379d157f8af23583a.jpg?fit=1140%2C734&ssl=1&resize=700%2C400 2x, https:\/\/i0.wp.com\/larevistadigital.com.ar\/blog\/wp-content\/uploads\/99bbe206ef87c9567318d87379d157f8af23583a.jpg?fit=1140%2C734&ssl=1&resize=1050%2C600 3x"},"classes":[]},{"id":26464,"url":"https:\/\/larevistadigital.com.ar\/blog\/mar-del-plata-fue-detenido-por-dispararle-en-la-cara-a-su-ex-pareja\/","url_meta":{"origin":16935,"position":3},"title":"MAR DEL PLATA: FUE DETENIDO POR DISPARARLE EN LA CARA A SU EX PAREJA","author":"Alejandro Sosa Ruda","date":"11 julio, 2022","format":false,"excerpt":"Ocurri\u00f3 el domingo a la noche en Avenida Jacinto Peralta Ramos y Puan. La v\u00edctima tiene 36 a\u00f1os y qued\u00f3 internada en el Hospital Interzonal, mientras que el agresor, de 75, fue imputado por \"homicidio en grado de tentativa\". MAR DEL PLATA -\u00a0 Un hombre de 75 a\u00f1os\u00a0fue detenido el\u2026","rel":"","context":"En \u00abPOLICIALES\u00bb","block_context":{"text":"POLICIALES","link":"https:\/\/larevistadigital.com.ar\/blog\/category\/policiales\/"},"img":{"alt_text":"","src":"https:\/\/i0.wp.com\/larevistadigital.com.ar\/blog\/wp-content\/uploads\/Captura-de-pantalla-2022-07-11-114528.png?fit=618%2C455&ssl=1&resize=350%2C200","width":350,"height":200,"srcset":"https:\/\/i0.wp.com\/larevistadigital.com.ar\/blog\/wp-content\/uploads\/Captura-de-pantalla-2022-07-11-114528.png?fit=618%2C455&ssl=1&resize=350%2C200 1x, https:\/\/i0.wp.com\/larevistadigital.com.ar\/blog\/wp-content\/uploads\/Captura-de-pantalla-2022-07-11-114528.png?fit=618%2C455&ssl=1&resize=525%2C300 1.5x"},"classes":[]},{"id":3060,"url":"https:\/\/larevistadigital.com.ar\/blog\/tucuman-creyo-que-habia-saqueos-entro-a-robar-y-termino-detenido\/","url_meta":{"origin":16935,"position":4},"title":"Tucum\u00e1n: crey\u00f3 que hab\u00eda saqueos, entr\u00f3 a robar y termin\u00f3 detenido","author":"admin","date":"11 agosto, 2017","format":false,"excerpt":"Lo que ocurri\u00f3 hoy al mediod\u00eda en la avenida Siria de\u00a0San Miguel de Tucum\u00e1n\u00a0fue el mejor ejemplo de que, a veces, la realidad supera a la ficci\u00f3n. En un s\u00faper que se encuentra en la esquina de esa avenida con la calle Bolivia se estaba filmando hoy una escena de\u2026","rel":"","context":"En \u00abCURIOSAS\u00bb","block_context":{"text":"CURIOSAS","link":"https:\/\/larevistadigital.com.ar\/blog\/category\/curiosas\/"},"img":{"alt_text":"","src":"https:\/\/i0.wp.com\/larevistadigital.com.ar\/blog\/wp-content\/uploads\/2017\/08\/f620x350-412147_443165_0.jpg?fit=620%2C350&ssl=1&resize=350%2C200","width":350,"height":200,"srcset":"https:\/\/i0.wp.com\/larevistadigital.com.ar\/blog\/wp-content\/uploads\/2017\/08\/f620x350-412147_443165_0.jpg?fit=620%2C350&ssl=1&resize=350%2C200 1x, https:\/\/i0.wp.com\/larevistadigital.com.ar\/blog\/wp-content\/uploads\/2017\/08\/f620x350-412147_443165_0.jpg?fit=620%2C350&ssl=1&resize=525%2C300 1.5x"},"classes":[]},{"id":666,"url":"https:\/\/larevistadigital.com.ar\/blog\/la-marcha-la-cgt-multitudinaria-centro-porteno-colapsa\/","url_meta":{"origin":16935,"position":5},"title":"La marcha de la CGT es multitudinaria, y el centro porte\u00f1o colapsa","author":"Alejandro Sosa Ruda","date":"7 marzo, 2017","format":false,"excerpt":"A pesar de los contratiempos que la movilizaci\u00f3n ocasiona en el centro de la ciudad de Buenos Aires, los responsables de transportes afirman que el servicio funcionar\u00e1 durante toda la jornada, \u201cya que esto no es un paro, es una movilizaci\u00f3n. Por distintas arterias marchan la CGT, gremios opositores de\u2026","rel":"","context":"En \u00abDESTACADAS\u00bb","block_context":{"text":"DESTACADAS","link":"https:\/\/larevistadigital.com.ar\/blog\/category\/destacadas\/"},"img":{"alt_text":"","src":"https:\/\/i0.wp.com\/larevistadigital.com.ar\/blog\/wp-content\/uploads\/2017\/03\/0004360304.jpg?fit=1140%2C700&ssl=1&resize=350%2C200","width":350,"height":200,"srcset":"https:\/\/i0.wp.com\/larevistadigital.com.ar\/blog\/wp-content\/uploads\/2017\/03\/0004360304.jpg?fit=1140%2C700&ssl=1&resize=350%2C200 1x, https:\/\/i0.wp.com\/larevistadigital.com.ar\/blog\/wp-content\/uploads\/2017\/03\/0004360304.jpg?fit=1140%2C700&ssl=1&resize=525%2C300 1.5x, https:\/\/i0.wp.com\/larevistadigital.com.ar\/blog\/wp-content\/uploads\/2017\/03\/0004360304.jpg?fit=1140%2C700&ssl=1&resize=700%2C400 2x, https:\/\/i0.wp.com\/larevistadigital.com.ar\/blog\/wp-content\/uploads\/2017\/03\/0004360304.jpg?fit=1140%2C700&ssl=1&resize=1050%2C600 3x"},"classes":[]}],"_links":{"self":[{"href":"https:\/\/larevistadigital.com.ar\/blog\/wp-json\/wp\/v2\/posts\/16935","targetHints":{"allow":["GET"]}}],"collection":[{"href":"https:\/\/larevistadigital.com.ar\/blog\/wp-json\/wp\/v2\/posts"}],"about":[{"href":"https:\/\/larevistadigital.com.ar\/blog\/wp-json\/wp\/v2\/types\/post"}],"author":[{"embeddable":true,"href":"https:\/\/larevistadigital.com.ar\/blog\/wp-json\/wp\/v2\/users\/3"}],"replies":[{"embeddable":true,"href":"https:\/\/larevistadigital.com.ar\/blog\/wp-json\/wp\/v2\/comments?post=16935"}],"version-history":[{"count":1,"href":"https:\/\/larevistadigital.com.ar\/blog\/wp-json\/wp\/v2\/posts\/16935\/revisions"}],"predecessor-version":[{"id":16937,"href":"https:\/\/larevistadigital.com.ar\/blog\/wp-json\/wp\/v2\/posts\/16935\/revisions\/16937"}],"wp:featuredmedia":[{"embeddable":true,"href":"https:\/\/larevistadigital.com.ar\/blog\/wp-json\/wp\/v2\/media\/16936"}],"wp:attachment":[{"href":"https:\/\/larevistadigital.com.ar\/blog\/wp-json\/wp\/v2\/media?parent=16935"}],"wp:term":[{"taxonomy":"category","embeddable":true,"href":"https:\/\/larevistadigital.com.ar\/blog\/wp-json\/wp\/v2\/categories?post=16935"},{"taxonomy":"post_tag","embeddable":true,"href":"https:\/\/larevistadigital.com.ar\/blog\/wp-json\/wp\/v2\/tags?post=16935"}],"curies":[{"name":"wp","href":"https:\/\/api.w.org\/{rel}","templated":true}]}}