{"id":16940,"date":"2020-10-14T12:31:50","date_gmt":"2020-10-14T12:31:50","guid":{"rendered":"https:\/\/larevistadigital.com.ar\/blog\/?p=16940"},"modified":"2020-10-14T12:31:50","modified_gmt":"2020-10-14T12:31:50","slug":"importante-donacion-de-la-asociacion-amigos-del-museo-pampeano-en-procura-de-la-preservacion-de-su-patrimonio-historico","status":"publish","type":"post","link":"https:\/\/larevistadigital.com.ar\/blog\/importante-donacion-de-la-asociacion-amigos-del-museo-pampeano-en-procura-de-la-preservacion-de-su-patrimonio-historico\/","title":{"rendered":"IMPORTANTE DONACI\u00d3N DE LA ASOCIACI\u00d3N AMIGOS DEL MUSEO PAMPEANO EN PROCURA DE LA PRESERVACI\u00d3N DE SU PATRIMONIO HIST\u00d3RICO"},"content":{"rendered":"<h2><strong>La entidad don\u00f3 al Museo Pampeano una c\u00e1mara de fotos que perteneci\u00f3 al Estudio Fotogr\u00e1fico Rex<\/strong><\/h2>\n<p>Siguiendo con las acciones tendientes a la protecci\u00f3n y conservaci\u00f3n del patrimonio local, la Asociaci\u00f3n Amigos del Museo Pampeano efectu\u00f3 la donaci\u00f3n de una c\u00e1mara fotogr\u00e1fica que hubiera pertenecido a Fotograf\u00eda Rex, el estudio fotogr\u00e1fico de don <strong>Carlos Costanzo Ducloux<\/strong>, ubicado en calle Libres del Sur 171.<\/p>\n<p>Posteriormente, la viuda de <strong>Ducloux<\/strong> vender\u00eda la c\u00e1mara a <strong>Carlos Gonz\u00e1lez<\/strong>, reconocido fot\u00f3grafo local, quien la utiliz\u00f3 hasta fines de la d\u00e9cada de 1970.<\/p>\n<figure id=\"attachment_16942\" aria-describedby=\"caption-attachment-16942\" style=\"width: 960px\" class=\"wp-caption alignnone\"><img data-recalc-dims=\"1\" loading=\"lazy\" decoding=\"async\" class=\"wp-image-16942 size-full\" src=\"https:\/\/i0.wp.com\/larevistadigital.com.ar\/blog\/wp-content\/uploads\/ducloux.jpeg?resize=960%2C1280&#038;ssl=1\" alt=\"\" width=\"960\" height=\"1280\" srcset=\"https:\/\/i0.wp.com\/larevistadigital.com.ar\/blog\/wp-content\/uploads\/ducloux.jpeg?w=960&amp;ssl=1 960w, https:\/\/i0.wp.com\/larevistadigital.com.ar\/blog\/wp-content\/uploads\/ducloux.jpeg?resize=225%2C300&amp;ssl=1 225w, https:\/\/i0.wp.com\/larevistadigital.com.ar\/blog\/wp-content\/uploads\/ducloux.jpeg?resize=768%2C1024&amp;ssl=1 768w\" sizes=\"auto, (max-width: 960px) 100vw, 960px\" \/><figcaption id=\"caption-attachment-16942\" class=\"wp-caption-text\"><strong>CARLOS CONSTANZO DUCLOUX<\/strong><\/figcaption><\/figure>\n<p>La c\u00e1mara en cuesti\u00f3n es del tipo de galer\u00eda, de uso profesional, de fuelle y de pie, y es de origen alem\u00e1n. Data de fines del siglo XIX a principios del siglo XX.<\/p>\n<p>Cabe destacar que previamente fueron consultados los fot\u00f3grafos <strong>Abel Alexander<\/strong> y <strong>Marcelo Mazza<\/strong>, colaboradores de nuestra Asociaci\u00f3n, para evaluar la adquisici\u00f3n de la c\u00e1mara.<\/p>\n<p>M\u00e1s all\u00e1 del valor de la propia c\u00e1mara, el hecho de haber pertenecido a dos estudios fotogr\u00e1ficos de nuestra ciudad a lo largo de los a\u00f1os, le brinda un valor agregado por constituirse en una pieza \u00fanica de la historia y el patrimonio local.<\/p>\n<p>Es por ello que la Asociaci\u00f3n Amigos del Museo Pampeano adquiri\u00f3 con fondos propios la c\u00e1mara, para ser destinada al museo, lugar indicado para la preservaci\u00f3n de los objetos significativos de la historia de Chascom\u00fas.<\/p>\n<p>Es de destacar por otra parte, que nuestra ciudad fue distinguida como Capital Provincial de la Historia de la Fotograf\u00eda Argentina en el a\u00f1o 2014, a trav\u00e9s de la Ley 14662, y que el mes de octubre se conmemora en Chascom\u00fas el Mes de la Fotograf\u00eda Antigua, ya que fue en ese mes, pero de 1942, cuando el doctor <strong>Julio Felipe Riob\u00f3<\/strong> realiz\u00f3 la primera muestra de fotograf\u00eda antigua, con el t\u00edtulo de <strong><em>\u201cPrimera Exposici\u00f3n de Daguerrotipos, Fotograf\u00edas sobre vidrio y Fotograf\u00edas sobre metal\u201d.<\/em><\/strong><\/p>\n<p>De esta manera, la Asociaci\u00f3n Amigos del Museo Pampeano ratifica su compromiso en la defensa y protecci\u00f3n del patrimonio local, y agradece la colaboraci\u00f3n de todos sus socios.<\/p>\n","protected":false},"excerpt":{"rendered":"<div class=\"mh-excerpt\"><p>La entidad don\u00f3 al Museo Pampeano una c\u00e1mara de fotos que perteneci\u00f3 al Estudio Fotogr\u00e1fico Rex Siguiendo con las acciones tendientes a la protecci\u00f3n y conservaci\u00f3n del patrimonio local, la Asociaci\u00f3n Amigos del Museo Pampeano <a class=\"mh-excerpt-more\" href=\"https:\/\/larevistadigital.com.ar\/blog\/importante-donacion-de-la-asociacion-amigos-del-museo-pampeano-en-procura-de-la-preservacion-de-su-patrimonio-historico\/\" title=\"IMPORTANTE DONACI\u00d3N DE LA ASOCIACI\u00d3N AMIGOS DEL MUSEO PAMPEANO EN PROCURA DE LA PRESERVACI\u00d3N DE SU PATRIMONIO HIST\u00d3RICO\">[Leer M\u00e1s]<\/a><\/p>\n<\/div>","protected":false},"author":3,"featured_media":16941,"comment_status":"open","ping_status":"open","sticky":false,"template":"","format":"standard","meta":{"_jetpack_memberships_contains_paid_content":false,"footnotes":"","jetpack_publicize_message":"","jetpack_publicize_feature_enabled":true,"jetpack_social_post_already_shared":true,"jetpack_social_options":{"image_generator_settings":{"template":"highway","default_image_id":0,"font":"","enabled":false},"version":2}},"categories":[6,15],"tags":[],"class_list":{"0":"post-16940","1":"post","2":"type-post","3":"status-publish","4":"format-standard","5":"has-post-thumbnail","7":"category-chascomus","8":"category-cultura"},"jetpack_publicize_connections":[],"jetpack_featured_media_url":"https:\/\/i0.wp.com\/larevistadigital.com.ar\/blog\/wp-content\/uploads\/camara_museo.jpg?fit=1032%2C581&ssl=1","jetpack_sharing_enabled":true,"jetpack_shortlink":"https:\/\/wp.me\/p8qtrQ-4pe","jetpack-related-posts":[{"id":43605,"url":"https:\/\/larevistadigital.com.ar\/blog\/chascomus-gran-convocatoria-en-las-noches-de-cine-en-el-museo-pampeano\/","url_meta":{"origin":16940,"position":0},"title":"Chascom\u00fas: Gran convocatoria en las Noches de Cine en el Museo Pampeano","author":"Alejandro Sosa Ruda","date":"26 enero, 2026","format":false,"excerpt":"Las Noches de Cine en el Museo Pampeano se desarrollaron con gran \u00e9xito, consolid\u00e1ndose como una propuesta cultural que volvi\u00f3 a reunir a vecinos, vecinas y turistas para disfrutar del cine en un entorno patrimonial \u00fanico de la ciudad. 26 de enero de 2026 CHASCOM\u00daS\u00a0 -\u00a0 \u00a0 Las funciones, que\u2026","rel":"","context":"En \u00abCHASCOM\u00daS\u00bb","block_context":{"text":"CHASCOM\u00daS","link":"https:\/\/larevistadigital.com.ar\/blog\/category\/chascomus\/"},"img":{"alt_text":"","src":"https:\/\/i0.wp.com\/larevistadigital.com.ar\/blog\/wp-content\/uploads\/6977b7a5bc7a9.png?fit=668%2C445&ssl=1&resize=350%2C200","width":350,"height":200,"srcset":"https:\/\/i0.wp.com\/larevistadigital.com.ar\/blog\/wp-content\/uploads\/6977b7a5bc7a9.png?fit=668%2C445&ssl=1&resize=350%2C200 1x, https:\/\/i0.wp.com\/larevistadigital.com.ar\/blog\/wp-content\/uploads\/6977b7a5bc7a9.png?fit=668%2C445&ssl=1&resize=525%2C300 1.5x"},"classes":[]},{"id":37900,"url":"https:\/\/larevistadigital.com.ar\/blog\/celebramos-juntos-los-85-anos-del-museo-pampeano\/","url_meta":{"origin":16940,"position":1},"title":"Celebramos juntos los 85\u00b0 a\u00f1os del Museo Pampeano","author":"Alejandro Sosa Ruda","date":"15 noviembre, 2024","format":false,"excerpt":"Una tarde para disfrutar en los jardines del Museo con la actuaci\u00f3n de numerosos artistas de nuestra tierra. 15 de Noviembre de 2024 CHASCOM\u00daS -\u00a0 Este s\u00e1bado 16 de noviembre, entre las 14.30 y las 21 horas, tendr\u00e1 lugar la celebraci\u00f3n del aniversario de la creaci\u00f3n del Museo Pampeano que\u2026","rel":"","context":"En \u00abCHASCOM\u00daS\u00bb","block_context":{"text":"CHASCOM\u00daS","link":"https:\/\/larevistadigital.com.ar\/blog\/category\/chascomus\/"},"img":{"alt_text":"","src":"https:\/\/i0.wp.com\/larevistadigital.com.ar\/blog\/wp-content\/uploads\/67363399deb86.png?fit=668%2C445&ssl=1&resize=350%2C200","width":350,"height":200,"srcset":"https:\/\/i0.wp.com\/larevistadigital.com.ar\/blog\/wp-content\/uploads\/67363399deb86.png?fit=668%2C445&ssl=1&resize=350%2C200 1x, https:\/\/i0.wp.com\/larevistadigital.com.ar\/blog\/wp-content\/uploads\/67363399deb86.png?fit=668%2C445&ssl=1&resize=525%2C300 1.5x"},"classes":[]},{"id":42393,"url":"https:\/\/larevistadigital.com.ar\/blog\/chascomus-se-realizaron-distintos-trabajos-de-puesta-en-valor-del-museo-pampeano\/","url_meta":{"origin":16940,"position":2},"title":"Chascom\u00fas: Se realizaron distintos trabajos de puesta en valor del Museo Pampeano","author":"Alejandro Sosa Ruda","date":"5 noviembre, 2025","format":false,"excerpt":"Las tareas se concentraron en la pintura de las salas, cocina y aberturas Durante los \u00faltimos d\u00edas se llevaron a cabo tareas de pintura en el Museo Pampeano, para la puesta en valor de esta hist\u00f3rica edificaci\u00f3n que en este mes est\u00e1 arribando a un nuevo aniversario, buscando realzar a\u00fan\u2026","rel":"","context":"En \u00abCHASCOM\u00daS\u00bb","block_context":{"text":"CHASCOM\u00daS","link":"https:\/\/larevistadigital.com.ar\/blog\/category\/chascomus\/"},"img":{"alt_text":"","src":"https:\/\/i0.wp.com\/larevistadigital.com.ar\/blog\/wp-content\/uploads\/690b8527ac768.png?fit=668%2C445&ssl=1&resize=350%2C200","width":350,"height":200,"srcset":"https:\/\/i0.wp.com\/larevistadigital.com.ar\/blog\/wp-content\/uploads\/690b8527ac768.png?fit=668%2C445&ssl=1&resize=350%2C200 1x, https:\/\/i0.wp.com\/larevistadigital.com.ar\/blog\/wp-content\/uploads\/690b8527ac768.png?fit=668%2C445&ssl=1&resize=525%2C300 1.5x"},"classes":[]},{"id":36767,"url":"https:\/\/larevistadigital.com.ar\/blog\/chascomus-reacondicionaron-el-edificio-del-museo-pampeano\/","url_meta":{"origin":16940,"position":3},"title":"CHASCOM\u00daS: REACONDICIONARON EL EDIFICIO DEL MUSEO PAMPEANO","author":"Alejandro Sosa Ruda","date":"23 julio, 2024","format":false,"excerpt":"Las obras fueron muy diversas y consistieron, entre otras cosas, en trabajos de limpieza, revoques, pintura de paredes y rejas, el embellecimiento de tejas y la construcci\u00f3n del pilar del port\u00f3n, colocaci\u00f3n de membranas Durante el primer semestre del a\u00f1o se realizaron diversas tareas de reacondicionamiento en el Museo Pampeano\u2026","rel":"","context":"En \u00abCHASCOM\u00daS\u00bb","block_context":{"text":"CHASCOM\u00daS","link":"https:\/\/larevistadigital.com.ar\/blog\/category\/chascomus\/"},"img":{"alt_text":"","src":"https:\/\/i0.wp.com\/larevistadigital.com.ar\/blog\/wp-content\/uploads\/669e9de40732c.png?fit=668%2C445&ssl=1&resize=350%2C200","width":350,"height":200,"srcset":"https:\/\/i0.wp.com\/larevistadigital.com.ar\/blog\/wp-content\/uploads\/669e9de40732c.png?fit=668%2C445&ssl=1&resize=350%2C200 1x, https:\/\/i0.wp.com\/larevistadigital.com.ar\/blog\/wp-content\/uploads\/669e9de40732c.png?fit=668%2C445&ssl=1&resize=525%2C300 1.5x"},"classes":[]},{"id":36471,"url":"https:\/\/larevistadigital.com.ar\/blog\/mucho-arte-y-cultura-para-un-finde-que-se-anuncia-fresco-en-chascomus\/","url_meta":{"origin":16940,"position":4},"title":"MUCHO ARTE Y CULTURA PARA UN FINDE QUE SE ANUNCIA FRESCO EN CHASCOM\u00daS","author":"Alejandro Sosa Ruda","date":"28 junio, 2024","format":false,"excerpt":"Este finde podr\u00e1s disfrutar de distintas propuestas culturales y recreativas, en el marco de \u201cChascom\u00fas todo el a\u00f1o\u201d. 28 De Junio de 2024 CHASCOM\u00daS -\u00a0 El s\u00e1bado, particularmente, tendremos oportunidad de deleitarnos con Concierto de M\u00fasica de C\u00e1mara que brindar\u00e1n integrantes del Programa de Formaci\u00f3n Profesional, que se desarrolla en\u2026","rel":"","context":"En \u00abINTERES GENERAL\u00bb","block_context":{"text":"INTERES GENERAL","link":"https:\/\/larevistadigital.com.ar\/blog\/category\/interes-general\/"},"img":{"alt_text":"","src":"https:\/\/i0.wp.com\/larevistadigital.com.ar\/blog\/wp-content\/uploads\/2024_06_28_02_05_51_6859549.jpeg?fit=600%2C400&ssl=1&resize=350%2C200","width":350,"height":200,"srcset":"https:\/\/i0.wp.com\/larevistadigital.com.ar\/blog\/wp-content\/uploads\/2024_06_28_02_05_51_6859549.jpeg?fit=600%2C400&ssl=1&resize=350%2C200 1x, https:\/\/i0.wp.com\/larevistadigital.com.ar\/blog\/wp-content\/uploads\/2024_06_28_02_05_51_6859549.jpeg?fit=600%2C400&ssl=1&resize=525%2C300 1.5x"},"classes":[]},{"id":37736,"url":"https:\/\/larevistadigital.com.ar\/blog\/este-jueves-7-de-noviembre-se-cumplira-el-85-aniversario-de-la-fundacion-del-museo-pampeano\/","url_meta":{"origin":16940,"position":5},"title":"Este jueves 7 de noviembre se cumplir\u00e1 el 85\u00b0 aniversario de la fundaci\u00f3n del Museo Pampeano","author":"Alejandro Sosa Ruda","date":"5 noviembre, 2024","format":false,"excerpt":"Nuestro museo custodia colecciones de objetos y tesoros de valor incalculable que narran nuestra historia. 5 de noviembre de 2024 CHASCOM\u00daS\u00a0 -\u00a0 El Museo Pampeano y el Parque de los Libres del Sur fueron creados en el a\u00f1o 1939, para recordar el centenario de la Batalla de Chascom\u00fas, hecho b\u00e9lico\u2026","rel":"","context":"En \u00abCULTURA\u00bb","block_context":{"text":"CULTURA","link":"https:\/\/larevistadigital.com.ar\/blog\/category\/cultura\/"},"img":{"alt_text":"","src":"https:\/\/i0.wp.com\/larevistadigital.com.ar\/blog\/wp-content\/uploads\/672a59cdb5a62.png?fit=668%2C445&ssl=1&resize=350%2C200","width":350,"height":200,"srcset":"https:\/\/i0.wp.com\/larevistadigital.com.ar\/blog\/wp-content\/uploads\/672a59cdb5a62.png?fit=668%2C445&ssl=1&resize=350%2C200 1x, https:\/\/i0.wp.com\/larevistadigital.com.ar\/blog\/wp-content\/uploads\/672a59cdb5a62.png?fit=668%2C445&ssl=1&resize=525%2C300 1.5x"},"classes":[]}],"_links":{"self":[{"href":"https:\/\/larevistadigital.com.ar\/blog\/wp-json\/wp\/v2\/posts\/16940","targetHints":{"allow":["GET"]}}],"collection":[{"href":"https:\/\/larevistadigital.com.ar\/blog\/wp-json\/wp\/v2\/posts"}],"about":[{"href":"https:\/\/larevistadigital.com.ar\/blog\/wp-json\/wp\/v2\/types\/post"}],"author":[{"embeddable":true,"href":"https:\/\/larevistadigital.com.ar\/blog\/wp-json\/wp\/v2\/users\/3"}],"replies":[{"embeddable":true,"href":"https:\/\/larevistadigital.com.ar\/blog\/wp-json\/wp\/v2\/comments?post=16940"}],"version-history":[{"count":1,"href":"https:\/\/larevistadigital.com.ar\/blog\/wp-json\/wp\/v2\/posts\/16940\/revisions"}],"predecessor-version":[{"id":16943,"href":"https:\/\/larevistadigital.com.ar\/blog\/wp-json\/wp\/v2\/posts\/16940\/revisions\/16943"}],"wp:featuredmedia":[{"embeddable":true,"href":"https:\/\/larevistadigital.com.ar\/blog\/wp-json\/wp\/v2\/media\/16941"}],"wp:attachment":[{"href":"https:\/\/larevistadigital.com.ar\/blog\/wp-json\/wp\/v2\/media?parent=16940"}],"wp:term":[{"taxonomy":"category","embeddable":true,"href":"https:\/\/larevistadigital.com.ar\/blog\/wp-json\/wp\/v2\/categories?post=16940"},{"taxonomy":"post_tag","embeddable":true,"href":"https:\/\/larevistadigital.com.ar\/blog\/wp-json\/wp\/v2\/tags?post=16940"}],"curies":[{"name":"wp","href":"https:\/\/api.w.org\/{rel}","templated":true}]}}