{"id":16944,"date":"2020-10-14T13:08:58","date_gmt":"2020-10-14T13:08:58","guid":{"rendered":"https:\/\/larevistadigital.com.ar\/blog\/?p=16944"},"modified":"2020-10-14T13:08:58","modified_gmt":"2020-10-14T13:08:58","slug":"vecinos-del-barrio-san-cayetano-entregaron-un-petitorio-al-intendente-gaston-y-suspenden-los-cortes-como-muestra-de-buena-voluntad","status":"publish","type":"post","link":"https:\/\/larevistadigital.com.ar\/blog\/vecinos-del-barrio-san-cayetano-entregaron-un-petitorio-al-intendente-gaston-y-suspenden-los-cortes-como-muestra-de-buena-voluntad\/","title":{"rendered":"VECINOS DEL BARRIO SAN CAYETANO ENTREGARON UN PETITORIO AL INTENDENTE GAST\u00d3N Y SUSPENDEN LOS CORTES COMO MUESTRA DE BUENA VOLUNTAD"},"content":{"rendered":"<h2>Luego de varios cortes en el acceso de la ciudad de Chascom\u00fas, fruto del hast\u00edo de los vecinos que no encuentran respuestas del gobierno local respecto del estado de abandono del barrio San Cayetano, ahora para demostrar que tienen muy buena predisposici\u00f3n (y paciencia), entregaron una nota al intendente<strong> Javier Gast\u00f3n<\/strong> donde enumeran los reclamos barriales, y piden una \u00abapertura de di\u00e1logo\u00bb.<\/h2>\n<p>Esto sucede, pese a que desde el municipio han sido ignorados, salvo en el caso del \u00e1rea de seguridad, donde d\u00edas atr\u00e1s el sub secretario del sector, <strong>Ramiro Cangianelli<\/strong> se hizo presente para dialogar con la gente y tratar de encontrar alguna soluci\u00f3n despu\u00e9s de interiorizarse de los reclamos y problemas de los vecinos que tienen que ver con su \u00e1rea.<\/p>\n<blockquote>\n<h3>Tambi\u00e9n entregaron en cada bloque del concejo deliberante, sendas notas donde los notifican de esta acci\u00f3n, y piden el apoyo de los concejales, como representantes de los vecinos de la ciudad.<\/h3>\n<\/blockquote>\n<p>Esto, seg\u00fan los mismos vecinos nos han asegurado, <em><strong>\u00abno es claudicar con el reclamo, sino que se trata de demostrar al intendente que ac\u00e1 no hay caprichos. Por el momento cesamos con los cortes para que vea que queremos dialogar y queremos ser atendidos. Tenemos el derecho a contar con la atenci\u00f3n de nuestras necesidades b\u00e1sicas, como el poder circular por las calles del barrio sin quedar encajados o terminar en la zanja con el auto roto. Lo mismo con la seguridad, y con la sala de atenci\u00f3n primaria. Y si las calles no cuentan con iluminaci\u00f3n \u00f3ptima, el barrio se transforma en una &#8216;boca de lobo\u00b4,\u00bb<\/strong><\/em> asegur\u00f3 la vocera del barrio <strong>Gabriela Santill\u00e1n.<\/strong><\/p>\n<p>Tambi\u00e9n dejaron claro, que de no recibir contestaci\u00f3n alguna (como ha venido sucediendo), no solo retomar\u00e1n los cortes en el acceso, sino que tomar\u00e1n distintas medidas que se han estado evaluando, y que el conflicto ir\u00e1 creciendo porque <em><strong>\u00abser\u00eda frustrante e inaceptable que no se abra una mesa de di\u00e1logo\u00bb<\/strong><\/em>.<\/p>\n<h3>EL TEXTO DE LA NOTA A GAST\u00d3N:<\/h3>\n<p><strong>Chascomus, Barrio San Cayetano, Vecinos autoconvocados:<\/strong><br \/>\n<strong>Nos dijimos formal y respetuosamente al Intendente local Javier Gaston, al Secretario de Gobierno Cipriano P\u00e9rez del Cerro, al Secretario de Obras y Servicios P\u00fablicos Sebasti\u00e1n Placenave y al Secretario de Seguridad municipal Lucas Funes:<\/strong><\/p>\n<p><strong><em>De nuestra mayor consideraci\u00f3n, como vecinos del barrio solicitamos a la brevedad conformar una mesa de dialogo, primeramente, con el Secretario de Obras P\u00fablicas, Sebasti\u00e1n Placenave o si el funcionario no puede brindarnos una reuni\u00f3n o escucharnos estamos abiertos a propuestas por parte de alg\u00fan representante de la mencionada cartera municipal o quien nos pueda brindar una pronta soluci\u00f3n a nuestro tema ya sea del ejecutivo o alguna otra posibilidad que a nosotros como barrio nos mejore notablemente la calidad de vida, ya que sabemos que somos parte de la Ciudad de Chascomus, mas all\u00e1 de estar en la periferia y varias veces sentirnos fuera del ejido municipal, solicitamos poder como barrio tener las m\u00ednimas necesidades b\u00e1sicas satisfechas, enumerando a continuaci\u00f3n algunos puntos resueltos en asamblea con los vecinos autoconvocados.<\/em><\/strong><br \/>\n<strong><em>\u2022 De manera urgente arreglo de calles con un mejorado de piedras, o conchilla, y asfalto en calles Miguel Can\u00e9 y D\u00e1valos; ya que hace poco las maquinas al pasar las pocas piedras que hab\u00eda las dejaron enterradas en la tierra negra que se desparram\u00f3 por todo el barrio, haciendo luego de una copiosa lluvia casi imposible circular en cualquier tipo de veh\u00edculo (Auto, Moto o bicicleta), como as\u00ed tambi\u00e9n vecinos que sal\u00edan a pie para cumplir sus tareas diarias se han encajado en el barro, se han roto veh\u00edculos, y varios se han ca\u00eddo en las zanjas luego de perder el control por l barro ocasionado por la lluvia y la tierra negra tirada el d\u00eda previo a la misma, teniendo el pron\u00f3stico a la visita de todos el mundo, varios vecinos intentaron parar a los maquinistas de buena forma ya que sabemos sin haber estudiado del tema, que si tiran tierra negra sin asentarla luego de una lluvia intensa esa tierra se convertir\u00eda en barro haciendo intransitable nuestro barrio, agradeciendo que por culpa de la pandemia nuestros hijos no concurren a clase ya que tampoco se hubiera podido ingresar a los establecimientos educativos , siendo redundante en el tema ya que las calles luego de una fuerte lluvia y con tierra quedan inmejorables, pedidos POR FAVOR, sea este pedido primeramente tratado, y de ser posible en una mesa de dialogo conformada por ambas partes.<\/em><\/strong><\/p>\n<p><strong><em>\u2022 Luminarias para la totalidad del barrio y a su vez mantenimiento l\u00f3gico de las mismas, ya que varios faroles lum\u00ednicos se han quemado y no fueron reemplazados por la municipalidad, recordando a su vez que una gran parte de los vecinos es gente de bajos recursos no pudiendo muchas veces recurrir a telefon\u00eda fija ni celular para realizar el reclamo debidamente, tampoco en su mayor\u00eda poseemos internet como para enviar mail, sabemos que no es el 100 % del barrio pero si un n\u00famero significativo, sin poder comunicarse al 147.<\/em><\/strong><\/p>\n<p><strong><em>\u2022 Tambi\u00e9n solicitamos mayores medidas de Seguridad, m\u00e1s patrullaje para el barrio, que se acomoden las cuadriculas, y adem\u00e1s solicitamos un M\u00f3dulo de Seguridad para el Barrio abarcando no solo San Cayetano sino los barrios aleda\u00f1os: LA PAVA CHICA, LA PAVA GRANDE, MARTIN FIERRO, SAN NICOLAS y 30 DE MAYO.<\/em><\/strong><\/p>\n<p><strong><em>\u2022 A su vez solicitamos la implementaci\u00f3n de otro modulo que sirva como Sala de primeros auxilios, volviendo al tema anterior ya que varios vecinos no se pueden trasladar por razones monetarias al lugar m\u00e1s cercano para llevar las criaturas siendo este el Barrio 30 de Mayo.<\/em><\/strong><\/p>\n<p><strong><em>\u2022 Asimismo, detallamos que el problema con los vecinos que frecuentemente se ENGANCHAN del tendido el\u00e9ctrico, con todo lo peligroso que ello demanda, a los usuarios que abonamos mensualmente nuestro servicio a la empresa prestataria EDEA, nos perjudica considerablemente ya que tanto en \u00e9poca estival como invernal los cortes de luz son frecuentes por la gran demanda que ocasionan los mencionados enganches directos, por tal motivo en un periodo la empresa realizo un barrido por el barrio pero lo que pasa que esta gente ni bien se retira el m\u00f3vil se vuelven a enganchar con total impunidad, ese tema pedimos un mayor compromiso para realizar un buen trabajo en conjunto entre todas las partes afectadas, sabemos que no es un tema de ustedes pero confiamos que por su medio como nuestros representantes pueden interferir con las autoridades locales de la entidad correspondiente.<\/em><\/strong><\/p>\n<p><strong><em>\u2022 Y por \u00faltimo y no el menor de los problemas que hoy d\u00eda aquejan al Barrio es el tema USURPACIONES, que lamentablemente va de la mano con el tema de la Inseguridad, ambos temas a tratar son derivados de la misma parte ya que se sabe sin dar nombres propios ni direcciones por esta v\u00eda, que las personas que usurpan lotes son facilitadas por residentes del lugar y obviamente estos a su vez beneficiados o ayudados por alguien con m\u00e1s peso arriba de ellos y avalados para tal fin, denotando que esta gente en su mayor\u00eda serian del conurbano bonaerense como as\u00ed tambi\u00e9n de Ciudades aleda\u00f1as a Chascom\u00fas, la mayor\u00eda es gente sin trabajo y sin dinero que toman lotes, arman casillas precarias y obviamente sin palees se enganchan de la luz, no pagan impuestos ni servicios, y por casualidad el \u00faltimo tiempo los delitos se incrementaron de gran manera a toda hora y en casas de fines de semana como viviendas permanentes sin estar sus moradores dentro de las mismas, por el momento, esperemos no llegue el d\u00eda que esta gente que sabemos est\u00e1n armadas no realicen entraderas o robos con armas, por tal motivo lo invitamos a esta reuni\u00f3n barrial para juntos tratar de no llegar a esas instancias y que no sea ya demasiado tarde e imposible de frenar el delito en este y otros barrios de nuestra Ciudad, por ello solicitamos si est\u00e1 a su alcance poder tramitar la llegada de un destacamento Policial, necesitamos con suma urgencia la presencia permanente en este barrio, ya que estando en este sitio puede a su vez prestar ayuda a los barrios lindantes como: LA PAVA CHICA, LA PAVA GRANDE, MARTIN FIERRO, SAN NICOLAS, y obviamente SAN CAYETANO. A su vez solicitamos tener la conexi\u00f3n para poder contar con la colocaci\u00f3n de C\u00e1maras de monitoreo municipal con las cuales nos sentir\u00edamos m\u00e1s respaldados y cuidados.<\/em><\/strong><br \/>\n<strong><em>Desde ya estamos muy agradecidos esperamos una pronta respuesta a nuestra petici\u00f3n, sabemos y no estamos ajenos a los problemas que estamos atravesando con la pandemia del Covid-19, pero esperamos juntos y cuanto antes poder realizar las tareas para as\u00ed poder sentirnos parte de la Ciudad de Chascom\u00fas, esta carta est\u00e1 firmada por la referente barrial, pero no sola ya que la misma est\u00e1 respaldada por todo el Barrio San Cayetano y dicho pedido es el de la mayor\u00eda que quiere vivir bien y dignamente, desde ya muchas gracias aguardamos un contacto urgente con quien corresponda para as\u00ed juntos poder conformar una mesa de di\u00e1logo fluido entre las partes, atentamente:<\/em><\/strong><\/p>\n","protected":false},"excerpt":{"rendered":"<div class=\"mh-excerpt\"><p>Luego de varios cortes en el acceso de la ciudad de Chascom\u00fas, fruto del hast\u00edo de los vecinos que no encuentran respuestas del gobierno local respecto del estado de abandono del barrio San Cayetano, ahora <a class=\"mh-excerpt-more\" href=\"https:\/\/larevistadigital.com.ar\/blog\/vecinos-del-barrio-san-cayetano-entregaron-un-petitorio-al-intendente-gaston-y-suspenden-los-cortes-como-muestra-de-buena-voluntad\/\" title=\"VECINOS DEL BARRIO SAN CAYETANO ENTREGARON UN PETITORIO AL INTENDENTE GAST\u00d3N Y SUSPENDEN LOS CORTES COMO MUESTRA DE BUENA VOLUNTAD\">[Leer M\u00e1s]<\/a><\/p>\n<\/div>","protected":false},"author":3,"featured_media":16946,"comment_status":"open","ping_status":"open","sticky":false,"template":"","format":"standard","meta":{"_jetpack_memberships_contains_paid_content":false,"footnotes":"","jetpack_publicize_message":"","jetpack_publicize_feature_enabled":true,"jetpack_social_post_already_shared":true,"jetpack_social_options":{"image_generator_settings":{"template":"highway","default_image_id":0,"font":"","enabled":false},"version":2}},"categories":[41],"tags":[],"class_list":{"0":"post-16944","1":"post","2":"type-post","3":"status-publish","4":"format-standard","5":"has-post-thumbnail","7":"category-destacadas"},"jetpack_publicize_connections":[],"jetpack_featured_media_url":"https:\/\/i0.wp.com\/larevistadigital.com.ar\/blog\/wp-content\/uploads\/NOTA-SAN-CAYETANO-A-GASTON.jpg?fit=1000%2C1430&ssl=1","jetpack_sharing_enabled":true,"jetpack_shortlink":"https:\/\/wp.me\/p8qtrQ-4pi","jetpack-related-posts":[{"id":16948,"url":"https:\/\/larevistadigital.com.ar\/blog\/los-vecinos-del-barrio-san-cayetano-entregaron-una-nota-a-cada-bloque-del-concejo-deliberante\/","url_meta":{"origin":16944,"position":0},"title":"LOS VECINOS DEL BARRIO SAN CAYETANO, ENTREGARON UNA NOTA A CADA BLOQUE DEL CONCEJO DELIBERANTE","author":"Alejandro Sosa Ruda","date":"14 octubre, 2020","format":false,"excerpt":"Durante la ma\u00f1ana de hoy 14\/10, los Vecinos Autoconvocados del Barrio San Cayetano, hicieron entrega de una nota a cada uno de los bloques de concejales del Concejo Deliberante, donde informan el petitorio y la nota ingresada por mesa de entradas y dirigida al intendente Javier\u00a0Gast\u00f3n, pidiendo ser escuchados y\u2026","rel":"","context":"En \u00abINTERES GENERAL\u00bb","block_context":{"text":"INTERES GENERAL","link":"https:\/\/larevistadigital.com.ar\/blog\/category\/interes-general\/"},"img":{"alt_text":"","src":"https:\/\/i0.wp.com\/larevistadigital.com.ar\/blog\/wp-content\/uploads\/NOTA-SAN-CAYETANO-A-BLOQUES.jpg?fit=676%2C1200&ssl=1&resize=350%2C200","width":350,"height":200,"srcset":"https:\/\/i0.wp.com\/larevistadigital.com.ar\/blog\/wp-content\/uploads\/NOTA-SAN-CAYETANO-A-BLOQUES.jpg?fit=676%2C1200&ssl=1&resize=350%2C200 1x, https:\/\/i0.wp.com\/larevistadigital.com.ar\/blog\/wp-content\/uploads\/NOTA-SAN-CAYETANO-A-BLOQUES.jpg?fit=676%2C1200&ssl=1&resize=525%2C300 1.5x"},"classes":[]},{"id":17348,"url":"https:\/\/larevistadigital.com.ar\/blog\/hoy-se-define-si-el-gobierno-de-gaston-no-responde-la-nota-de-los-vecinos-el-lunes-habra-marcha-desde-el-barrio-san-cayetano-al-municipio\/","url_meta":{"origin":16944,"position":1},"title":"HOY SE DEFINE: SI EL GOBIERNO DE GAST\u00d3N NO RESPONDE LA NOTA DE LOS VECINOS, EL LUNES HABR\u00c1 MARCHA DESDE EL BARRIO SAN CAYETANO AL MUNICIPIO","author":"Alejandro Sosa Ruda","date":"30 octubre, 2020","format":false,"excerpt":"Tal como lo adelantamos d\u00edas atr\u00e1s, los vecinos del barrio San Cayetano no toleran m\u00e1s el ser ignorados por las autoridades que gobiernan la ciudad de Chascom\u00fas. Luego de reclamos de toda \u00edndole, sin recibir ninguna respuesta, los vecinos suspendieron los cortes que ven\u00edan haciendo en el acceso a la\u2026","rel":"","context":"En \u00abDESTACADAS\u00bb","block_context":{"text":"DESTACADAS","link":"https:\/\/larevistadigital.com.ar\/blog\/category\/destacadas\/"},"img":{"alt_text":"","src":"https:\/\/i0.wp.com\/larevistadigital.com.ar\/blog\/wp-content\/uploads\/convocatoria.jpeg?fit=675%2C1200&ssl=1&resize=350%2C200","width":350,"height":200,"srcset":"https:\/\/i0.wp.com\/larevistadigital.com.ar\/blog\/wp-content\/uploads\/convocatoria.jpeg?fit=675%2C1200&ssl=1&resize=350%2C200 1x, https:\/\/i0.wp.com\/larevistadigital.com.ar\/blog\/wp-content\/uploads\/convocatoria.jpeg?fit=675%2C1200&ssl=1&resize=525%2C300 1.5x"},"classes":[]},{"id":16711,"url":"https:\/\/larevistadigital.com.ar\/blog\/insolito-mientras-vecinos-de-san-cayetano-reclaman-por-el-estado-de-las-calles-el-gobierno-local-pretendia-suspender-la-reunion-por-lluvia\/","url_meta":{"origin":16944,"position":2},"title":"\u00a1INS\u00d3LITO! MIENTRAS VECINOS DE SAN CAYETANO RECLAMAN POR EL ESTADO DE LAS CALLES EL GOBIERNO LOCAL, PRETEND\u00cdA SUSPENDER LA REUNI\u00d3N  \u00a1POR LLUVIA!","author":"Alejandro Sosa Ruda","date":"5 octubre, 2020","format":false,"excerpt":"Para quienes no est\u00e1n en tema, los vecinos del Barrio San Cayetano, cansados de la inseguridad, y los problemas en las calles que le impiden pr\u00e1cticamente el ingreso y egreso a sus casas, hab\u00edan organizado para ma\u00f1ana lunes a las 10 de la ma\u00f1ana un corte en el acceso a\u2026","rel":"","context":"En \u00abDESTACADAS\u00bb","block_context":{"text":"DESTACADAS","link":"https:\/\/larevistadigital.com.ar\/blog\/category\/destacadas\/"},"img":{"alt_text":"","src":"https:\/\/i0.wp.com\/larevistadigital.com.ar\/blog\/wp-content\/uploads\/120367999_149919180127236_8066131427627497415_o-1.jpg?fit=1000%2C1139&ssl=1&resize=350%2C200","width":350,"height":200,"srcset":"https:\/\/i0.wp.com\/larevistadigital.com.ar\/blog\/wp-content\/uploads\/120367999_149919180127236_8066131427627497415_o-1.jpg?fit=1000%2C1139&ssl=1&resize=350%2C200 1x, https:\/\/i0.wp.com\/larevistadigital.com.ar\/blog\/wp-content\/uploads\/120367999_149919180127236_8066131427627497415_o-1.jpg?fit=1000%2C1139&ssl=1&resize=525%2C300 1.5x, https:\/\/i0.wp.com\/larevistadigital.com.ar\/blog\/wp-content\/uploads\/120367999_149919180127236_8066131427627497415_o-1.jpg?fit=1000%2C1139&ssl=1&resize=700%2C400 2x"},"classes":[]},{"id":17295,"url":"https:\/\/larevistadigital.com.ar\/blog\/se-termina-la-paciencia-de-los-vecinos-del-barrio-san-cayetano\/","url_meta":{"origin":16944,"position":3},"title":"SE TERMINA LA PACIENCIA DE LOS VECINOS DEL BARRIO SAN CAYETANO","author":"Alejandro Sosa Ruda","date":"29 octubre, 2020","format":false,"excerpt":"Luego de que mucha agua pas\u00f3 bajo el puente, parece que la paciencia de los vecinos del Barrio San Cayetano se est\u00e1 terminando. Paciencia que a decir verdad, ha sido por dem\u00e1s de considerada con las autoridades. Hoy por hoy, los vecinos del San Cayetano est\u00e1n decididos a que si\u2026","rel":"","context":"En \u00abDESTACADAS\u00bb","block_context":{"text":"DESTACADAS","link":"https:\/\/larevistadigital.com.ar\/blog\/category\/destacadas\/"},"img":{"alt_text":"","src":"https:\/\/i0.wp.com\/larevistadigital.com.ar\/blog\/wp-content\/uploads\/convocatoria.jpeg?fit=675%2C1200&ssl=1&resize=350%2C200","width":350,"height":200,"srcset":"https:\/\/i0.wp.com\/larevistadigital.com.ar\/blog\/wp-content\/uploads\/convocatoria.jpeg?fit=675%2C1200&ssl=1&resize=350%2C200 1x, https:\/\/i0.wp.com\/larevistadigital.com.ar\/blog\/wp-content\/uploads\/convocatoria.jpeg?fit=675%2C1200&ssl=1&resize=525%2C300 1.5x"},"classes":[]},{"id":17033,"url":"https:\/\/larevistadigital.com.ar\/blog\/videos-barrio-san-cayetano-de-esto-hablaban-los-vecinos-senor-secretario\/","url_meta":{"origin":16944,"position":4},"title":"[VIDEOS] BARRIO SAN CAYETANO: \u00a1DE ESTO HABLABAN LOS VECINOS, SE\u00d1OR SECRETARIO!","author":"Alejandro Sosa Ruda","date":"19 octubre, 2020","format":false,"excerpt":"Como si fuera un mensaje divino, sucedi\u00f3 lo que siempre pasa, pero en esta ocasi\u00f3n a un veh\u00edculo policial. Ah\u00ed tiene el secretario que dijo hace d\u00edas no entender el reclamo de los vecinos. \u00bfAhora entender\u00e1? Otra vez lluvias, y otra vez los vecinos del Barrio San Cayetano que no\u2026","rel":"","context":"En \u00abDESTACADAS\u00bb","block_context":{"text":"DESTACADAS","link":"https:\/\/larevistadigital.com.ar\/blog\/category\/destacadas\/"},"img":{"alt_text":"","src":"https:\/\/i0.wp.com\/larevistadigital.com.ar\/blog\/wp-content\/uploads\/WhatsApp-Image-2020-10-19-at-13.42.39.jpeg?fit=1032%2C581&ssl=1&resize=350%2C200","width":350,"height":200,"srcset":"https:\/\/i0.wp.com\/larevistadigital.com.ar\/blog\/wp-content\/uploads\/WhatsApp-Image-2020-10-19-at-13.42.39.jpeg?fit=1032%2C581&ssl=1&resize=350%2C200 1x, https:\/\/i0.wp.com\/larevistadigital.com.ar\/blog\/wp-content\/uploads\/WhatsApp-Image-2020-10-19-at-13.42.39.jpeg?fit=1032%2C581&ssl=1&resize=525%2C300 1.5x, https:\/\/i0.wp.com\/larevistadigital.com.ar\/blog\/wp-content\/uploads\/WhatsApp-Image-2020-10-19-at-13.42.39.jpeg?fit=1032%2C581&ssl=1&resize=700%2C400 2x"},"classes":[]},{"id":16771,"url":"https:\/\/larevistadigital.com.ar\/blog\/chascomus-vecinos-del-barrio-san-cayetano-cortan-el-acceso-a-la-ciudad-ante-la-falta-de-respuestas-del-municipio\/","url_meta":{"origin":16944,"position":5},"title":"CHASCOM\u00daS: VECINOS DEL BARRIO SAN CAYETANO CORTAN EL ACCESO A LA CIUDAD ANTE LA FALTA DE RESPUESTAS DEL MUNICIPIO","author":"Alejandro Sosa Ruda","date":"6 octubre, 2020","format":false,"excerpt":"Tal como lo hab\u00edan anunciado, los vecinos del barrio San Cayetano est\u00e1n cortando el acceso a Chascom\u00fas por la nula atenci\u00f3n que el municipio les brinda a los reclamos que vienen haciendo hace a\u00f1os, y en particular desde los cinco a\u00f1os que llevan la gesti\u00f3n de Javier Gast\u00f3n. Los vecinos,\u2026","rel":"","context":"En \u00abDESTACADAS\u00bb","block_context":{"text":"DESTACADAS","link":"https:\/\/larevistadigital.com.ar\/blog\/category\/destacadas\/"},"img":{"alt_text":"","src":"https:\/\/i0.wp.com\/larevistadigital.com.ar\/blog\/wp-content\/uploads\/VECINOS-CORTAN-ACCESO-1.jpg?fit=1000%2C321&ssl=1&resize=350%2C200","width":350,"height":200,"srcset":"https:\/\/i0.wp.com\/larevistadigital.com.ar\/blog\/wp-content\/uploads\/VECINOS-CORTAN-ACCESO-1.jpg?fit=1000%2C321&ssl=1&resize=350%2C200 1x, https:\/\/i0.wp.com\/larevistadigital.com.ar\/blog\/wp-content\/uploads\/VECINOS-CORTAN-ACCESO-1.jpg?fit=1000%2C321&ssl=1&resize=525%2C300 1.5x, https:\/\/i0.wp.com\/larevistadigital.com.ar\/blog\/wp-content\/uploads\/VECINOS-CORTAN-ACCESO-1.jpg?fit=1000%2C321&ssl=1&resize=700%2C400 2x"},"classes":[]}],"_links":{"self":[{"href":"https:\/\/larevistadigital.com.ar\/blog\/wp-json\/wp\/v2\/posts\/16944","targetHints":{"allow":["GET"]}}],"collection":[{"href":"https:\/\/larevistadigital.com.ar\/blog\/wp-json\/wp\/v2\/posts"}],"about":[{"href":"https:\/\/larevistadigital.com.ar\/blog\/wp-json\/wp\/v2\/types\/post"}],"author":[{"embeddable":true,"href":"https:\/\/larevistadigital.com.ar\/blog\/wp-json\/wp\/v2\/users\/3"}],"replies":[{"embeddable":true,"href":"https:\/\/larevistadigital.com.ar\/blog\/wp-json\/wp\/v2\/comments?post=16944"}],"version-history":[{"count":1,"href":"https:\/\/larevistadigital.com.ar\/blog\/wp-json\/wp\/v2\/posts\/16944\/revisions"}],"predecessor-version":[{"id":16947,"href":"https:\/\/larevistadigital.com.ar\/blog\/wp-json\/wp\/v2\/posts\/16944\/revisions\/16947"}],"wp:featuredmedia":[{"embeddable":true,"href":"https:\/\/larevistadigital.com.ar\/blog\/wp-json\/wp\/v2\/media\/16946"}],"wp:attachment":[{"href":"https:\/\/larevistadigital.com.ar\/blog\/wp-json\/wp\/v2\/media?parent=16944"}],"wp:term":[{"taxonomy":"category","embeddable":true,"href":"https:\/\/larevistadigital.com.ar\/blog\/wp-json\/wp\/v2\/categories?post=16944"},{"taxonomy":"post_tag","embeddable":true,"href":"https:\/\/larevistadigital.com.ar\/blog\/wp-json\/wp\/v2\/tags?post=16944"}],"curies":[{"name":"wp","href":"https:\/\/api.w.org\/{rel}","templated":true}]}}