{"id":16948,"date":"2020-10-14T13:59:55","date_gmt":"2020-10-14T13:59:55","guid":{"rendered":"https:\/\/larevistadigital.com.ar\/blog\/?p=16948"},"modified":"2020-10-14T13:59:55","modified_gmt":"2020-10-14T13:59:55","slug":"los-vecinos-del-barrio-san-cayetano-entregaron-una-nota-a-cada-bloque-del-concejo-deliberante","status":"publish","type":"post","link":"https:\/\/larevistadigital.com.ar\/blog\/los-vecinos-del-barrio-san-cayetano-entregaron-una-nota-a-cada-bloque-del-concejo-deliberante\/","title":{"rendered":"LOS VECINOS DEL BARRIO SAN CAYETANO, ENTREGARON UNA NOTA A CADA BLOQUE DEL CONCEJO DELIBERANTE"},"content":{"rendered":"<p>Durante la ma\u00f1ana de hoy 14\/10, los Vecinos Autoconvocados del Barrio San Cayetano, hicieron entrega de una nota a cada uno de los bloques de concejales del Concejo Deliberante, donde informan el petitorio y la nota ingresada por mesa de entradas y dirigida al intendente <strong>Javier\u00a0<\/strong><b>Gast\u00f3n<\/b>, pidiendo ser escuchados y que de una vez por todas se de una soluci\u00f3n a los graves problemas que enfrenta el barrio.<\/p>\n<p>La vocera del barrio, <strong>Gabriela Santill\u00e1n<\/strong> se hizo presente en el Palacio Municipal, y luego en el Concejo Deliberante, donde personalmente entreg\u00f3 las notas. <em><strong>\u00abLas notas a los bloques, son para darles aviso del reclamo formal, y que como muestra de buena voluntad vamos a suspender las acciones de protesta por unos d\u00edas, para darle al intendente la posibilidad de que nos responda o abra una mesa de di\u00e1logo con los vecinos, y poder llegar a una soluci\u00f3n. Tambi\u00e9n, en las notas pedimos el apoyo de los concejales, ya que son los representantes electos de los vecinos de Chascom\u00fas, independientemente de su pertenencia partidaria, y si bien algunos se han acercado, todos deber\u00edan hacerlo, y ayudarnos como lo prometieron en campa\u00f1a\u00bb<\/strong><\/em>, dispar\u00f3.<\/p>\n<p>El conflicto entonces, entra en un \u00abimpasse\u00bb, a la espera de la respuesta del alcalde chascomunense, qui\u00e9n hasta el momento no ha dado muestras de atender los reclamos. Esperemos que esto cambie con celeridad, y los vecinos obtengan lo que es sencillamente \u00absu derecho\u00bb.<\/p>\n<h3>AC\u00c1 EL TEXTO DE LAS NOTAS ENTREGADAS:<\/h3>\n<p>Aclaramos que el contenido es el mismo para los bloques, lo \u00fanico que cambia es el encabezado (dirigido a cada uno de ellos)<\/p>\n<p><em><strong>Se\u00f1ores<\/strong><\/em><\/p>\n<p><em><strong>Bloque de Concejales<\/strong><\/em><\/p>\n<p><em><strong>Del Frente de Todos<\/strong><\/em><\/p>\n<p><em><strong>S__________\/__________D<\/strong><\/em><\/p>\n<p>&nbsp;<\/p>\n<p><em><strong>De nuestra mayor consideraci\u00f3n:<\/strong><\/em><\/p>\n<p><em><strong>\u00a0\u00a0\u00a0\u00a0\u00a0\u00a0\u00a0\u00a0\u00a0\u00a0\u00a0\u00a0\u00a0\u00a0\u00a0\u00a0\u00a0\u00a0\u00a0\u00a0\u00a0\u00a0\u00a0\u00a0\u00a0\u00a0\u00a0\u00a0\u00a0\u00a0\u00a0\u00a0\u00a0\u00a0\u00a0\u00a0\u00a0\u00a0\u00a0\u00a0\u00a0\u00a0\u00a0\u00a0\u00a0\u00a0\u00a0\u00a0\u00a0\u00a0 Por intermedio de la presente, tenemos el agrado de dirigirnos a ustedes, para poner en v\/conocimiento que hemos hecho llegar una nota al se\u00f1or Intendente Municipal, Javier Gast\u00f3n en donde le explicamos los reclamos que venimos realizando los vecinos del Barrio San Cayetano, y que al no haber sido escuchados ni tenidos en cuenta, nos obligaron a llevar a cabo medidas de fuerza.<\/strong><\/em><\/p>\n<p><em><strong>\u00a0\u00a0\u00a0\u00a0\u00a0\u00a0\u00a0\u00a0\u00a0\u00a0\u00a0\u00a0\u00a0\u00a0\u00a0\u00a0\u00a0\u00a0\u00a0\u00a0\u00a0\u00a0\u00a0\u00a0\u00a0\u00a0\u00a0\u00a0\u00a0\u00a0\u00a0\u00a0\u00a0\u00a0\u00a0\u00a0\u00a0\u00a0\u00a0\u00a0\u00a0\u00a0\u00a0\u00a0\u00a0\u00a0\u00a0\u00a0\u00a0\u00a0 Asimismo, informamos que pese a todo, tratamos de demostrar buena predisposici\u00f3n y voluntad, esperando que se nos escuche y brinde una soluci\u00f3n a lo que hace tanto tiempo venimos reclamando, para as\u00ed terminar con un conflicto que a nada conduce, y que ser\u00eda mucho mejor evitar.<\/strong><\/em><\/p>\n<p><em><strong>\u00a0\u00a0\u00a0\u00a0\u00a0\u00a0 \u00a0\u00a0\u00a0\u00a0\u00a0\u00a0\u00a0\u00a0\u00a0\u00a0\u00a0\u00a0\u00a0\u00a0\u00a0\u00a0\u00a0\u00a0\u00a0\u00a0\u00a0\u00a0\u00a0\u00a0\u00a0\u00a0\u00a0\u00a0\u00a0\u00a0\u00a0\u00a0\u00a0\u00a0\u00a0\u00a0\u00a0\u00a0\u00a0\u00a0\u00a0\u00a0\u00a0\u00a0\u00a0Desde hoy entonces, suspendemos los cortes en el acceso a la ciudad, en espera de la respuesta del se\u00f1or intendente, pero tambi\u00e9n estamos decididos a no bajar los brazos, y seguir con nuestra lucha para que se respeten nuestros derechos como vecinos de Chascom\u00fas.<\/strong><\/em><\/p>\n<p><em><strong>\u00a0\u00a0\u00a0\u00a0\u00a0\u00a0\u00a0\u00a0\u00a0\u00a0\u00a0\u00a0\u00a0\u00a0\u00a0\u00a0\u00a0\u00a0\u00a0\u00a0\u00a0\u00a0\u00a0\u00a0\u00a0\u00a0\u00a0\u00a0\u00a0\u00a0\u00a0\u00a0\u00a0\u00a0\u00a0\u00a0\u00a0\u00a0\u00a0\u00a0\u00a0\u00a0\u00a0\u00a0\u00a0\u00a0\u00a0\u00a0\u00a0\u00a0 Solicitamos a ustedes que nos brinden su respaldo, porque son nuestros representantes (de todos los vecinos), aclarando que si en una semana no obtenemos alguna respuesta del gobierno local que implique una apertura de di\u00e1logo, nos veremos en la obligaci\u00f3n de retomar los cortes, e incrementar las protestas con otras acciones que consideremos necesarias.<\/strong><\/em><\/p>\n<p><em><strong>\u00a0\u00a0\u00a0\u00a0\u00a0\u00a0\u00a0\u00a0\u00a0\u00a0\u00a0\u00a0\u00a0\u00a0\u00a0\u00a0\u00a0\u00a0\u00a0\u00a0\u00a0\u00a0\u00a0\u00a0\u00a0\u00a0\u00a0\u00a0\u00a0\u00a0\u00a0\u00a0\u00a0\u00a0\u00a0\u00a0\u00a0\u00a0\u00a0\u00a0\u00a0\u00a0\u00a0\u00a0\u00a0\u00a0\u00a0\u00a0\u00a0\u00a0 Sin otro particular, saludamos a ustedes muy atentamente, y adjuntamos copia de la nota presentada al Intendente.<\/strong><\/em><\/p>\n<p>&nbsp;<\/p>\n","protected":false},"excerpt":{"rendered":"<div class=\"mh-excerpt\"><p>Durante la ma\u00f1ana de hoy 14\/10, los Vecinos Autoconvocados del Barrio San Cayetano, hicieron entrega de una nota a cada uno de los bloques de concejales del Concejo Deliberante, donde informan el petitorio y la <a class=\"mh-excerpt-more\" href=\"https:\/\/larevistadigital.com.ar\/blog\/los-vecinos-del-barrio-san-cayetano-entregaron-una-nota-a-cada-bloque-del-concejo-deliberante\/\" title=\"LOS VECINOS DEL BARRIO SAN CAYETANO, ENTREGARON UNA NOTA A CADA BLOQUE DEL CONCEJO DELIBERANTE\">[Leer M\u00e1s]<\/a><\/p>\n<\/div>","protected":false},"author":3,"featured_media":16951,"comment_status":"open","ping_status":"open","sticky":false,"template":"","format":"standard","meta":{"_jetpack_memberships_contains_paid_content":false,"footnotes":"","jetpack_publicize_message":"","jetpack_publicize_feature_enabled":true,"jetpack_social_post_already_shared":true,"jetpack_social_options":{"image_generator_settings":{"template":"highway","default_image_id":0,"font":"","enabled":false},"version":2}},"categories":[50],"tags":[],"class_list":{"0":"post-16948","1":"post","2":"type-post","3":"status-publish","4":"format-standard","5":"has-post-thumbnail","7":"category-interes-general"},"jetpack_publicize_connections":[],"jetpack_featured_media_url":"https:\/\/i0.wp.com\/larevistadigital.com.ar\/blog\/wp-content\/uploads\/NOTA-SAN-CAYETANO-A-BLOQUES.jpg?fit=1000%2C1776&ssl=1","jetpack_sharing_enabled":true,"jetpack_shortlink":"https:\/\/wp.me\/p8qtrQ-4pm","jetpack-related-posts":[{"id":22386,"url":"https:\/\/larevistadigital.com.ar\/blog\/laura-moujan-sigue-recorriendo-los-barrios-de-la-ciudad\/","url_meta":{"origin":16948,"position":0},"title":"LAURA MOUJAN, SIGUE RECORRIENDO LOS BARRIOS DE LA CIUDAD","author":"Alejandro Sosa Ruda","date":"14 octubre, 2021","format":false,"excerpt":"En la tarde del s\u00e1bado, la Candidata a Concejal Laura Moujan quien encabeza la lista del Vecinalismo Juntos Por Chascom\u00fas visit\u00f3 el Barrio San Cayetano de nuestra ciudad junto con los integrantes de la lista y compartieron opiniones de las problem\u00e1ticas del barrio con los vecinos. En la recorrida conversaron\u2026","rel":"","context":"En \u00abINTERES GENERAL\u00bb","block_context":{"text":"INTERES GENERAL","link":"https:\/\/larevistadigital.com.ar\/blog\/category\/interes-general\/"},"img":{"alt_text":"","src":"https:\/\/i0.wp.com\/larevistadigital.com.ar\/blog\/wp-content\/uploads\/WhatsApp-Image-2021-10-13-at-21.00.43.jpeg?fit=1200%2C900&ssl=1&resize=350%2C200","width":350,"height":200,"srcset":"https:\/\/i0.wp.com\/larevistadigital.com.ar\/blog\/wp-content\/uploads\/WhatsApp-Image-2021-10-13-at-21.00.43.jpeg?fit=1200%2C900&ssl=1&resize=350%2C200 1x, https:\/\/i0.wp.com\/larevistadigital.com.ar\/blog\/wp-content\/uploads\/WhatsApp-Image-2021-10-13-at-21.00.43.jpeg?fit=1200%2C900&ssl=1&resize=525%2C300 1.5x, https:\/\/i0.wp.com\/larevistadigital.com.ar\/blog\/wp-content\/uploads\/WhatsApp-Image-2021-10-13-at-21.00.43.jpeg?fit=1200%2C900&ssl=1&resize=700%2C400 2x, https:\/\/i0.wp.com\/larevistadigital.com.ar\/blog\/wp-content\/uploads\/WhatsApp-Image-2021-10-13-at-21.00.43.jpeg?fit=1200%2C900&ssl=1&resize=1050%2C600 3x"},"classes":[]},{"id":2754,"url":"https:\/\/larevistadigital.com.ar\/blog\/con-varios-pedidos-al-ejecutivo-sesiono-anoche-el-concejo-deliberante\/","url_meta":{"origin":16948,"position":1},"title":"Con varios pedidos al Ejecutivo, sesion\u00f3 anoche el Concejo Deliberante","author":"admin","date":"14 julio, 2017","format":false,"excerpt":"Anoche se llev\u00f3 adelante la s\u00e9ptima sesi\u00f3n ordinaria del Concejo Deliberante contando con la totalidad de los concejales presentes.\u00a0Anoche se llev\u00f3 adelante la s\u00e9ptima sesi\u00f3n ordinaria del Concejo Deliberante contando con la totalidad de los concejales presentes.\u00a0 All\u00ed entre varios temas tratados, se fueron aprobados varios proyectos de comunicaci\u00f3n que\u2026","rel":"","context":"En \u00abPOLITICA\u00bb","block_context":{"text":"POLITICA","link":"https:\/\/larevistadigital.com.ar\/blog\/category\/politica\/"},"img":{"alt_text":"","src":"https:\/\/i0.wp.com\/larevistadigital.com.ar\/blog\/wp-content\/uploads\/2017\/07\/consejo_14dejulio_elfuerte.jpg?fit=737%2C415&ssl=1&resize=350%2C200","width":350,"height":200,"srcset":"https:\/\/i0.wp.com\/larevistadigital.com.ar\/blog\/wp-content\/uploads\/2017\/07\/consejo_14dejulio_elfuerte.jpg?fit=737%2C415&ssl=1&resize=350%2C200 1x, https:\/\/i0.wp.com\/larevistadigital.com.ar\/blog\/wp-content\/uploads\/2017\/07\/consejo_14dejulio_elfuerte.jpg?fit=737%2C415&ssl=1&resize=525%2C300 1.5x, https:\/\/i0.wp.com\/larevistadigital.com.ar\/blog\/wp-content\/uploads\/2017\/07\/consejo_14dejulio_elfuerte.jpg?fit=737%2C415&ssl=1&resize=700%2C400 2x"},"classes":[]},{"id":6183,"url":"https:\/\/larevistadigital.com.ar\/blog\/chascomus-vecinos-del-barrio-esteban-echeverria-se-reunieron-con-el-presidente-del-concejo-deliberante\/","url_meta":{"origin":16948,"position":2},"title":"CHASCOMUS: VECINOS DEL BARRIO ESTEBAN ECHEVERR\u00cdA SE REUNIERON CON EL PRESIDENTE DEL CONCEJO DELIBERANTE","author":"Alejandro Sosa Ruda","date":"13 agosto, 2018","format":false,"excerpt":"Vecinos de la sociedad de fomento del barrio Esteban Echeverr\u00eda mantuvieron una reuni\u00f3n con el presidente del Concejo Deliberante, Osvaldo Casalins. Tomaron parte de la misma su presidente Carlos Veiga, su vicepresidente Carolina Jupini y el tambi\u00e9n integrante de la comisi\u00f3n directiva, Jorge Polzineti. El tema central planteado por los\u2026","rel":"","context":"En \u00abPOLITICA\u00bb","block_context":{"text":"POLITICA","link":"https:\/\/larevistadigital.com.ar\/blog\/category\/politica\/"},"img":{"alt_text":"","src":"https:\/\/i0.wp.com\/larevistadigital.com.ar\/blog\/wp-content\/uploads\/2018\/08\/aa.jpg?fit=1200%2C899&ssl=1&resize=350%2C200","width":350,"height":200,"srcset":"https:\/\/i0.wp.com\/larevistadigital.com.ar\/blog\/wp-content\/uploads\/2018\/08\/aa.jpg?fit=1200%2C899&ssl=1&resize=350%2C200 1x, https:\/\/i0.wp.com\/larevistadigital.com.ar\/blog\/wp-content\/uploads\/2018\/08\/aa.jpg?fit=1200%2C899&ssl=1&resize=525%2C300 1.5x, https:\/\/i0.wp.com\/larevistadigital.com.ar\/blog\/wp-content\/uploads\/2018\/08\/aa.jpg?fit=1200%2C899&ssl=1&resize=700%2C400 2x, https:\/\/i0.wp.com\/larevistadigital.com.ar\/blog\/wp-content\/uploads\/2018\/08\/aa.jpg?fit=1200%2C899&ssl=1&resize=1050%2C600 3x"},"classes":[]},{"id":29730,"url":"https:\/\/larevistadigital.com.ar\/blog\/chascomus-familias-convocan-a-una-marcha-al-concejo-deliberante-el-proximo-jueves-contra-el-veto-de-una-ordenanza-por-parte-del-intendente-gaston\/","url_meta":{"origin":16948,"position":3},"title":"CHASCOM\u00daS: FAMILIAS CONVOCAN A UNA MARCHA AL CONCEJO DELIBERANTE EL PR\u00d3XIMO JUEVES CONTRA EL VETO DE UNA ORDENANZA POR PARTE DEL INTENDENTE GAST\u00d3N","author":"Alejandro Sosa Ruda","date":"10 enero, 2023","format":false,"excerpt":"Son 370 familias que se ven impedidas de construir su vivienda, por un capricho del Gobierno Local, que pese a ser \"Cooperativistas\" los trata como si fueran un \"Barrio Privado\" y no solo no colabora con las familias, sino que adem\u00e1s pone todo tipo de trabas que impiden que accedan\u2026","rel":"","context":"En \u00abDESTACADAS\u00bb","block_context":{"text":"DESTACADAS","link":"https:\/\/larevistadigital.com.ar\/blog\/category\/destacadas\/"},"img":{"alt_text":"","src":"https:\/\/i0.wp.com\/larevistadigital.com.ar\/blog\/wp-content\/uploads\/Captura-de-pantalla-2023-01-10-200118.jpg?fit=727%2C411&ssl=1&resize=350%2C200","width":350,"height":200,"srcset":"https:\/\/i0.wp.com\/larevistadigital.com.ar\/blog\/wp-content\/uploads\/Captura-de-pantalla-2023-01-10-200118.jpg?fit=727%2C411&ssl=1&resize=350%2C200 1x, https:\/\/i0.wp.com\/larevistadigital.com.ar\/blog\/wp-content\/uploads\/Captura-de-pantalla-2023-01-10-200118.jpg?fit=727%2C411&ssl=1&resize=525%2C300 1.5x, https:\/\/i0.wp.com\/larevistadigital.com.ar\/blog\/wp-content\/uploads\/Captura-de-pantalla-2023-01-10-200118.jpg?fit=727%2C411&ssl=1&resize=700%2C400 2x"},"classes":[]},{"id":37323,"url":"https:\/\/larevistadigital.com.ar\/blog\/chascomus-decision-ninez-en-el-honorable-concejo-deliberante\/","url_meta":{"origin":16948,"position":4},"title":"Chascom\u00fas: Decisi\u00f3n Ni\u00f1ez en el Honorable Concejo Deliberante","author":"Alejandro Sosa Ruda","date":"26 septiembre, 2024","format":false,"excerpt":"Chicos y chicas de \u201cEl Sanca en Movimiento\u201d presentaron su proyecto ante la comunidad y autoridades municipales. 26 de Septiembre de 2024 CHASCOM\u00daS -\u00a0 Ayer por la tarde los chicos y chicas que participan del programa Decisi\u00f3n Ni\u00f1ez, presentaron el proyecto ante el Honorable Concejo Deliberante, autoridades municipales y la\u2026","rel":"","context":"En \u00abINTERES GENERAL\u00bb","block_context":{"text":"INTERES GENERAL","link":"https:\/\/larevistadigital.com.ar\/blog\/category\/interes-general\/"},"img":{"alt_text":"","src":"https:\/\/i0.wp.com\/larevistadigital.com.ar\/blog\/wp-content\/uploads\/66f59a2fac88d.png?fit=668%2C445&ssl=1&resize=350%2C200","width":350,"height":200,"srcset":"https:\/\/i0.wp.com\/larevistadigital.com.ar\/blog\/wp-content\/uploads\/66f59a2fac88d.png?fit=668%2C445&ssl=1&resize=350%2C200 1x, https:\/\/i0.wp.com\/larevistadigital.com.ar\/blog\/wp-content\/uploads\/66f59a2fac88d.png?fit=668%2C445&ssl=1&resize=525%2C300 1.5x"},"classes":[]},{"id":17348,"url":"https:\/\/larevistadigital.com.ar\/blog\/hoy-se-define-si-el-gobierno-de-gaston-no-responde-la-nota-de-los-vecinos-el-lunes-habra-marcha-desde-el-barrio-san-cayetano-al-municipio\/","url_meta":{"origin":16948,"position":5},"title":"HOY SE DEFINE: SI EL GOBIERNO DE GAST\u00d3N NO RESPONDE LA NOTA DE LOS VECINOS, EL LUNES HABR\u00c1 MARCHA DESDE EL BARRIO SAN CAYETANO AL MUNICIPIO","author":"Alejandro Sosa Ruda","date":"30 octubre, 2020","format":false,"excerpt":"Tal como lo adelantamos d\u00edas atr\u00e1s, los vecinos del barrio San Cayetano no toleran m\u00e1s el ser ignorados por las autoridades que gobiernan la ciudad de Chascom\u00fas. Luego de reclamos de toda \u00edndole, sin recibir ninguna respuesta, los vecinos suspendieron los cortes que ven\u00edan haciendo en el acceso a la\u2026","rel":"","context":"En \u00abDESTACADAS\u00bb","block_context":{"text":"DESTACADAS","link":"https:\/\/larevistadigital.com.ar\/blog\/category\/destacadas\/"},"img":{"alt_text":"","src":"https:\/\/i0.wp.com\/larevistadigital.com.ar\/blog\/wp-content\/uploads\/convocatoria.jpeg?fit=675%2C1200&ssl=1&resize=350%2C200","width":350,"height":200,"srcset":"https:\/\/i0.wp.com\/larevistadigital.com.ar\/blog\/wp-content\/uploads\/convocatoria.jpeg?fit=675%2C1200&ssl=1&resize=350%2C200 1x, https:\/\/i0.wp.com\/larevistadigital.com.ar\/blog\/wp-content\/uploads\/convocatoria.jpeg?fit=675%2C1200&ssl=1&resize=525%2C300 1.5x"},"classes":[]}],"_links":{"self":[{"href":"https:\/\/larevistadigital.com.ar\/blog\/wp-json\/wp\/v2\/posts\/16948","targetHints":{"allow":["GET"]}}],"collection":[{"href":"https:\/\/larevistadigital.com.ar\/blog\/wp-json\/wp\/v2\/posts"}],"about":[{"href":"https:\/\/larevistadigital.com.ar\/blog\/wp-json\/wp\/v2\/types\/post"}],"author":[{"embeddable":true,"href":"https:\/\/larevistadigital.com.ar\/blog\/wp-json\/wp\/v2\/users\/3"}],"replies":[{"embeddable":true,"href":"https:\/\/larevistadigital.com.ar\/blog\/wp-json\/wp\/v2\/comments?post=16948"}],"version-history":[{"count":1,"href":"https:\/\/larevistadigital.com.ar\/blog\/wp-json\/wp\/v2\/posts\/16948\/revisions"}],"predecessor-version":[{"id":16952,"href":"https:\/\/larevistadigital.com.ar\/blog\/wp-json\/wp\/v2\/posts\/16948\/revisions\/16952"}],"wp:featuredmedia":[{"embeddable":true,"href":"https:\/\/larevistadigital.com.ar\/blog\/wp-json\/wp\/v2\/media\/16951"}],"wp:attachment":[{"href":"https:\/\/larevistadigital.com.ar\/blog\/wp-json\/wp\/v2\/media?parent=16948"}],"wp:term":[{"taxonomy":"category","embeddable":true,"href":"https:\/\/larevistadigital.com.ar\/blog\/wp-json\/wp\/v2\/categories?post=16948"},{"taxonomy":"post_tag","embeddable":true,"href":"https:\/\/larevistadigital.com.ar\/blog\/wp-json\/wp\/v2\/tags?post=16948"}],"curies":[{"name":"wp","href":"https:\/\/api.w.org\/{rel}","templated":true}]}}