{"id":16953,"date":"2020-10-14T14:17:02","date_gmt":"2020-10-14T14:17:02","guid":{"rendered":"https:\/\/larevistadigital.com.ar\/blog\/?p=16953"},"modified":"2020-10-14T14:17:02","modified_gmt":"2020-10-14T14:17:02","slug":"prorrogan-por-un-ano-el-vencimiento-de-las-licencias-de-conducir","status":"publish","type":"post","link":"https:\/\/larevistadigital.com.ar\/blog\/prorrogan-por-un-ano-el-vencimiento-de-las-licencias-de-conducir\/","title":{"rendered":"PRORROGAN POR UN A\u00d1O EL VENCIMIENTO DE LAS LICENCIAS DE CONDUCIR"},"content":{"rendered":"<h2>Es para las que tienen fecha de caducidad entre el 15 de febrero y el 31 de diciembre de 2020<\/h2>\n<p>La Direcci\u00f3n Provincial de Pol\u00edtica y Seguridad Vial prorrog\u00f3 por 365 d\u00edas corridos el vencimientos de aquellas licencias cuya fecha de caducidad\u00a0<strong>est\u00e9 comprendida entre el 15 de febrero y el 31 de diciembre de 2020, inclusive.<\/strong><\/p>\n<blockquote>\n<h3>Mediante la Disposici\u00f3n 34\/20 inst\u00f3 a los municipios pertenecientes al \u00c1rea Metropolitana a suspender de manera preventiva y con car\u00e1cter excepcional la atenci\u00f3n presencial al p\u00fablico y el otorgamiento de Licencias de Conducir hasta el 25 de octubre.<\/h3>\n<\/blockquote>\n<p>Quedan exceptuadas de la presente medida aquellas oficinas que ya se encuentren operativas por disposiciones previas. Por ello, para gestionar tr\u00e1mites vinculados a licencias deber\u00e1n solicitar turno en el centro emisor autorizado correspondiente a su domicilio.<\/p>\n<p>Mientras tanto, los ciudadanos de la provincia de Buenos Aires pueden realizar consultas y evacuar dudas a trav\u00e9s de los canales virtuales dispuestos por el organismo provincial. Anteriormente se pusieron a disposici\u00f3n de los usuarios 4 l\u00edneas de Whatsapp para comunicarse con el \u00e1rea de Licencias y entablar un v\u00ednculo directo sin poner en riesgo la salud de los interesados y el personal. Esta v\u00eda est\u00e1 disponible de lunes a viernes de 9 a 14 horas.<\/p>\n<blockquote>\n<h3>Aquellos titulares de Licencias de Conducir que hayan vencido entre el 20 de diciembre de 2019 y el 15 de febrero de 2020, que actualmente no pueden circular,\u00a0<strong>est\u00e1n en condiciones de renovar el tr\u00e1mite en los centros emisores que se encuentren autorizados y operativos.<\/strong><\/h3>\n<\/blockquote>\n<p>Tambi\u00e9n se public\u00f3 la disposici\u00f3n 35\/20, que lleva la firma del titular de la cartera provincial, Federico Pedersoli Castellani, la cual suspende la atenci\u00f3n al p\u00fablico presencial en los Juzgados Administrativos de Infracciones de Tr\u00e1nsito Provincial hasta el 25 de octubre, inclusive. La medida afecta a las sedes Bah\u00eda Blanca, La Plata, Mar del Plata, San Isidro y Lomas de Zamora.<\/p>\n<p>Adem\u00e1s,\u00a0<strong>se postergan todas las citaciones a juzgamiento por infracciones de tr\u00e1nsito que se encuentren en la instancia procesal adecuada hasta el 30 de noviembre de 2020.<\/strong><\/p>\n","protected":false},"excerpt":{"rendered":"<div class=\"mh-excerpt\"><p>Es para las que tienen fecha de caducidad entre el 15 de febrero y el 31 de diciembre de 2020 La Direcci\u00f3n Provincial de Pol\u00edtica y Seguridad Vial prorrog\u00f3 por 365 d\u00edas corridos el vencimientos <a class=\"mh-excerpt-more\" href=\"https:\/\/larevistadigital.com.ar\/blog\/prorrogan-por-un-ano-el-vencimiento-de-las-licencias-de-conducir\/\" title=\"PRORROGAN POR UN A\u00d1O EL VENCIMIENTO DE LAS LICENCIAS DE CONDUCIR\">[Leer M\u00e1s]<\/a><\/p>\n<\/div>","protected":false},"author":3,"featured_media":16954,"comment_status":"open","ping_status":"open","sticky":false,"template":"","format":"standard","meta":{"_jetpack_memberships_contains_paid_content":false,"footnotes":"","jetpack_publicize_message":"","jetpack_publicize_feature_enabled":true,"jetpack_social_post_already_shared":true,"jetpack_social_options":{"image_generator_settings":{"template":"highway","default_image_id":0,"font":"","enabled":false},"version":2}},"categories":[50],"tags":[],"class_list":{"0":"post-16953","1":"post","2":"type-post","3":"status-publish","4":"format-standard","5":"has-post-thumbnail","7":"category-interes-general"},"jetpack_publicize_connections":[],"jetpack_featured_media_url":"https:\/\/i0.wp.com\/larevistadigital.com.ar\/blog\/wp-content\/uploads\/impresora-licencias.jpg?fit=1024%2C683&ssl=1","jetpack_sharing_enabled":true,"jetpack_shortlink":"https:\/\/wp.me\/p8qtrQ-4pr","jetpack-related-posts":[{"id":19144,"url":"https:\/\/larevistadigital.com.ar\/blog\/extienden-el-vencimiento-de-las-licencias-de-conducir\/","url_meta":{"origin":16953,"position":0},"title":"EXTIENDEN EL VENCIMIENTO DE LAS LICENCIAS DE CONDUCIR","author":"Alejandro Sosa Ruda","date":"2 marzo, 2021","format":false,"excerpt":"Es para las que caducan entre el 1 de enero y 30 de junio de 2021 El gobierno bonaerense extendi\u00f3 por 180 d\u00edas corridos el vencimiento de las licencias de conducir que caducan entre el 1 de enero y 30 de junio de 2021, seg\u00fan lo dispuesto hoy a trav\u00e9s\u2026","rel":"","context":"En \u00abINTERES GENERAL\u00bb","block_context":{"text":"INTERES GENERAL","link":"https:\/\/larevistadigital.com.ar\/blog\/category\/interes-general\/"},"img":{"alt_text":"","src":"https:\/\/i0.wp.com\/larevistadigital.com.ar\/blog\/wp-content\/uploads\/carnet-de-conducir.jpeg?fit=1200%2C900&ssl=1&resize=350%2C200","width":350,"height":200,"srcset":"https:\/\/i0.wp.com\/larevistadigital.com.ar\/blog\/wp-content\/uploads\/carnet-de-conducir.jpeg?fit=1200%2C900&ssl=1&resize=350%2C200 1x, https:\/\/i0.wp.com\/larevistadigital.com.ar\/blog\/wp-content\/uploads\/carnet-de-conducir.jpeg?fit=1200%2C900&ssl=1&resize=525%2C300 1.5x, https:\/\/i0.wp.com\/larevistadigital.com.ar\/blog\/wp-content\/uploads\/carnet-de-conducir.jpeg?fit=1200%2C900&ssl=1&resize=700%2C400 2x, https:\/\/i0.wp.com\/larevistadigital.com.ar\/blog\/wp-content\/uploads\/carnet-de-conducir.jpeg?fit=1200%2C900&ssl=1&resize=1050%2C600 3x"},"classes":[]},{"id":23824,"url":"https:\/\/larevistadigital.com.ar\/blog\/mar-del-plata-no-habra-prorrogas-para-las-licencias-de-conducir-que-caduquen-este-ano\/","url_meta":{"origin":16953,"position":1},"title":"MAR DEL PLATA: NO HABR\u00c1 PR\u00d3RROGAS PARA LAS LICENCIAS DE CONDUCIR QUE CADUQUEN ESTE A\u00d1O","author":"Alejandro Sosa Ruda","date":"4 febrero, 2022","format":false,"excerpt":"Lo confirmaron este viernes desde el Gobierno de Guillermo Montenegro. A partir de ahora, todos los marplatenses\u00a0est\u00e1n obligados a renovar a partir de la fecha de vencimiento que aparece en el registro. MAR DEL PLATA -\u00a0 Luego de una serie de pr\u00f3rrogas a los vencimientos de las licencias de conducir\u2026","rel":"","context":"En \u00abREGIONALES\u00bb","block_context":{"text":"REGIONALES","link":"https:\/\/larevistadigital.com.ar\/blog\/category\/regionales\/"},"img":{"alt_text":"","src":"https:\/\/i0.wp.com\/larevistadigital.com.ar\/blog\/wp-content\/uploads\/Captura-de-pantalla-2022-02-04-202330.jpg?fit=930%2C410&ssl=1&resize=350%2C200","width":350,"height":200,"srcset":"https:\/\/i0.wp.com\/larevistadigital.com.ar\/blog\/wp-content\/uploads\/Captura-de-pantalla-2022-02-04-202330.jpg?fit=930%2C410&ssl=1&resize=350%2C200 1x, https:\/\/i0.wp.com\/larevistadigital.com.ar\/blog\/wp-content\/uploads\/Captura-de-pantalla-2022-02-04-202330.jpg?fit=930%2C410&ssl=1&resize=525%2C300 1.5x, https:\/\/i0.wp.com\/larevistadigital.com.ar\/blog\/wp-content\/uploads\/Captura-de-pantalla-2022-02-04-202330.jpg?fit=930%2C410&ssl=1&resize=700%2C400 2x"},"classes":[]},{"id":15404,"url":"https:\/\/larevistadigital.com.ar\/blog\/licencias-de-conducir-aviso-importante\/","url_meta":{"origin":16953,"position":2},"title":"LICENCIAS DE CONDUCIR: AVISO IMPORTANTE!","author":"Alejandro Sosa Ruda","date":"29 mayo, 2020","format":false,"excerpt":"Informa el \u00e1rea de Licencias de Conducir que se encuentra suspendida la atenci\u00f3n al p\u00fablico para realizar tr\u00e1mites y solicitar turnos telef\u00f3nicamente, debido a que la Oficina de Impresi\u00f3n de Licencias de Provincia -que se encuentra en Chascom\u00fas- no est\u00e1 habilitada, por lo cual no tenemos impresi\u00f3n y debemos esperar\u2026","rel":"","context":"En \u00abLEZAMA\u00bb","block_context":{"text":"LEZAMA","link":"https:\/\/larevistadigital.com.ar\/blog\/category\/lezama\/"},"img":{"alt_text":"","src":"https:\/\/i0.wp.com\/larevistadigital.com.ar\/blog\/wp-content\/uploads\/101866551_1772317892960904_2822445012766162944_n.jpg?fit=652%2C638&ssl=1&resize=350%2C200","width":350,"height":200,"srcset":"https:\/\/i0.wp.com\/larevistadigital.com.ar\/blog\/wp-content\/uploads\/101866551_1772317892960904_2822445012766162944_n.jpg?fit=652%2C638&ssl=1&resize=350%2C200 1x, https:\/\/i0.wp.com\/larevistadigital.com.ar\/blog\/wp-content\/uploads\/101866551_1772317892960904_2822445012766162944_n.jpg?fit=652%2C638&ssl=1&resize=525%2C300 1.5x"},"classes":[]},{"id":40746,"url":"https:\/\/larevistadigital.com.ar\/blog\/chascomus-se-restablecio-la-entrega-de-carnets-de-licencias-de-conducir\/","url_meta":{"origin":16953,"position":3},"title":"Chascom\u00fas: Se restableci\u00f3 la entrega de carnets de licencias de conducir","author":"Alejandro Sosa Ruda","date":"4 agosto, 2025","format":false,"excerpt":"Gracias a las gestiones del gobierno municipal, se resolvi\u00f3 la situaci\u00f3n generada por el faltante de kits de impresi\u00f3n. 04 de Agosto de 2025 CHASCOM\u00daS -\u00a0 \u00a0Luego de varios d\u00edas de suspensi\u00f3n en la entrega de los carnets f\u00edsicos de licencias de conducir debido a la falta de insumos a\u2026","rel":"","context":"En \u00abCHASCOM\u00daS\u00bb","block_context":{"text":"CHASCOM\u00daS","link":"https:\/\/larevistadigital.com.ar\/blog\/category\/chascomus\/"},"img":{"alt_text":"","src":"https:\/\/i0.wp.com\/larevistadigital.com.ar\/blog\/wp-content\/uploads\/6890ed9179d9f.png?fit=668%2C445&ssl=1&resize=350%2C200","width":350,"height":200,"srcset":"https:\/\/i0.wp.com\/larevistadigital.com.ar\/blog\/wp-content\/uploads\/6890ed9179d9f.png?fit=668%2C445&ssl=1&resize=350%2C200 1x, https:\/\/i0.wp.com\/larevistadigital.com.ar\/blog\/wp-content\/uploads\/6890ed9179d9f.png?fit=668%2C445&ssl=1&resize=525%2C300 1.5x"},"classes":[]},{"id":20471,"url":"https:\/\/larevistadigital.com.ar\/blog\/chascomus-la-oficina-de-licencias-de-conducir-permanecera-cerrada-los-dias-26-27-y-28-de-mayo\/","url_meta":{"origin":16953,"position":4},"title":"CHASCOM\u00daS: LA OFICINA DE LICENCIAS DE CONDUCIR PERMANECER\u00c1 CERRADA LOS D\u00cdAS 26, 27 Y 28 DE MAYO","author":"Alejandro Sosa Ruda","date":"26 mayo, 2021","format":false,"excerpt":"Recibimos la siguiente notificaci\u00f3n: \u2022 Por las medidas de p\u00fablico conocimiento, hemos decidido cerrar las puertas de la oficina, para evitar la concurrencia y aglomeraci\u00f3n de personas. \u2022Ante cualquier duda o consulta comunicarse por el siguiente mail. galtamirano@chascomus.gob.ar","rel":"","context":"En \u00abCHASCOM\u00daS\u00bb","block_context":{"text":"CHASCOM\u00daS","link":"https:\/\/larevistadigital.com.ar\/blog\/category\/chascomus\/"},"img":{"alt_text":"","src":"https:\/\/i0.wp.com\/larevistadigital.com.ar\/blog\/wp-content\/uploads\/2020_12_03_01_15_34_7143900.jpeg?fit=600%2C377&ssl=1&resize=350%2C200","width":350,"height":200,"srcset":"https:\/\/i0.wp.com\/larevistadigital.com.ar\/blog\/wp-content\/uploads\/2020_12_03_01_15_34_7143900.jpeg?fit=600%2C377&ssl=1&resize=350%2C200 1x, https:\/\/i0.wp.com\/larevistadigital.com.ar\/blog\/wp-content\/uploads\/2020_12_03_01_15_34_7143900.jpeg?fit=600%2C377&ssl=1&resize=525%2C300 1.5x"},"classes":[]},{"id":25345,"url":"https:\/\/larevistadigital.com.ar\/blog\/mar-del-plata-el-intendente-informo-que-se-encontraron-licencias-falsas-de-conducir\/","url_meta":{"origin":16953,"position":5},"title":"MAR DEL PLATA: EL INTENDENTE INFORM\u00d3 QUE SE ENCONTRARON LICENCIAS FALSAS DE CONDUCIR","author":"Alejandro Sosa Ruda","date":"22 mayo, 2022","format":false,"excerpt":"El intendente asegur\u00f3 que en distintos operativos de tr\u00e1nsito se identificaron y retuvieron licencias \"presuntamente ap\u00f3crifas\". Sus portadores fueron denunciados penalmente. Adem\u00e1s, se labraron 1853 actas y 239 veh\u00edculos fueron secuestrados, 39 de ellos por alcoholemia. MAR DEL PLATA -\u00a0 El intendente Guillermo Montenegro\u00a0inform\u00f3 hoy que en distintos operativos de\u2026","rel":"","context":"En \u00abREGIONALES\u00bb","block_context":{"text":"REGIONALES","link":"https:\/\/larevistadigital.com.ar\/blog\/category\/regionales\/"},"img":{"alt_text":"","src":"https:\/\/i0.wp.com\/larevistadigital.com.ar\/blog\/wp-content\/uploads\/mardel.png?fit=806%2C459&ssl=1&resize=350%2C200","width":350,"height":200,"srcset":"https:\/\/i0.wp.com\/larevistadigital.com.ar\/blog\/wp-content\/uploads\/mardel.png?fit=806%2C459&ssl=1&resize=350%2C200 1x, https:\/\/i0.wp.com\/larevistadigital.com.ar\/blog\/wp-content\/uploads\/mardel.png?fit=806%2C459&ssl=1&resize=525%2C300 1.5x, https:\/\/i0.wp.com\/larevistadigital.com.ar\/blog\/wp-content\/uploads\/mardel.png?fit=806%2C459&ssl=1&resize=700%2C400 2x"},"classes":[]}],"_links":{"self":[{"href":"https:\/\/larevistadigital.com.ar\/blog\/wp-json\/wp\/v2\/posts\/16953","targetHints":{"allow":["GET"]}}],"collection":[{"href":"https:\/\/larevistadigital.com.ar\/blog\/wp-json\/wp\/v2\/posts"}],"about":[{"href":"https:\/\/larevistadigital.com.ar\/blog\/wp-json\/wp\/v2\/types\/post"}],"author":[{"embeddable":true,"href":"https:\/\/larevistadigital.com.ar\/blog\/wp-json\/wp\/v2\/users\/3"}],"replies":[{"embeddable":true,"href":"https:\/\/larevistadigital.com.ar\/blog\/wp-json\/wp\/v2\/comments?post=16953"}],"version-history":[{"count":1,"href":"https:\/\/larevistadigital.com.ar\/blog\/wp-json\/wp\/v2\/posts\/16953\/revisions"}],"predecessor-version":[{"id":16955,"href":"https:\/\/larevistadigital.com.ar\/blog\/wp-json\/wp\/v2\/posts\/16953\/revisions\/16955"}],"wp:featuredmedia":[{"embeddable":true,"href":"https:\/\/larevistadigital.com.ar\/blog\/wp-json\/wp\/v2\/media\/16954"}],"wp:attachment":[{"href":"https:\/\/larevistadigital.com.ar\/blog\/wp-json\/wp\/v2\/media?parent=16953"}],"wp:term":[{"taxonomy":"category","embeddable":true,"href":"https:\/\/larevistadigital.com.ar\/blog\/wp-json\/wp\/v2\/categories?post=16953"},{"taxonomy":"post_tag","embeddable":true,"href":"https:\/\/larevistadigital.com.ar\/blog\/wp-json\/wp\/v2\/tags?post=16953"}],"curies":[{"name":"wp","href":"https:\/\/api.w.org\/{rel}","templated":true}]}}