{"id":16956,"date":"2020-10-14T15:07:27","date_gmt":"2020-10-14T15:07:27","guid":{"rendered":"https:\/\/larevistadigital.com.ar\/blog\/?p=16956"},"modified":"2020-10-14T15:08:09","modified_gmt":"2020-10-14T15:08:09","slug":"mar-del-plata-en-el-verano-no-se-alquilaran-departamentos-por-menos-de-7-dias","status":"publish","type":"post","link":"https:\/\/larevistadigital.com.ar\/blog\/mar-del-plata-en-el-verano-no-se-alquilaran-departamentos-por-menos-de-7-dias\/","title":{"rendered":"MAR DEL PLATA: EN EL VERANO NO SE ALQUILAR\u00c1N DEPARTAMENTOS POR MENOS DE 7 D\u00cdAS"},"content":{"rendered":"<h2>El Colegio de Martilleros espera la aprobaci\u00f3n del protocolo para iniciar las operaciones. Se profundizan las condiciones de higiene en las unidades.<\/h2>\n<p>El alquiler de departamentos para la temporada de verano presentar\u00e1 varias particularidades. Si bien todav\u00eda no est\u00e1 aprobado el protocolo que present\u00f3 el Colegio de Martilleros de Mar del Plata, los referentes del sector reciben consultas pero todav\u00eda no se han concretado muchas reservas.<\/p>\n<blockquote>\n<h3>Entre los requisitos que marca el protocolo, se indica que<strong>\u00a0los alquileres no podr\u00e1n ser menores a siete d\u00edas<\/strong>. Esto, de aprobarse, presentar\u00eda un cambio significativo respecto a los \u00faltimos a\u00f1os donde prevaleci\u00f3 la tendencia de visitas por pocos d\u00edas.<\/h3>\n<\/blockquote>\n<p>El principal motivo de poner un m\u00ednimo de una semana pasa porque la higiene de los departamentos deber\u00e1 profundizarse en cada alquiler: esto requiere que al menos haya un d\u00eda entre la salida de un inquilino y la entrada del otro para hacer una desinfecci\u00f3n.<\/p>\n<blockquote>\n<h3>En tanto, toda la ropa de cama (frazadas, acolchados, fundas de colch\u00f3n) deber\u00e1 ser higienizada por completo. La almohada deber\u00e1 ser tra\u00edda por cada inquilino o se utilizar\u00e1 una descartable.<\/h3>\n<\/blockquote>\n<p>El costo adicional que generar\u00e1n estos requisitos, provocan que sea dif\u00edcil de amortizar con alquileres de uno o dos d\u00edas c\u00f3mo sol\u00edan contratarse.<\/p>\n<p>Otra intenci\u00f3n es que se implemente un seguro por Covid-19 para que los inquilinos tengan cobertura en caso de contagio.<\/p>\n<blockquote>\n<h3>El presidente del Colegio de Martilleros, Miguel Donsini, sostuvo que est\u00e1n a la espera de la aprobaci\u00f3n del protocolo para poder difundirlo y anunciar adem\u00e1s los precios sugeridos para la temporada. El martillero explic\u00f3 que por el momento \u201chay consultas\u201d pero sin mayores certezas para la temporada.<\/h3>\n<\/blockquote>\n<p><strong>\u201cViene lento\u201d<\/strong><\/p>\n<p>Mientras tanto, las consultas y reservas vienen \u201cmuy lentas\u201d seg\u00fan indic\u00f3 el operador inmobiliario, <strong>Oscar Gonnet.<\/strong><br \/>\n<strong><em>\u201cEstamos en el proceso de la toma de departamentos. Viene todo muy lento. Hay consultas pero muy pocas confirmaciones, s\u00f3lo tenemos algunas reservas de clientes que vienen todos los a\u00f1os\u201d<\/em><\/strong>, se\u00f1al\u00f3.<\/p>\n<p>El operador estim\u00f3 que cuando haya alguna confirmaci\u00f3n oficial de la habilitaci\u00f3n para viajar, <strong><em>\u201cva a empezar a incrementarse el movimiento\u201d<\/em> <\/strong>y a la hora de hacer una estimaci\u00f3n de las expectativas para la temporada estim\u00f3 que <em><strong>\u201ces muy prematuro\u201d dar un pron\u00f3stico por la incertidumbre actual\u00bb.<\/strong><\/em><\/p>\n<p>fuente: La Capital<\/p>\n","protected":false},"excerpt":{"rendered":"<div class=\"mh-excerpt\"><p>El Colegio de Martilleros espera la aprobaci\u00f3n del protocolo para iniciar las operaciones. Se profundizan las condiciones de higiene en las unidades. El alquiler de departamentos para la temporada de verano presentar\u00e1 varias particularidades. Si <a class=\"mh-excerpt-more\" href=\"https:\/\/larevistadigital.com.ar\/blog\/mar-del-plata-en-el-verano-no-se-alquilaran-departamentos-por-menos-de-7-dias\/\" title=\"MAR DEL PLATA: EN EL VERANO NO SE ALQUILAR\u00c1N DEPARTAMENTOS POR MENOS DE 7 D\u00cdAS\">[Leer M\u00e1s]<\/a><\/p>\n<\/div>","protected":false},"author":3,"featured_media":16957,"comment_status":"open","ping_status":"open","sticky":false,"template":"","format":"standard","meta":{"_jetpack_memberships_contains_paid_content":false,"footnotes":"","jetpack_publicize_message":"","jetpack_publicize_feature_enabled":true,"jetpack_social_post_already_shared":true,"jetpack_social_options":{"image_generator_settings":{"template":"highway","default_image_id":0,"font":"","enabled":false},"version":2}},"categories":[51],"tags":[],"class_list":{"0":"post-16956","1":"post","2":"type-post","3":"status-publish","4":"format-standard","5":"has-post-thumbnail","7":"category-regionales"},"jetpack_publicize_connections":[],"jetpack_featured_media_url":"https:\/\/i0.wp.com\/larevistadigital.com.ar\/blog\/wp-content\/uploads\/Screenshot_2-110.jpg?fit=1004%2C650&ssl=1","jetpack_sharing_enabled":true,"jetpack_shortlink":"https:\/\/wp.me\/p8qtrQ-4pu","jetpack-related-posts":[{"id":33749,"url":"https:\/\/larevistadigital.com.ar\/blog\/mar-del-plata-el-lunes-se-anunciaran-los-precios-sugeridos-para-los-alquileres-en-verano\/","url_meta":{"origin":16956,"position":0},"title":"MAR DEL PLATA: EL LUNES SE ANUNCIAR\u00c1N LOS PRECIOS SUGERIDOS PARA LOS ALQUILERES EN VERANO","author":"Alejandro Sosa Ruda","date":"4 octubre, 2023","format":false,"excerpt":"Ser\u00e1n dados a conocer por el consejo directivo del Colegio de Martilleros y Corredores P\u00fablicos. Adelantaron que ser\u00e1n en pesos, a diferencia de otros destinos que promocionan su oferta de alojamiento para la temporada estival en d\u00f3lares, y que ir\u00e1n \u201cen l\u00ednea con la inflaci\u00f3n\u201d. 04 de Octubre de 2023\u2026","rel":"","context":"En \u00abREGIONALES\u00bb","block_context":{"text":"REGIONALES","link":"https:\/\/larevistadigital.com.ar\/blog\/category\/regionales\/"},"img":{"alt_text":"","src":"https:\/\/i0.wp.com\/larevistadigital.com.ar\/blog\/wp-content\/uploads\/Captura-de-pantalla-2023-10-04-000349.png?fit=747%2C489&ssl=1&resize=350%2C200","width":350,"height":200,"srcset":"https:\/\/i0.wp.com\/larevistadigital.com.ar\/blog\/wp-content\/uploads\/Captura-de-pantalla-2023-10-04-000349.png?fit=747%2C489&ssl=1&resize=350%2C200 1x, https:\/\/i0.wp.com\/larevistadigital.com.ar\/blog\/wp-content\/uploads\/Captura-de-pantalla-2023-10-04-000349.png?fit=747%2C489&ssl=1&resize=525%2C300 1.5x, https:\/\/i0.wp.com\/larevistadigital.com.ar\/blog\/wp-content\/uploads\/Captura-de-pantalla-2023-10-04-000349.png?fit=747%2C489&ssl=1&resize=700%2C400 2x"},"classes":[]},{"id":12120,"url":"https:\/\/larevistadigital.com.ar\/blog\/mar-del-plata-se-podra-alquilar-un-dto-en-temporada-desde-17-500\/","url_meta":{"origin":16956,"position":1},"title":"MAR DEL PLATA: SE PODR\u00c1 ALQUILAR UN DTO. EN TEMPORADA DESDE $17.500.-","author":"Alejandro Sosa Ruda","date":"16 septiembre, 2019","format":false,"excerpt":"As\u00ed lo informaron desde el Colegio de Martilleros de la ciudad. Este verano, los precios sugeridos estar\u00e1n ajustados a las paritarias y no a la inflaci\u00f3n. Hubo un 30% de aumento en relaci\u00f3n al verano pasado. Alquilar un departamento de un ambiente en enero costar\u00e1 unos\u00a0$17.550\u00a0seg\u00fan informaron desde el\u00a0Colegio de\u2026","rel":"","context":"En \u00abREGIONALES\u00bb","block_context":{"text":"REGIONALES","link":"https:\/\/larevistadigital.com.ar\/blog\/category\/regionales\/"},"img":{"alt_text":"","src":"https:\/\/i0.wp.com\/larevistadigital.com.ar\/blog\/wp-content\/uploads\/1468599065790.jpg?fit=790%2C495&ssl=1&resize=350%2C200","width":350,"height":200,"srcset":"https:\/\/i0.wp.com\/larevistadigital.com.ar\/blog\/wp-content\/uploads\/1468599065790.jpg?fit=790%2C495&ssl=1&resize=350%2C200 1x, https:\/\/i0.wp.com\/larevistadigital.com.ar\/blog\/wp-content\/uploads\/1468599065790.jpg?fit=790%2C495&ssl=1&resize=525%2C300 1.5x, https:\/\/i0.wp.com\/larevistadigital.com.ar\/blog\/wp-content\/uploads\/1468599065790.jpg?fit=790%2C495&ssl=1&resize=700%2C400 2x"},"classes":[]},{"id":25849,"url":"https:\/\/larevistadigital.com.ar\/blog\/mar-del-plata-gran-expectativa-para-el-proximo-fin-de-semana-con-un-50-de-reservas\/","url_meta":{"origin":16956,"position":2},"title":"MAR DEL PLATA: GRAN EXPECTATIVA PARA EL PR\u00d3XIMO FIN DE SEMANA, CON UN 50% DE RESERVAS","author":"Alejandro Sosa Ruda","date":"13 junio, 2022","format":false,"excerpt":"Los operadores del sector pronosticaron una gran afluencia de turistas. M\u00e1s all\u00e1 de las confirmaciones, sostienen que muchos deciden viajar a \u00faltimo momento mientras que tambi\u00e9n destacan el movimiento de los \u00faltimos meses. MAR DEL PLATA -\u00a0 Con un 50% de reservas confirmadas, Mar del Plata se prepara con muy\u2026","rel":"","context":"En \u00abTURISMO\u00bb","block_context":{"text":"TURISMO","link":"https:\/\/larevistadigital.com.ar\/blog\/category\/turismo\/"},"img":{"alt_text":"","src":"https:\/\/i0.wp.com\/larevistadigital.com.ar\/blog\/wp-content\/uploads\/MARDEL-1.png?fit=812%2C443&ssl=1&resize=350%2C200","width":350,"height":200,"srcset":"https:\/\/i0.wp.com\/larevistadigital.com.ar\/blog\/wp-content\/uploads\/MARDEL-1.png?fit=812%2C443&ssl=1&resize=350%2C200 1x, https:\/\/i0.wp.com\/larevistadigital.com.ar\/blog\/wp-content\/uploads\/MARDEL-1.png?fit=812%2C443&ssl=1&resize=525%2C300 1.5x, https:\/\/i0.wp.com\/larevistadigital.com.ar\/blog\/wp-content\/uploads\/MARDEL-1.png?fit=812%2C443&ssl=1&resize=700%2C400 2x"},"classes":[]},{"id":15957,"url":"https:\/\/larevistadigital.com.ar\/blog\/mar-del-plata-los-balnearios-presentaron-sus-protocolos-para-abrir-todos-los-detalles\/","url_meta":{"origin":16956,"position":3},"title":"MAR DEL PLATA: LOS BALNEARIOS PRESENTARON SUS PROTOCOLOS PARA ABRIR. TODOS LOS DETALLES","author":"Alejandro Sosa Ruda","date":"11 agosto, 2020","format":false,"excerpt":"La normativa todav\u00eda debe ser revisada por el municipio, pero se trata de un documento consensuado entre referentes del sector. Cupos limitados de personas por carpa o sombrilla, cintas demarcatorias, carteler\u00eda espec\u00edfica, personal capacitado, entre las medidas sugeridas. Faltan alrededor de 130 d\u00edas para el inicio del verano en el\u2026","rel":"","context":"En \u00abREGIONALES\u00bb","block_context":{"text":"REGIONALES","link":"https:\/\/larevistadigital.com.ar\/blog\/category\/regionales\/"},"img":{"alt_text":"","src":"https:\/\/i0.wp.com\/larevistadigital.com.ar\/blog\/wp-content\/uploads\/Screenshot_1-126.jpg?fit=1001%2C665&ssl=1&resize=350%2C200","width":350,"height":200,"srcset":"https:\/\/i0.wp.com\/larevistadigital.com.ar\/blog\/wp-content\/uploads\/Screenshot_1-126.jpg?fit=1001%2C665&ssl=1&resize=350%2C200 1x, https:\/\/i0.wp.com\/larevistadigital.com.ar\/blog\/wp-content\/uploads\/Screenshot_1-126.jpg?fit=1001%2C665&ssl=1&resize=525%2C300 1.5x, https:\/\/i0.wp.com\/larevistadigital.com.ar\/blog\/wp-content\/uploads\/Screenshot_1-126.jpg?fit=1001%2C665&ssl=1&resize=700%2C400 2x"},"classes":[]},{"id":23465,"url":"https:\/\/larevistadigital.com.ar\/blog\/mar-del-plata-arba-detecto-un-lujoso-edificio-sin-declarar\/","url_meta":{"origin":16956,"position":4},"title":"MAR DEL PLATA: ARBA DETECT\u00d3 UN LUJOSO EDIFICIO SIN DECLARAR","author":"Alejandro Sosa Ruda","date":"19 enero, 2022","format":false,"excerpt":"El inmueble est\u00e1 situado muy cerca del centro y la playa, ocupa toda una manzana y cuenta con departamentos de 1 a 4 ambientes, todos con sus respectivos balcones y lujosos detalles de construcci\u00f3n. Adem\u00e1s, posee piscina cubierta, cochera, gimnasio y spa, entre otros servicios e instalaciones. MAR DEL PLATA\u2026","rel":"","context":"En \u00abREGIONALES\u00bb","block_context":{"text":"REGIONALES","link":"https:\/\/larevistadigital.com.ar\/blog\/category\/regionales\/"},"img":{"alt_text":"","src":"https:\/\/i0.wp.com\/larevistadigital.com.ar\/blog\/wp-content\/uploads\/20220118175940_arba.jpg?fit=880%2C512&ssl=1&resize=350%2C200","width":350,"height":200,"srcset":"https:\/\/i0.wp.com\/larevistadigital.com.ar\/blog\/wp-content\/uploads\/20220118175940_arba.jpg?fit=880%2C512&ssl=1&resize=350%2C200 1x, https:\/\/i0.wp.com\/larevistadigital.com.ar\/blog\/wp-content\/uploads\/20220118175940_arba.jpg?fit=880%2C512&ssl=1&resize=525%2C300 1.5x, https:\/\/i0.wp.com\/larevistadigital.com.ar\/blog\/wp-content\/uploads\/20220118175940_arba.jpg?fit=880%2C512&ssl=1&resize=700%2C400 2x"},"classes":[]},{"id":14485,"url":"https:\/\/larevistadigital.com.ar\/blog\/mardel-2020-las-reservas-hoteleras-para-el-1-fin-de-semana-de-febrero-llegan-al-75\/","url_meta":{"origin":16956,"position":5},"title":"MARDEL 2020: LAS RESERVAS HOTELERAS PARA EL 1\u00b0 FIN DE SEMANA DE FEBRERO, LLEGAN AL 75%","author":"Alejandro Sosa Ruda","date":"31 enero, 2020","format":false,"excerpt":"Lo adelantaron desde la Asociaci\u00f3n Empresaria Hotelera Gastron\u00f3mica de Mar del Plata. Tambi\u00e9n vaticinaron que para el fin de semana largo de carnaval los hoteles estar\u00e1n \"llenos\". La\u00a0Asociaci\u00f3n Empresaria Hotelera Gastron\u00f3mica de Mar del Plata\u00a0adelant\u00f3 que el primer fin de semana de febrero llega a Mar del Plata con un\u2026","rel":"","context":"En \u00abREGIONALES\u00bb","block_context":{"text":"REGIONALES","link":"https:\/\/larevistadigital.com.ar\/blog\/category\/regionales\/"},"img":{"alt_text":"","src":"https:\/\/i0.wp.com\/larevistadigital.com.ar\/blog\/wp-content\/uploads\/1579557480521.jpeg?fit=790%2C445&ssl=1&resize=350%2C200","width":350,"height":200,"srcset":"https:\/\/i0.wp.com\/larevistadigital.com.ar\/blog\/wp-content\/uploads\/1579557480521.jpeg?fit=790%2C445&ssl=1&resize=350%2C200 1x, https:\/\/i0.wp.com\/larevistadigital.com.ar\/blog\/wp-content\/uploads\/1579557480521.jpeg?fit=790%2C445&ssl=1&resize=525%2C300 1.5x, https:\/\/i0.wp.com\/larevistadigital.com.ar\/blog\/wp-content\/uploads\/1579557480521.jpeg?fit=790%2C445&ssl=1&resize=700%2C400 2x"},"classes":[]}],"_links":{"self":[{"href":"https:\/\/larevistadigital.com.ar\/blog\/wp-json\/wp\/v2\/posts\/16956","targetHints":{"allow":["GET"]}}],"collection":[{"href":"https:\/\/larevistadigital.com.ar\/blog\/wp-json\/wp\/v2\/posts"}],"about":[{"href":"https:\/\/larevistadigital.com.ar\/blog\/wp-json\/wp\/v2\/types\/post"}],"author":[{"embeddable":true,"href":"https:\/\/larevistadigital.com.ar\/blog\/wp-json\/wp\/v2\/users\/3"}],"replies":[{"embeddable":true,"href":"https:\/\/larevistadigital.com.ar\/blog\/wp-json\/wp\/v2\/comments?post=16956"}],"version-history":[{"count":2,"href":"https:\/\/larevistadigital.com.ar\/blog\/wp-json\/wp\/v2\/posts\/16956\/revisions"}],"predecessor-version":[{"id":16959,"href":"https:\/\/larevistadigital.com.ar\/blog\/wp-json\/wp\/v2\/posts\/16956\/revisions\/16959"}],"wp:featuredmedia":[{"embeddable":true,"href":"https:\/\/larevistadigital.com.ar\/blog\/wp-json\/wp\/v2\/media\/16957"}],"wp:attachment":[{"href":"https:\/\/larevistadigital.com.ar\/blog\/wp-json\/wp\/v2\/media?parent=16956"}],"wp:term":[{"taxonomy":"category","embeddable":true,"href":"https:\/\/larevistadigital.com.ar\/blog\/wp-json\/wp\/v2\/categories?post=16956"},{"taxonomy":"post_tag","embeddable":true,"href":"https:\/\/larevistadigital.com.ar\/blog\/wp-json\/wp\/v2\/tags?post=16956"}],"curies":[{"name":"wp","href":"https:\/\/api.w.org\/{rel}","templated":true}]}}