{"id":16960,"date":"2020-10-14T15:13:56","date_gmt":"2020-10-14T15:13:56","guid":{"rendered":"https:\/\/larevistadigital.com.ar\/blog\/?p=16960"},"modified":"2020-10-14T15:13:56","modified_gmt":"2020-10-14T15:13:56","slug":"todo-lo-sucedido-un-dia-como-hoy-14-10","status":"publish","type":"post","link":"https:\/\/larevistadigital.com.ar\/blog\/todo-lo-sucedido-un-dia-como-hoy-14-10\/","title":{"rendered":"TODO LO SUCEDIDO UN D\u00cdA COMO HOY&#8230;14\/10"},"content":{"rendered":"<h2><u><strong>Nueva ciudad sure\u00f1a<\/strong><\/u><\/h2>\n<p><strong>1869 &#8211;<\/strong>\u00a0Se fund\u00f3 la localidad rionegrina de General Conesa por parte del comandante Mariano Ruiz, que al principio la llam\u00f3 Fuerte Conesa. Posee una poblaci\u00f3n de algo m\u00e1s de 5 mil habitantes y su econom\u00eda se basa en la actividad frut\u00edcola y una importante provisi\u00f3n de agua, gas y fuerza motriz. Se producen 15 000 toneladas al a\u00f1o de fruta fresca: pepita y carozo.<\/p>\n<h2><u><strong>Roger Moore: \u00a1Bond, James Bond!<\/strong><\/u><\/h2>\n<p><strong>1927 &#8211;<\/strong>\u00a0Naci\u00f3\u00a0<strong>Roger George Moore<\/strong>, quien fue un actor de cine y televisi\u00f3n brit\u00e1nico cuyo papel m\u00e1s conocido fue el del agente secreto brit\u00e1nico James Bond 007, una saga que ya lleva varias pel\u00edculas en su haber. Otras cintas en las cuales se destac\u00f3 fueron \u00abEscape a Atenas\u00bb, \u00abCama y desayuno\u00bb, \u00abEl enemigo\u00bb, \u00abLos lobos marinos\u00bb y \u00abEl milagro\u00bb.<\/p>\n<h2><u><strong>Horacio Accavallo: campe\u00f3n completo<\/strong><\/u><\/h2>\n<p><strong>1934 &#8211;\u00a0<\/strong>Naci\u00f3\u00a0<strong>Horacio Accavallo<\/strong>, quien fue un boxeador de peso mosca que compiti\u00f3 entre 1956 y 1967, y lleg\u00f3 a ser Campe\u00f3n Mundial Peso Mosca AMB y CMB entre 1966-1968. En marzo de 1966, Accavallo conquist\u00f3 el t\u00edtulo mundial peso mosca AMB (Asociaci\u00f3n Mundial de Boxeo) y CMB (Consejo Mundial de Boxeo) gan\u00e1ndole al oriental Katsuyoshi Takayama en Tokio.<\/p>\n<h2><u><strong>Errol Flynn: cl\u00e1sico de Hollywood<\/strong><\/u><\/h2>\n<p><strong>1959 &#8211;<\/strong>\u00a0Muri\u00f3\u00a0<strong>Errol Leslie Thomson Flynn<\/strong>, quien fue un actor estadounidense que durante la edad de oro del cine en Hollywood fue conocido por sus personajes de gal\u00e1n, aventurero temerario y h\u00e9roe rom\u00e1ntico. Algunas de sus cintas m\u00e1s importantes fueron \u00abThe Charge of the Light Brigade\u00bb, \u00abSan Antonio\u00bb, \u00abCapit\u00e1n Sangre\u00bb y \u00abDodge City\u00bb.<\/p>\n<h2><u><strong>Bing Crosby: influencia del siglo XX<\/strong><\/u><\/h2>\n<p><strong>1977 &#8211;\u00a0<\/strong>Muri\u00f3\u00a0<strong>Harry Lillis Crosby\u00a0<\/strong>m\u00e1s conocido como Bing Crosby, quien fue un cantante y actor estadounidense que ha sido uno de los artistas m\u00edticos del siglo XX en el mundo. Crosby tuvo un imbatible \u00e9xito de ventas con sus discos (se habla de 1000 millones de unidades), grandes ratings en las emisoras de radio y pel\u00edculas mundialmente vistas.<\/p>\n<h2><u><strong>\u00a1Adolfo P\u00e9rez Esquivel, Nobel de la Paz!<\/strong><\/u><\/h2>\n<p><strong>1980 &#8211;\u00a0<\/strong>El activista\u00a0<strong>Adolfo P\u00e9rez Esquivel\u00a0<\/strong>recibi\u00f3 en el premio Nobel de la Paz por su compromiso con la defensa de la Democracia y los Derechos Humanos por medios no-violentos frente a las dictaduras militares en Am\u00e9rica Latina. Entre sus obras m\u00e1s descadas figuran \u00abEl Cristo del Poncho\u00bb y \u00abCaminar junto a los pueblos. Experiencias no violentas en Am\u00e9rica Latina\u00bb.<\/p>\n<h2><u><strong>Jos\u00e9 Mar\u00eda Mu\u00f1oz: se apag\u00f3 el relato<\/strong><\/u><\/h2>\n<p><strong>1992 &#8211;<\/strong>\u00a0Muri\u00f3\u00a0<strong>Jos\u00e9 Mar\u00eda Mu\u00f1oz<\/strong>, quien fue un locutor, periodista y relator que lleg\u00f3 a destacarse como el m\u00e1s importante de todo latinoam\u00e9rica, con una impronta m\u00e1s que \u00fanica y propia, adem\u00e1s se desempe\u00f1\u00f3 como director de la \u00abOral Deportiva\u00bb por Radio Rivadavia, estando al aire por 35 a\u00f1os. En televisi\u00f3n, fue director de deportes de Canal 7 entre 1970 y 1973.<\/p>\n<h2><u><strong>Javier Portales: \u00a1Adi\u00f3s al socio de Alberto Olmedo!<\/strong><\/u><\/h2>\n<p><strong>2003 &#8211;\u00a0<\/strong>Muri\u00f3\u00a0<strong>Javier Portales<\/strong>, quien fue un actor y comediante de larga trayectoria y que comparti\u00f3 diversas pel\u00edculas con el capoc\u00f3mico Alberto Olmedo. Otras filmaciones en las cuales particip\u00f3 fueron \u00abLos vampiros los prefieren gorditos\u00bb, \u00abLas turistas quieren guerra\u00bb, \u00abCustodio de se\u00f1oras\u00bb, \u00abLa guerra de los sostenes\u00bb y \u00abLos reyes del sablazo\u00bb.<\/p>\n<div id=\"lx_646461\" class=\"__lxG__multi __lxG__multi_lx_646461\" data-cnt=\"2\" data-width=\"728\" data-height=\"90\"><\/div>\n","protected":false},"excerpt":{"rendered":"<div class=\"mh-excerpt\"><p>Nueva ciudad sure\u00f1a 1869 &#8211;\u00a0Se fund\u00f3 la localidad rionegrina de General Conesa por parte del comandante Mariano Ruiz, que al principio la llam\u00f3 Fuerte Conesa. Posee una poblaci\u00f3n de algo m\u00e1s de 5 mil habitantes <a class=\"mh-excerpt-more\" href=\"https:\/\/larevistadigital.com.ar\/blog\/todo-lo-sucedido-un-dia-como-hoy-14-10\/\" title=\"TODO LO SUCEDIDO UN D\u00cdA COMO HOY&#8230;14\/10\">[Leer M\u00e1s]<\/a><\/p>\n<\/div>","protected":false},"author":3,"featured_media":16747,"comment_status":"open","ping_status":"open","sticky":false,"template":"","format":"standard","meta":{"_jetpack_memberships_contains_paid_content":false,"footnotes":"","jetpack_publicize_message":"","jetpack_publicize_feature_enabled":true,"jetpack_social_post_already_shared":true,"jetpack_social_options":{"image_generator_settings":{"template":"highway","default_image_id":0,"font":"","enabled":false},"version":2}},"categories":[15,29],"tags":[],"class_list":{"0":"post-16960","1":"post","2":"type-post","3":"status-publish","4":"format-standard","5":"has-post-thumbnail","7":"category-cultura","8":"category-sociedad"},"jetpack_publicize_connections":[],"jetpack_featured_media_url":"https:\/\/i0.wp.com\/larevistadigital.com.ar\/blog\/wp-content\/uploads\/LOGO-EFEMERIDES.jpg?fit=1268%2C664&ssl=1","jetpack_sharing_enabled":true,"jetpack_shortlink":"https:\/\/wp.me\/p8qtrQ-4py","jetpack-related-posts":[{"id":17222,"url":"https:\/\/larevistadigital.com.ar\/blog\/todo-lo-que-paso-un-dia-como-hoy-26-10\/","url_meta":{"origin":16960,"position":0},"title":"TODO LO QUE PAS\u00d3 UN D\u00cdA COMO HOY (26\/10)","author":"Alejandro Sosa Ruda","date":"26 octubre, 2020","format":false,"excerpt":"Dante Quinterno: creador de memorables personajes 1909 -\u00a0Naci\u00f3\u00a0Dante Quinterno, quien fue un guionista, empresario editorial, productor agropecuario y creador de historietas, que ha sido el productor y director del primer dibujo animado en colores de Argentina\u00a0\"Upa en apuros\"\u00a0en 1942, y se hizo c\u00e9lebre por la creaci\u00f3n de los personajes\u00a0\"Patoruz\u00fa\", \"Isidoro\u2026","rel":"","context":"En \u00abSOCIEDAD\u00bb","block_context":{"text":"SOCIEDAD","link":"https:\/\/larevistadigital.com.ar\/blog\/category\/sociedad\/"},"img":{"alt_text":"","src":"https:\/\/i0.wp.com\/larevistadigital.com.ar\/blog\/wp-content\/uploads\/LOGO-EFEMERIDES.jpg?fit=1200%2C628&ssl=1&resize=350%2C200","width":350,"height":200,"srcset":"https:\/\/i0.wp.com\/larevistadigital.com.ar\/blog\/wp-content\/uploads\/LOGO-EFEMERIDES.jpg?fit=1200%2C628&ssl=1&resize=350%2C200 1x, https:\/\/i0.wp.com\/larevistadigital.com.ar\/blog\/wp-content\/uploads\/LOGO-EFEMERIDES.jpg?fit=1200%2C628&ssl=1&resize=525%2C300 1.5x, https:\/\/i0.wp.com\/larevistadigital.com.ar\/blog\/wp-content\/uploads\/LOGO-EFEMERIDES.jpg?fit=1200%2C628&ssl=1&resize=700%2C400 2x, https:\/\/i0.wp.com\/larevistadigital.com.ar\/blog\/wp-content\/uploads\/LOGO-EFEMERIDES.jpg?fit=1200%2C628&ssl=1&resize=1050%2C600 3x"},"classes":[]},{"id":18424,"url":"https:\/\/larevistadigital.com.ar\/blog\/todo-esto-paso-un-dia-como-hoy-30-de-diciembre\/","url_meta":{"origin":16960,"position":1},"title":"TODO ESTO PAS\u00d3, UN D\u00cdA COMO HOY: 30 DE DICIEMBRE","author":"Alejandro Sosa Ruda","date":"30 diciembre, 2020","format":false,"excerpt":"Angel Roffo: la ciencia fue toda su vida 1882 -\u00a0Naci\u00f3\u00a0\u00c1ngel Honorio Roffo,\u00a0quien fue un m\u00e9dico, profesor universitario, ensayista y onc\u00f3logo que dedic\u00f3 su vida al estudio del c\u00e1ncer, y que en uno de sus viajes conoci\u00f3 a la reconocida cient\u00edfica\u00a0Marie Curie,\u00a0quien le ense\u00f1\u00f3 la utilizaci\u00f3n del radio con fines terape\u00faticos.\u2026","rel":"","context":"En \u00abSOCIEDAD\u00bb","block_context":{"text":"SOCIEDAD","link":"https:\/\/larevistadigital.com.ar\/blog\/category\/sociedad\/"},"img":{"alt_text":"","src":"https:\/\/i0.wp.com\/larevistadigital.com.ar\/blog\/wp-content\/uploads\/LOGO-EFEMERIDES.jpg?fit=1200%2C628&ssl=1&resize=350%2C200","width":350,"height":200,"srcset":"https:\/\/i0.wp.com\/larevistadigital.com.ar\/blog\/wp-content\/uploads\/LOGO-EFEMERIDES.jpg?fit=1200%2C628&ssl=1&resize=350%2C200 1x, https:\/\/i0.wp.com\/larevistadigital.com.ar\/blog\/wp-content\/uploads\/LOGO-EFEMERIDES.jpg?fit=1200%2C628&ssl=1&resize=525%2C300 1.5x, https:\/\/i0.wp.com\/larevistadigital.com.ar\/blog\/wp-content\/uploads\/LOGO-EFEMERIDES.jpg?fit=1200%2C628&ssl=1&resize=700%2C400 2x, https:\/\/i0.wp.com\/larevistadigital.com.ar\/blog\/wp-content\/uploads\/LOGO-EFEMERIDES.jpg?fit=1200%2C628&ssl=1&resize=1050%2C600 3x"},"classes":[]},{"id":17422,"url":"https:\/\/larevistadigital.com.ar\/blog\/esto-paso-un-dia-como-hoy-4-de-noviembre\/","url_meta":{"origin":16960,"position":2},"title":"ESTO PAS\u00d3 UN D\u00cdA COMO HOY: 4 DE NOVIEMBRE&#8230;","author":"Alejandro Sosa Ruda","date":"4 noviembre, 2020","format":false,"excerpt":"Eduardo Holmberg: pasi\u00f3n por la naturaleza 1937 -\u00a0Muri\u00f3\u00a0Eduardo Ladislao Holmberg, quien fue un m\u00e9dico, naturalista y escritor, que ha sido iniciador de la literatura fant\u00e1stica en nuestro pa\u00eds y autor de\u00a0\"Flora de la Rep\u00fablica Argentina\"\u00a0y de relatos fant\u00e1sticos como\u00a0\"La casa endiablada\"\u00a0y\u00a0\"La pipa de Hoffmann\".\u00a0En 1888 fue nombrado director del Jard\u00edn\u2026","rel":"","context":"En \u00abSOCIEDAD\u00bb","block_context":{"text":"SOCIEDAD","link":"https:\/\/larevistadigital.com.ar\/blog\/category\/sociedad\/"},"img":{"alt_text":"","src":"https:\/\/i0.wp.com\/larevistadigital.com.ar\/blog\/wp-content\/uploads\/LOGO-EFEMERIDES.jpg?fit=1200%2C628&ssl=1&resize=350%2C200","width":350,"height":200,"srcset":"https:\/\/i0.wp.com\/larevistadigital.com.ar\/blog\/wp-content\/uploads\/LOGO-EFEMERIDES.jpg?fit=1200%2C628&ssl=1&resize=350%2C200 1x, https:\/\/i0.wp.com\/larevistadigital.com.ar\/blog\/wp-content\/uploads\/LOGO-EFEMERIDES.jpg?fit=1200%2C628&ssl=1&resize=525%2C300 1.5x, https:\/\/i0.wp.com\/larevistadigital.com.ar\/blog\/wp-content\/uploads\/LOGO-EFEMERIDES.jpg?fit=1200%2C628&ssl=1&resize=700%2C400 2x, https:\/\/i0.wp.com\/larevistadigital.com.ar\/blog\/wp-content\/uploads\/LOGO-EFEMERIDES.jpg?fit=1200%2C628&ssl=1&resize=1050%2C600 3x"},"classes":[]},{"id":18193,"url":"https:\/\/larevistadigital.com.ar\/blog\/esto-paso-un-dia-como-hoy-17-de-diciembre\/","url_meta":{"origin":16960,"position":3},"title":"ESTO PAS\u00d3 UN D\u00cdA COMO HOY, 17 DE DICIEMBRE","author":"Alejandro Sosa Ruda","date":"17 diciembre, 2020","format":false,"excerpt":"Sim\u00f3n Bol\u00edvar: Am\u00e9rica llora a un l\u00edder 1830 -\u00a0Muri\u00f3\u00a0Sim\u00f3n Antonio Jos\u00e9 de la Sant\u00edsima Trinidad Bol\u00edvar Palacios Ponte Andrade y Blanco, quien fue un militar y pol\u00edtico venezolano que ha sido el fundador de las rep\u00fablicas de Gran Colombia y Bolivia. Lleg\u00f3 a liberar a Bolivia, Colombia, Venezuela, Panam\u00e1, Ecuador\u2026","rel":"","context":"En \u00abSOCIEDAD\u00bb","block_context":{"text":"SOCIEDAD","link":"https:\/\/larevistadigital.com.ar\/blog\/category\/sociedad\/"},"img":{"alt_text":"","src":"https:\/\/i0.wp.com\/larevistadigital.com.ar\/blog\/wp-content\/uploads\/LOGO-EFEMERIDES.jpg?fit=1200%2C628&ssl=1&resize=350%2C200","width":350,"height":200,"srcset":"https:\/\/i0.wp.com\/larevistadigital.com.ar\/blog\/wp-content\/uploads\/LOGO-EFEMERIDES.jpg?fit=1200%2C628&ssl=1&resize=350%2C200 1x, https:\/\/i0.wp.com\/larevistadigital.com.ar\/blog\/wp-content\/uploads\/LOGO-EFEMERIDES.jpg?fit=1200%2C628&ssl=1&resize=525%2C300 1.5x, https:\/\/i0.wp.com\/larevistadigital.com.ar\/blog\/wp-content\/uploads\/LOGO-EFEMERIDES.jpg?fit=1200%2C628&ssl=1&resize=700%2C400 2x, https:\/\/i0.wp.com\/larevistadigital.com.ar\/blog\/wp-content\/uploads\/LOGO-EFEMERIDES.jpg?fit=1200%2C628&ssl=1&resize=1050%2C600 3x"},"classes":[]},{"id":17159,"url":"https:\/\/larevistadigital.com.ar\/blog\/enterate-lo-que-ocurrio-un-dia-como-hoy-24-10\/","url_meta":{"origin":16960,"position":4},"title":"ENTERATE LO QUE OCURRI\u00d3 UN D\u00cdA COMO HOY, 24\/10","author":"Alejandro Sosa Ruda","date":"24 octubre, 2020","format":false,"excerpt":"Bernardo de OHiggins: el l\u00edder chileno 1842 -\u00a0Muri\u00f3\u00a0Bernardo de OHiggins Riquelme, quien fue un militar y pol\u00edtico chileno que es reconocido como uno de los padres de su patria, por su participaci\u00f3n en las luchas de la independencia. Se desempe\u00f1\u00f3 como Director Supremo de Chile por espacio de seis a\u00f1os\u2026","rel":"","context":"En \u00abSOCIEDAD\u00bb","block_context":{"text":"SOCIEDAD","link":"https:\/\/larevistadigital.com.ar\/blog\/category\/sociedad\/"},"img":{"alt_text":"","src":"https:\/\/i0.wp.com\/larevistadigital.com.ar\/blog\/wp-content\/uploads\/LOGO-EFEMERIDES.jpg?fit=1200%2C628&ssl=1&resize=350%2C200","width":350,"height":200,"srcset":"https:\/\/i0.wp.com\/larevistadigital.com.ar\/blog\/wp-content\/uploads\/LOGO-EFEMERIDES.jpg?fit=1200%2C628&ssl=1&resize=350%2C200 1x, https:\/\/i0.wp.com\/larevistadigital.com.ar\/blog\/wp-content\/uploads\/LOGO-EFEMERIDES.jpg?fit=1200%2C628&ssl=1&resize=525%2C300 1.5x, https:\/\/i0.wp.com\/larevistadigital.com.ar\/blog\/wp-content\/uploads\/LOGO-EFEMERIDES.jpg?fit=1200%2C628&ssl=1&resize=700%2C400 2x, https:\/\/i0.wp.com\/larevistadigital.com.ar\/blog\/wp-content\/uploads\/LOGO-EFEMERIDES.jpg?fit=1200%2C628&ssl=1&resize=1050%2C600 3x"},"classes":[]},{"id":17358,"url":"https:\/\/larevistadigital.com.ar\/blog\/todo-lo-que-paso-un-dia-como-hoy-31-10\/","url_meta":{"origin":16960,"position":5},"title":"TODO LO QUE PAS\u00d3&#8230; UN D\u00cdA COMO HOY (31\/10)","author":"Alejandro Sosa Ruda","date":"31 octubre, 2020","format":false,"excerpt":"Harry Houdini: el \u00faltimo truco 1926 -\u00a0Muri\u00f3\u00a0Erik Weisz\u00a0m\u00e1s conocido como\u00a0Harry Houdini, quien fue un ilusionista y escapista austroh\u00fangaro que ha sido considerado como uno de los m\u00e1s influyentes en su arte en la historia. Sol\u00eda escaparse de cadenas, sogas, camisas de fuerzas bajo el agua y otros trucos. Bud Spencer:\u2026","rel":"","context":"En \u00abSOCIEDAD\u00bb","block_context":{"text":"SOCIEDAD","link":"https:\/\/larevistadigital.com.ar\/blog\/category\/sociedad\/"},"img":{"alt_text":"","src":"https:\/\/i0.wp.com\/larevistadigital.com.ar\/blog\/wp-content\/uploads\/LOGO-EFEMERIDES.jpg?fit=1200%2C628&ssl=1&resize=350%2C200","width":350,"height":200,"srcset":"https:\/\/i0.wp.com\/larevistadigital.com.ar\/blog\/wp-content\/uploads\/LOGO-EFEMERIDES.jpg?fit=1200%2C628&ssl=1&resize=350%2C200 1x, https:\/\/i0.wp.com\/larevistadigital.com.ar\/blog\/wp-content\/uploads\/LOGO-EFEMERIDES.jpg?fit=1200%2C628&ssl=1&resize=525%2C300 1.5x, https:\/\/i0.wp.com\/larevistadigital.com.ar\/blog\/wp-content\/uploads\/LOGO-EFEMERIDES.jpg?fit=1200%2C628&ssl=1&resize=700%2C400 2x, https:\/\/i0.wp.com\/larevistadigital.com.ar\/blog\/wp-content\/uploads\/LOGO-EFEMERIDES.jpg?fit=1200%2C628&ssl=1&resize=1050%2C600 3x"},"classes":[]}],"_links":{"self":[{"href":"https:\/\/larevistadigital.com.ar\/blog\/wp-json\/wp\/v2\/posts\/16960","targetHints":{"allow":["GET"]}}],"collection":[{"href":"https:\/\/larevistadigital.com.ar\/blog\/wp-json\/wp\/v2\/posts"}],"about":[{"href":"https:\/\/larevistadigital.com.ar\/blog\/wp-json\/wp\/v2\/types\/post"}],"author":[{"embeddable":true,"href":"https:\/\/larevistadigital.com.ar\/blog\/wp-json\/wp\/v2\/users\/3"}],"replies":[{"embeddable":true,"href":"https:\/\/larevistadigital.com.ar\/blog\/wp-json\/wp\/v2\/comments?post=16960"}],"version-history":[{"count":1,"href":"https:\/\/larevistadigital.com.ar\/blog\/wp-json\/wp\/v2\/posts\/16960\/revisions"}],"predecessor-version":[{"id":16961,"href":"https:\/\/larevistadigital.com.ar\/blog\/wp-json\/wp\/v2\/posts\/16960\/revisions\/16961"}],"wp:featuredmedia":[{"embeddable":true,"href":"https:\/\/larevistadigital.com.ar\/blog\/wp-json\/wp\/v2\/media\/16747"}],"wp:attachment":[{"href":"https:\/\/larevistadigital.com.ar\/blog\/wp-json\/wp\/v2\/media?parent=16960"}],"wp:term":[{"taxonomy":"category","embeddable":true,"href":"https:\/\/larevistadigital.com.ar\/blog\/wp-json\/wp\/v2\/categories?post=16960"},{"taxonomy":"post_tag","embeddable":true,"href":"https:\/\/larevistadigital.com.ar\/blog\/wp-json\/wp\/v2\/tags?post=16960"}],"curies":[{"name":"wp","href":"https:\/\/api.w.org\/{rel}","templated":true}]}}