{"id":16965,"date":"2020-10-14T16:08:20","date_gmt":"2020-10-14T16:08:20","guid":{"rendered":"https:\/\/larevistadigital.com.ar\/blog\/?p=16965"},"modified":"2020-10-14T16:08:20","modified_gmt":"2020-10-14T16:08:20","slug":"presos-por-plantar-marihuana-en-una-casa-que-usurparon","status":"publish","type":"post","link":"https:\/\/larevistadigital.com.ar\/blog\/presos-por-plantar-marihuana-en-una-casa-que-usurparon\/","title":{"rendered":"PRESOS POR PLANTAR MARIHUANA EN UNA CASA QUE USURPARON"},"content":{"rendered":"<h2 class=\"fparrafo ctext fz18 lh25\">Una pareja fue arrestada en en el marco de un desalojo ya que en la vivienda encontraron 290 gramos de esa droga<\/h2>\n<p class=\"selectionShareable\">Una pareja fue aprehendida en las \u00faltimas horas luego de que en el marco de un desalojo por una usurpaci\u00f3n en una casa de Berisso les encontraron una importante cantidad de marihuana, informaron fuentes oficiales.<\/p>\n<blockquote>\n<h3 class=\"selectionShareable\"><strong>Los efectivos de la fuerza se apersonaron a una finca de 32 entre 126 Norte y 127 con una orden de desalojo, y mientras la materializaban hallaron tres plantas de la dicha sustancia, con un pesaje de 290 gramos.<\/strong><\/h3>\n<\/blockquote>\n<p class=\"selectionShareable\">As\u00ed, se demor\u00f3 a un hombre de 46 a\u00f1os y a una mujer de 42, quienes quedaron a disposici\u00f3n de la UFI 18 por el delito de \u201cinfracci\u00f3n al art\u00edculo 23.737\u201d.<\/p>\n<figure id=\"attachment_16966\" aria-describedby=\"caption-attachment-16966\" style=\"width: 720px\" class=\"wp-caption aligncenter\"><img data-recalc-dims=\"1\" loading=\"lazy\" decoding=\"async\" class=\"size-full wp-image-16966\" src=\"https:\/\/i0.wp.com\/larevistadigital.com.ar\/blog\/wp-content\/uploads\/20201014112420_1.jpg?resize=720%2C1280&#038;ssl=1\" alt=\"\" width=\"720\" height=\"1280\" srcset=\"https:\/\/i0.wp.com\/larevistadigital.com.ar\/blog\/wp-content\/uploads\/20201014112420_1.jpg?w=720&amp;ssl=1 720w, https:\/\/i0.wp.com\/larevistadigital.com.ar\/blog\/wp-content\/uploads\/20201014112420_1.jpg?resize=169%2C300&amp;ssl=1 169w, https:\/\/i0.wp.com\/larevistadigital.com.ar\/blog\/wp-content\/uploads\/20201014112420_1.jpg?resize=576%2C1024&amp;ssl=1 576w\" sizes=\"auto, (max-width: 720px) 100vw, 720px\" \/><figcaption id=\"caption-attachment-16966\" class=\"wp-caption-text\"><strong>LA DROGA SECUESTRADA<\/strong><\/figcaption><\/figure>\n<div class=\"google-auto-placed ap_container\"><\/div>\n","protected":false},"excerpt":{"rendered":"<div class=\"mh-excerpt\"><p>Una pareja fue arrestada en en el marco de un desalojo ya que en la vivienda encontraron 290 gramos de esa droga Una pareja fue aprehendida en las \u00faltimas horas luego de que en el <a class=\"mh-excerpt-more\" href=\"https:\/\/larevistadigital.com.ar\/blog\/presos-por-plantar-marihuana-en-una-casa-que-usurparon\/\" title=\"PRESOS POR PLANTAR MARIHUANA EN UNA CASA QUE USURPARON\">[Leer M\u00e1s]<\/a><\/p>\n<\/div>","protected":false},"author":3,"featured_media":16967,"comment_status":"open","ping_status":"open","sticky":false,"template":"","format":"standard","meta":{"_jetpack_memberships_contains_paid_content":false,"footnotes":"","jetpack_publicize_message":"","jetpack_publicize_feature_enabled":true,"jetpack_social_post_already_shared":true,"jetpack_social_options":{"image_generator_settings":{"template":"highway","default_image_id":0,"font":"","enabled":false},"version":2}},"categories":[44,51],"tags":[],"class_list":{"0":"post-16965","1":"post","2":"type-post","3":"status-publish","4":"format-standard","5":"has-post-thumbnail","7":"category-policiales","8":"category-regionales"},"jetpack_publicize_connections":[],"jetpack_featured_media_url":"https:\/\/i0.wp.com\/larevistadigital.com.ar\/blog\/wp-content\/uploads\/20201014112400_2.jpeg?fit=880%2C586&ssl=1","jetpack_sharing_enabled":true,"jetpack_shortlink":"https:\/\/wp.me\/p8qtrQ-4pD","jetpack-related-posts":[{"id":28337,"url":"https:\/\/larevistadigital.com.ar\/blog\/intimido-a-su-vecino-con-un-fusil-de-la-primera-guerra-mundial-y-fue-detenido\/","url_meta":{"origin":16965,"position":0},"title":"INTIMID\u00d3 A SU VECINO CON UN FUSIL DE LA PRIMERA GUERRA MUNDIAL Y FUE DETENIDO","author":"Alejandro Sosa Ruda","date":"10 octubre, 2022","format":false,"excerpt":"Seg\u00fan inform\u00f3 la Secretar\u00eda de Seguridad Ciudadana de Mor\u00f3n, personal del Grupo T\u00e1ctico Operativo (GTO) llev\u00f3 a cabo un allanamiento en una casa ubicada en la calle Santa Teresa al 1300. All\u00ed vive un hombre que intimid\u00f3 a sus vecinos con un fusil de la Primera Guerra Mundial y fue\u2026","rel":"","context":"En \u00abPOLICIALES\u00bb","block_context":{"text":"POLICIALES","link":"https:\/\/larevistadigital.com.ar\/blog\/category\/policiales\/"},"img":{"alt_text":"","src":"https:\/\/i0.wp.com\/larevistadigital.com.ar\/blog\/wp-content\/uploads\/20221009093328_lo-detuvieron-por-intimidar-a-sus-vecinos-con-un-fusil-de-la-primera-guerra-mundial.png?fit=880%2C512&ssl=1&resize=350%2C200","width":350,"height":200,"srcset":"https:\/\/i0.wp.com\/larevistadigital.com.ar\/blog\/wp-content\/uploads\/20221009093328_lo-detuvieron-por-intimidar-a-sus-vecinos-con-un-fusil-de-la-primera-guerra-mundial.png?fit=880%2C512&ssl=1&resize=350%2C200 1x, https:\/\/i0.wp.com\/larevistadigital.com.ar\/blog\/wp-content\/uploads\/20221009093328_lo-detuvieron-por-intimidar-a-sus-vecinos-con-un-fusil-de-la-primera-guerra-mundial.png?fit=880%2C512&ssl=1&resize=525%2C300 1.5x, https:\/\/i0.wp.com\/larevistadigital.com.ar\/blog\/wp-content\/uploads\/20221009093328_lo-detuvieron-por-intimidar-a-sus-vecinos-con-un-fusil-de-la-primera-guerra-mundial.png?fit=880%2C512&ssl=1&resize=700%2C400 2x"},"classes":[]},{"id":29940,"url":"https:\/\/larevistadigital.com.ar\/blog\/la-plata-se-fueron-de-vacaciones-les-usurparon-su-casa-y-casi-quedan-en-la-calle\/","url_meta":{"origin":16965,"position":1},"title":"LA PLATA: SE FUERON DE VACACIONES, LES USURPARON SU CASA Y CASI QUEDAN EN LA CALLE","author":"Alejandro Sosa Ruda","date":"2 febrero, 2023","format":false,"excerpt":"Una familia de la ciudad dej\u00f3 su vivienda del barrio San Carlos para descansar unos d\u00edas y al volver se encontr\u00f3 con que otra familia la hab\u00eda ocupado. 02 de febrero de 2023 Una familia de La Plata se fue de vacaciones, les ocuparon la casa y casi se quedan\u2026","rel":"","context":"En \u00abPOLICIALES\u00bb","block_context":{"text":"POLICIALES","link":"https:\/\/larevistadigital.com.ar\/blog\/category\/policiales\/"},"img":{"alt_text":"","src":"https:\/\/i0.wp.com\/larevistadigital.com.ar\/blog\/wp-content\/uploads\/1675296125411.jpg?fit=1200%2C594&ssl=1&resize=350%2C200","width":350,"height":200,"srcset":"https:\/\/i0.wp.com\/larevistadigital.com.ar\/blog\/wp-content\/uploads\/1675296125411.jpg?fit=1200%2C594&ssl=1&resize=350%2C200 1x, https:\/\/i0.wp.com\/larevistadigital.com.ar\/blog\/wp-content\/uploads\/1675296125411.jpg?fit=1200%2C594&ssl=1&resize=525%2C300 1.5x, https:\/\/i0.wp.com\/larevistadigital.com.ar\/blog\/wp-content\/uploads\/1675296125411.jpg?fit=1200%2C594&ssl=1&resize=700%2C400 2x, https:\/\/i0.wp.com\/larevistadigital.com.ar\/blog\/wp-content\/uploads\/1675296125411.jpg?fit=1200%2C594&ssl=1&resize=1050%2C600 3x"},"classes":[]},{"id":9755,"url":"https:\/\/larevistadigital.com.ar\/blog\/lezama-secuestran-marihuana-en-un-operativo\/","url_meta":{"origin":16965,"position":2},"title":"LEZAMA: SECUESTRAN MARIHUANA EN UN OPERATIVO","author":"Alejandro Sosa Ruda","date":"18 abril, 2019","format":false,"excerpt":"En un operativo conjunto llevado a cabo en la v\u00edspera por Polic\u00eda de Seguridad Vial Lezama Estaci\u00f3n de Polic\u00eda Comunal Lezama, Personal de Narcotr\u00e1fico de Chascom\u00fas y personal de la Secretaria de Seguridad de Lezama en la Autov\u00eda 2 a la altura del Km. 156.500 en jurisdicci\u00f3n de la ciudad\u2026","rel":"","context":"En \u00abLEZAMA\u00bb","block_context":{"text":"LEZAMA","link":"https:\/\/larevistadigital.com.ar\/blog\/category\/lezama\/"},"img":{"alt_text":"","src":"https:\/\/i0.wp.com\/larevistadigital.com.ar\/blog\/wp-content\/uploads\/2019\/04\/DROGA-LEZAMA.jpg?fit=1200%2C583&ssl=1&resize=350%2C200","width":350,"height":200,"srcset":"https:\/\/i0.wp.com\/larevistadigital.com.ar\/blog\/wp-content\/uploads\/2019\/04\/DROGA-LEZAMA.jpg?fit=1200%2C583&ssl=1&resize=350%2C200 1x, https:\/\/i0.wp.com\/larevistadigital.com.ar\/blog\/wp-content\/uploads\/2019\/04\/DROGA-LEZAMA.jpg?fit=1200%2C583&ssl=1&resize=525%2C300 1.5x, https:\/\/i0.wp.com\/larevistadigital.com.ar\/blog\/wp-content\/uploads\/2019\/04\/DROGA-LEZAMA.jpg?fit=1200%2C583&ssl=1&resize=700%2C400 2x, https:\/\/i0.wp.com\/larevistadigital.com.ar\/blog\/wp-content\/uploads\/2019\/04\/DROGA-LEZAMA.jpg?fit=1200%2C583&ssl=1&resize=1050%2C600 3x"},"classes":[]},{"id":13001,"url":"https:\/\/larevistadigital.com.ar\/blog\/dolores-condenan-a-joven-por-tener-plantacion-de-marihuana-en-su-casa\/","url_meta":{"origin":16965,"position":3},"title":"DOLORES: CONDENAN A JOVEN POR TENER PLANTACI\u00d3N DE MARIHUANA EN SU CASA","author":"Alejandro Sosa Ruda","date":"3 noviembre, 2019","format":false,"excerpt":"En el marco de un juicio abreviado realizado en el Juzgado Correccional n\u00ba 1 Departamental. Las plantas del estupefaciente fueron halladas durante un allanamiento realizado en enero de este a\u00f1o. En el marco de un juicio abreviado sustanciado recientemente en el Juzgado Correccional n\u00ba 1 Departamental, el Juez Emiliano Lazzari\u2026","rel":"","context":"En \u00abDOLORES\u00bb","block_context":{"text":"DOLORES","link":"https:\/\/larevistadigital.com.ar\/blog\/category\/dolores\/"},"img":{"alt_text":"","src":"https:\/\/i0.wp.com\/larevistadigital.com.ar\/blog\/wp-content\/uploads\/cuantas-plantas-marihuana-pueden-plantar.jpg?fit=1080%2C720&ssl=1&resize=350%2C200","width":350,"height":200,"srcset":"https:\/\/i0.wp.com\/larevistadigital.com.ar\/blog\/wp-content\/uploads\/cuantas-plantas-marihuana-pueden-plantar.jpg?fit=1080%2C720&ssl=1&resize=350%2C200 1x, https:\/\/i0.wp.com\/larevistadigital.com.ar\/blog\/wp-content\/uploads\/cuantas-plantas-marihuana-pueden-plantar.jpg?fit=1080%2C720&ssl=1&resize=525%2C300 1.5x, https:\/\/i0.wp.com\/larevistadigital.com.ar\/blog\/wp-content\/uploads\/cuantas-plantas-marihuana-pueden-plantar.jpg?fit=1080%2C720&ssl=1&resize=700%2C400 2x, https:\/\/i0.wp.com\/larevistadigital.com.ar\/blog\/wp-content\/uploads\/cuantas-plantas-marihuana-pueden-plantar.jpg?fit=1080%2C720&ssl=1&resize=1050%2C600 3x"},"classes":[]},{"id":39615,"url":"https:\/\/larevistadigital.com.ar\/blog\/chascomus-detienen-a-un-hombre-con-marihuana-durante-un-control-en-la-ferroautomotor\/","url_meta":{"origin":16965,"position":4},"title":"Chascom\u00fas: Detienen a un hombre con marihuana durante un control cerca de la Ferroautomotor","author":"Alejandro Sosa Ruda","date":"2 mayo, 2025","format":false,"excerpt":"Fue interceptado mientras caminaba por la v\u00eda p\u00fablica con una bolsa que conten\u00eda m\u00e1s de seis gramos de cannabis. El procedimiento fue parte del operativo por el fin de semana largo. 02 de Mayo de 2025 CHASCOM\u00daS \u2013 En el marco del operativo especial por el fin de semana largo\u2026","rel":"","context":"En \u00abCHASCOM\u00daS\u00bb","block_context":{"text":"CHASCOM\u00daS","link":"https:\/\/larevistadigital.com.ar\/blog\/category\/chascomus\/"},"img":{"alt_text":"","src":"https:\/\/i0.wp.com\/larevistadigital.com.ar\/blog\/wp-content\/uploads\/una-mujer-fue-rescatada-la-policia-la-plata.jpg?fit=1200%2C675&ssl=1&resize=350%2C200","width":350,"height":200,"srcset":"https:\/\/i0.wp.com\/larevistadigital.com.ar\/blog\/wp-content\/uploads\/una-mujer-fue-rescatada-la-policia-la-plata.jpg?fit=1200%2C675&ssl=1&resize=350%2C200 1x, https:\/\/i0.wp.com\/larevistadigital.com.ar\/blog\/wp-content\/uploads\/una-mujer-fue-rescatada-la-policia-la-plata.jpg?fit=1200%2C675&ssl=1&resize=525%2C300 1.5x, https:\/\/i0.wp.com\/larevistadigital.com.ar\/blog\/wp-content\/uploads\/una-mujer-fue-rescatada-la-policia-la-plata.jpg?fit=1200%2C675&ssl=1&resize=700%2C400 2x, https:\/\/i0.wp.com\/larevistadigital.com.ar\/blog\/wp-content\/uploads\/una-mujer-fue-rescatada-la-policia-la-plata.jpg?fit=1200%2C675&ssl=1&resize=1050%2C600 3x"},"classes":[]},{"id":39619,"url":"https:\/\/larevistadigital.com.ar\/blog\/chascomus-detienen-a-un-hombre-con-marihuana-durante-un-control-cerca-de-la-ferroautomotor\/","url_meta":{"origin":16965,"position":5},"title":"Chascom\u00fas: Detienen a un hombre con marihuana durante un control cerca de la Ferroautomotor","author":"Alejandro Sosa Ruda","date":"2 mayo, 2025","format":false,"excerpt":"Fue interceptado mientras caminaba por la v\u00eda p\u00fablica con una bolsa que conten\u00eda m\u00e1s de seis gramos de cannabis. El procedimiento fue parte del operativo por el fin de semana largo. 02 de Mayo de 2025 CHASCOM\u00daS \u2013 En el marco del operativo especial por el fin de semana largo\u2026","rel":"","context":"En \u00abCHASCOM\u00daS\u00bb","block_context":{"text":"CHASCOM\u00daS","link":"https:\/\/larevistadigital.com.ar\/blog\/category\/chascomus\/"},"img":{"alt_text":"","src":"https:\/\/i0.wp.com\/larevistadigital.com.ar\/blog\/wp-content\/uploads\/2018\/03\/Policia-allanamiento-noche.jpg?fit=777%2C498&ssl=1&resize=350%2C200","width":350,"height":200,"srcset":"https:\/\/i0.wp.com\/larevistadigital.com.ar\/blog\/wp-content\/uploads\/2018\/03\/Policia-allanamiento-noche.jpg?fit=777%2C498&ssl=1&resize=350%2C200 1x, https:\/\/i0.wp.com\/larevistadigital.com.ar\/blog\/wp-content\/uploads\/2018\/03\/Policia-allanamiento-noche.jpg?fit=777%2C498&ssl=1&resize=525%2C300 1.5x, https:\/\/i0.wp.com\/larevistadigital.com.ar\/blog\/wp-content\/uploads\/2018\/03\/Policia-allanamiento-noche.jpg?fit=777%2C498&ssl=1&resize=700%2C400 2x"},"classes":[]}],"_links":{"self":[{"href":"https:\/\/larevistadigital.com.ar\/blog\/wp-json\/wp\/v2\/posts\/16965","targetHints":{"allow":["GET"]}}],"collection":[{"href":"https:\/\/larevistadigital.com.ar\/blog\/wp-json\/wp\/v2\/posts"}],"about":[{"href":"https:\/\/larevistadigital.com.ar\/blog\/wp-json\/wp\/v2\/types\/post"}],"author":[{"embeddable":true,"href":"https:\/\/larevistadigital.com.ar\/blog\/wp-json\/wp\/v2\/users\/3"}],"replies":[{"embeddable":true,"href":"https:\/\/larevistadigital.com.ar\/blog\/wp-json\/wp\/v2\/comments?post=16965"}],"version-history":[{"count":1,"href":"https:\/\/larevistadigital.com.ar\/blog\/wp-json\/wp\/v2\/posts\/16965\/revisions"}],"predecessor-version":[{"id":16968,"href":"https:\/\/larevistadigital.com.ar\/blog\/wp-json\/wp\/v2\/posts\/16965\/revisions\/16968"}],"wp:featuredmedia":[{"embeddable":true,"href":"https:\/\/larevistadigital.com.ar\/blog\/wp-json\/wp\/v2\/media\/16967"}],"wp:attachment":[{"href":"https:\/\/larevistadigital.com.ar\/blog\/wp-json\/wp\/v2\/media?parent=16965"}],"wp:term":[{"taxonomy":"category","embeddable":true,"href":"https:\/\/larevistadigital.com.ar\/blog\/wp-json\/wp\/v2\/categories?post=16965"},{"taxonomy":"post_tag","embeddable":true,"href":"https:\/\/larevistadigital.com.ar\/blog\/wp-json\/wp\/v2\/tags?post=16965"}],"curies":[{"name":"wp","href":"https:\/\/api.w.org\/{rel}","templated":true}]}}