{"id":16973,"date":"2020-10-14T16:29:30","date_gmt":"2020-10-14T16:29:30","guid":{"rendered":"https:\/\/larevistadigital.com.ar\/blog\/?p=16973"},"modified":"2020-10-14T16:29:30","modified_gmt":"2020-10-14T16:29:30","slug":"castelli-anuncian-corte-de-luz-para-manana-15-10","status":"publish","type":"post","link":"https:\/\/larevistadigital.com.ar\/blog\/castelli-anuncian-corte-de-luz-para-manana-15-10\/","title":{"rendered":"CASTELLI: ANUNCIAN CORTE DE LUZ PARA MA\u00d1ANA 15\/10"},"content":{"rendered":"<p>El jueves 15 de octubre desde las 5:50 hasta las 7:10hs se producir\u00e1 un corte de energ\u00eda el\u00e9ctrica para la realizaci\u00f3n de la conexi\u00f3n del nuevo puesto de transformaci\u00f3n en la esquina del Hospital Dr. Ram\u00f3n Carrillo.<\/p>\n<p>El corte afectar\u00e1 a la zona urbana oeste, comprendida entre calles Saavedra, Almirante Brown, Pueyrred\u00f3n, French, Bol\u00edvar y Moreno.<\/p>\n","protected":false},"excerpt":{"rendered":"<div class=\"mh-excerpt\"><p>El jueves 15 de octubre desde las 5:50 hasta las 7:10hs se producir\u00e1 un corte de energ\u00eda el\u00e9ctrica para la realizaci\u00f3n de la conexi\u00f3n del nuevo puesto de transformaci\u00f3n en la esquina del Hospital Dr. <a class=\"mh-excerpt-more\" href=\"https:\/\/larevistadigital.com.ar\/blog\/castelli-anuncian-corte-de-luz-para-manana-15-10\/\" title=\"CASTELLI: ANUNCIAN CORTE DE LUZ PARA MA\u00d1ANA 15\/10\">[Leer M\u00e1s]<\/a><\/p>\n<\/div>","protected":false},"author":3,"featured_media":9245,"comment_status":"open","ping_status":"open","sticky":false,"template":"","format":"standard","meta":{"_jetpack_memberships_contains_paid_content":false,"footnotes":"","jetpack_publicize_message":"","jetpack_publicize_feature_enabled":true,"jetpack_social_post_already_shared":true,"jetpack_social_options":{"image_generator_settings":{"template":"highway","default_image_id":0,"font":"","enabled":false},"version":2}},"categories":[4,51],"tags":[],"class_list":{"0":"post-16973","1":"post","2":"type-post","3":"status-publish","4":"format-standard","5":"has-post-thumbnail","7":"category-castelli","8":"category-regionales"},"jetpack_publicize_connections":[],"jetpack_featured_media_url":"https:\/\/i0.wp.com\/larevistadigital.com.ar\/blog\/wp-content\/uploads\/2019\/03\/810410405c904feca65209eb66a49a3f.jpg?fit=1058%2C791&ssl=1","jetpack_sharing_enabled":true,"jetpack_shortlink":"https:\/\/wp.me\/p8qtrQ-4pL","jetpack-related-posts":[{"id":16626,"url":"https:\/\/larevistadigital.com.ar\/blog\/la-corte-suprema-abrio-el-per-saltum-y-por-el-momento-los-jueves-que-investigaron-a-cristina-kirchner-se-mantienen-en-sus-puestos\/","url_meta":{"origin":16973,"position":0},"title":"LA CORTE SUPREMA ABRI\u00d3 EL \u00abPER SALTUM\u00bb, Y POR EL MOMENTO LOS JUEVES QUE INVESTIGARON A CRISTINA KIRCHNER SE MANTIENEN EN SUS PUESTOS","author":"Alejandro Sosa Ruda","date":"29 septiembre, 2020","format":false,"excerpt":"El Consejo de la Magistratura no podr\u00e1 realizar cambios hasta tanto se analice el fondo de la cuesti\u00f3n El m\u00e1ximo tribunal de la Rep\u00fablica Argentina con la mayor\u00eda formada por los votos de Ricardo Lorenzetti, Horacio Rosatti, Juan Carlos Maqueda y Elena Highton resolvi\u00f3 abrir el\u00a0per saltum\u00a0presentado por los magistrados\u00a0Leopoldo\u2026","rel":"","context":"En \u00abDESTACADAS\u00bb","block_context":{"text":"DESTACADAS","link":"https:\/\/larevistadigital.com.ar\/blog\/category\/destacadas\/"},"img":{"alt_text":"","src":"https:\/\/i0.wp.com\/larevistadigital.com.ar\/blog\/wp-content\/uploads\/corte-1.jpg?fit=1200%2C732&ssl=1&resize=350%2C200","width":350,"height":200,"srcset":"https:\/\/i0.wp.com\/larevistadigital.com.ar\/blog\/wp-content\/uploads\/corte-1.jpg?fit=1200%2C732&ssl=1&resize=350%2C200 1x, https:\/\/i0.wp.com\/larevistadigital.com.ar\/blog\/wp-content\/uploads\/corte-1.jpg?fit=1200%2C732&ssl=1&resize=525%2C300 1.5x, https:\/\/i0.wp.com\/larevistadigital.com.ar\/blog\/wp-content\/uploads\/corte-1.jpg?fit=1200%2C732&ssl=1&resize=700%2C400 2x, https:\/\/i0.wp.com\/larevistadigital.com.ar\/blog\/wp-content\/uploads\/corte-1.jpg?fit=1200%2C732&ssl=1&resize=1050%2C600 3x"},"classes":[]},{"id":5308,"url":"https:\/\/larevistadigital.com.ar\/blog\/talleres-de-cultura-2018-comenzo-la-inscripcion\/","url_meta":{"origin":16973,"position":1},"title":"TALLERES DE CULTURA 2018: COMENZ\u00d3 LA INSCRIPCI\u00d3N","author":"admin","date":"26 marzo, 2018","format":false,"excerpt":"A partir de esta semana en Cultura Castelli se abri\u00f3 la inscripci\u00f3n a los talleres gratuitos con distintas ofertas. Las disciplinas que se van a dictar son: Corte y Confecci\u00f3n a cargo de Cota Jaime. Tejido a cargo de Rosana Turi. Danzas Cl\u00e1sicas con la profesora G\u00e9nesis Ciuro, Tango y\u2026","rel":"","context":"En \u00abCASTELLI\u00bb","block_context":{"text":"CASTELLI","link":"https:\/\/larevistadigital.com.ar\/blog\/category\/castelli\/"},"img":{"alt_text":"","src":"https:\/\/i0.wp.com\/larevistadigital.com.ar\/blog\/wp-content\/uploads\/2018\/03\/29543099_1058601200958304_7477840530180915244_n-662x331.jpg?fit=662%2C331&ssl=1&resize=350%2C200","width":350,"height":200,"srcset":"https:\/\/i0.wp.com\/larevistadigital.com.ar\/blog\/wp-content\/uploads\/2018\/03\/29543099_1058601200958304_7477840530180915244_n-662x331.jpg?fit=662%2C331&ssl=1&resize=350%2C200 1x, https:\/\/i0.wp.com\/larevistadigital.com.ar\/blog\/wp-content\/uploads\/2018\/03\/29543099_1058601200958304_7477840530180915244_n-662x331.jpg?fit=662%2C331&ssl=1&resize=525%2C300 1.5x"},"classes":[]},{"id":19484,"url":"https:\/\/larevistadigital.com.ar\/blog\/las-imagenes-del-temporal-en-castelli\/","url_meta":{"origin":16973,"position":2},"title":"LAS IMAGENES DEL TEMPORAL EN CASTELLI CON 340 MIL\u00cdMETROS DE AGUA CA\u00cdDA","author":"Alejandro Sosa Ruda","date":"28 marzo, 2021","format":false,"excerpt":"CASTELLI - Vecinos de Castelli enviaron im\u00e1genes de la situaci\u00f3n en diferentes sectores de dicha localidad que son afectados por el agua. Como ya se inform\u00f3 es intenso el trabajo de Defensa Civil y de los bomberos voluntarios ya que 8 dotaciones trabajan para asistir a los damnificados. Adem\u00e1s, desde\u2026","rel":"","context":"En \u00abCASTELLI\u00bb","block_context":{"text":"CASTELLI","link":"https:\/\/larevistadigital.com.ar\/blog\/category\/castelli\/"},"img":{"alt_text":"","src":"https:\/\/i0.wp.com\/larevistadigital.com.ar\/blog\/wp-content\/uploads\/165885119_1445355929145258_3261786296343590169_n.jpg?fit=716%2C960&ssl=1&resize=350%2C200","width":350,"height":200,"srcset":"https:\/\/i0.wp.com\/larevistadigital.com.ar\/blog\/wp-content\/uploads\/165885119_1445355929145258_3261786296343590169_n.jpg?fit=716%2C960&ssl=1&resize=350%2C200 1x, https:\/\/i0.wp.com\/larevistadigital.com.ar\/blog\/wp-content\/uploads\/165885119_1445355929145258_3261786296343590169_n.jpg?fit=716%2C960&ssl=1&resize=525%2C300 1.5x, https:\/\/i0.wp.com\/larevistadigital.com.ar\/blog\/wp-content\/uploads\/165885119_1445355929145258_3261786296343590169_n.jpg?fit=716%2C960&ssl=1&resize=700%2C400 2x"},"classes":[]},{"id":9135,"url":"https:\/\/larevistadigital.com.ar\/blog\/castelli-dos-personas-se-ahogaron-en-el-pesquero-la-cascada\/","url_meta":{"origin":16973,"position":3},"title":"CASTELLI: DOS PERSONAS SE AHOGARON EN EL PESQUERO \u00abLA CASCADA\u00bb","author":"Alejandro Sosa Ruda","date":"16 marzo, 2019","format":false,"excerpt":"Lamentablemente, pasadas las 10 de la ma\u00f1ana de este s\u00e1bado 16 fueron convocados los Bomberos Voluntarios de Castelli por la desaparici\u00f3n de dos personas de la superficie del agua en el pesquero \u201cLa Cascada\u201d Las primeras informaciones indican que no se trata de personas de Castelli sino de visitantes al\u2026","rel":"","context":"En \u00abCASTELLI\u00bb","block_context":{"text":"CASTELLI","link":"https:\/\/larevistadigital.com.ar\/blog\/category\/castelli\/"},"img":{"alt_text":"","src":"https:\/\/i0.wp.com\/larevistadigital.com.ar\/blog\/wp-content\/uploads\/2019\/03\/bomberos-castelli.jpg?fit=900%2C605&ssl=1&resize=350%2C200","width":350,"height":200,"srcset":"https:\/\/i0.wp.com\/larevistadigital.com.ar\/blog\/wp-content\/uploads\/2019\/03\/bomberos-castelli.jpg?fit=900%2C605&ssl=1&resize=350%2C200 1x, https:\/\/i0.wp.com\/larevistadigital.com.ar\/blog\/wp-content\/uploads\/2019\/03\/bomberos-castelli.jpg?fit=900%2C605&ssl=1&resize=525%2C300 1.5x, https:\/\/i0.wp.com\/larevistadigital.com.ar\/blog\/wp-content\/uploads\/2019\/03\/bomberos-castelli.jpg?fit=900%2C605&ssl=1&resize=700%2C400 2x"},"classes":[]},{"id":19621,"url":"https:\/\/larevistadigital.com.ar\/blog\/castelli-echarren-pidio-suspender-las-clases-presenciales\/","url_meta":{"origin":16973,"position":4},"title":"CASTELLI: ECHARREN PIDI\u00d3 SUSPENDER LAS CLASES PRESENCIALES","author":"Alejandro Sosa Ruda","date":"12 abril, 2021","format":false,"excerpt":"CASTELLI - El Intendente Municipal de Castelli, Francisco Echarren, afirm\u00f3 que si contin\u00faan abiertos los colegios \u201cva a volar todo por el aire\u201d. Echarren, a trav\u00e9s de un Hilo de Twitter, pidi\u00f3 por la suspensi\u00f3n de las clases en las escuelas y cuestion\u00f3 \u201csi alg\u00fan ministro\u201d decide continuar con la\u2026","rel":"","context":"En \u00abCASTELLI\u00bb","block_context":{"text":"CASTELLI","link":"https:\/\/larevistadigital.com.ar\/blog\/category\/castelli\/"},"img":{"alt_text":"","src":"https:\/\/i0.wp.com\/larevistadigital.com.ar\/blog\/wp-content\/uploads\/FireShot-Capture-3258-%E1%90%88-Castelli_-El-Intendente-Echarren-pidio-suspender-las-clases-presen_-www.infozona.com_.ar_.png?fit=886%2C529&ssl=1&resize=350%2C200","width":350,"height":200,"srcset":"https:\/\/i0.wp.com\/larevistadigital.com.ar\/blog\/wp-content\/uploads\/FireShot-Capture-3258-%E1%90%88-Castelli_-El-Intendente-Echarren-pidio-suspender-las-clases-presen_-www.infozona.com_.ar_.png?fit=886%2C529&ssl=1&resize=350%2C200 1x, https:\/\/i0.wp.com\/larevistadigital.com.ar\/blog\/wp-content\/uploads\/FireShot-Capture-3258-%E1%90%88-Castelli_-El-Intendente-Echarren-pidio-suspender-las-clases-presen_-www.infozona.com_.ar_.png?fit=886%2C529&ssl=1&resize=525%2C300 1.5x, https:\/\/i0.wp.com\/larevistadigital.com.ar\/blog\/wp-content\/uploads\/FireShot-Capture-3258-%E1%90%88-Castelli_-El-Intendente-Echarren-pidio-suspender-las-clases-presen_-www.infozona.com_.ar_.png?fit=886%2C529&ssl=1&resize=700%2C400 2x"},"classes":[]},{"id":8611,"url":"https:\/\/larevistadigital.com.ar\/blog\/castelli-acceso-sur-renovado-y-con-nueva-iluminacion\/","url_meta":{"origin":16973,"position":5},"title":"CASTELLI: ACCESO SUR: RENOVADO Y CON NUEVA ILUMINACI\u00d3N","author":"Alejandro Sosa Ruda","date":"20 febrero, 2019","format":false,"excerpt":"Ya se encuentra abierto al tr\u00e1nsito el Acceso Sur por Autov\u00eda 2 a Castelli. Anoche se culminaron con las tareas de instalaci\u00f3n de nuevas luminarias de led, que brindan una mejor visibilidad al conductor y adem\u00e1s generan un marco destacado para el ingreso a la ciudad. Por otro lado, se\u2026","rel":"","context":"En \u00abCASTELLI\u00bb","block_context":{"text":"CASTELLI","link":"https:\/\/larevistadigital.com.ar\/blog\/category\/castelli\/"},"img":{"alt_text":"","src":"https:\/\/i0.wp.com\/larevistadigital.com.ar\/blog\/wp-content\/uploads\/2019\/02\/52555104_1119939378175763_6647650862061584384_n.jpg?fit=960%2C691&ssl=1&resize=350%2C200","width":350,"height":200,"srcset":"https:\/\/i0.wp.com\/larevistadigital.com.ar\/blog\/wp-content\/uploads\/2019\/02\/52555104_1119939378175763_6647650862061584384_n.jpg?fit=960%2C691&ssl=1&resize=350%2C200 1x, https:\/\/i0.wp.com\/larevistadigital.com.ar\/blog\/wp-content\/uploads\/2019\/02\/52555104_1119939378175763_6647650862061584384_n.jpg?fit=960%2C691&ssl=1&resize=525%2C300 1.5x, https:\/\/i0.wp.com\/larevistadigital.com.ar\/blog\/wp-content\/uploads\/2019\/02\/52555104_1119939378175763_6647650862061584384_n.jpg?fit=960%2C691&ssl=1&resize=700%2C400 2x"},"classes":[]}],"_links":{"self":[{"href":"https:\/\/larevistadigital.com.ar\/blog\/wp-json\/wp\/v2\/posts\/16973","targetHints":{"allow":["GET"]}}],"collection":[{"href":"https:\/\/larevistadigital.com.ar\/blog\/wp-json\/wp\/v2\/posts"}],"about":[{"href":"https:\/\/larevistadigital.com.ar\/blog\/wp-json\/wp\/v2\/types\/post"}],"author":[{"embeddable":true,"href":"https:\/\/larevistadigital.com.ar\/blog\/wp-json\/wp\/v2\/users\/3"}],"replies":[{"embeddable":true,"href":"https:\/\/larevistadigital.com.ar\/blog\/wp-json\/wp\/v2\/comments?post=16973"}],"version-history":[{"count":1,"href":"https:\/\/larevistadigital.com.ar\/blog\/wp-json\/wp\/v2\/posts\/16973\/revisions"}],"predecessor-version":[{"id":16974,"href":"https:\/\/larevistadigital.com.ar\/blog\/wp-json\/wp\/v2\/posts\/16973\/revisions\/16974"}],"wp:featuredmedia":[{"embeddable":true,"href":"https:\/\/larevistadigital.com.ar\/blog\/wp-json\/wp\/v2\/media\/9245"}],"wp:attachment":[{"href":"https:\/\/larevistadigital.com.ar\/blog\/wp-json\/wp\/v2\/media?parent=16973"}],"wp:term":[{"taxonomy":"category","embeddable":true,"href":"https:\/\/larevistadigital.com.ar\/blog\/wp-json\/wp\/v2\/categories?post=16973"},{"taxonomy":"post_tag","embeddable":true,"href":"https:\/\/larevistadigital.com.ar\/blog\/wp-json\/wp\/v2\/tags?post=16973"}],"curies":[{"name":"wp","href":"https:\/\/api.w.org\/{rel}","templated":true}]}}