{"id":1699,"date":"2017-03-28T22:33:09","date_gmt":"2017-03-28T22:33:09","guid":{"rendered":"https:\/\/larevistadigital.com.ar\/blog\/?p=1699"},"modified":"2017-03-28T22:45:25","modified_gmt":"2017-03-28T22:45:25","slug":"primicia-de-la-revista-digital-el-tribunal-de-cuentas-lo-confirmo-el-veto-de-gaston-fue-extemporaneo-por-lo-que-esta-en-vigencia-el-pago-del-bono-a-municipales","status":"publish","type":"post","link":"https:\/\/larevistadigital.com.ar\/blog\/primicia-de-la-revista-digital-el-tribunal-de-cuentas-lo-confirmo-el-veto-de-gaston-fue-extemporaneo-por-lo-que-esta-en-vigencia-el-pago-del-bono-a-municipales\/","title":{"rendered":"PRIMICIA DE LA REVISTA DIGITAL: EL TRIBUNAL DE CUENTAS LO CONFIRM\u00d3: EL VETO DE GASTON FUE EXTEMPORANEO POR LO QUE EST\u00c1 EN VIGENCIA EL PAGO DEL BONO A MUNICIPALES"},"content":{"rendered":"<blockquote>\n<h3>En exclusiva, <strong>LRD<\/strong> tuvo acceso al fallo del Honorable Tribunal de Cuentas en el que dice que <strong><em>\u201cEn atenci\u00f3n a lo se\u00f1alado y vistas las fechas que acontecieron las distintas instancias, el veto del Ejecutivo al proyecto de ordenanza tra\u00eddo a consulta (pago del bono a empleados municipales) ha sido oportuno, pero comunicado en forma tard\u00eda al Departamento Deliberativo -excediendo los diez d\u00edas h\u00e1biles para su devoluci\u00f3n con las objeciones- con lo cual qued\u00f3 convertido en ordenanza\u2026\u201d<\/em><\/strong><\/h3>\n<\/blockquote>\n<p>Esto, es lisa y llanamente una confirmaci\u00f3n a lo que se discut\u00eda acerca de la validez o no del veto del ejecutivo, por lo que la ordenanza seguir\u00eda en vigencia.<\/p>\n<blockquote>\n<h4><strong>Desde el bloque UCR CAMBIEMOS, confirmaron a LRD que han contemplado en el \u00a0despacho de su bloque, \u00a0la partida presupuestaria de $5.200.000.- para que se haga efectivo el pago del bono no contributivo a los empleados municipales, por lo que el departamento ejecutivo, tendr\u00eda de esta manera la herramienta para hacer efectivo dicho pago.<\/strong><\/h4>\n<\/blockquote>\n<p>Solo resta entonces ver c\u00f3mo va a reaccionar el partido de gobierno y si de acuerdo al fallo y al aval presupuestario contemplado por \u00a0la oposici\u00f3n, har\u00e1n efectivo el pago una vez se apruebe el presupuesto.<\/p>\n","protected":false},"excerpt":{"rendered":"<div class=\"mh-excerpt\"><p>En exclusiva, LRD tuvo acceso al fallo del Honorable Tribunal de Cuentas en el que dice que \u201cEn atenci\u00f3n a lo se\u00f1alado y vistas las fechas que acontecieron las distintas instancias, el veto del Ejecutivo <a class=\"mh-excerpt-more\" href=\"https:\/\/larevistadigital.com.ar\/blog\/primicia-de-la-revista-digital-el-tribunal-de-cuentas-lo-confirmo-el-veto-de-gaston-fue-extemporaneo-por-lo-que-esta-en-vigencia-el-pago-del-bono-a-municipales\/\" title=\"PRIMICIA DE LA REVISTA DIGITAL: EL TRIBUNAL DE CUENTAS LO CONFIRM\u00d3: EL VETO DE GASTON FUE EXTEMPORANEO POR LO QUE EST\u00c1 EN VIGENCIA EL PAGO DEL BONO A MUNICIPALES\">[Leer M\u00e1s]<\/a><\/p>\n<\/div>","protected":false},"author":3,"featured_media":1700,"comment_status":"open","ping_status":"open","sticky":false,"template":"","format":"standard","meta":{"_jetpack_memberships_contains_paid_content":false,"footnotes":"","jetpack_publicize_message":"","jetpack_publicize_feature_enabled":true,"jetpack_social_post_already_shared":true,"jetpack_social_options":{"image_generator_settings":{"template":"highway","default_image_id":0,"font":"","enabled":false},"version":2}},"categories":[6,41,23],"tags":[],"class_list":{"0":"post-1699","1":"post","2":"type-post","3":"status-publish","4":"format-standard","5":"has-post-thumbnail","7":"category-chascomus","8":"category-destacadas","9":"category-politica-local"},"jetpack_publicize_connections":[],"jetpack_featured_media_url":"https:\/\/i0.wp.com\/larevistadigital.com.ar\/blog\/wp-content\/uploads\/2017\/03\/PROTESTA-CHASCOMUS1.jpg?fit=1200%2C900&ssl=1","jetpack_sharing_enabled":true,"jetpack_shortlink":"https:\/\/wp.me\/p8qtrQ-rp","jetpack-related-posts":[{"id":32076,"url":"https:\/\/larevistadigital.com.ar\/blog\/el-intendente-gaston-veto-la-ordenanza-que-suspendia-el-pago-de-derechos-de-espacio-publico\/","url_meta":{"origin":1699,"position":0},"title":"EL INTENDENTE GAST\u00d3N VET\u00d3 LA ORDENANZA QUE SUSPEND\u00cdA EL PAGO DE DERECHOS DE ESPACIO P\u00daBLICO.","author":"Alejandro Sosa Ruda","date":"19 junio, 2023","format":false,"excerpt":"Tambi\u00e9n, le solicit\u00f3 al Tribunal de Cuentas, que estudie si los Concejales se excedieron en sus atribuciones y si pueden ser sancionados. 19 de junio de 2023 El pasado 5 de junio, el Intendente Javier Gast\u00f3n emiti\u00f3 un veto total sobre la ordenanza 5722, la cual fue aprobada el 24\u2026","rel":"","context":"En \u00abINTERES GENERAL\u00bb","block_context":{"text":"INTERES GENERAL","link":"https:\/\/larevistadigital.com.ar\/blog\/category\/interes-general\/"},"img":{"alt_text":"","src":"https:\/\/i0.wp.com\/larevistadigital.com.ar\/blog\/wp-content\/uploads\/2018\/11\/gaston-800x445.jpg?fit=800%2C445&ssl=1&resize=350%2C200","width":350,"height":200,"srcset":"https:\/\/i0.wp.com\/larevistadigital.com.ar\/blog\/wp-content\/uploads\/2018\/11\/gaston-800x445.jpg?fit=800%2C445&ssl=1&resize=350%2C200 1x, https:\/\/i0.wp.com\/larevistadigital.com.ar\/blog\/wp-content\/uploads\/2018\/11\/gaston-800x445.jpg?fit=800%2C445&ssl=1&resize=525%2C300 1.5x, https:\/\/i0.wp.com\/larevistadigital.com.ar\/blog\/wp-content\/uploads\/2018\/11\/gaston-800x445.jpg?fit=800%2C445&ssl=1&resize=700%2C400 2x"},"classes":[]},{"id":35528,"url":"https:\/\/larevistadigital.com.ar\/blog\/cipriano-perez-del-cerro-la-ordenanza-que-regula-el-uso-del-espacio-publico-esta-vigente\/","url_meta":{"origin":1699,"position":1},"title":"CIPRIANO P\u00c9REZ DEL CERRO: \u201cLA ORDENANZA QUE REGULA EL USO DEL ESPACIO P\u00daBLICO EST\u00c1 VIGENTE\u201d","author":"Alejandro Sosa Ruda","date":"13 marzo, 2024","format":false,"excerpt":"\u201cEl intendente Javier Gast\u00f3n consider\u00f3 necesario vetar la ordenanza 5.777, recientemente aprobada por el Concejo Deliberante, entendiendo que era conveniente para todos, para vivir en comunidad, que contin\u00fae la normativa vigente\u201d, asegur\u00f3. 13 de marzo de 2024 CHASCOM\u00daS -\u00a0 El secretario de Gobierno municipal, Cipriano P\u00e9rez del Cerro, explic\u00f3 los\u2026","rel":"","context":"En \u00abINTERES GENERAL\u00bb","block_context":{"text":"INTERES GENERAL","link":"https:\/\/larevistadigital.com.ar\/blog\/category\/interes-general\/"},"img":{"alt_text":"","src":"https:\/\/i0.wp.com\/larevistadigital.com.ar\/blog\/wp-content\/uploads\/CIPRIANO.jpg?fit=800%2C535&ssl=1&resize=350%2C200","width":350,"height":200,"srcset":"https:\/\/i0.wp.com\/larevistadigital.com.ar\/blog\/wp-content\/uploads\/CIPRIANO.jpg?fit=800%2C535&ssl=1&resize=350%2C200 1x, https:\/\/i0.wp.com\/larevistadigital.com.ar\/blog\/wp-content\/uploads\/CIPRIANO.jpg?fit=800%2C535&ssl=1&resize=525%2C300 1.5x, https:\/\/i0.wp.com\/larevistadigital.com.ar\/blog\/wp-content\/uploads\/CIPRIANO.jpg?fit=800%2C535&ssl=1&resize=700%2C400 2x"},"classes":[]},{"id":6673,"url":"https:\/\/larevistadigital.com.ar\/blog\/mientras-en-otros-municipios-los-empleados-reciben-bonos-en-chascomus-y-por-ordenanza-el-ejecutivo-debera-convocar-paritarias\/","url_meta":{"origin":1699,"position":2},"title":"MIENTRAS EN OTROS MUNICIPIOS LOS EMPLEADOS RECIBEN BONOS, EN CHASCOM\u00daS Y POR ORDENANZA, EL EJECUTIVO DEBER\u00c1 CONVOCAR PARITARIAS","author":"Alejandro Sosa Ruda","date":"28 septiembre, 2018","format":false,"excerpt":"Mientras en los municipios vecinos los empleados municipales reciben el beneficio de bonos de distintos importes, en Chascom\u00fas pareciera que el oficialismo no repara en el escenario econ\u00f3mico que deben soportar los empleados municipales. Resulta un poco desagradable apreciar que mientras en los \u00faltimos tiempos desde el gobierno local se\u2026","rel":"","context":"En \u00abDESTACADAS\u00bb","block_context":{"text":"DESTACADAS","link":"https:\/\/larevistadigital.com.ar\/blog\/category\/destacadas\/"},"img":{"alt_text":"","src":"https:\/\/i0.wp.com\/larevistadigital.com.ar\/blog\/wp-content\/uploads\/2018\/09\/chascomus.jpg?fit=1200%2C672&ssl=1&resize=350%2C200","width":350,"height":200,"srcset":"https:\/\/i0.wp.com\/larevistadigital.com.ar\/blog\/wp-content\/uploads\/2018\/09\/chascomus.jpg?fit=1200%2C672&ssl=1&resize=350%2C200 1x, https:\/\/i0.wp.com\/larevistadigital.com.ar\/blog\/wp-content\/uploads\/2018\/09\/chascomus.jpg?fit=1200%2C672&ssl=1&resize=525%2C300 1.5x, https:\/\/i0.wp.com\/larevistadigital.com.ar\/blog\/wp-content\/uploads\/2018\/09\/chascomus.jpg?fit=1200%2C672&ssl=1&resize=700%2C400 2x, https:\/\/i0.wp.com\/larevistadigital.com.ar\/blog\/wp-content\/uploads\/2018\/09\/chascomus.jpg?fit=1200%2C672&ssl=1&resize=1050%2C600 3x"},"classes":[]},{"id":3217,"url":"https:\/\/larevistadigital.com.ar\/blog\/chascomus-mientras-el-intendente-gaston-veto-el-pago-de-un-bono-a-los-municipales-en-pila-anuncian-un-tercer-bono-por-2-000\/","url_meta":{"origin":1699,"position":3},"title":"CHASCOM\u00daS: MIENTRAS EL INTENDENTE GAST\u00d3N VET\u00d3 EL PAGO DE UN BONO A LOS MUNICIPALES, EN PILA ANUNCIAN UN TERCER BONO POR $2.000.-","author":"Alejandro Sosa Ruda","date":"27 agosto, 2017","format":false,"excerpt":"A diferencia de otros distritos, como por ejemplo del de Chascom\u00fas, en donde se aprob\u00f3 en el Concejo Deliberante el pago de un bono a los empleados Municipales, pero luego fue vetado de manera insensible por el Intendente de Unidad por Chascom\u00fas Javier Gast\u00f3n, en otros partidos, quienes ejercen el\u2026","rel":"","context":"En \u00abCHASCOM\u00daS\u00bb","block_context":{"text":"CHASCOM\u00daS","link":"https:\/\/larevistadigital.com.ar\/blog\/category\/chascomus\/"},"img":{"alt_text":"","src":"https:\/\/i0.wp.com\/larevistadigital.com.ar\/blog\/wp-content\/uploads\/2017\/08\/chapa-of-thrones.jpg?fit=650%2C415&ssl=1&resize=350%2C200","width":350,"height":200,"srcset":"https:\/\/i0.wp.com\/larevistadigital.com.ar\/blog\/wp-content\/uploads\/2017\/08\/chapa-of-thrones.jpg?fit=650%2C415&ssl=1&resize=350%2C200 1x, https:\/\/i0.wp.com\/larevistadigital.com.ar\/blog\/wp-content\/uploads\/2017\/08\/chapa-of-thrones.jpg?fit=650%2C415&ssl=1&resize=525%2C300 1.5x"},"classes":[]},{"id":6113,"url":"https:\/\/larevistadigital.com.ar\/blog\/chascomus-u-c-denuncia-que-el-intendente-veto-ordenanza-para-personas-con-discapacidad\/","url_meta":{"origin":1699,"position":4},"title":"CHASCOM\u00daS: U.C. DENUNCIA QUE EL INTENDENTE VET\u00d3 ORDENANZA PARA PERSONAS CON DISCAPACIDAD","author":"Alejandro Sosa Ruda","date":"3 agosto, 2018","format":false,"excerpt":"El bloque de concejales de Unidad Ciudadana-PJ, manifest\u00f3 su molestia y desaz\u00f3n por el \"inexplicable veto del intendente local, Javier Gast\u00f3n, a una ordenanza que promov\u00eda la construcci\u00f3n de sendas peatonales para personas con alguna discapacidad. As\u00ed lo hicieron saber a trav\u00e9s de su cuenta oficial de la red social\u2026","rel":"","context":"En \u00abDESTACADAS\u00bb","block_context":{"text":"DESTACADAS","link":"https:\/\/larevistadigital.com.ar\/blog\/category\/destacadas\/"},"img":{"alt_text":"","src":"https:\/\/i0.wp.com\/larevistadigital.com.ar\/blog\/wp-content\/uploads\/2018\/08\/740_las-personas-discapacidad-asturias-salen-calle-exigir-accesilidad.jpg?fit=600%2C613&ssl=1&resize=350%2C200","width":350,"height":200,"srcset":"https:\/\/i0.wp.com\/larevistadigital.com.ar\/blog\/wp-content\/uploads\/2018\/08\/740_las-personas-discapacidad-asturias-salen-calle-exigir-accesilidad.jpg?fit=600%2C613&ssl=1&resize=350%2C200 1x, https:\/\/i0.wp.com\/larevistadigital.com.ar\/blog\/wp-content\/uploads\/2018\/08\/740_las-personas-discapacidad-asturias-salen-calle-exigir-accesilidad.jpg?fit=600%2C613&ssl=1&resize=525%2C300 1.5x"},"classes":[]},{"id":29730,"url":"https:\/\/larevistadigital.com.ar\/blog\/chascomus-familias-convocan-a-una-marcha-al-concejo-deliberante-el-proximo-jueves-contra-el-veto-de-una-ordenanza-por-parte-del-intendente-gaston\/","url_meta":{"origin":1699,"position":5},"title":"CHASCOM\u00daS: FAMILIAS CONVOCAN A UNA MARCHA AL CONCEJO DELIBERANTE EL PR\u00d3XIMO JUEVES CONTRA EL VETO DE UNA ORDENANZA POR PARTE DEL INTENDENTE GAST\u00d3N","author":"Alejandro Sosa Ruda","date":"10 enero, 2023","format":false,"excerpt":"Son 370 familias que se ven impedidas de construir su vivienda, por un capricho del Gobierno Local, que pese a ser \"Cooperativistas\" los trata como si fueran un \"Barrio Privado\" y no solo no colabora con las familias, sino que adem\u00e1s pone todo tipo de trabas que impiden que accedan\u2026","rel":"","context":"En \u00abDESTACADAS\u00bb","block_context":{"text":"DESTACADAS","link":"https:\/\/larevistadigital.com.ar\/blog\/category\/destacadas\/"},"img":{"alt_text":"","src":"https:\/\/i0.wp.com\/larevistadigital.com.ar\/blog\/wp-content\/uploads\/Captura-de-pantalla-2023-01-10-200118.jpg?fit=727%2C411&ssl=1&resize=350%2C200","width":350,"height":200,"srcset":"https:\/\/i0.wp.com\/larevistadigital.com.ar\/blog\/wp-content\/uploads\/Captura-de-pantalla-2023-01-10-200118.jpg?fit=727%2C411&ssl=1&resize=350%2C200 1x, https:\/\/i0.wp.com\/larevistadigital.com.ar\/blog\/wp-content\/uploads\/Captura-de-pantalla-2023-01-10-200118.jpg?fit=727%2C411&ssl=1&resize=525%2C300 1.5x, https:\/\/i0.wp.com\/larevistadigital.com.ar\/blog\/wp-content\/uploads\/Captura-de-pantalla-2023-01-10-200118.jpg?fit=727%2C411&ssl=1&resize=700%2C400 2x"},"classes":[]}],"_links":{"self":[{"href":"https:\/\/larevistadigital.com.ar\/blog\/wp-json\/wp\/v2\/posts\/1699","targetHints":{"allow":["GET"]}}],"collection":[{"href":"https:\/\/larevistadigital.com.ar\/blog\/wp-json\/wp\/v2\/posts"}],"about":[{"href":"https:\/\/larevistadigital.com.ar\/blog\/wp-json\/wp\/v2\/types\/post"}],"author":[{"embeddable":true,"href":"https:\/\/larevistadigital.com.ar\/blog\/wp-json\/wp\/v2\/users\/3"}],"replies":[{"embeddable":true,"href":"https:\/\/larevistadigital.com.ar\/blog\/wp-json\/wp\/v2\/comments?post=1699"}],"version-history":[{"count":1,"href":"https:\/\/larevistadigital.com.ar\/blog\/wp-json\/wp\/v2\/posts\/1699\/revisions"}],"predecessor-version":[{"id":1701,"href":"https:\/\/larevistadigital.com.ar\/blog\/wp-json\/wp\/v2\/posts\/1699\/revisions\/1701"}],"wp:featuredmedia":[{"embeddable":true,"href":"https:\/\/larevistadigital.com.ar\/blog\/wp-json\/wp\/v2\/media\/1700"}],"wp:attachment":[{"href":"https:\/\/larevistadigital.com.ar\/blog\/wp-json\/wp\/v2\/media?parent=1699"}],"wp:term":[{"taxonomy":"category","embeddable":true,"href":"https:\/\/larevistadigital.com.ar\/blog\/wp-json\/wp\/v2\/categories?post=1699"},{"taxonomy":"post_tag","embeddable":true,"href":"https:\/\/larevistadigital.com.ar\/blog\/wp-json\/wp\/v2\/tags?post=1699"}],"curies":[{"name":"wp","href":"https:\/\/api.w.org\/{rel}","templated":true}]}}