{"id":170,"date":"2017-02-12T02:01:21","date_gmt":"2017-02-12T02:01:21","guid":{"rendered":"https:\/\/larevistadigital.com.ar\/blog\/?p=170"},"modified":"2017-02-12T02:01:21","modified_gmt":"2017-02-12T02:01:21","slug":"7-peliculas-fueron-prohibidas-censuradas-curiosas-razones-diferentes-paises","status":"publish","type":"post","link":"https:\/\/larevistadigital.com.ar\/blog\/7-peliculas-fueron-prohibidas-censuradas-curiosas-razones-diferentes-paises\/","title":{"rendered":"7 pel\u00edculas que fueron prohibidas y censuradas por curiosas razones en diferentes pa\u00edses"},"content":{"rendered":"<p><strong>La censura en el cine existe desde el inicio de la industria cinematogr\u00e1fica,<\/strong> y no han sido pocas las cintas que han debido acatar la determinaci\u00f3n de un comit\u00e9 que pens\u00f3 que su historia ser\u00eda muy violenta, muy sexual o demasiado controversial para el p\u00fablico.<\/p>\n<p>Algunas de estas medidas podr\u00edan ser atendibles o incluso aceptables; sin embargo, hay casos en los que son inexplicables las razones de la censura.<\/p>\n<p>Hace un tiempo te contamos el caso de algunas pel\u00edculas que causaron controversia y censura.\u00a0A continuaci\u00f3n, otras historias similares de prohibici\u00f3n y sesgo.<\/p>\n<h2>1. Zoolander<\/h2>\n<p>Puede ser un cl\u00e1sico del humor y la cinta que consagr\u00f3 la carrera de<strong> Ben Stiller<\/strong>, sin embargo, <em>Zoolander<\/em> fue prohibida en dos pa\u00edses y por motivos muy diferentes.<\/p>\n<p>En <strong>Ir\u00e1n<\/strong>, la cinta fue censurada por su contenido homosexual, pues a pesar que sus protagonistas eran heterosexuales, el mundo en el que se desenvolv\u00edan fue considerado demasiado gay por las autoridades.<\/p>\n<p><strong>Malasia<\/strong> fue el segundo pa\u00eds que prohibi\u00f3 la pel\u00edcula, y a diferencia del anterior, sus razones tuvieron que ver con la trama de la cinta, <strong>la que inclu\u00eda asesinar al primer ministro de dicho pa\u00eds.<\/strong><\/p>\n<p><iframe loading=\"lazy\" id=\"vrudo\" class=\"vrudo\" src=\"http:\/\/rudo.video\/vod\/b4zTiEXnpr\" width=\"700\" height=\"394\" frameborder=\"0\" scrolling=\"no\" allowfullscreen=\"allowfullscreen\" data-mce-fragment=\"1\"><\/iframe><\/p>\n<h2><strong>2. Todopoderoso<\/strong><\/h2>\n<p>No es dif\u00edcil pensar que <em>Todopoderoso<\/em> pudo causar m\u00e1s de una controversia en pa\u00edses religiosos, especialmente porque parte de su trama se basa en la idea que Dios le entrega su poder a un mortal. Sin embargo, no fue s\u00f3lo eso lo que caus\u00f3 molestia en <strong>Egipt<\/strong>o, sino que el personaje de <strong>Jim Carrey<\/strong> usar\u00e1 los poderes de Dios para aumenta los pechos de <strong>Jennifer Aniston<\/strong>.<\/p>\n<p><strong>Madkour Thabit, <\/strong>que encabeza el organismo estatal de censura responsable de las producciones audiovisuales, critic\u00f3 la pel\u00edcula por tener \u201cactores interpretando el papel de Dios\u201d, adem\u00e1s de \u201csocavar a los musulmanes y otros valores religiosos\u201d<\/p>\n<p><iframe loading=\"lazy\" id=\"vrudo\" class=\"vrudo\" src=\"http:\/\/rudo.video\/vod\/oUkWUUiFW8\" width=\"700\" height=\"394\" frameborder=\"0\" scrolling=\"no\" allowfullscreen=\"allowfullscreen\" data-mce-fragment=\"1\"><\/iframe><\/p>\n<h2>3. The Simpsons<\/h2>\n<p>Una de las razones m\u00e1s absurdas para censurar una cinta, la dio <strong>Birmania<\/strong> en 2007 cuando prohibi\u00f3 la exhibici\u00f3n de <em>Los Simpson, la pel\u00edcula<\/em>.<\/p>\n<p>El argumento del gobierno se bas\u00f3 en que la cinta conten\u00eda demasiadas escenas con colores <strong>amarillos y rojo<\/strong> -emblem\u00e1tico en los personajes- los que pod\u00edan ser vistos como una referencia a ellos y un apoyo oculto a los grupos rebeldes del pa\u00eds.<\/p>\n<p><iframe loading=\"lazy\" id=\"vrudo\" class=\"vrudo\" src=\"http:\/\/rudo.video\/vod\/oUldX5Qjq7\" width=\"700\" height=\"394\" frameborder=\"0\" scrolling=\"no\" allowfullscreen=\"allowfullscreen\" data-mce-fragment=\"1\"><\/iframe><\/p>\n<h2>4. Sex and the City 2<\/h2>\n<p>Aunque gran parte de la historia de <em>Sex and the city 2 <\/em>se desarrollo en <strong>Abu Dhabi<\/strong>, los <strong>Emiratos \u00c1rabes no quisieron involucrarse en la producci\u00f3n. <\/strong>De hecho, se les neg\u00f3 el permiso para filmar en la ciudad, por lo que fue realizada luego en Marruecos.<\/p>\n<p>Pero como si eso no fuera suficiente, la producci\u00f3n fue <strong>calificada como antimusulmana debido a un par de escenas que fueron consideradas una falta de respeto a su cultura.<\/strong> Uno de los momentos que m\u00e1s molest\u00f3\u00a0fue cuando las cuatro protagonistas son salvadas por un grupo de mujeres mientras eran perseguidas por una turba de hombres enojados. La pol\u00e9mica se dio cuando las mujeres retiraron su burka para mostrar sus atuendos a la moda.<\/p>\n<p>El director y escritor de la cinta <strong>Patrick King<\/strong>, confes\u00f3 a <strong>Daily Mail<\/strong> que: \u201cAbu Dhabi estaba en una postura de\u2026\u2019sabes, los UAE (Emiratos \u00c1rabes Unidos) en realidad no est\u00e1n realmente listos para tener a cuatro chicas americanas sexualmente liberales filmando aqu\u00ed\u201d.<\/p>\n<p><iframe loading=\"lazy\" id=\"vrudo\" class=\"vrudo\" src=\"http:\/\/rudo.video\/vod\/oUllahKnbC\" width=\"700\" height=\"394\" frameborder=\"0\" scrolling=\"no\" allowfullscreen=\"allowfullscreen\" data-mce-fragment=\"1\"><\/iframe><\/p>\n<h2>5. The Hunger Games: Mockingjay, Part 1<\/h2>\n<p>La tercera entrega de la saga no pudo llegar a los c<strong>ines en Tailandia luego que las autoridades consideraran que \u00e9sta podr\u00eda ser usada para causar desordenes en el pa\u00eds<\/strong>. Recordemos que el tradicional saludo de respeto que se realiza en la pel\u00edcula, fue usado por los opositores como una se\u00f1al de resistencia.<\/p>\n<p>Consultados, algunos manifestantes dijeron tener distintas razones del significado del gesto. Para unos, era sin\u00f3nimo de la <strong>trinidad de la Revoluci\u00f3n Francesa (\u201clibertad, igualdad y fraternidad\u201d). Otros, \u201clibertad, elecciones y democracia\u201d.<\/strong><\/p>\n<p><iframe loading=\"lazy\" id=\"vrudo\" class=\"vrudo\" src=\"http:\/\/rudo.video\/vod\/oUlo6zOHaJ\" width=\"700\" height=\"394\" frameborder=\"0\" scrolling=\"no\" allowfullscreen=\"allowfullscreen\" data-mce-fragment=\"1\"><\/iframe><\/p>\n<h2>6. \u201cEl lobo de Wall Street\u201d<\/h2>\n<p>La cinta que cuenta la historia de los excesos, fracasos y \u00e9xitos del corredor de bolsa<strong> Jordan Belfort<\/strong> no tuvo una recepci\u00f3n f\u00e1cil en la audiencia. <strong>Debido a sus escenas y vocabulario subidos de tono, fueron cuatro pa\u00edses los que decidieron no exhibir la cinta.<\/strong><\/p>\n<p>El filme fue vetado en <strong>Malasia, Nepal, Zimbabue y Kenia<\/strong>. Una opci\u00f3n menos radical tomaron otros pa\u00eds de oriente donde simplemente se eliminaron algunas escenas. En India se cortaron 45 minutos de metraje, en donde se encontraba la escena de una org\u00eda gay, otra donde el personaje que interpreta <strong>Jonah Hill<\/strong> se masturbaba en p\u00fablico, y otra en la que el protagonista, <strong>Leonardo DiCaprio<\/strong>, consume coca\u00edna desde el trasero de una mujer.<\/p>\n<p><iframe loading=\"lazy\" id=\"vrudo\" class=\"vrudo\" src=\"http:\/\/rudo.video\/vod\/b4zLx5Ot7q\" width=\"700\" height=\"394\" frameborder=\"0\" scrolling=\"no\" allowfullscreen=\"allowfullscreen\" data-mce-fragment=\"1\"><\/iframe><\/p>\n<h2>7. \u201cNo\u00e9\u201d<\/h2>\n<p>El filme de<strong> Darren Aronofky<\/strong> que relata la historia de <strong>No\u00e9<\/strong> fue prohibido en pa\u00edses de <strong>Medio Oriente<\/strong> por ser considerado una contradicci\u00f3n de\u00a0<strong>las ense\u00f1anzas del Islam.<\/strong><\/p>\n<p><strong>Malasia, Catar, Bahrein y Emiratos \u00c1rabes Unidos<\/strong> decidieron no exhibir la pel\u00edcula protagonizada por<strong> Russell Crowe<\/strong> y estrenada en 2014, por violar una de las leyes del <strong>Cor\u00e1n:\u00a0<\/strong>no mostrar la cara de un profeta, siendo No\u00e9 uno de los m\u00e1s importantes.<\/p>\n<p>Para evitar mayores problemas, la productora <strong>Paramount<\/strong> decidi\u00f3 incluir al inicio de la cinta un mensaje en el que avisa que se trata de una \u201c<em>obra inspirada en la historia de No\u00e9<\/em>\u201c, pero con ciertas licencias art\u00edsticas.<\/p>\n<p>Pero no s\u00f3lo los pa\u00edses \u00e1rabes tuvieron problemas con el filme. En EE.UU. y algunos pa\u00edses latinos como Brasil, hubo grupos de cristianos a quienes no dej\u00f3 contentos la forma en que se abord\u00f3 la historia.<\/p>\n<p><iframe loading=\"lazy\" id=\"vrudo\" class=\"vrudo\" src=\"http:\/\/rudo.video\/vod\/oUjV81ocxd\" width=\"700\" height=\"394\" frameborder=\"0\" scrolling=\"no\" allowfullscreen=\"allowfullscreen\" data-mce-fragment=\"1\"><\/iframe><\/p>\n<p>&nbsp;<\/p>\n<p><i>Publicado por<\/i><\/p>\n<div>Bernardita Villa<\/div>\n<p>&nbsp;<\/p>\n","protected":false},"excerpt":{"rendered":"<div class=\"mh-excerpt\"><p>La censura en el cine existe desde el inicio de la industria cinematogr\u00e1fica, y no han sido pocas las cintas que han debido acatar la determinaci\u00f3n de un comit\u00e9 que pens\u00f3 que su historia ser\u00eda <a class=\"mh-excerpt-more\" href=\"https:\/\/larevistadigital.com.ar\/blog\/7-peliculas-fueron-prohibidas-censuradas-curiosas-razones-diferentes-paises\/\" title=\"7 pel\u00edculas que fueron prohibidas y censuradas por curiosas razones en diferentes pa\u00edses\">[Leer M\u00e1s]<\/a><\/p>\n<\/div>","protected":false},"author":2,"featured_media":171,"comment_status":"open","ping_status":"open","sticky":false,"template":"","format":"standard","meta":{"_jetpack_memberships_contains_paid_content":false,"footnotes":"","jetpack_publicize_message":"","jetpack_publicize_feature_enabled":true,"jetpack_social_post_already_shared":false,"jetpack_social_options":{"image_generator_settings":{"template":"highway","default_image_id":0,"font":"","enabled":false},"version":2}},"categories":[11],"tags":[],"class_list":{"0":"post-170","1":"post","2":"type-post","3":"status-publish","4":"format-standard","5":"has-post-thumbnail","7":"category-curiosas"},"jetpack_publicize_connections":[],"jetpack_featured_media_url":"https:\/\/i0.wp.com\/larevistadigital.com.ar\/blog\/wp-content\/uploads\/2017\/02\/comodios0307.jpg?fit=1920%2C1080&ssl=1","jetpack_sharing_enabled":true,"jetpack_shortlink":"https:\/\/wp.me\/p8qtrQ-2K","jetpack-related-posts":[{"id":28158,"url":"https:\/\/larevistadigital.com.ar\/blog\/se-parecen-te-mostramos-fotos-de-personalidades-comparadas-con-sus-hijos-a-la-misma-edad\/","url_meta":{"origin":170,"position":0},"title":"\u00bfSE PARECEN?: TE MOSTRAMOS FOTOS DE PERSONALIDADES COMPARADAS CON SUS HIJOS A LA MISMA EDAD","author":"Alejandro Sosa Ruda","date":"29 septiembre, 2022","format":false,"excerpt":"Un compilado que iremos subiendo de a 4 por env\u00edo, donde mostramos distintas personalidades y a sus hijos con la misma edad. \u00bfUsted cree que son parecidos? 29 de septiembre de 2022 \u00bfQui\u00e9n no conoce a Clint Eastwood el ic\u00f3nico actor americano de 89 a\u00f1os, productor, m\u00fasico y pol\u00edtico? Scott\u2026","rel":"","context":"En \u00abCURIOSAS\u00bb","block_context":{"text":"CURIOSAS","link":"https:\/\/larevistadigital.com.ar\/blog\/category\/curiosas\/"},"img":{"alt_text":"","src":"https:\/\/i0.wp.com\/larevistadigital.com.ar\/blog\/wp-content\/uploads\/parecidos_12_voz.jpg?fit=700%2C466&ssl=1&resize=350%2C200","width":350,"height":200,"srcset":"https:\/\/i0.wp.com\/larevistadigital.com.ar\/blog\/wp-content\/uploads\/parecidos_12_voz.jpg?fit=700%2C466&ssl=1&resize=350%2C200 1x, https:\/\/i0.wp.com\/larevistadigital.com.ar\/blog\/wp-content\/uploads\/parecidos_12_voz.jpg?fit=700%2C466&ssl=1&resize=525%2C300 1.5x, https:\/\/i0.wp.com\/larevistadigital.com.ar\/blog\/wp-content\/uploads\/parecidos_12_voz.jpg?fit=700%2C466&ssl=1&resize=700%2C400 2x"},"classes":[]},{"id":17333,"url":"https:\/\/larevistadigital.com.ar\/blog\/increible-los-premios-marplatenses-llamados-astor-en-homenaje-a-piazzola-pasaran-a-llamarse-lobo\/","url_meta":{"origin":170,"position":1},"title":"INCRE\u00cdBLE: LOS PREMIOS MARPLATENSES LLAMADOS \u00abASTOR\u00bb EN HOMENAJE A PIAZZOLA PASAR\u00c1N A LLAMARSE \u00abLOBO\u00bb","author":"Alejandro Sosa Ruda","date":"30 octubre, 2020","format":false,"excerpt":"Est\u00e1bamos comenzando a escribir acerca del tema, pero elegimos reproducir una nota escrita por Nino Ramella y publicada en el diario La Capital de Mar del Plata, donde se aborda el tema con absoluta claridad. Incre\u00edblemente el INCAA, el Instituto de Cine y Artes Audiovisuales, organismo que funciona en el\u2026","rel":"","context":"En \u00abCULTURA\u00bb","block_context":{"text":"CULTURA","link":"https:\/\/larevistadigital.com.ar\/blog\/category\/cultura\/"},"img":{"alt_text":"","src":"https:\/\/i0.wp.com\/larevistadigital.com.ar\/blog\/wp-content\/uploads\/Screenshot_1-166.jpg?fit=870%2C577&ssl=1&resize=350%2C200","width":350,"height":200,"srcset":"https:\/\/i0.wp.com\/larevistadigital.com.ar\/blog\/wp-content\/uploads\/Screenshot_1-166.jpg?fit=870%2C577&ssl=1&resize=350%2C200 1x, https:\/\/i0.wp.com\/larevistadigital.com.ar\/blog\/wp-content\/uploads\/Screenshot_1-166.jpg?fit=870%2C577&ssl=1&resize=525%2C300 1.5x, https:\/\/i0.wp.com\/larevistadigital.com.ar\/blog\/wp-content\/uploads\/Screenshot_1-166.jpg?fit=870%2C577&ssl=1&resize=700%2C400 2x"},"classes":[]},{"id":747,"url":"https:\/\/larevistadigital.com.ar\/blog\/una-misteriosa-figura-humana-aparece-cielo-zambia\/","url_meta":{"origin":170,"position":2},"title":"Una misteriosa figura humana aparece en el cielo de Zambia","author":"editor","date":"8 marzo, 2017","format":false,"excerpt":"Seg\u00fan informa el rotativo Daily Mail, este fin de semana, una misteriosa figura humana se cerni\u00f3 sobre el cielo de Zambia (\u00c1frica). Seg\u00fan cuentan testigos presenciales, la aparici\u00f3n, con forma de ser humano y de largas extremidades acabadas en punta, se prolong\u00f3 durante unos 30 minutos y su tama\u00f1o era\u2026","rel":"","context":"En \u00abCURIOSAS\u00bb","block_context":{"text":"CURIOSAS","link":"https:\/\/larevistadigital.com.ar\/blog\/category\/curiosas\/"},"img":{"alt_text":"","src":"https:\/\/i0.wp.com\/larevistadigital.com.ar\/blog\/wp-content\/uploads\/2017\/03\/africafigura2-focus-0-0-760-475.jpg?fit=672%2C372&ssl=1&resize=350%2C200","width":350,"height":200,"srcset":"https:\/\/i0.wp.com\/larevistadigital.com.ar\/blog\/wp-content\/uploads\/2017\/03\/africafigura2-focus-0-0-760-475.jpg?fit=672%2C372&ssl=1&resize=350%2C200 1x, https:\/\/i0.wp.com\/larevistadigital.com.ar\/blog\/wp-content\/uploads\/2017\/03\/africafigura2-focus-0-0-760-475.jpg?fit=672%2C372&ssl=1&resize=525%2C300 1.5x"},"classes":[]},{"id":16125,"url":"https:\/\/larevistadigital.com.ar\/blog\/algo-que-muchos-se-preguntan-netflix-o-amazon-hoy-bajo-la-lupa-del-sagaz-negro-carrizo\/","url_meta":{"origin":170,"position":3},"title":"ALGO QUE MUCHOS SE PREGUNTAN: \u00bfNETFLIX O AMAZON? HOY BAJO LA LUPA DEL SAGAZ \u00abNEGRO CARRIZO\u00bb","author":"Alejandro Sosa Ruda","date":"25 agosto, 2020","format":false,"excerpt":"NETFLIX VERSUS AMAZON: No hay dudas que Netflix es m\u00e1s popular que Amazon, sin embargo ser m\u00e1s popular no significa ser el mejor. Con sus 183 millones de suscriptores, la plataforma de streaming de la gran \u201cN\u201d le saca una importante ventaja contra los 150 millones de Amazon. Pero hablemos\u2026","rel":"","context":"En \u00abCULTURA\u00bb","block_context":{"text":"CULTURA","link":"https:\/\/larevistadigital.com.ar\/blog\/category\/cultura\/"},"img":{"alt_text":"","src":"https:\/\/i0.wp.com\/larevistadigital.com.ar\/blog\/wp-content\/uploads\/Screenshot_2-102.jpg?fit=1200%2C534&ssl=1&resize=350%2C200","width":350,"height":200,"srcset":"https:\/\/i0.wp.com\/larevistadigital.com.ar\/blog\/wp-content\/uploads\/Screenshot_2-102.jpg?fit=1200%2C534&ssl=1&resize=350%2C200 1x, https:\/\/i0.wp.com\/larevistadigital.com.ar\/blog\/wp-content\/uploads\/Screenshot_2-102.jpg?fit=1200%2C534&ssl=1&resize=525%2C300 1.5x, https:\/\/i0.wp.com\/larevistadigital.com.ar\/blog\/wp-content\/uploads\/Screenshot_2-102.jpg?fit=1200%2C534&ssl=1&resize=700%2C400 2x, https:\/\/i0.wp.com\/larevistadigital.com.ar\/blog\/wp-content\/uploads\/Screenshot_2-102.jpg?fit=1200%2C534&ssl=1&resize=1050%2C600 3x"},"classes":[]},{"id":17720,"url":"https:\/\/larevistadigital.com.ar\/blog\/esto-ocurrio-un-dia-como-hoy-18-de-noviembre\/","url_meta":{"origin":170,"position":4},"title":"ESTO OCURRI\u00d3 UN D\u00cdA COMO HOY, 18 DE NOVIEMBRE&#8230;","author":"Alejandro Sosa Ruda","date":"18 noviembre, 2020","format":false,"excerpt":"John Haydon Down: descubridor del Sindrome de Down \u00a0Su contribuci\u00f3n ha sido la descripci\u00f3n de la categor\u00eda que \u00e9l denomin\u00f3\u00a0\"idiocia mongoloide\",\u00a0por las similitudes faciales con las razas n\u00f3madas de Mongolia, y en la que se inclu\u00edan individuos portadores de lo que hoy se conoce como trisom\u00eda 21. Nace una nueva\u2026","rel":"","context":"En \u00abSOCIEDAD\u00bb","block_context":{"text":"SOCIEDAD","link":"https:\/\/larevistadigital.com.ar\/blog\/category\/sociedad\/"},"img":{"alt_text":"","src":"https:\/\/i0.wp.com\/larevistadigital.com.ar\/blog\/wp-content\/uploads\/LOGO-EFEMERIDES.jpg?fit=1200%2C628&ssl=1&resize=350%2C200","width":350,"height":200,"srcset":"https:\/\/i0.wp.com\/larevistadigital.com.ar\/blog\/wp-content\/uploads\/LOGO-EFEMERIDES.jpg?fit=1200%2C628&ssl=1&resize=350%2C200 1x, https:\/\/i0.wp.com\/larevistadigital.com.ar\/blog\/wp-content\/uploads\/LOGO-EFEMERIDES.jpg?fit=1200%2C628&ssl=1&resize=525%2C300 1.5x, https:\/\/i0.wp.com\/larevistadigital.com.ar\/blog\/wp-content\/uploads\/LOGO-EFEMERIDES.jpg?fit=1200%2C628&ssl=1&resize=700%2C400 2x, https:\/\/i0.wp.com\/larevistadigital.com.ar\/blog\/wp-content\/uploads\/LOGO-EFEMERIDES.jpg?fit=1200%2C628&ssl=1&resize=1050%2C600 3x"},"classes":[]},{"id":19335,"url":"https:\/\/larevistadigital.com.ar\/blog\/cobarde-censura-al-secretario-general-de-u-p-s-r-a-durante-una-entrevista\/","url_meta":{"origin":170,"position":5},"title":"COBARDE CENSURA AL SECRETARIO GENERAL DE U.P.S.R.A. DURANTE UNA ENTREVISTA","author":"Alejandro Sosa Ruda","date":"19 marzo, 2021","format":false,"excerpt":"Sucedi\u00f3 durante una entrevista en donde Leonidas Requelme abord\u00f3 todos los temas del sector de Vigiladores Privados, y denunci\u00f3 a quienes llam\u00f3 cobardes, adem\u00e1s de hechos de corrupci\u00f3n y dem\u00e1s. Evidentemente, esto no agrad\u00f3 a algunos que mediante alg\u00fan hacker, cortaron la nota. Igualmente Requelme dej\u00f3 impreso su sello y\u2026","rel":"","context":"En \u00abGREMIALES\u00bb","block_context":{"text":"GREMIALES","link":"https:\/\/larevistadigital.com.ar\/blog\/category\/gremiales\/"},"img":{"alt_text":"","src":"https:\/\/i0.wp.com\/larevistadigital.com.ar\/blog\/wp-content\/uploads\/LEO-REQUELME-MINISTERIO.jpg?fit=800%2C417&ssl=1&resize=350%2C200","width":350,"height":200,"srcset":"https:\/\/i0.wp.com\/larevistadigital.com.ar\/blog\/wp-content\/uploads\/LEO-REQUELME-MINISTERIO.jpg?fit=800%2C417&ssl=1&resize=350%2C200 1x, https:\/\/i0.wp.com\/larevistadigital.com.ar\/blog\/wp-content\/uploads\/LEO-REQUELME-MINISTERIO.jpg?fit=800%2C417&ssl=1&resize=525%2C300 1.5x, https:\/\/i0.wp.com\/larevistadigital.com.ar\/blog\/wp-content\/uploads\/LEO-REQUELME-MINISTERIO.jpg?fit=800%2C417&ssl=1&resize=700%2C400 2x"},"classes":[]}],"_links":{"self":[{"href":"https:\/\/larevistadigital.com.ar\/blog\/wp-json\/wp\/v2\/posts\/170","targetHints":{"allow":["GET"]}}],"collection":[{"href":"https:\/\/larevistadigital.com.ar\/blog\/wp-json\/wp\/v2\/posts"}],"about":[{"href":"https:\/\/larevistadigital.com.ar\/blog\/wp-json\/wp\/v2\/types\/post"}],"author":[{"embeddable":true,"href":"https:\/\/larevistadigital.com.ar\/blog\/wp-json\/wp\/v2\/users\/2"}],"replies":[{"embeddable":true,"href":"https:\/\/larevistadigital.com.ar\/blog\/wp-json\/wp\/v2\/comments?post=170"}],"version-history":[{"count":1,"href":"https:\/\/larevistadigital.com.ar\/blog\/wp-json\/wp\/v2\/posts\/170\/revisions"}],"predecessor-version":[{"id":172,"href":"https:\/\/larevistadigital.com.ar\/blog\/wp-json\/wp\/v2\/posts\/170\/revisions\/172"}],"wp:featuredmedia":[{"embeddable":true,"href":"https:\/\/larevistadigital.com.ar\/blog\/wp-json\/wp\/v2\/media\/171"}],"wp:attachment":[{"href":"https:\/\/larevistadigital.com.ar\/blog\/wp-json\/wp\/v2\/media?parent=170"}],"wp:term":[{"taxonomy":"category","embeddable":true,"href":"https:\/\/larevistadigital.com.ar\/blog\/wp-json\/wp\/v2\/categories?post=170"},{"taxonomy":"post_tag","embeddable":true,"href":"https:\/\/larevistadigital.com.ar\/blog\/wp-json\/wp\/v2\/tags?post=170"}],"curies":[{"name":"wp","href":"https:\/\/api.w.org\/{rel}","templated":true}]}}