{"id":17091,"date":"2020-10-21T16:20:57","date_gmt":"2020-10-21T16:20:57","guid":{"rendered":"https:\/\/larevistadigital.com.ar\/blog\/?p=17091"},"modified":"2020-10-21T16:20:57","modified_gmt":"2020-10-21T16:20:57","slug":"rechazo-de-una-iniciativa-municipal-del-ateneo-y-la-plaza-arturo-illia","status":"publish","type":"post","link":"https:\/\/larevistadigital.com.ar\/blog\/rechazo-de-una-iniciativa-municipal-del-ateneo-y-la-plaza-arturo-illia\/","title":{"rendered":"RECHAZO DE UNA INICIATIVA MUNICIPAL DEL ATENEO Y  LA PLAZA ARTURO ILLIA"},"content":{"rendered":"<p>El Diario El Fuerte, hizo p\u00fablico un comunicado del Ateneo y la Plaza Arturo Illia, firmado por <strong>Ana de Otaz\u00faa<\/strong>, <strong>Beatriz Fayos<\/strong> y <strong>Miguel Angel Cerimele<\/strong> rechazando la iniciativa municipal de trasladar oficinas municipales al Edificio del Turista, se\u00f1alando tambi\u00e9n que es un lugar inapropiado para la instalaci\u00f3n del <strong>Museo Dr. Ra\u00fal Alfons\u00edn<\/strong> y recordando que el fallecido Presidente tiene destinada una sala a construir en el Museo Pampeano.<\/p>\n<h3>El comunicado dice lo siguiente:<\/h3>\n<p><em><strong>\u201cD\u00edas pasados anunciaron las autoridades municipales la intenci\u00f3n de ocupar el edificio de \u00abEl Turista\u00bb y Sociedad de Fomento y Turismo, para hacer uso exclusivo de la Secretaria de Turismo aduciendo que ser\u00eda ofrecer una atenci\u00f3n a los visitantes y emplazar el Museo Dr. Ra\u00fal Alfons\u00edn en la parte superior del mismo edificio.<\/strong><\/em><br \/>\n<em><strong>Si repasamos y recordamos un poco de historia el Dr. Juan Atilio Bramuglia nacido en esta localidad, quien fuera interventor de la provincia de Bs, As, y Ministro de Relaciones Exteriores fue precursor y gestor de este emblem\u00e1tico e importante edificio en forma de barco a orilla de nuestra querida laguna.<\/strong><\/em><br \/>\n<em><strong>Vecinos auto convocados realizaron un abrazo simb\u00f3lico al edificio expresando el rechazo a la ocupaci\u00f3n del mismo por considerar tal decisi\u00f3n inapropiada atento a los tiempos actuales que vivimos (Cuarentena) y la menor cantidad de turistas, ya que los mismos consultan v\u00eda Internet los servicio que ofrece Chascom\u00fas en materia de turismo. Por otro lado si analizamos la pol\u00edtica del no llamado a licitaciones por parte de inversores privados, ver\u00edamos que el mismo no genera trabajo genuino y por consiguiente se dar\u00eda a entender que no hay inter\u00e9s en la explotaci\u00f3n del mismo como fuente de recursos.<\/strong><\/em><br \/>\n<em><strong>De la misma manera entendemos que la instalaci\u00f3n del Museo Dr. Ra\u00fal Alfons\u00edn destin\u00e1ndole un espacio para honrar al Ex-Presidente nacido en esta localidad no es el lugar apropiado por razones de seguridad y sin considerar la Ordenanza 1949 del a\u00f1o 1988 que establece \u00abDestinase un predio de propiedad de la Municipalidad de Chascom\u00fas para afectarlo a la construcci\u00f3n de una sala de Exposici\u00f3n de objetos, distinciones y recuerdos del Presidente de la Naci\u00f3n Dr. Ra\u00fal Alfons\u00edn \u00bb y en los considerandos \u00bb que seria importante en las instalaciones del Museo Pampeano de Chascom\u00fas se destinara la construcci\u00f3n de una Sala por lo antes expuesto.<\/strong><\/em><br \/>\n<em><strong>Por lo expuesto es que queremos expresar nuestro rechazo como Ateneo y Plaza Arturo U. Illia a la instalaci\u00f3n del Museo Dr. Ra\u00fal Alfons\u00edn y a la ocupaci\u00f3n de dependencias municipales que desvirt\u00faan el objetivo para lo cual fue fundado el edificio.<\/strong><\/em><\/p>\n<p>fuente e imagen: DIARIO EL FUERTE<\/p>\n<div class=\"sharedaddy sd-sharing-enabled\"><\/div>\n","protected":false},"excerpt":{"rendered":"<div class=\"mh-excerpt\"><p>El Diario El Fuerte, hizo p\u00fablico un comunicado del Ateneo y la Plaza Arturo Illia, firmado por Ana de Otaz\u00faa, Beatriz Fayos y Miguel Angel Cerimele rechazando la iniciativa municipal de trasladar oficinas municipales al <a class=\"mh-excerpt-more\" href=\"https:\/\/larevistadigital.com.ar\/blog\/rechazo-de-una-iniciativa-municipal-del-ateneo-y-la-plaza-arturo-illia\/\" title=\"RECHAZO DE UNA INICIATIVA MUNICIPAL DEL ATENEO Y  LA PLAZA ARTURO ILLIA\">[Leer M\u00e1s]<\/a><\/p>\n<\/div>","protected":false},"author":3,"featured_media":17092,"comment_status":"open","ping_status":"open","sticky":false,"template":"","format":"standard","meta":{"_jetpack_memberships_contains_paid_content":false,"footnotes":"","jetpack_publicize_message":"","jetpack_publicize_feature_enabled":true,"jetpack_social_post_already_shared":true,"jetpack_social_options":{"image_generator_settings":{"template":"highway","default_image_id":0,"font":"","enabled":false},"version":2}},"categories":[50],"tags":[100,99,98],"class_list":{"0":"post-17091","1":"post","2":"type-post","3":"status-publish","4":"format-standard","5":"has-post-thumbnail","7":"category-interes-general","8":"tag-comunicado","9":"tag-edificio-del-turista","10":"tag-macoba"},"jetpack_publicize_connections":[],"jetpack_featured_media_url":"https:\/\/i0.wp.com\/larevistadigital.com.ar\/blog\/wp-content\/uploads\/turista-elfuerte-21deoctubre.png?fit=737%2C415&ssl=1","jetpack_sharing_enabled":true,"jetpack_shortlink":"https:\/\/wp.me\/p8qtrQ-4rF","jetpack-related-posts":[{"id":17205,"url":"https:\/\/larevistadigital.com.ar\/blog\/debe-darse-intervencion-al-concejo-asesor-de-patrimonio-en-la-cuestion-del-edificio-del-turista-en-chascomus\/","url_meta":{"origin":17091,"position":0},"title":"DEBE DARSE INTERVENCI\u00d3N AL CONCEJO ASESOR DE PATRIMONIO EN LA CUESTI\u00d3N DEL \u00abEDIFICIO DEL TURISTA\u00bb EN CHASCOM\u00daS","author":"Alejandro Sosa Ruda","date":"25 octubre, 2020","format":false,"excerpt":"Por An\u00edbal Jos\u00e9 Maffeo En estos \u00faltimos d\u00edas se ha desatado el debate respecto del cambio de destino de la construcci\u00f3n conocida como \u201cEdificio del Turista\u201d, ubicado en la costanera frente a la plazoleta \u201cAtilio Bramuglia\u201d, en donde, finalizadas ya todas las concesiones comerciales, se instalar\u00edan oficinas del municipio para\u2026","rel":"","context":"En \u00abINTERES GENERAL\u00bb","block_context":{"text":"INTERES GENERAL","link":"https:\/\/larevistadigital.com.ar\/blog\/category\/interes-general\/"},"img":{"alt_text":"","src":"https:\/\/i0.wp.com\/larevistadigital.com.ar\/blog\/wp-content\/uploads\/12227030_10208163861558892_9095732445554866982_n-1.jpg?fit=1000%2C998&ssl=1&resize=350%2C200","width":350,"height":200,"srcset":"https:\/\/i0.wp.com\/larevistadigital.com.ar\/blog\/wp-content\/uploads\/12227030_10208163861558892_9095732445554866982_n-1.jpg?fit=1000%2C998&ssl=1&resize=350%2C200 1x, https:\/\/i0.wp.com\/larevistadigital.com.ar\/blog\/wp-content\/uploads\/12227030_10208163861558892_9095732445554866982_n-1.jpg?fit=1000%2C998&ssl=1&resize=525%2C300 1.5x, https:\/\/i0.wp.com\/larevistadigital.com.ar\/blog\/wp-content\/uploads\/12227030_10208163861558892_9095732445554866982_n-1.jpg?fit=1000%2C998&ssl=1&resize=700%2C400 2x"},"classes":[]},{"id":4471,"url":"https:\/\/larevistadigital.com.ar\/blog\/chascomus-miguel-chichilo-cerimele-brindo-precisiones-del-homenaje-illia\/","url_meta":{"origin":17091,"position":1},"title":"CHASCOM\u00daS: MIGUEL \u00abCHICHILO\u00bb CERIMELE BRIND\u00d3 PRECISIONES DEL HOMENAJE A ILLIA","author":"Alejandro Sosa Ruda","date":"11 enero, 2018","format":false,"excerpt":"Miguel \u00c1ngel \u201cChichilo\u201d Cerimele, periodista, pol\u00edtico, y respetado vecino de Chascom\u00fas, fue entrevistado durante el programa AM Show que se emite por la FM \u201cLa Radio\u201d 101.5, ya que como Presidente del Ateneo Arturo Illia, se ha dedicado desde hace rato al mantenimiento de la plaza que lleva el nombre\u2026","rel":"","context":"En \u00abCHASCOM\u00daS\u00bb","block_context":{"text":"CHASCOM\u00daS","link":"https:\/\/larevistadigital.com.ar\/blog\/category\/chascomus\/"},"img":{"alt_text":"","src":"https:\/\/i0.wp.com\/larevistadigital.com.ar\/blog\/wp-content\/uploads\/2018\/01\/cerimeli_elfuerte_210517.jpg?fit=823%2C622&ssl=1&resize=350%2C200","width":350,"height":200,"srcset":"https:\/\/i0.wp.com\/larevistadigital.com.ar\/blog\/wp-content\/uploads\/2018\/01\/cerimeli_elfuerte_210517.jpg?fit=823%2C622&ssl=1&resize=350%2C200 1x, https:\/\/i0.wp.com\/larevistadigital.com.ar\/blog\/wp-content\/uploads\/2018\/01\/cerimeli_elfuerte_210517.jpg?fit=823%2C622&ssl=1&resize=525%2C300 1.5x, https:\/\/i0.wp.com\/larevistadigital.com.ar\/blog\/wp-content\/uploads\/2018\/01\/cerimeli_elfuerte_210517.jpg?fit=823%2C622&ssl=1&resize=700%2C400 2x"},"classes":[]},{"id":16695,"url":"https:\/\/larevistadigital.com.ar\/blog\/gen-chascomus-convoca-marcha-para-el-11-10-en-defensa-del-edificio-del-viejo-macoba\/","url_meta":{"origin":17091,"position":2},"title":"GEN CHASCOM\u00daS: CONVOCA MARCHA PARA EL 11\/10, EN DEFENSA DEL EDIFICIO DEL \u00abVIEJO MACOBA\u00bb","author":"Alejandro Sosa Ruda","date":"4 octubre, 2020","format":false,"excerpt":"El partido GEN, ha hecho p\u00fablica una nota en la que manifiesta su opini\u00f3n con respecto a la actualidad del turismo en Chascom\u00fas, y sobre todo de la decisi\u00f3n del ejecutivo local de convertir el edificio del viejo edificio del turista en la oficina del Secretario de Turismo. Aqu\u00ed reproducimos\u2026","rel":"","context":"En \u00abDESTACADAS\u00bb","block_context":{"text":"DESTACADAS","link":"https:\/\/larevistadigital.com.ar\/blog\/category\/destacadas\/"},"img":{"alt_text":"","src":"https:\/\/i0.wp.com\/larevistadigital.com.ar\/blog\/wp-content\/uploads\/120741173_2189320741212900_7563358647628148590_n.jpg?fit=678%2C438&ssl=1&resize=350%2C200","width":350,"height":200,"srcset":"https:\/\/i0.wp.com\/larevistadigital.com.ar\/blog\/wp-content\/uploads\/120741173_2189320741212900_7563358647628148590_n.jpg?fit=678%2C438&ssl=1&resize=350%2C200 1x, https:\/\/i0.wp.com\/larevistadigital.com.ar\/blog\/wp-content\/uploads\/120741173_2189320741212900_7563358647628148590_n.jpg?fit=678%2C438&ssl=1&resize=525%2C300 1.5x"},"classes":[]},{"id":40871,"url":"https:\/\/larevistadigital.com.ar\/blog\/se-concreto-la-concesion-del-edificio-del-turista\/","url_meta":{"origin":17091,"position":3},"title":"Se concret\u00f3 la concesi\u00f3n del Edificio del Turista","author":"Alejandro Sosa Ruda","date":"13 agosto, 2025","format":false,"excerpt":"El lugar se llamar\u00e1 ahora \u201cCentro Cultural y Comercial Malvinas Argentinas\u201d. 13 de Agosto de 2025 CHASCOM\u00daS -\u00a0 \u00a0El intendente Javier Gast\u00f3n formaliz\u00f3 la concesi\u00f3n del Edificio del Turista, que a partir de ahora llevar\u00e1 el nombre de \u201cCentro Cultural y Comercial Malvinas Argentinas\u201d. La adjudicaci\u00f3n, que tendr\u00e1 una extensi\u00f3n\u2026","rel":"","context":"En \u00abINTERES GENERAL\u00bb","block_context":{"text":"INTERES GENERAL","link":"https:\/\/larevistadigital.com.ar\/blog\/category\/interes-general\/"},"img":{"alt_text":"","src":"https:\/\/i0.wp.com\/larevistadigital.com.ar\/blog\/wp-content\/uploads\/689b82beaafc4.png?fit=668%2C445&ssl=1&resize=350%2C200","width":350,"height":200,"srcset":"https:\/\/i0.wp.com\/larevistadigital.com.ar\/blog\/wp-content\/uploads\/689b82beaafc4.png?fit=668%2C445&ssl=1&resize=350%2C200 1x, https:\/\/i0.wp.com\/larevistadigital.com.ar\/blog\/wp-content\/uploads\/689b82beaafc4.png?fit=668%2C445&ssl=1&resize=525%2C300 1.5x"},"classes":[]},{"id":16559,"url":"https:\/\/larevistadigital.com.ar\/blog\/nota-de-opinion-atropello-a-la-justicia-en-busca-de-impunidad\/","url_meta":{"origin":17091,"position":4},"title":"NOTA DE OPINI\u00d3N: ATROPELLO A LA JUSTICIA EN BUSCA DE IMPUNIDAD","author":"Alejandro Sosa Ruda","date":"27 septiembre, 2020","format":false,"excerpt":"El Ateneo Arturo Illia hizo p\u00fablica una nota de opini\u00f3n, que a continuaci\u00f3n reproducimos: En una sesi\u00f3n del Senado con irregularidades el oficialismo en soledad aprob\u00f3 remover de sus cargos a los Camaristas, y al Juez que intervienen en causas de corrupci\u00f3n, significa que el procedimiento por el Consejo de\u2026","rel":"","context":"En \u00abINTERES GENERAL\u00bb","block_context":{"text":"INTERES GENERAL","link":"https:\/\/larevistadigital.com.ar\/blog\/category\/interes-general\/"},"img":{"alt_text":"","src":"https:\/\/i0.wp.com\/larevistadigital.com.ar\/blog\/wp-content\/uploads\/justicia-no-ciega1.jpg?fit=650%2C369&ssl=1&resize=350%2C200","width":350,"height":200,"srcset":"https:\/\/i0.wp.com\/larevistadigital.com.ar\/blog\/wp-content\/uploads\/justicia-no-ciega1.jpg?fit=650%2C369&ssl=1&resize=350%2C200 1x, https:\/\/i0.wp.com\/larevistadigital.com.ar\/blog\/wp-content\/uploads\/justicia-no-ciega1.jpg?fit=650%2C369&ssl=1&resize=525%2C300 1.5x"},"classes":[]},{"id":18725,"url":"https:\/\/larevistadigital.com.ar\/blog\/gen-el-edificio-del-turista-asilo-para-los-sin-techo\/","url_meta":{"origin":17091,"position":5},"title":"GEN: \u00abEL EDIFICIO DEL TURISTA, ASILO PARA LOS SIN TECHO\u00bb","author":"Alejandro Sosa Ruda","date":"3 febrero, 2021","format":false,"excerpt":"El partido GEN de Chascom\u00fas, hace visible una desagradable situaci\u00f3n en la que el gobierno local, mira para otro lado. Esto con una publicaci\u00f3n en su p\u00e1gina de Facebook, que a\u00a0 continuaci\u00f3n reproducimos. CHASCOM\u00daS - Desde el comienzo del a\u00f1o puede observarse que el emblem\u00e1tico Edificio del Turista alberga a\u2026","rel":"","context":"En \u00abINTERES GENERAL\u00bb","block_context":{"text":"INTERES GENERAL","link":"https:\/\/larevistadigital.com.ar\/blog\/category\/interes-general\/"},"img":{"alt_text":"","src":"https:\/\/i0.wp.com\/larevistadigital.com.ar\/blog\/wp-content\/uploads\/145908815_2316293988515574_8998317185356785665_n.jpg?fit=950%2C939&ssl=1&resize=350%2C200","width":350,"height":200,"srcset":"https:\/\/i0.wp.com\/larevistadigital.com.ar\/blog\/wp-content\/uploads\/145908815_2316293988515574_8998317185356785665_n.jpg?fit=950%2C939&ssl=1&resize=350%2C200 1x, https:\/\/i0.wp.com\/larevistadigital.com.ar\/blog\/wp-content\/uploads\/145908815_2316293988515574_8998317185356785665_n.jpg?fit=950%2C939&ssl=1&resize=525%2C300 1.5x, https:\/\/i0.wp.com\/larevistadigital.com.ar\/blog\/wp-content\/uploads\/145908815_2316293988515574_8998317185356785665_n.jpg?fit=950%2C939&ssl=1&resize=700%2C400 2x"},"classes":[]}],"_links":{"self":[{"href":"https:\/\/larevistadigital.com.ar\/blog\/wp-json\/wp\/v2\/posts\/17091","targetHints":{"allow":["GET"]}}],"collection":[{"href":"https:\/\/larevistadigital.com.ar\/blog\/wp-json\/wp\/v2\/posts"}],"about":[{"href":"https:\/\/larevistadigital.com.ar\/blog\/wp-json\/wp\/v2\/types\/post"}],"author":[{"embeddable":true,"href":"https:\/\/larevistadigital.com.ar\/blog\/wp-json\/wp\/v2\/users\/3"}],"replies":[{"embeddable":true,"href":"https:\/\/larevistadigital.com.ar\/blog\/wp-json\/wp\/v2\/comments?post=17091"}],"version-history":[{"count":1,"href":"https:\/\/larevistadigital.com.ar\/blog\/wp-json\/wp\/v2\/posts\/17091\/revisions"}],"predecessor-version":[{"id":17093,"href":"https:\/\/larevistadigital.com.ar\/blog\/wp-json\/wp\/v2\/posts\/17091\/revisions\/17093"}],"wp:featuredmedia":[{"embeddable":true,"href":"https:\/\/larevistadigital.com.ar\/blog\/wp-json\/wp\/v2\/media\/17092"}],"wp:attachment":[{"href":"https:\/\/larevistadigital.com.ar\/blog\/wp-json\/wp\/v2\/media?parent=17091"}],"wp:term":[{"taxonomy":"category","embeddable":true,"href":"https:\/\/larevistadigital.com.ar\/blog\/wp-json\/wp\/v2\/categories?post=17091"},{"taxonomy":"post_tag","embeddable":true,"href":"https:\/\/larevistadigital.com.ar\/blog\/wp-json\/wp\/v2\/tags?post=17091"}],"curies":[{"name":"wp","href":"https:\/\/api.w.org\/{rel}","templated":true}]}}