{"id":1737,"date":"2017-03-31T00:37:20","date_gmt":"2017-03-31T00:37:20","guid":{"rendered":"https:\/\/larevistadigital.com.ar\/blog\/?p=1737"},"modified":"2017-03-31T00:37:20","modified_gmt":"2017-03-31T00:37:20","slug":"el-presidente-macri-llamo-a-recomponer-el-poder-en-venezuela","status":"publish","type":"post","link":"https:\/\/larevistadigital.com.ar\/blog\/el-presidente-macri-llamo-a-recomponer-el-poder-en-venezuela\/","title":{"rendered":"EL PRESIDENTE MACRI LLAM\u00d3 A \u201cRECOMPONER EL PODER EN VENEZUELA\u201d"},"content":{"rendered":"<p>En el marco de la reuni\u00f3n mantenida con con<strong>\u00a0Lilian Tintori<\/strong>, esposa del opositor venezolano Leopoldo L\u00f3pez en la Casa Rosada, el presidente\u00a0<strong>Mauricio Macri<\/strong>\u00a0llam\u00f3 a <em>\u00ab<strong>recomponer el orden democr\u00e1tico en Venezuela<\/strong>\u00bb <\/em>y adem\u00e1s <strong><em>\u00abmanifest\u00f3 su preocupaci\u00f3n por la disoluci\u00f3n de la Asamblea nacional\u00a0decidida por el Tribunal Supremo de Justicia de ese pa\u00eds\u00bb.<\/em><\/strong><\/p>\n<p>La expresi\u00f3n del primer mandatario argentino,\u00a0 se sum\u00f3 a la condena realizada por distintos l\u00edderes mundiales tras la decisi\u00f3n de <strong>Nicol\u00e1s Maduro<\/strong> de que el Tribunal Supremo de Justicia (TSJ) asumiera las competencias del Parlamento.<\/p>\n<p><strong>COMO FUERON LOS HECHOS<\/strong><\/p>\n<p>El Tribunal Supremo de Justicia (TSJ) de Venezuela, que es el\u00a0<strong>m\u00e1ximo tribunal<\/strong>\u00a0del pa\u00eds, decidi\u00f3 asumir las competencias de la Asamblea Nacional, el\u00a0<strong>\u00fanico cuerpo legislativo<\/strong>\u00a0de ese pa\u00eds, fundamentando esta medida en que el Congreso controlado por la oposici\u00f3n persisti\u00f3 en el\u00a0<strong>\u00abdesacato\u00bb.<\/strong><\/p>\n<blockquote>\n<h3><strong><em>\u00abMientras persista la situaci\u00f3n de\u00a0desacato\u00a0y de\u00a0invalidez\u00a0de las actuaciones de la Asamblea Nacional, esta Sala Constitucional garantizar\u00e1 que las competencias parlamentarias sean\u00a0ejercidas directamente por esta Sala\u00a0o por el \u00f3rgano que ella disponga, para velar por el Estado de Derecho\u00bb<\/em><\/strong>, dice la sentencia 156 del TSJ que le permite\u00a0<strong>tomar control<\/strong>\u00a0de uno de los tres poderes del Estado Venezolano.<\/h3>\n<\/blockquote>\n<p>Esta decisi\u00f3n del TSJ fue claramente \u00a0una respuesta a un intento de la\u00a0<strong>oposici\u00f3n<\/strong>\u00a0de\u00a0<strong>bloquear<\/strong>\u00a0una decisi\u00f3n del presidente <strong>Nicol\u00e1s Maduro<\/strong>, que buscaba crear\u00a0<strong>empresas mixtas<\/strong>\u00a0(de capitales p\u00fablicos y privados) bajo la \u00f3rbita de una ley Org\u00e1nica de Hidrocarburos.<\/p>\n<p>De acuerdo a esa ley y a la constituci\u00f3n venezolana, la iniciativa de <strong>Maduro<\/strong> ten\u00eda que ser\u00a0<strong>aprobada<\/strong>\u00a0por la Asamblea Nacional.\u00a0Esto fue rechazado por el TSJ, que adem\u00e1s resolvi\u00f3 que\u00a0<em>\u00ab<strong>no existe impedimento alguno<\/strong>\u00ab<\/em> para que el Ejecutivo constituya empresas mixtas.<\/p>\n<p>&nbsp;<\/p>\n<p>&nbsp;<\/p>\n","protected":false},"excerpt":{"rendered":"<div class=\"mh-excerpt\"><p>En el marco de la reuni\u00f3n mantenida con con\u00a0Lilian Tintori, esposa del opositor venezolano Leopoldo L\u00f3pez en la Casa Rosada, el presidente\u00a0Mauricio Macri\u00a0llam\u00f3 a \u00abrecomponer el orden democr\u00e1tico en Venezuela\u00bb y adem\u00e1s \u00abmanifest\u00f3 su preocupaci\u00f3n <a class=\"mh-excerpt-more\" href=\"https:\/\/larevistadigital.com.ar\/blog\/el-presidente-macri-llamo-a-recomponer-el-poder-en-venezuela\/\" title=\"EL PRESIDENTE MACRI LLAM\u00d3 A \u201cRECOMPONER EL PODER EN VENEZUELA\u201d\">[Leer M\u00e1s]<\/a><\/p>\n<\/div>","protected":false},"author":3,"featured_media":1738,"comment_status":"open","ping_status":"open","sticky":false,"template":"","format":"standard","meta":{"_jetpack_memberships_contains_paid_content":false,"footnotes":"","jetpack_publicize_message":"","jetpack_publicize_feature_enabled":true,"jetpack_social_post_already_shared":true,"jetpack_social_options":{"image_generator_settings":{"template":"highway","default_image_id":0,"font":"","enabled":false},"version":2}},"categories":[41,25],"tags":[],"class_list":{"0":"post-1737","1":"post","2":"type-post","3":"status-publish","4":"format-standard","5":"has-post-thumbnail","7":"category-destacadas","8":"category-politica-nacional"},"jetpack_publicize_connections":[],"jetpack_featured_media_url":"https:\/\/i0.wp.com\/larevistadigital.com.ar\/blog\/wp-content\/uploads\/2017\/03\/Mauricio-Macri-y-Lilian-Tintori-1920.jpg?fit=999%2C666&ssl=1","jetpack_sharing_enabled":true,"jetpack_shortlink":"https:\/\/wp.me\/p8qtrQ-s1","jetpack-related-posts":[{"id":1770,"url":"https:\/\/larevistadigital.com.ar\/blog\/por-la-presion-internacional-maduro-debio-dar-marcha-atras-con-el-golpe-en-venezuela\/","url_meta":{"origin":1737,"position":0},"title":"POR LA PRESI\u00d3N INTERNACIONAL, MADURO DEBI\u00d3 DAR MARCHA ATR\u00c1S CON EL GOLPE EN VENEZUELA","author":"Alejandro Sosa Ruda","date":"1 abril, 2017","format":false,"excerpt":"El Tribunal Supremo de Justicia emiti\u00f3 dos nuevas sentencias que devuelven las competencias a la Asamblea Nacional. As\u00ed se da marcha atr\u00e1s por la presi\u00f3n e indignaci\u00f3n internacional por el avasallamiento de Maduro El Tribunal Supremo de Justicia (TSJ) de Venezuela\u00a0revirti\u00f3 este s\u00e1bado su decisi\u00f3n de asumir las funciones del\u2026","rel":"","context":"En \u00abDESTACADAS\u00bb","block_context":{"text":"DESTACADAS","link":"https:\/\/larevistadigital.com.ar\/blog\/category\/destacadas\/"},"img":{"alt_text":"","src":"https:\/\/i0.wp.com\/larevistadigital.com.ar\/blog\/wp-content\/uploads\/2017\/04\/Actualidad_126499122_5237127_1706x960.jpg?fit=1200%2C675&ssl=1&resize=350%2C200","width":350,"height":200,"srcset":"https:\/\/i0.wp.com\/larevistadigital.com.ar\/blog\/wp-content\/uploads\/2017\/04\/Actualidad_126499122_5237127_1706x960.jpg?fit=1200%2C675&ssl=1&resize=350%2C200 1x, https:\/\/i0.wp.com\/larevistadigital.com.ar\/blog\/wp-content\/uploads\/2017\/04\/Actualidad_126499122_5237127_1706x960.jpg?fit=1200%2C675&ssl=1&resize=525%2C300 1.5x, https:\/\/i0.wp.com\/larevistadigital.com.ar\/blog\/wp-content\/uploads\/2017\/04\/Actualidad_126499122_5237127_1706x960.jpg?fit=1200%2C675&ssl=1&resize=700%2C400 2x, https:\/\/i0.wp.com\/larevistadigital.com.ar\/blog\/wp-content\/uploads\/2017\/04\/Actualidad_126499122_5237127_1706x960.jpg?fit=1200%2C675&ssl=1&resize=1050%2C600 3x"},"classes":[]},{"id":1757,"url":"https:\/\/larevistadigital.com.ar\/blog\/el-mercosur-activa-la-clausula-democratica-por-la-falta-de-separacion-de-poderes-en-venezuela\/","url_meta":{"origin":1737,"position":1},"title":"EL MERCOSUR ACTIVA LA \u201cCLAUSULA DEMOCR\u00c1TICA\u201d POR LA FALTA DE SEPARACI\u00d3N DE PODERES EN VENEZUELA","author":"Alejandro Sosa Ruda","date":"1 abril, 2017","format":false,"excerpt":"Susana Malcorra, canciller de nuestro pa\u00eds, dio a conocer, junto a sus pares de Uruguay,\u00a0Rodolfo Nin Novoa, de Brasil,\u00a0Aloysio Nunes, y de Paraguay,\u00a0Eladio Loizaga, que el Mercosur\u00a0activ\u00f3 la cl\u00e1usula democr\u00e1tica\u00a0en Venezuela por \"la falta de separaci\u00f3n de poderes\" bajo el r\u00e9gimen de Nicol\u00e1s Maduro. Los cuatro cancilleres firmaron un documento,\u2026","rel":"","context":"En \u00abDESTACADAS\u00bb","block_context":{"text":"DESTACADAS","link":"https:\/\/larevistadigital.com.ar\/blog\/category\/destacadas\/"},"img":{"alt_text":"","src":"https:\/\/i0.wp.com\/larevistadigital.com.ar\/blog\/wp-content\/uploads\/2017\/04\/BJkUidahe_830x500.jpg?fit=830%2C500&ssl=1&resize=350%2C200","width":350,"height":200,"srcset":"https:\/\/i0.wp.com\/larevistadigital.com.ar\/blog\/wp-content\/uploads\/2017\/04\/BJkUidahe_830x500.jpg?fit=830%2C500&ssl=1&resize=350%2C200 1x, https:\/\/i0.wp.com\/larevistadigital.com.ar\/blog\/wp-content\/uploads\/2017\/04\/BJkUidahe_830x500.jpg?fit=830%2C500&ssl=1&resize=525%2C300 1.5x, https:\/\/i0.wp.com\/larevistadigital.com.ar\/blog\/wp-content\/uploads\/2017\/04\/BJkUidahe_830x500.jpg?fit=830%2C500&ssl=1&resize=700%2C400 2x"},"classes":[]},{"id":9407,"url":"https:\/\/larevistadigital.com.ar\/blog\/la-justicia-dio-15-dias-de-plazo-a-florencia-kirchner-para-retornar-al-pais\/","url_meta":{"origin":1737,"position":2},"title":"LA JUSTICIA DI\u00d3 15 D\u00cdAS DE PLAZO A FLORENCIA KIRCHNER PARA RETORNAR AL PA\u00cdS","author":"Alejandro Sosa Ruda","date":"26 marzo, 2019","format":false,"excerpt":"Los jueces del tribunal Oral Federal n\u00b05 Adriana Palloti y Daniel Obligado decidieron conceder a la hija de la ex presidente Cristina Kirchner \"Una pr\u00f3rroga por el t\u00e9rmino de 15 d\u00edas para volver de la isla\". El Tribunal Oral que juzgar\u00e1 a Florencia Kirchner en la causa Los Sauces, la\u2026","rel":"","context":"En \u00abPOLICIALES\u00bb","block_context":{"text":"POLICIALES","link":"https:\/\/larevistadigital.com.ar\/blog\/category\/policiales\/"},"img":{"alt_text":"","src":"https:\/\/i0.wp.com\/larevistadigital.com.ar\/blog\/wp-content\/uploads\/2019\/03\/image5c95765499099.jpg?fit=1200%2C675&ssl=1&resize=350%2C200","width":350,"height":200,"srcset":"https:\/\/i0.wp.com\/larevistadigital.com.ar\/blog\/wp-content\/uploads\/2019\/03\/image5c95765499099.jpg?fit=1200%2C675&ssl=1&resize=350%2C200 1x, https:\/\/i0.wp.com\/larevistadigital.com.ar\/blog\/wp-content\/uploads\/2019\/03\/image5c95765499099.jpg?fit=1200%2C675&ssl=1&resize=525%2C300 1.5x, https:\/\/i0.wp.com\/larevistadigital.com.ar\/blog\/wp-content\/uploads\/2019\/03\/image5c95765499099.jpg?fit=1200%2C675&ssl=1&resize=700%2C400 2x, https:\/\/i0.wp.com\/larevistadigital.com.ar\/blog\/wp-content\/uploads\/2019\/03\/image5c95765499099.jpg?fit=1200%2C675&ssl=1&resize=1050%2C600 3x"},"classes":[]},{"id":16559,"url":"https:\/\/larevistadigital.com.ar\/blog\/nota-de-opinion-atropello-a-la-justicia-en-busca-de-impunidad\/","url_meta":{"origin":1737,"position":3},"title":"NOTA DE OPINI\u00d3N: ATROPELLO A LA JUSTICIA EN BUSCA DE IMPUNIDAD","author":"Alejandro Sosa Ruda","date":"27 septiembre, 2020","format":false,"excerpt":"El Ateneo Arturo Illia hizo p\u00fablica una nota de opini\u00f3n, que a continuaci\u00f3n reproducimos: En una sesi\u00f3n del Senado con irregularidades el oficialismo en soledad aprob\u00f3 remover de sus cargos a los Camaristas, y al Juez que intervienen en causas de corrupci\u00f3n, significa que el procedimiento por el Consejo de\u2026","rel":"","context":"En \u00abINTERES GENERAL\u00bb","block_context":{"text":"INTERES GENERAL","link":"https:\/\/larevistadigital.com.ar\/blog\/category\/interes-general\/"},"img":{"alt_text":"","src":"https:\/\/i0.wp.com\/larevistadigital.com.ar\/blog\/wp-content\/uploads\/justicia-no-ciega1.jpg?fit=650%2C369&ssl=1&resize=350%2C200","width":350,"height":200,"srcset":"https:\/\/i0.wp.com\/larevistadigital.com.ar\/blog\/wp-content\/uploads\/justicia-no-ciega1.jpg?fit=650%2C369&ssl=1&resize=350%2C200 1x, https:\/\/i0.wp.com\/larevistadigital.com.ar\/blog\/wp-content\/uploads\/justicia-no-ciega1.jpg?fit=650%2C369&ssl=1&resize=525%2C300 1.5x"},"classes":[]},{"id":5450,"url":"https:\/\/larevistadigital.com.ar\/blog\/el-pj-nacional-apelo-la-intervencion-gioja-admitio-que-si-un-tribunal-de-alzada-ratifica-la-intervencion-partidaria-del-sindicalista-gastronomico-luis-barrionuevo-vamos-a-acatar-lo-que-dig\/","url_meta":{"origin":1737,"position":4},"title":"El PJ Nacional apel\u00f3 la intervenci\u00f3n Gioja admiti\u00f3 que si un tribunal de alzada ratifica la intervenci\u00f3n partidaria del sindicalista gastron\u00f3mico\u00a0Luis Barrionuevo\u00a0\u00abvamos a acatar lo que diga la Justicia\u00bb","author":"admin","date":"11 abril, 2018","format":false,"excerpt":"As\u00ed lo hizo el titular del partido, Jos\u00e9 Luis Gioja junto al abogado Eduardo L\u00f3pez.\u00a0\"Si tenemos que ir hasta la Corte Interamericana de Derechos Humanos, lo vamos a hacer\",\u00a0sentenci\u00f3 el letrado. El titular del\u00a0Partido Justicialista, intervenido por la Justicia, Jos\u00e9 Luis Gioja, apel\u00f3 junto con el abogado del del partido,\u00a0Eduardo\u2026","rel":"","context":"En \u00abDESTACADAS\u00bb","block_context":{"text":"DESTACADAS","link":"https:\/\/larevistadigital.com.ar\/blog\/category\/destacadas\/"},"img":{"alt_text":"","src":"https:\/\/i0.wp.com\/larevistadigital.com.ar\/blog\/wp-content\/uploads\/2018\/04\/0005140274.jpg?fit=1140%2C640&ssl=1&resize=350%2C200","width":350,"height":200,"srcset":"https:\/\/i0.wp.com\/larevistadigital.com.ar\/blog\/wp-content\/uploads\/2018\/04\/0005140274.jpg?fit=1140%2C640&ssl=1&resize=350%2C200 1x, https:\/\/i0.wp.com\/larevistadigital.com.ar\/blog\/wp-content\/uploads\/2018\/04\/0005140274.jpg?fit=1140%2C640&ssl=1&resize=525%2C300 1.5x, https:\/\/i0.wp.com\/larevistadigital.com.ar\/blog\/wp-content\/uploads\/2018\/04\/0005140274.jpg?fit=1140%2C640&ssl=1&resize=700%2C400 2x, https:\/\/i0.wp.com\/larevistadigital.com.ar\/blog\/wp-content\/uploads\/2018\/04\/0005140274.jpg?fit=1140%2C640&ssl=1&resize=1050%2C600 3x"},"classes":[]},{"id":5124,"url":"https:\/\/larevistadigital.com.ar\/blog\/una-lamentable-decision-cristina-kirchner-no-asistira-la-asamblea-legislativa\/","url_meta":{"origin":1737,"position":5},"title":"Una lamentable decisi\u00f3n: Cristina Kirchner no asistir\u00e1 a la Asamblea Legislativa","author":"admin","date":"1 marzo, 2018","format":false,"excerpt":"Cristina Kirchner no asistir\u00e1 a la Asamblea Legislativa hoy. El motivo: no quiere escuchar el discurso del presidente Mauricio Macri y, como todos los a\u00f1os, se fue a Santa Cruz para estar en su provincia el d\u00eda del cumplea\u00f1os de N\u00e9stor Kirchner, que fue el domingo 25. Viaj\u00f3 al Sur\u2026","rel":"","context":"En \u00abDESTACADAS\u00bb","block_context":{"text":"DESTACADAS","link":"https:\/\/larevistadigital.com.ar\/blog\/category\/destacadas\/"},"img":{"alt_text":"","src":"https:\/\/i0.wp.com\/larevistadigital.com.ar\/blog\/wp-content\/uploads\/2018\/03\/cristina-admitio-que-los-fondos-de-santa-cruz-se-evaporaron.jpg?fit=640%2C369&ssl=1&resize=350%2C200","width":350,"height":200,"srcset":"https:\/\/i0.wp.com\/larevistadigital.com.ar\/blog\/wp-content\/uploads\/2018\/03\/cristina-admitio-que-los-fondos-de-santa-cruz-se-evaporaron.jpg?fit=640%2C369&ssl=1&resize=350%2C200 1x, https:\/\/i0.wp.com\/larevistadigital.com.ar\/blog\/wp-content\/uploads\/2018\/03\/cristina-admitio-que-los-fondos-de-santa-cruz-se-evaporaron.jpg?fit=640%2C369&ssl=1&resize=525%2C300 1.5x"},"classes":[]}],"_links":{"self":[{"href":"https:\/\/larevistadigital.com.ar\/blog\/wp-json\/wp\/v2\/posts\/1737","targetHints":{"allow":["GET"]}}],"collection":[{"href":"https:\/\/larevistadigital.com.ar\/blog\/wp-json\/wp\/v2\/posts"}],"about":[{"href":"https:\/\/larevistadigital.com.ar\/blog\/wp-json\/wp\/v2\/types\/post"}],"author":[{"embeddable":true,"href":"https:\/\/larevistadigital.com.ar\/blog\/wp-json\/wp\/v2\/users\/3"}],"replies":[{"embeddable":true,"href":"https:\/\/larevistadigital.com.ar\/blog\/wp-json\/wp\/v2\/comments?post=1737"}],"version-history":[{"count":1,"href":"https:\/\/larevistadigital.com.ar\/blog\/wp-json\/wp\/v2\/posts\/1737\/revisions"}],"predecessor-version":[{"id":1739,"href":"https:\/\/larevistadigital.com.ar\/blog\/wp-json\/wp\/v2\/posts\/1737\/revisions\/1739"}],"wp:featuredmedia":[{"embeddable":true,"href":"https:\/\/larevistadigital.com.ar\/blog\/wp-json\/wp\/v2\/media\/1738"}],"wp:attachment":[{"href":"https:\/\/larevistadigital.com.ar\/blog\/wp-json\/wp\/v2\/media?parent=1737"}],"wp:term":[{"taxonomy":"category","embeddable":true,"href":"https:\/\/larevistadigital.com.ar\/blog\/wp-json\/wp\/v2\/categories?post=1737"},{"taxonomy":"post_tag","embeddable":true,"href":"https:\/\/larevistadigital.com.ar\/blog\/wp-json\/wp\/v2\/tags?post=1737"}],"curies":[{"name":"wp","href":"https:\/\/api.w.org\/{rel}","templated":true}]}}