{"id":17382,"date":"2020-11-02T02:03:00","date_gmt":"2020-11-02T02:03:00","guid":{"rendered":"https:\/\/larevistadigital.com.ar\/blog\/?p=17382"},"modified":"2020-11-02T02:03:21","modified_gmt":"2020-11-02T02:03:21","slug":"aparecio-una-temible-y-peligrosa-arana-extinta-que-puede-desintegrar-los-organos-de-sus-victimas","status":"publish","type":"post","link":"https:\/\/larevistadigital.com.ar\/blog\/aparecio-una-temible-y-peligrosa-arana-extinta-que-puede-desintegrar-los-organos-de-sus-victimas\/","title":{"rendered":"APARECI\u00d3 UNA TEMIBLE Y PELIGROSA ARA\u00d1A \u00abEXTINTA\u00bb QUE PUEDE DESINTEGRAR LOS \u00d3RGANOS DE SUS V\u00cdCTIMAS"},"content":{"rendered":"<h2>El hallazgo tuvo lugar en el Reino Unido. Se trata de una especie de artr\u00f3podos que no era vista desde hace m\u00e1s de 25 a\u00f1os.<\/h2>\n<p>Se trata de una de las ara\u00f1as m\u00e1s grandes del Reino Unido y en mayor peligro de extinci\u00f3n. Fue\u00a0<strong>hallada en un pol\u00edgono de entrenamiento militar del Ministerio de Defensa del pa\u00eds<\/strong>, seg\u00fan dio a conocer esta semana la organizaci\u00f3n por la conservaci\u00f3n animal Surrey Wildlife Trust.<\/p>\n<blockquote>\n<h3>Despu\u00e9s de dos a\u00f1os de rastreo el equipo de investigaci\u00f3n encontr\u00f3 una peque\u00f1a colonia de ara\u00f1as zorro en un sitio de entrenamiento militar en el condado ingl\u00e9s de Surrey, recoge\u00a0<em>The Guardian<\/em>.\u00a0<em>\u00abTan pronto como mi antorcha se pos\u00f3 sobre ella supe lo que era. Estaba euf\u00f3rico\u00bb<\/em>, coment\u00f3 con emoci\u00f3n el cient\u00edfico\u00a0<strong>Mike Waite<\/strong>, ya que se trata de\u00a0<strong>una especie\u00a0<em>\u00aben peligro cr\u00edtico\u00bb<\/em>, que se hab\u00eda avistado por \u00faltima vez en 1993.<\/strong><\/h3>\n<\/blockquote>\n<p>En total se hallaron 22 ejemplares entre agosto y septiembre de este a\u00f1o, entre los que se encuentran 10 machos adultos, nueve machos j\u00f3venes, y tres hembras, una de las cuales tiene un tama\u00f1o de m\u00e1s de 5 cent\u00edmetros.<\/p>\n<blockquote>\n<h3><strong>La gran ara\u00f1a zorro es considerada una especie nativa en Reino Unido<\/strong>\u00a0y se encontr\u00f3 por primera vez hace 120 a\u00f1os, pero desde entonces se la hab\u00eda visto solo unas pocas veces.<\/h3>\n<\/blockquote>\n<p>Al respecto, el presidente de la\u00a0<strong>Sociedad Aracnol\u00f3gica Brit\u00e1nica, Nick Baker<\/strong>, describi\u00f3 el descubrimiento como\u00a0<em><strong>\u00ablo m\u00e1s emocionante que ha sucedido en los c\u00edrculos de la vida silvestre desde hace bastante tiempo<\/strong><\/em>\u00ab. Los cient\u00edficos ahora planean continuar su estudio para medir el tama\u00f1o de su poblaci\u00f3n.<\/p>\n<h2><u>Sus caracter\u00edsticas<\/u><\/h2>\n<p>La ara\u00f1a zorro (alopecosa fabrilis)<strong>\u00a0puede alcanzar un tama\u00f1o de 5 cent\u00edmetros de di\u00e1metro<\/strong>. Es un ar\u00e1cnido de patas peludas con una excelente vista, camuflaje y velocidad, adem\u00e1s de ser un depredador oportunista que caza de noche utilizando sus fuertes ap\u00e9ndices frontales con colmillos, seg\u00fan los especialistas.<\/p>\n<div id=\"lx_646461\" class=\"__lxG__multi __lxG__multi_lx_646461 __lxG__not_empty_block\" data-cnt=\"2\" data-width=\"728\" data-height=\"90\">publicado en cr\u00f3nica<\/div>\n","protected":false},"excerpt":{"rendered":"<div class=\"mh-excerpt\"><p>El hallazgo tuvo lugar en el Reino Unido. Se trata de una especie de artr\u00f3podos que no era vista desde hace m\u00e1s de 25 a\u00f1os. Se trata de una de las ara\u00f1as m\u00e1s grandes del <a class=\"mh-excerpt-more\" href=\"https:\/\/larevistadigital.com.ar\/blog\/aparecio-una-temible-y-peligrosa-arana-extinta-que-puede-desintegrar-los-organos-de-sus-victimas\/\" title=\"APARECI\u00d3 UNA TEMIBLE Y PELIGROSA ARA\u00d1A \u00abEXTINTA\u00bb QUE PUEDE DESINTEGRAR LOS \u00d3RGANOS DE SUS V\u00cdCTIMAS\">[Leer M\u00e1s]<\/a><\/p>\n<\/div>","protected":false},"author":3,"featured_media":17383,"comment_status":"open","ping_status":"open","sticky":false,"template":"","format":"standard","meta":{"_jetpack_memberships_contains_paid_content":false,"footnotes":"","jetpack_publicize_message":"","jetpack_publicize_feature_enabled":true,"jetpack_social_post_already_shared":true,"jetpack_social_options":{"image_generator_settings":{"template":"highway","default_image_id":0,"font":"","enabled":false},"version":2}},"categories":[50],"tags":[],"class_list":{"0":"post-17382","1":"post","2":"type-post","3":"status-publish","4":"format-standard","5":"has-post-thumbnail","7":"category-interes-general"},"jetpack_publicize_connections":[],"jetpack_featured_media_url":"https:\/\/i0.wp.com\/larevistadigital.com.ar\/blog\/wp-content\/uploads\/Screenshot_1-168.jpg?fit=1212%2C676&ssl=1","jetpack_sharing_enabled":true,"jetpack_shortlink":"https:\/\/wp.me\/p8qtrQ-4wm","jetpack-related-posts":[{"id":20304,"url":"https:\/\/larevistadigital.com.ar\/blog\/aranas-gigantes-aterran-a-una-zona-de-mar-del-plata\/","url_meta":{"origin":17382,"position":0},"title":"ARA\u00d1AS GIGANTES ATERRAN A UNA ZONA DE MAR DEL PLATA","author":"Alejandro Sosa Ruda","date":"17 mayo, 2021","format":false,"excerpt":"El ejemplar fue capturado por empleados de una feria de consumo, pero ahora temen que haya m\u00e1s en la ciudad. MAR DEL PLATA - Una gigantesca ara\u00f1a llamada \u201cbananera\u201d, detectada por empleados de una feria de compras del barrio marplatense de Bosque Grande, aterroriza a la ciudad y no solo\u2026","rel":"","context":"En \u00abREGIONALES\u00bb","block_context":{"text":"REGIONALES","link":"https:\/\/larevistadigital.com.ar\/blog\/category\/regionales\/"},"img":{"alt_text":"","src":"https:\/\/i0.wp.com\/larevistadigital.com.ar\/blog\/wp-content\/uploads\/57320f9456ff01ab7bf6a04d439c88d0f0d5d00d.jpeg?fit=1140%2C854&ssl=1&resize=350%2C200","width":350,"height":200,"srcset":"https:\/\/i0.wp.com\/larevistadigital.com.ar\/blog\/wp-content\/uploads\/57320f9456ff01ab7bf6a04d439c88d0f0d5d00d.jpeg?fit=1140%2C854&ssl=1&resize=350%2C200 1x, https:\/\/i0.wp.com\/larevistadigital.com.ar\/blog\/wp-content\/uploads\/57320f9456ff01ab7bf6a04d439c88d0f0d5d00d.jpeg?fit=1140%2C854&ssl=1&resize=525%2C300 1.5x, https:\/\/i0.wp.com\/larevistadigital.com.ar\/blog\/wp-content\/uploads\/57320f9456ff01ab7bf6a04d439c88d0f0d5d00d.jpeg?fit=1140%2C854&ssl=1&resize=700%2C400 2x, https:\/\/i0.wp.com\/larevistadigital.com.ar\/blog\/wp-content\/uploads\/57320f9456ff01ab7bf6a04d439c88d0f0d5d00d.jpeg?fit=1140%2C854&ssl=1&resize=1050%2C600 3x"},"classes":[]},{"id":9288,"url":"https:\/\/larevistadigital.com.ar\/blog\/aca-te-mostramos-la-galeria-de-aranas-mas-terribles-del-planeta\/","url_meta":{"origin":17382,"position":1},"title":"AC\u00c1 TE MOSTRAMOS LA GALER\u00cdA DE ARA\u00d1AS MAS TERRIBLES DEL PLANETA","author":"Alejandro Sosa Ruda","date":"24 marzo, 2019","format":false,"excerpt":"Pr\u00e1cticamente todas las ARA\u00d1AS son carn\u00edvoras\u00a0(se alimentan de grillos, cucarachas, moscas, p\u00e1jaros y vertebrados peque\u00f1os...), pero existen algunas -muy pocas, eso s\u00ed- especies herb\u00edvoras (como la saltarina\u00a0Bagheera kiplingi,\u00a0una ara\u00f1a de Centroam\u00e9rica que solo come plantas). Los cient\u00edficos est\u00e1n convencidos de que a\u00fan quedan especies asombrosas por descubrir. Por el momento,\u00a0se\u2026","rel":"","context":"En \u00abCURIOSAS\u00bb","block_context":{"text":"CURIOSAS","link":"https:\/\/larevistadigital.com.ar\/blog\/category\/curiosas\/"},"img":{"alt_text":"","src":"https:\/\/i0.wp.com\/larevistadigital.com.ar\/blog\/wp-content\/uploads\/2019\/03\/aranas-deinopis.jpg?fit=1140%2C855&ssl=1&resize=350%2C200","width":350,"height":200,"srcset":"https:\/\/i0.wp.com\/larevistadigital.com.ar\/blog\/wp-content\/uploads\/2019\/03\/aranas-deinopis.jpg?fit=1140%2C855&ssl=1&resize=350%2C200 1x, https:\/\/i0.wp.com\/larevistadigital.com.ar\/blog\/wp-content\/uploads\/2019\/03\/aranas-deinopis.jpg?fit=1140%2C855&ssl=1&resize=525%2C300 1.5x, https:\/\/i0.wp.com\/larevistadigital.com.ar\/blog\/wp-content\/uploads\/2019\/03\/aranas-deinopis.jpg?fit=1140%2C855&ssl=1&resize=700%2C400 2x, https:\/\/i0.wp.com\/larevistadigital.com.ar\/blog\/wp-content\/uploads\/2019\/03\/aranas-deinopis.jpg?fit=1140%2C855&ssl=1&resize=1050%2C600 3x"},"classes":[]},{"id":19663,"url":"https:\/\/larevistadigital.com.ar\/blog\/mar-del-plata-insolita-lluvia-de-aranas-en-parque-camet\/","url_meta":{"origin":17382,"position":2},"title":"MAR DEL PLATA: INS\u00d3LITA \u00abLLUVIA DE ARA\u00d1AS\u00bb EN PARQUE CAMET","author":"Alejandro Sosa Ruda","date":"15 abril, 2021","format":false,"excerpt":"El hecho ocurri\u00f3 en el Parque Camet de la ciudad balnearia. Seg\u00fan los especialistas el fen\u00f3meno se denomina \"lluvia de cabello de \u00e1ngel\", y es casi imperceptible para el ojo humano. MAR DEL PLATA - Una impresionante lluvia de ara\u00f1as sorprendi\u00f3 el martes a Mar del Plata, un fen\u00f3meno que\u2026","rel":"","context":"En \u00abCURIOSAS\u00bb","block_context":{"text":"CURIOSAS","link":"https:\/\/larevistadigital.com.ar\/blog\/category\/curiosas\/"},"img":{"alt_text":"","src":"https:\/\/i0.wp.com\/larevistadigital.com.ar\/blog\/wp-content\/uploads\/86d7a28271760932cd445cb6f4e713da50d1e5ce.jpg?fit=1140%2C641&ssl=1&resize=350%2C200","width":350,"height":200,"srcset":"https:\/\/i0.wp.com\/larevistadigital.com.ar\/blog\/wp-content\/uploads\/86d7a28271760932cd445cb6f4e713da50d1e5ce.jpg?fit=1140%2C641&ssl=1&resize=350%2C200 1x, https:\/\/i0.wp.com\/larevistadigital.com.ar\/blog\/wp-content\/uploads\/86d7a28271760932cd445cb6f4e713da50d1e5ce.jpg?fit=1140%2C641&ssl=1&resize=525%2C300 1.5x, https:\/\/i0.wp.com\/larevistadigital.com.ar\/blog\/wp-content\/uploads\/86d7a28271760932cd445cb6f4e713da50d1e5ce.jpg?fit=1140%2C641&ssl=1&resize=700%2C400 2x, https:\/\/i0.wp.com\/larevistadigital.com.ar\/blog\/wp-content\/uploads\/86d7a28271760932cd445cb6f4e713da50d1e5ce.jpg?fit=1140%2C641&ssl=1&resize=1050%2C600 3x"},"classes":[]},{"id":34345,"url":"https:\/\/larevistadigital.com.ar\/blog\/video-las-aranas-hacen-cosas-que-tal-vez-no-sabias\/","url_meta":{"origin":17382,"position":3},"title":"[VIDEO] LAS ARA\u00d1AS HACEN COSAS QUE TAL VEZ NO SAB\u00cdAS","author":"Alejandro Sosa Ruda","date":"2 noviembre, 2023","format":false,"excerpt":"Entre otras cosas, \"investigan\". Aqu\u00ed un video que te lo muestra... 2 de Noviembre de 2023 \u00a1En este sorprendente video, podr\u00e1s apreciar c\u00f3mo las ara\u00f1as investigan, hacen sus necesidades, se \"acicalan\", se hacen las muertas y m\u00e1s! Corresponde a una p\u00e1gina de Youtube, llamado \"Conoc\u00e9 el mundo de los Bichos\".","rel":"","context":"En \u00abCULTURA\u00bb","block_context":{"text":"CULTURA","link":"https:\/\/larevistadigital.com.ar\/blog\/category\/cultura\/"},"img":{"alt_text":"","src":"https:\/\/i0.wp.com\/larevistadigital.com.ar\/blog\/wp-content\/uploads\/800px-Flickr_-_Lukjonis_-_Jumping_spider_-_Sitticus_floricola_set_of_pictures.jpg?fit=800%2C634&ssl=1&resize=350%2C200","width":350,"height":200,"srcset":"https:\/\/i0.wp.com\/larevistadigital.com.ar\/blog\/wp-content\/uploads\/800px-Flickr_-_Lukjonis_-_Jumping_spider_-_Sitticus_floricola_set_of_pictures.jpg?fit=800%2C634&ssl=1&resize=350%2C200 1x, https:\/\/i0.wp.com\/larevistadigital.com.ar\/blog\/wp-content\/uploads\/800px-Flickr_-_Lukjonis_-_Jumping_spider_-_Sitticus_floricola_set_of_pictures.jpg?fit=800%2C634&ssl=1&resize=525%2C300 1.5x, https:\/\/i0.wp.com\/larevistadigital.com.ar\/blog\/wp-content\/uploads\/800px-Flickr_-_Lukjonis_-_Jumping_spider_-_Sitticus_floricola_set_of_pictures.jpg?fit=800%2C634&ssl=1&resize=700%2C400 2x"},"classes":[]},{"id":3772,"url":"https:\/\/larevistadigital.com.ar\/blog\/alerta-aranas-gran-tamano-berisso\/","url_meta":{"origin":17382,"position":4},"title":"ALERTA POR ARA\u00d1AS DE GRAN TAMA\u00d1O EN BERISSO Y LA ZONA","author":"Alejandro Sosa Ruda","date":"12 noviembre, 2017","format":false,"excerpt":"Ayer, una vecina de Berisso denunci\u00f3 la presencia de una ara\u00f1a de gran tama\u00f1o en su vivienda. Seg\u00fan advirti\u00f3, la misma fue hallada en la habitaci\u00f3n de sus hijos. Al tomar conocimiento del episodio, la Secretar\u00eda de Salud de la Municipalidad de Berisso se puso en contacto con la frentista\u2026","rel":"","context":"En \u00abDESTACADAS\u00bb","block_context":{"text":"DESTACADAS","link":"https:\/\/larevistadigital.com.ar\/blog\/category\/destacadas\/"},"img":{"alt_text":"","src":"https:\/\/i0.wp.com\/larevistadigital.com.ar\/blog\/wp-content\/uploads\/2017\/11\/arana-ecoregistro.jpg?fit=1200%2C675&ssl=1&resize=350%2C200","width":350,"height":200,"srcset":"https:\/\/i0.wp.com\/larevistadigital.com.ar\/blog\/wp-content\/uploads\/2017\/11\/arana-ecoregistro.jpg?fit=1200%2C675&ssl=1&resize=350%2C200 1x, https:\/\/i0.wp.com\/larevistadigital.com.ar\/blog\/wp-content\/uploads\/2017\/11\/arana-ecoregistro.jpg?fit=1200%2C675&ssl=1&resize=525%2C300 1.5x, https:\/\/i0.wp.com\/larevistadigital.com.ar\/blog\/wp-content\/uploads\/2017\/11\/arana-ecoregistro.jpg?fit=1200%2C675&ssl=1&resize=700%2C400 2x, https:\/\/i0.wp.com\/larevistadigital.com.ar\/blog\/wp-content\/uploads\/2017\/11\/arana-ecoregistro.jpg?fit=1200%2C675&ssl=1&resize=1050%2C600 3x"},"classes":[]},{"id":45310,"url":"https:\/\/larevistadigital.com.ar\/blog\/giro-historico-estados-unidos-evalua-dejar-de-respaldar-a-reino-unido-por-malvinas\/","url_meta":{"origin":17382,"position":5},"title":"Giro hist\u00f3rico: Estados Unidos eval\u00faa dejar de respaldar a Reino Unido por Malvinas","author":"Alejandro Sosa Ruda","date":"24 abril, 2026","format":false,"excerpt":"Un documento del Pent\u00e1gono abre la posibilidad de un cambio geopol\u00edtico clave. La medida estar\u00eda vinculada a tensiones por la guerra con Ir\u00e1n y podr\u00eda reconfigurar el conflicto por la soberan\u00eda. 24 de abril de 2026 Un movimiento inesperado sacude el escenario internacional y vuelve a poner a las Islas\u2026","rel":"","context":"En \u00abINTERES GENERAL\u00bb","block_context":{"text":"INTERES GENERAL","link":"https:\/\/larevistadigital.com.ar\/blog\/category\/interes-general\/"},"img":{"alt_text":"","src":"https:\/\/i0.wp.com\/larevistadigital.com.ar\/blog\/wp-content\/uploads\/Captura-de-pantalla-2026-04-24-135929.jpg?fit=654%2C432&ssl=1&resize=350%2C200","width":350,"height":200,"srcset":"https:\/\/i0.wp.com\/larevistadigital.com.ar\/blog\/wp-content\/uploads\/Captura-de-pantalla-2026-04-24-135929.jpg?fit=654%2C432&ssl=1&resize=350%2C200 1x, https:\/\/i0.wp.com\/larevistadigital.com.ar\/blog\/wp-content\/uploads\/Captura-de-pantalla-2026-04-24-135929.jpg?fit=654%2C432&ssl=1&resize=525%2C300 1.5x"},"classes":[]}],"_links":{"self":[{"href":"https:\/\/larevistadigital.com.ar\/blog\/wp-json\/wp\/v2\/posts\/17382","targetHints":{"allow":["GET"]}}],"collection":[{"href":"https:\/\/larevistadigital.com.ar\/blog\/wp-json\/wp\/v2\/posts"}],"about":[{"href":"https:\/\/larevistadigital.com.ar\/blog\/wp-json\/wp\/v2\/types\/post"}],"author":[{"embeddable":true,"href":"https:\/\/larevistadigital.com.ar\/blog\/wp-json\/wp\/v2\/users\/3"}],"replies":[{"embeddable":true,"href":"https:\/\/larevistadigital.com.ar\/blog\/wp-json\/wp\/v2\/comments?post=17382"}],"version-history":[{"count":2,"href":"https:\/\/larevistadigital.com.ar\/blog\/wp-json\/wp\/v2\/posts\/17382\/revisions"}],"predecessor-version":[{"id":17385,"href":"https:\/\/larevistadigital.com.ar\/blog\/wp-json\/wp\/v2\/posts\/17382\/revisions\/17385"}],"wp:featuredmedia":[{"embeddable":true,"href":"https:\/\/larevistadigital.com.ar\/blog\/wp-json\/wp\/v2\/media\/17383"}],"wp:attachment":[{"href":"https:\/\/larevistadigital.com.ar\/blog\/wp-json\/wp\/v2\/media?parent=17382"}],"wp:term":[{"taxonomy":"category","embeddable":true,"href":"https:\/\/larevistadigital.com.ar\/blog\/wp-json\/wp\/v2\/categories?post=17382"},{"taxonomy":"post_tag","embeddable":true,"href":"https:\/\/larevistadigital.com.ar\/blog\/wp-json\/wp\/v2\/tags?post=17382"}],"curies":[{"name":"wp","href":"https:\/\/api.w.org\/{rel}","templated":true}]}}