{"id":174,"date":"2017-02-12T02:06:41","date_gmt":"2017-02-12T02:06:41","guid":{"rendered":"https:\/\/larevistadigital.com.ar\/blog\/?p=174"},"modified":"2017-02-12T02:06:41","modified_gmt":"2017-02-12T02:06:41","slug":"aparece-caiman-naranja-carolina-del-sur","status":"publish","type":"post","link":"https:\/\/larevistadigital.com.ar\/blog\/aparece-caiman-naranja-carolina-del-sur\/","title":{"rendered":"Aparece un caim\u00e1n naranja en Carolina del Sur"},"content":{"rendered":"<p>Un caim\u00e1n de color naranja fue visto en Carolina del Sur, Estados Unidos. Muchas personas lo han podido ver en un estanque de un vecindario.<\/p>\n<p><a href=\"https:\/\/i0.wp.com\/abcblogs.abc.es\/curiosidades-cosas-insolitas\/files\/2017\/02\/caiman-color-naranja-carolina-del-sur.jpg\"><img data-recalc-dims=\"1\" loading=\"lazy\" decoding=\"async\" class=\"alignnone size-full wp-image-1501\" src=\"https:\/\/i0.wp.com\/abcblogs.abc.es\/curiosidades-cosas-insolitas\/files\/2017\/02\/caiman-color-naranja-carolina-del-sur.jpg?resize=991%2C552\" alt=\"caiman-color-naranja-carolina-del-sur\" width=\"991\" height=\"552\" \/><\/a><\/p>\n<p>Su curioso color es probable que se deba al lugar donde pasa el invierno, probablemente en una tuber\u00eda oxidada.<\/p>\n<p><a href=\"https:\/\/i0.wp.com\/abcblogs.abc.es\/curiosidades-cosas-insolitas\/files\/2017\/02\/caiman-color-naranja-carolina-del-sur.png\"><img data-recalc-dims=\"1\" loading=\"lazy\" decoding=\"async\" class=\"alignnone size-full wp-image-1502\" src=\"https:\/\/i0.wp.com\/abcblogs.abc.es\/curiosidades-cosas-insolitas\/files\/2017\/02\/caiman-color-naranja-carolina-del-sur.png?resize=985%2C516\" alt=\"caiman-color-naranja-carolina-del-sur\" width=\"985\" height=\"516\" \/><\/a><\/p>\n<p>Los expertos aseguran que el caim\u00e1n cambiar\u00e1 de piel y volver\u00e1 a tener su color normal.<\/p>\n<p>&nbsp;<\/p>\n<p><object id=\"flashObj\" width=\"640\" height=\"360\" classid=\"clsid:D27CDB6E-AE6D-11cf-96B8-444553540000\" codebase=\"http:\/\/download.macromedia.com\/pub\/shockwave\/cabs\/flash\/swflash.cab#version=9,0,47,0\"><param name=\"movie\" value=\"http:\/\/c.brightcove.com\/services\/viewer\/federated_f9?isVid=1&amp;isUI=1\" \/><param name=\"bgcolor\" value=\"#FFFFFF\" \/><param name=\"flashVars\" value=\"web=externos&amp;videoId=5318904532001&amp;playerID=86420195001&amp;playerKey=AQ%2E%2E,AAAADP7KBSE%2E,NP37tnwPKWHJKQRgZyNX5lcPWsrTmeMq&amp;domain=embed&amp;dynamicStreaming=true\" \/><param name=\"base\" value=\"http:\/\/admin.brightcove.com\" \/><param name=\"wmode\" value=\"transparent\" \/><param name=\"seamlesstabbing\" value=\"false\" \/><param name=\"allowFullScreen\" value=\"true\" \/><param name=\"swLiveConnect\" value=\"true\" \/><param name=\"allowScriptAccess\" value=\"always\" \/><\/object><\/p>\n","protected":false},"excerpt":{"rendered":"<div class=\"mh-excerpt\"><p>Un caim\u00e1n de color naranja fue visto en Carolina del Sur, Estados Unidos. Muchas personas lo han podido ver en un estanque de un vecindario. Su curioso color es probable que se deba al lugar <a class=\"mh-excerpt-more\" href=\"https:\/\/larevistadigital.com.ar\/blog\/aparece-caiman-naranja-carolina-del-sur\/\" title=\"Aparece un caim\u00e1n naranja en Carolina del Sur\">[Leer M\u00e1s]<\/a><\/p>\n<\/div>","protected":false},"author":2,"featured_media":175,"comment_status":"open","ping_status":"open","sticky":false,"template":"","format":"standard","meta":{"_jetpack_memberships_contains_paid_content":false,"footnotes":"","jetpack_publicize_message":"","jetpack_publicize_feature_enabled":true,"jetpack_social_post_already_shared":false,"jetpack_social_options":{"image_generator_settings":{"template":"highway","default_image_id":0,"font":"","enabled":false},"version":2}},"categories":[11],"tags":[],"class_list":{"0":"post-174","1":"post","2":"type-post","3":"status-publish","4":"format-standard","5":"has-post-thumbnail","7":"category-curiosas"},"jetpack_publicize_connections":[],"jetpack_featured_media_url":"https:\/\/i0.wp.com\/larevistadigital.com.ar\/blog\/wp-content\/uploads\/2017\/02\/caiman-color-naranja-carolina-del-sur1-379752_561x316.jpg?fit=561%2C316&ssl=1","jetpack_sharing_enabled":true,"jetpack_shortlink":"https:\/\/wp.me\/p8qtrQ-2O","jetpack-related-posts":[{"id":11069,"url":"https:\/\/larevistadigital.com.ar\/blog\/brandsen-vecinos-encuentran-un-caiman\/","url_meta":{"origin":174,"position":0},"title":"BRANDSEN: VECINOS ENCUENTRAN UN CAIM\u00c1N","author":"Alejandro Sosa Ruda","date":"5 julio, 2019","format":false,"excerpt":"En las \u00faltimas horas la imagen de un vecino de la ciudad de\u00a0Brandsen\u00a0junto a un Caim\u00e1n, caus\u00f3 revuelo entre los ciudadanos. Se trata de un Caim\u00e1n Negro, el cual se reproduce naturalmente en el Chaco y corrientes. Seg\u00fan consult\u00f3 DLN a un veterinario del colegio de veterinarios de La Plata,\u2026","rel":"","context":"En \u00abREGIONALES\u00bb","block_context":{"text":"REGIONALES","link":"https:\/\/larevistadigital.com.ar\/blog\/category\/regionales\/"},"img":{"alt_text":"","src":"https:\/\/i0.wp.com\/larevistadigital.com.ar\/blog\/wp-content\/uploads\/COCODRILO-EN-BRANDSEN-2.jpg?fit=840%2C960&ssl=1&resize=350%2C200","width":350,"height":200,"srcset":"https:\/\/i0.wp.com\/larevistadigital.com.ar\/blog\/wp-content\/uploads\/COCODRILO-EN-BRANDSEN-2.jpg?fit=840%2C960&ssl=1&resize=350%2C200 1x, https:\/\/i0.wp.com\/larevistadigital.com.ar\/blog\/wp-content\/uploads\/COCODRILO-EN-BRANDSEN-2.jpg?fit=840%2C960&ssl=1&resize=525%2C300 1.5x, https:\/\/i0.wp.com\/larevistadigital.com.ar\/blog\/wp-content\/uploads\/COCODRILO-EN-BRANDSEN-2.jpg?fit=840%2C960&ssl=1&resize=700%2C400 2x"},"classes":[]},{"id":26388,"url":"https:\/\/larevistadigital.com.ar\/blog\/roban-una-moto-y-la-recupera-la-policia-junto-a-los-denunciantes\/","url_meta":{"origin":174,"position":1},"title":"ROBAN UNA MOTO Y LA RECUPERA LA POLIC\u00cdA JUNTO A LOS DENUNCIANTES","author":"Alejandro Sosa Ruda","date":"5 julio, 2022","format":false,"excerpt":"CHASCOM\u00daS -\u00a0 El vecino Tom\u00e1s Alfredo Manzoni, realiz\u00f3 una denuncia en la Polic\u00eda Comunal por un robo que sufri\u00f3 en su taller ubicado en avda. Lastra. Los ladrones, ingresaron al taller, violentando una puerta, donde le sustrajeron distintas herramientas de mano, un taladro, una amoladora, una pistola hidr\u00e1ulica, un cargador\u2026","rel":"","context":"En \u00abINTERES GENERAL\u00bb","block_context":{"text":"INTERES GENERAL","link":"https:\/\/larevistadigital.com.ar\/blog\/category\/interes-general\/"},"img":{"alt_text":"","src":"https:\/\/i0.wp.com\/larevistadigital.com.ar\/blog\/wp-content\/uploads\/WhatsApp-Image-2022-07-05-at-7.10.42-PM.jpeg?fit=600%2C1200&ssl=1&resize=350%2C200","width":350,"height":200,"srcset":"https:\/\/i0.wp.com\/larevistadigital.com.ar\/blog\/wp-content\/uploads\/WhatsApp-Image-2022-07-05-at-7.10.42-PM.jpeg?fit=600%2C1200&ssl=1&resize=350%2C200 1x, https:\/\/i0.wp.com\/larevistadigital.com.ar\/blog\/wp-content\/uploads\/WhatsApp-Image-2022-07-05-at-7.10.42-PM.jpeg?fit=600%2C1200&ssl=1&resize=525%2C300 1.5x"},"classes":[]},{"id":36872,"url":"https:\/\/larevistadigital.com.ar\/blog\/tomemos-conciencia-los-multiples-beneficios-de-descartar-correctamente-el-aceite-vegetal-usado\/","url_meta":{"origin":174,"position":2},"title":"TOMEMOS CONCIENCIA: LOS M\u00daLTIPLES BENEFICIOS DE DESCARTAR CORRECTAMENTE EL ACEITE VEGETAL USADO","author":"Alejandro Sosa Ruda","date":"1 agosto, 2024","format":false,"excerpt":"La Municipalidad de Chascom\u00fas dispone de diferentes puntos y espacios para su recepci\u00f3n y posterior procesamiento. 01 de Agosto de 2024 CHASCOM\u00daS -\u00a0 Al fre\u00edr alimentos como las papas, milanesas y bu\u00f1uelos, generamos un residuo que requiere un manejo especial dadas sus caracter\u00edsticas f\u00edsico-qu\u00edmicas y el impacto en el ambiente:\u2026","rel":"","context":"En \u00abINTERES GENERAL\u00bb","block_context":{"text":"INTERES GENERAL","link":"https:\/\/larevistadigital.com.ar\/blog\/category\/interes-general\/"},"img":{"alt_text":"","src":"https:\/\/i0.wp.com\/larevistadigital.com.ar\/blog\/wp-content\/uploads\/66abcc49614e7.png?fit=668%2C445&ssl=1&resize=350%2C200","width":350,"height":200,"srcset":"https:\/\/i0.wp.com\/larevistadigital.com.ar\/blog\/wp-content\/uploads\/66abcc49614e7.png?fit=668%2C445&ssl=1&resize=350%2C200 1x, https:\/\/i0.wp.com\/larevistadigital.com.ar\/blog\/wp-content\/uploads\/66abcc49614e7.png?fit=668%2C445&ssl=1&resize=525%2C300 1.5x"},"classes":[]},{"id":27996,"url":"https:\/\/larevistadigital.com.ar\/blog\/enterate-cual-sera-el-color-tendencia-para-la-temporada-2022-23-en-la-industria-automotriz\/","url_meta":{"origin":174,"position":3},"title":"ENTERATE CUAL SER\u00c1 EL COLOR TENDENCIA PARA LA TEMPORADA 2022\/23 EN LA INDUSTRIA AUTOMOTRIZ","author":"Alejandro Sosa Ruda","date":"22 septiembre, 2022","format":false,"excerpt":"Lo m\u00e1s populares ahora son blanco, negro, gris y plateado. 22 de septiembre de 2022 El color clave para la industria automotriz en la temporada 2022-2023 ser\u00e1 el\u00a0beige cobrizo, de acuerdo a un informe del fabricante BASF. Los dise\u00f1adores explican que este color \u201ctiene un brillo resplandeciente que\u00a0queda muy bien\u2026","rel":"","context":"En \u00abINTERES GENERAL\u00bb","block_context":{"text":"INTERES GENERAL","link":"https:\/\/larevistadigital.com.ar\/blog\/category\/interes-general\/"},"img":{"alt_text":"","src":"https:\/\/i0.wp.com\/larevistadigital.com.ar\/blog\/wp-content\/uploads\/colores-auto.jpg?fit=1200%2C675&ssl=1&resize=350%2C200","width":350,"height":200,"srcset":"https:\/\/i0.wp.com\/larevistadigital.com.ar\/blog\/wp-content\/uploads\/colores-auto.jpg?fit=1200%2C675&ssl=1&resize=350%2C200 1x, https:\/\/i0.wp.com\/larevistadigital.com.ar\/blog\/wp-content\/uploads\/colores-auto.jpg?fit=1200%2C675&ssl=1&resize=525%2C300 1.5x, https:\/\/i0.wp.com\/larevistadigital.com.ar\/blog\/wp-content\/uploads\/colores-auto.jpg?fit=1200%2C675&ssl=1&resize=700%2C400 2x, https:\/\/i0.wp.com\/larevistadigital.com.ar\/blog\/wp-content\/uploads\/colores-auto.jpg?fit=1200%2C675&ssl=1&resize=1050%2C600 3x"},"classes":[]},{"id":405,"url":"https:\/\/larevistadigital.com.ar\/blog\/pollo-la-naranja-al-horno\/","url_meta":{"origin":174,"position":4},"title":"POLLO A LA NARANJA AL HORNO","author":"editor","date":"23 febrero, 2017","format":false,"excerpt":"Pollo a la naranja al horno. Esta receta, es t\u00edpica de las gastronom\u00eda francesa. Aunque es m\u00e1s t\u00edpica hacerla con pato que con pollo -si quieres puedes prepararla con pato- aqu\u00ed la haremos con pollo ya que es mucho m\u00e1s asequible para todos los bolsillos. Adem\u00e1s, lo acompa\u00f1aremos con una\u2026","rel":"","context":"En \u00abCOCINA\u00bb","block_context":{"text":"COCINA","link":"https:\/\/larevistadigital.com.ar\/blog\/category\/suplementos\/cocina\/"},"img":{"alt_text":"","src":"https:\/\/i0.wp.com\/larevistadigital.com.ar\/blog\/wp-content\/uploads\/2017\/02\/pollo-a-la-naranja-al-horno.jpg?fit=600%2C337&ssl=1&resize=350%2C200","width":350,"height":200,"srcset":"https:\/\/i0.wp.com\/larevistadigital.com.ar\/blog\/wp-content\/uploads\/2017\/02\/pollo-a-la-naranja-al-horno.jpg?fit=600%2C337&ssl=1&resize=350%2C200 1x, https:\/\/i0.wp.com\/larevistadigital.com.ar\/blog\/wp-content\/uploads\/2017\/02\/pollo-a-la-naranja-al-horno.jpg?fit=600%2C337&ssl=1&resize=525%2C300 1.5x"},"classes":[]},{"id":1328,"url":"https:\/\/larevistadigital.com.ar\/blog\/lezama-importante-robo-se-produjo-en-pesquero-el-faro\/","url_meta":{"origin":174,"position":5},"title":"LEZAMA: Importante robo se produjo en Pesquero \u201cEl Faro\u201d","author":"editor","date":"18 marzo, 2017","format":false,"excerpt":"Un importante robo se produjo en el Pesquero \u201cEl Faro\u201d ubicado a la altura del kil\u00f3metro 143,500 de la autov\u00eda 2 en jurisdicci\u00f3n del partido de Lezama. La se\u00f1ora Silvia Martiarena Mouriz, en su car\u00e1cter de inquilina del predio, denunci\u00f3 ante las autoridades policiales del Comando dePatrullaRural de Lezama (CPR)\u2026","rel":"","context":"En \u00abLEZAMA\u00bb","block_context":{"text":"LEZAMA","link":"https:\/\/larevistadigital.com.ar\/blog\/category\/lezama\/"},"img":{"alt_text":"","src":"https:\/\/i0.wp.com\/larevistadigital.com.ar\/blog\/wp-content\/uploads\/2017\/03\/cerrajeros-tarragona.jpg?fit=644%2C362&ssl=1&resize=350%2C200","width":350,"height":200,"srcset":"https:\/\/i0.wp.com\/larevistadigital.com.ar\/blog\/wp-content\/uploads\/2017\/03\/cerrajeros-tarragona.jpg?fit=644%2C362&ssl=1&resize=350%2C200 1x, https:\/\/i0.wp.com\/larevistadigital.com.ar\/blog\/wp-content\/uploads\/2017\/03\/cerrajeros-tarragona.jpg?fit=644%2C362&ssl=1&resize=525%2C300 1.5x"},"classes":[]}],"_links":{"self":[{"href":"https:\/\/larevistadigital.com.ar\/blog\/wp-json\/wp\/v2\/posts\/174","targetHints":{"allow":["GET"]}}],"collection":[{"href":"https:\/\/larevistadigital.com.ar\/blog\/wp-json\/wp\/v2\/posts"}],"about":[{"href":"https:\/\/larevistadigital.com.ar\/blog\/wp-json\/wp\/v2\/types\/post"}],"author":[{"embeddable":true,"href":"https:\/\/larevistadigital.com.ar\/blog\/wp-json\/wp\/v2\/users\/2"}],"replies":[{"embeddable":true,"href":"https:\/\/larevistadigital.com.ar\/blog\/wp-json\/wp\/v2\/comments?post=174"}],"version-history":[{"count":1,"href":"https:\/\/larevistadigital.com.ar\/blog\/wp-json\/wp\/v2\/posts\/174\/revisions"}],"predecessor-version":[{"id":176,"href":"https:\/\/larevistadigital.com.ar\/blog\/wp-json\/wp\/v2\/posts\/174\/revisions\/176"}],"wp:featuredmedia":[{"embeddable":true,"href":"https:\/\/larevistadigital.com.ar\/blog\/wp-json\/wp\/v2\/media\/175"}],"wp:attachment":[{"href":"https:\/\/larevistadigital.com.ar\/blog\/wp-json\/wp\/v2\/media?parent=174"}],"wp:term":[{"taxonomy":"category","embeddable":true,"href":"https:\/\/larevistadigital.com.ar\/blog\/wp-json\/wp\/v2\/categories?post=174"},{"taxonomy":"post_tag","embeddable":true,"href":"https:\/\/larevistadigital.com.ar\/blog\/wp-json\/wp\/v2\/tags?post=174"}],"curies":[{"name":"wp","href":"https:\/\/api.w.org\/{rel}","templated":true}]}}