{"id":1740,"date":"2017-03-31T01:05:44","date_gmt":"2017-03-31T01:05:44","guid":{"rendered":"https:\/\/larevistadigital.com.ar\/blog\/?p=1740"},"modified":"2017-03-31T01:05:44","modified_gmt":"2017-03-31T01:05:44","slug":"carrio-estallo-ante-la-renuncia-del-camarista-platense-shiffrin","status":"publish","type":"post","link":"https:\/\/larevistadigital.com.ar\/blog\/carrio-estallo-ante-la-renuncia-del-camarista-platense-shiffrin\/","title":{"rendered":"CARRI\u00d3 ESTALLO ANTE LA RENUNCIA DEL CAMARISTA PLATENSE SHIFFRIN"},"content":{"rendered":"<h2>La diputada nacional <strong>Elisa \u201cLilita\u201d Carri\u00f3<\/strong> dio a conocer el d\u00eda de hoy p\u00fablicamente el texto de una carta que envi\u00f3 al presidente\u00a0<strong>Mauricio Macri<\/strong>\u00a0en la que le solicita, tras el fallo de la Corte Suprema que valid\u00f3 el l\u00edmite de 75 a\u00f1os para el ejercicio de la funci\u00f3n judicial, que designe nuevamente al camarista platense\u00a0<strong>Leopoldo Schiffrin<\/strong>, quien, a su vez, ayer present\u00f3 la renuncia a su cargo.<\/h2>\n<p>En el texto de la carta publicada en las redes sociales por la l\u00edder de la Coalici\u00f3n C\u00edvica, se hace menci\u00f3n a la trayectoria del titular de la Sala II de la C\u00e1mara Federal de La Plata, como tambi\u00e9n se critica duramente al fallo dictado por el M\u00e1ximo Tribunal el martes \u00faltimo, con la firma de tres de sus ministros &#8211;<strong>Ricardo Lorenzetti<\/strong>,\u00a0<strong>Juan Carlos Maqueda<\/strong>\u00a0y\u00a0<strong>Horacio Rosatti<\/strong>.<\/p>\n<p><strong><em>\u00abLa mayor\u00eda circunstancial reunida ayer (por el martes) en tres votos individuales en la causa &#8216;Schiffrin Leopoldo H\u00e9ctor c\/ Poder Ejecutivo Nacional&#8217; tiene motivos que, a mi modo de ver, poco tienen que ver con el derecho y la justicia, pueda uno coincidir o no con el fondo de la sentencia, y con el l\u00edmite de los 75 a\u00f1os\u00bb<\/em><\/strong>, se\u00f1ala la diputada en el escrito.<\/p>\n<blockquote>\n<h3><strong><em>\u00ablas razones del presidente de la Corte (por Ricardo Lorenzetti)\u00bb<\/em><\/strong> para suscribir este fallo <strong><em>\u00abson otras y de lo m\u00e1s espurias\u00bb<\/em><\/strong>, y lamenta que esa resoluci\u00f3n est\u00e9 compuesta <strong><em>\u00abpor esos votos que deslegitiman en alguna medida su validez\u00bb.<\/em><\/strong><\/h3>\n<\/blockquote>\n<p>Por otro lado, dijo coincidir con las declaraciones formuladas ayer por la jueza\u00a0<strong>Mar\u00eda Servini de Cubr\u00eda<\/strong>\u00a0en el sentido de que el fallo dictado por la Corte Suprema <strong><em>\u00abest\u00e1 tambi\u00e9n digitado en su contra\u00bb<\/em><\/strong>.<\/p>\n<p><strong><em>\u00abLa Dra. Servini es la \u00fanica Magistrada en todo el pa\u00eds que tiene abiertas investigaciones en las que est\u00e1 involucrado el Presidente de la Corte. La suscripta y miembros del partido al que pertenezco hace a\u00f1os que investigamos la corrupci\u00f3n en el Poder Judicial, hemos realizado presentaciones judiciales y he conocido de otras como las que realizara el Dr. Monner Sans, todas fueron cerradas menos las que tramitan en el Juzgado Criminal y Correccional Federal N\u00b0 1 a cargo de Servini\u00bb<\/em><\/strong>, se\u00f1ala Carri\u00f3.<\/p>\n<p>&nbsp;<\/p>\n","protected":false},"excerpt":{"rendered":"<div class=\"mh-excerpt\"><p>La diputada nacional Elisa \u201cLilita\u201d Carri\u00f3 dio a conocer el d\u00eda de hoy p\u00fablicamente el texto de una carta que envi\u00f3 al presidente\u00a0Mauricio Macri\u00a0en la que le solicita, tras el fallo de la Corte Suprema <a class=\"mh-excerpt-more\" href=\"https:\/\/larevistadigital.com.ar\/blog\/carrio-estallo-ante-la-renuncia-del-camarista-platense-shiffrin\/\" title=\"CARRI\u00d3 ESTALLO ANTE LA RENUNCIA DEL CAMARISTA PLATENSE SHIFFRIN\">[Leer M\u00e1s]<\/a><\/p>\n<\/div>","protected":false},"author":3,"featured_media":1741,"comment_status":"open","ping_status":"open","sticky":false,"template":"","format":"standard","meta":{"_jetpack_memberships_contains_paid_content":false,"footnotes":"","jetpack_publicize_message":"","jetpack_publicize_feature_enabled":true,"jetpack_social_post_already_shared":true,"jetpack_social_options":{"image_generator_settings":{"template":"highway","default_image_id":0,"font":"","enabled":false},"version":2}},"categories":[41,25],"tags":[],"class_list":{"0":"post-1740","1":"post","2":"type-post","3":"status-publish","4":"format-standard","5":"has-post-thumbnail","7":"category-destacadas","8":"category-politica-nacional"},"jetpack_publicize_connections":[],"jetpack_featured_media_url":"https:\/\/i0.wp.com\/larevistadigital.com.ar\/blog\/wp-content\/uploads\/2017\/03\/2183911.jpg?fit=2000%2C1125&ssl=1","jetpack_sharing_enabled":true,"jetpack_shortlink":"https:\/\/wp.me\/p8qtrQ-s4","jetpack-related-posts":[{"id":2739,"url":"https:\/\/larevistadigital.com.ar\/blog\/lousteau-intenta-presionar-a-carrio-para-que-debata-con-el\/","url_meta":{"origin":1740,"position":0},"title":"LOUSTEAU INTENTA PRESIONAR A CARRIO PARA QUE DEBATA CON EL","author":"Alejandro Sosa Ruda","date":"23 julio, 2017","format":false,"excerpt":"En lo que m\u00e1s que una estrategia, parece ser un manotazo de ahogado, Mart\u00edn Lousteau grab\u00f3 otro spot televisivo en el que trata de presionar a Elisa \u201cLilita\u201d Carri\u00f3 para llevar a cabo un debate entre ambos. En apenas una semana, fueron dos los spots que grab\u00f3 el precandidato desafiando\u2026","rel":"","context":"En \u00abDESTACADAS\u00bb","block_context":{"text":"DESTACADAS","link":"https:\/\/larevistadigital.com.ar\/blog\/category\/destacadas\/"},"img":{"alt_text":"","src":"https:\/\/i0.wp.com\/larevistadigital.com.ar\/blog\/wp-content\/uploads\/2017\/07\/0000349514.jpg?fit=770%2C471&ssl=1&resize=350%2C200","width":350,"height":200,"srcset":"https:\/\/i0.wp.com\/larevistadigital.com.ar\/blog\/wp-content\/uploads\/2017\/07\/0000349514.jpg?fit=770%2C471&ssl=1&resize=350%2C200 1x, https:\/\/i0.wp.com\/larevistadigital.com.ar\/blog\/wp-content\/uploads\/2017\/07\/0000349514.jpg?fit=770%2C471&ssl=1&resize=525%2C300 1.5x, https:\/\/i0.wp.com\/larevistadigital.com.ar\/blog\/wp-content\/uploads\/2017\/07\/0000349514.jpg?fit=770%2C471&ssl=1&resize=700%2C400 2x"},"classes":[]},{"id":21408,"url":"https:\/\/larevistadigital.com.ar\/blog\/carrio-compro-quesos-en-chascomus-y-condimentos-en-dolores\/","url_meta":{"origin":1740,"position":1},"title":"CARRI\u00d3 COMPR\u00d3 QUESOS EN CHASCOM\u00daS Y CONDIMENTOS EN DOLORES","author":"Alejandro Sosa Ruda","date":"6 agosto, 2021","format":false,"excerpt":"De\u00a0camino a Pinamar\u00a0la exdiputada nacional por la Coalici\u00f3n C\u00edvica ARI,\u00a0Elisa Carri\u00f3, par\u00f3 en Chascom\u00fas y Dolores para comprar productos regionales.\u00a0 La dirigente opositora al Gobierno public\u00f3 un tuit con un v\u00eddeo en la que se la ve en su auto, sentada en el asiento del acompa\u00f1ante con un queso en\u2026","rel":"","context":"En \u00abINTERES GENERAL\u00bb","block_context":{"text":"INTERES GENERAL","link":"https:\/\/larevistadigital.com.ar\/blog\/category\/interes-general\/"},"img":{"alt_text":"","src":"https:\/\/i0.wp.com\/larevistadigital.com.ar\/blog\/wp-content\/uploads\/ce8af0c5440f4714bd8eba6db8de22cef672fcfe.jpg?fit=1140%2C759&ssl=1&resize=350%2C200","width":350,"height":200,"srcset":"https:\/\/i0.wp.com\/larevistadigital.com.ar\/blog\/wp-content\/uploads\/ce8af0c5440f4714bd8eba6db8de22cef672fcfe.jpg?fit=1140%2C759&ssl=1&resize=350%2C200 1x, https:\/\/i0.wp.com\/larevistadigital.com.ar\/blog\/wp-content\/uploads\/ce8af0c5440f4714bd8eba6db8de22cef672fcfe.jpg?fit=1140%2C759&ssl=1&resize=525%2C300 1.5x, https:\/\/i0.wp.com\/larevistadigital.com.ar\/blog\/wp-content\/uploads\/ce8af0c5440f4714bd8eba6db8de22cef672fcfe.jpg?fit=1140%2C759&ssl=1&resize=700%2C400 2x, https:\/\/i0.wp.com\/larevistadigital.com.ar\/blog\/wp-content\/uploads\/ce8af0c5440f4714bd8eba6db8de22cef672fcfe.jpg?fit=1140%2C759&ssl=1&resize=1050%2C600 3x"},"classes":[]},{"id":514,"url":"https:\/\/larevistadigital.com.ar\/blog\/carrio-podria-fracturar-la-relacion-macri-vidal\/","url_meta":{"origin":1740,"position":2},"title":"Carri\u00f3 podr\u00eda fracturar la relaci\u00f3n de Macri y Vidal","author":"editor","date":"4 marzo, 2017","format":false,"excerpt":"Si la diputada se postula, podr\u00eda generar una fractura entre el Presidente y la Gobernadora porte\u00f1a. BUENOS AIRES (Redacci\u00f3n) \u2013 Todo se reduce al clima pol\u00edtico y personal que hace que unos conf\u00eden m\u00e1s en unos, que en otros. Elisa Carri\u00f3 hoy tiene mejor imagen dentro del frente que Mar\u00eda\u2026","rel":"","context":"En \u00abDESTACADAS\u00bb","block_context":{"text":"DESTACADAS","link":"https:\/\/larevistadigital.com.ar\/blog\/category\/destacadas\/"},"img":{"alt_text":"","src":"https:\/\/i0.wp.com\/larevistadigital.com.ar\/blog\/wp-content\/uploads\/2017\/03\/0010827227.jpg?fit=1170%2C658&ssl=1&resize=350%2C200","width":350,"height":200,"srcset":"https:\/\/i0.wp.com\/larevistadigital.com.ar\/blog\/wp-content\/uploads\/2017\/03\/0010827227.jpg?fit=1170%2C658&ssl=1&resize=350%2C200 1x, https:\/\/i0.wp.com\/larevistadigital.com.ar\/blog\/wp-content\/uploads\/2017\/03\/0010827227.jpg?fit=1170%2C658&ssl=1&resize=525%2C300 1.5x, https:\/\/i0.wp.com\/larevistadigital.com.ar\/blog\/wp-content\/uploads\/2017\/03\/0010827227.jpg?fit=1170%2C658&ssl=1&resize=700%2C400 2x, https:\/\/i0.wp.com\/larevistadigital.com.ar\/blog\/wp-content\/uploads\/2017\/03\/0010827227.jpg?fit=1170%2C658&ssl=1&resize=1050%2C600 3x"},"classes":[]},{"id":29041,"url":"https:\/\/larevistadigital.com.ar\/blog\/berni-nego-su-renuncia-y-dijo-que-son-operaciones-politicas\/","url_meta":{"origin":1740,"position":3},"title":"BERNI NEG\u00d3 SU RENUNCIA Y DIJO QUE \u00abSON OPERACIONES POL\u00cdTICAS\u00bb","author":"Alejandro Sosa Ruda","date":"25 noviembre, 2022","format":false,"excerpt":"Respecto a los rumores de renuncia que comenzaron a tomar fuerza en las \u00faltimas horas, Berni las calific\u00f3 como \u201csimples rumores\u201d y opin\u00f3 que se trata de \u201coperaciones pol\u00edticas\u201d. \u201cNo es la primera vez que soy v\u00edctima de una operaci\u00f3n de prensa. La primera de ellas la sufr\u00ed en 2015\u201d,\u2026","rel":"","context":"En \u00abINTERES GENERAL\u00bb","block_context":{"text":"INTERES GENERAL","link":"https:\/\/larevistadigital.com.ar\/blog\/category\/interes-general\/"},"img":{"alt_text":"","src":"https:\/\/i0.wp.com\/larevistadigital.com.ar\/blog\/wp-content\/uploads\/20221124153505_berni.jpg?fit=880%2C512&ssl=1&resize=350%2C200","width":350,"height":200,"srcset":"https:\/\/i0.wp.com\/larevistadigital.com.ar\/blog\/wp-content\/uploads\/20221124153505_berni.jpg?fit=880%2C512&ssl=1&resize=350%2C200 1x, https:\/\/i0.wp.com\/larevistadigital.com.ar\/blog\/wp-content\/uploads\/20221124153505_berni.jpg?fit=880%2C512&ssl=1&resize=525%2C300 1.5x, https:\/\/i0.wp.com\/larevistadigital.com.ar\/blog\/wp-content\/uploads\/20221124153505_berni.jpg?fit=880%2C512&ssl=1&resize=700%2C400 2x"},"classes":[]},{"id":41785,"url":"https:\/\/larevistadigital.com.ar\/blog\/espert-renuncia-a-la-comision-de-presupuesto-y-hacienda-en-diputados\/","url_meta":{"origin":1740,"position":4},"title":"Espert renuncia a la Comisi\u00f3n de Presupuesto y Hacienda en Diputados","author":"Alejandro Sosa Ruda","date":"6 octubre, 2025","format":false,"excerpt":"Tras las presiones por su v\u00ednculo con Fred Machado, Espert abandon\u00f3 la comisi\u00f3n m\u00e1s estrat\u00e9gica de Diputados. Qu\u00e9 dice el bloque y qui\u00e9n lo reemplaza. 06 de Octubre de 2025 BUENOS AIRES\u00a0 -\u00a0 \u00a0El diputado nacional y ex candidato de La Libertad Avanza (LLA), Jos\u00e9 Luis Espert, formaliz\u00f3 esta ma\u00f1ana\u2026","rel":"","context":"En \u00abINTERES GENERAL\u00bb","block_context":{"text":"INTERES GENERAL","link":"https:\/\/larevistadigital.com.ar\/blog\/category\/interes-general\/"},"img":{"alt_text":"","src":"https:\/\/i0.wp.com\/larevistadigital.com.ar\/blog\/wp-content\/uploads\/Captura-de-pantalla-2025-10-06-195052.jpg?fit=765%2C428&ssl=1&resize=350%2C200","width":350,"height":200,"srcset":"https:\/\/i0.wp.com\/larevistadigital.com.ar\/blog\/wp-content\/uploads\/Captura-de-pantalla-2025-10-06-195052.jpg?fit=765%2C428&ssl=1&resize=350%2C200 1x, https:\/\/i0.wp.com\/larevistadigital.com.ar\/blog\/wp-content\/uploads\/Captura-de-pantalla-2025-10-06-195052.jpg?fit=765%2C428&ssl=1&resize=525%2C300 1.5x, https:\/\/i0.wp.com\/larevistadigital.com.ar\/blog\/wp-content\/uploads\/Captura-de-pantalla-2025-10-06-195052.jpg?fit=765%2C428&ssl=1&resize=700%2C400 2x"},"classes":[]},{"id":30066,"url":"https:\/\/larevistadigital.com.ar\/blog\/la-que-faltaba-elisa-carrio-anuncio-que-sera-candidata-a-presidente-en-las-paso-de-juntos-por-el-cambio\/","url_meta":{"origin":1740,"position":5},"title":"LA QUE FALTABA: ELISA CARRI\u00d3 ANUNCI\u00d3 QUE SER\u00c1 CANDIDATA A PRESIDENTE EN LAS PASO DE JUNTOS POR EL CAMBIO","author":"Alejandro Sosa Ruda","date":"8 febrero, 2023","format":false,"excerpt":"La l\u00edder de la Coalici\u00f3n C\u00edvica asegur\u00f3 que decidi\u00f3 postularse para \"garantizar la unidad\" en la principal coalici\u00f3n opositora. Recomend\u00f3 que haya una gran oferta de candidatos a nivel nacional, pero listas unificadas de legisladores. 08 de febrero de 2023 Elisa Carri\u00f3 anunci\u00f3 este mi\u00e9rcoles que ser\u00e1 candidata a Presidente\u2026","rel":"","context":"En \u00abDESTACADAS\u00bb","block_context":{"text":"DESTACADAS","link":"https:\/\/larevistadigital.com.ar\/blog\/category\/destacadas\/"},"img":{"alt_text":"","src":"https:\/\/i0.wp.com\/larevistadigital.com.ar\/blog\/wp-content\/uploads\/566112.png?fit=1200%2C675&ssl=1&resize=350%2C200","width":350,"height":200,"srcset":"https:\/\/i0.wp.com\/larevistadigital.com.ar\/blog\/wp-content\/uploads\/566112.png?fit=1200%2C675&ssl=1&resize=350%2C200 1x, https:\/\/i0.wp.com\/larevistadigital.com.ar\/blog\/wp-content\/uploads\/566112.png?fit=1200%2C675&ssl=1&resize=525%2C300 1.5x, https:\/\/i0.wp.com\/larevistadigital.com.ar\/blog\/wp-content\/uploads\/566112.png?fit=1200%2C675&ssl=1&resize=700%2C400 2x, https:\/\/i0.wp.com\/larevistadigital.com.ar\/blog\/wp-content\/uploads\/566112.png?fit=1200%2C675&ssl=1&resize=1050%2C600 3x"},"classes":[]}],"_links":{"self":[{"href":"https:\/\/larevistadigital.com.ar\/blog\/wp-json\/wp\/v2\/posts\/1740","targetHints":{"allow":["GET"]}}],"collection":[{"href":"https:\/\/larevistadigital.com.ar\/blog\/wp-json\/wp\/v2\/posts"}],"about":[{"href":"https:\/\/larevistadigital.com.ar\/blog\/wp-json\/wp\/v2\/types\/post"}],"author":[{"embeddable":true,"href":"https:\/\/larevistadigital.com.ar\/blog\/wp-json\/wp\/v2\/users\/3"}],"replies":[{"embeddable":true,"href":"https:\/\/larevistadigital.com.ar\/blog\/wp-json\/wp\/v2\/comments?post=1740"}],"version-history":[{"count":1,"href":"https:\/\/larevistadigital.com.ar\/blog\/wp-json\/wp\/v2\/posts\/1740\/revisions"}],"predecessor-version":[{"id":1742,"href":"https:\/\/larevistadigital.com.ar\/blog\/wp-json\/wp\/v2\/posts\/1740\/revisions\/1742"}],"wp:featuredmedia":[{"embeddable":true,"href":"https:\/\/larevistadigital.com.ar\/blog\/wp-json\/wp\/v2\/media\/1741"}],"wp:attachment":[{"href":"https:\/\/larevistadigital.com.ar\/blog\/wp-json\/wp\/v2\/media?parent=1740"}],"wp:term":[{"taxonomy":"category","embeddable":true,"href":"https:\/\/larevistadigital.com.ar\/blog\/wp-json\/wp\/v2\/categories?post=1740"},{"taxonomy":"post_tag","embeddable":true,"href":"https:\/\/larevistadigital.com.ar\/blog\/wp-json\/wp\/v2\/tags?post=1740"}],"curies":[{"name":"wp","href":"https:\/\/api.w.org\/{rel}","templated":true}]}}