{"id":17405,"date":"2020-11-02T13:29:22","date_gmt":"2020-11-02T13:29:22","guid":{"rendered":"https:\/\/larevistadigital.com.ar\/blog\/?p=17405"},"modified":"2020-11-02T13:29:22","modified_gmt":"2020-11-02T13:29:22","slug":"la-plata-desactivaron-dos-fiestas-clandestinas","status":"publish","type":"post","link":"https:\/\/larevistadigital.com.ar\/blog\/la-plata-desactivaron-dos-fiestas-clandestinas\/","title":{"rendered":"LA PLATA: DESACTIVARON DOS FIESTAS CLANDESTINAS"},"content":{"rendered":"<h2 class=\"fparrafo ctext fz18 lh25\">Una se realizaba en una quinta y hab\u00eda m\u00e1s de 300 personas, la otra al aire libre en una canchita de f\u00fatbol<\/h2>\n<p class=\"selectionShareable\">El ministerio de Seguridad de la provincia de Buenos Aires, a trav\u00e9s de la direcci\u00f3n Provincial para la Gesti\u00f3n de la Seguridad Privada a cargo de <strong>Marcelo Montero<\/strong> y bajo la supervisi\u00f3n del director del ReBa, <strong>Hern\u00e1n Della Giovanna<\/strong>, en conjunto con el municipio local, lograron desactivar dos\u00a0fiestas clandestinas, una de ellas de m\u00e1s de 300 personas en\u00a032 y 226 de la localidad de Abasto.<\/p>\n<blockquote>\n<h3 class=\"selectionShareable\">La fiesta clandestina de Abasto se realizaba en un galp\u00f3n de la zona de quintas de Abasto, donde al arribar al lugar se pudo observar la presencia de numerosos veh\u00edculos, alrededor de 300 personas y una importante cantidad de bebidas et\u00edlicas, que fueron decomisadas por personal del Registro de Bebidas Alcoh\u00f3licas -ReBa \u2013 y se labr\u00f3 el Acta correspondiente.<\/h3>\n<\/blockquote>\n<p class=\"selectionShareable\"><img data-recalc-dims=\"1\" loading=\"lazy\" decoding=\"async\" class=\"alignnone size-full wp-image-17408\" src=\"https:\/\/i0.wp.com\/larevistadigital.com.ar\/blog\/wp-content\/uploads\/Screenshot_1-169.jpg?resize=998%2C659&#038;ssl=1\" alt=\"\" width=\"998\" height=\"659\" srcset=\"https:\/\/i0.wp.com\/larevistadigital.com.ar\/blog\/wp-content\/uploads\/Screenshot_1-169.jpg?w=998&amp;ssl=1 998w, https:\/\/i0.wp.com\/larevistadigital.com.ar\/blog\/wp-content\/uploads\/Screenshot_1-169.jpg?resize=300%2C198&amp;ssl=1 300w, https:\/\/i0.wp.com\/larevistadigital.com.ar\/blog\/wp-content\/uploads\/Screenshot_1-169.jpg?resize=768%2C507&amp;ssl=1 768w\" sizes=\"auto, (max-width: 998px) 100vw, 998px\" \/><\/p>\n<p class=\"selectionShareable\">La segunda se realizaba en una \u201ccanchita de f\u00fatbol\u201d en Altos de San Lorenzo, 14 y 86, sin ning\u00fan tipo de permiso ni autorizaci\u00f3n y donde alrededor de 150 j\u00f3venes se encontraban al aire libre bailando y consumiendo bebidas alcoh\u00f3licas.<\/p>\n<blockquote>\n<h3 class=\"selectionShareable\">Asimismo, como parte de los controles habituales que realizan el ReCap, a cargo de Hern\u00e1n V\u00e1zquez y el Reba durante todos los fines de semana, se recorrieron durante la madrugada del s\u00e1bado, bares de las zonas sur y norte del conurbano (Quilmes, Florencio Varela, San Isidro y Vicente L\u00f3pez, entre otras localidades).\u00a0En la oportunidad, adem\u00e1s de controlar las habilitaciones correspondientes, se efect\u00faa un relevamiento del cumplimiento, de las cuestiones establecidas para el desarrollo de este tipo de actividades, en marco de la nueva normativa de Covid19.<\/h3>\n<\/blockquote>\n<p class=\"selectionShareable\">Los funcionarios de ambos registros, <strong>V\u00e1zquez y Della Giovanna<\/strong> coincidieron en que excepto en las fiestas clandestinas de La Plata, la gran mayor\u00eda de los establecimientos contaban con las certificaciones requeridas, y respetaban las condiciones impuestas bajo la denominada \u201cnueva normalidad\u201d en el marco de la pandemia.<\/p>\n<p class=\"selectionShareable\"><strong>CONTROLES VIALES<\/strong><\/p>\n<p class=\"selectionShareable\">Asimismo, se llevaron a cabo distintos operativos destinados a reforzar la Seguridad Vial en todo el partido que abarcaron las zonas de Plaza Malvinas, el Paseo del Bosque y las principales avenidas de la ciudad.<\/p>\n<p class=\"selectionShareable\"><strong>En ese marco, se sacaron de circulaci\u00f3n 20 motos y 7 veh\u00edculos por distintas infracciones a la Ley Nacional de Tr\u00e1nsito 24.449.<\/strong><\/p>\n<p><em><strong>\u201cM\u00e1s all\u00e1 de los controles que realizamos todos los d\u00edas, trabajamos en concientizar a la sociedad sobre el respeto de las normas viales y evitar as\u00ed mayores complicaciones en el sistema de tr\u00e1nsito\u201d<\/strong><\/em>, explic\u00f3 <strong>P\u00e9rez Cattaneo<\/strong>.<\/p>\n","protected":false},"excerpt":{"rendered":"<div class=\"mh-excerpt\"><p>Una se realizaba en una quinta y hab\u00eda m\u00e1s de 300 personas, la otra al aire libre en una canchita de f\u00fatbol El ministerio de Seguridad de la provincia de Buenos Aires, a trav\u00e9s de <a class=\"mh-excerpt-more\" href=\"https:\/\/larevistadigital.com.ar\/blog\/la-plata-desactivaron-dos-fiestas-clandestinas\/\" title=\"LA PLATA: DESACTIVARON DOS FIESTAS CLANDESTINAS\">[Leer M\u00e1s]<\/a><\/p>\n<\/div>","protected":false},"author":3,"featured_media":17406,"comment_status":"open","ping_status":"open","sticky":false,"template":"","format":"standard","meta":{"_jetpack_memberships_contains_paid_content":false,"footnotes":"","jetpack_publicize_message":"","jetpack_publicize_feature_enabled":true,"jetpack_social_post_already_shared":true,"jetpack_social_options":{"image_generator_settings":{"template":"highway","default_image_id":0,"font":"","enabled":false},"version":2}},"categories":[44,51],"tags":[],"class_list":{"0":"post-17405","1":"post","2":"type-post","3":"status-publish","4":"format-standard","5":"has-post-thumbnail","7":"category-policiales","8":"category-regionales"},"jetpack_publicize_connections":[],"jetpack_featured_media_url":"https:\/\/i0.wp.com\/larevistadigital.com.ar\/blog\/wp-content\/uploads\/20201101105823_61f47e0e_4352_4342_b6f8_48380e732ac4.jpg?fit=730%2C548&ssl=1","jetpack_sharing_enabled":true,"jetpack_shortlink":"https:\/\/wp.me\/p8qtrQ-4wJ","jetpack-related-posts":[{"id":18443,"url":"https:\/\/larevistadigital.com.ar\/blog\/mar-del-plata-desarticulan-30-fiestas-clandestinas-con-mas-de-1000-personas\/","url_meta":{"origin":17405,"position":0},"title":"MAR DEL PLATA: DESARTICULAN 30 FIESTAS CLANDESTINAS CON M\u00c1S DE 1000 PERSONAS","author":"Alejandro Sosa Ruda","date":"3 enero, 2021","format":false,"excerpt":"4 actas de constataci\u00f3n en establecimientos comerciales por no cumplir con el protocolo de funcionamiento gastron\u00f3mico provincial, por constatarse personas bailando sin distanciamiento social. MAR DEL PLATA - El Municipio de General Pueyrredon\u00a0por medio de distintas \u00e1reas, continu\u00f3 con los operativos de control durante la noche del s\u00e1bado y las\u2026","rel":"","context":"En \u00abREGIONALES\u00bb","block_context":{"text":"REGIONALES","link":"https:\/\/larevistadigital.com.ar\/blog\/category\/regionales\/"},"img":{"alt_text":"","src":"https:\/\/i0.wp.com\/larevistadigital.com.ar\/blog\/wp-content\/uploads\/Screenshot_2-125.jpg?fit=1001%2C565&ssl=1&resize=350%2C200","width":350,"height":200,"srcset":"https:\/\/i0.wp.com\/larevistadigital.com.ar\/blog\/wp-content\/uploads\/Screenshot_2-125.jpg?fit=1001%2C565&ssl=1&resize=350%2C200 1x, https:\/\/i0.wp.com\/larevistadigital.com.ar\/blog\/wp-content\/uploads\/Screenshot_2-125.jpg?fit=1001%2C565&ssl=1&resize=525%2C300 1.5x, https:\/\/i0.wp.com\/larevistadigital.com.ar\/blog\/wp-content\/uploads\/Screenshot_2-125.jpg?fit=1001%2C565&ssl=1&resize=700%2C400 2x"},"classes":[]},{"id":8556,"url":"https:\/\/larevistadigital.com.ar\/blog\/la-plata-clausuraron-siete-fiestas-electronicas-durante-el-fin-de-semana\/","url_meta":{"origin":17405,"position":1},"title":"LA PLATA: CLAUSURARON SIETE FIESTAS ELECTR\u00d3NICAS DURANTE EL FIN DE SEMANA","author":"Alejandro Sosa Ruda","date":"18 febrero, 2019","format":false,"excerpt":"En el municipio de La Plata suspendieron\u00a0siete fiestas clandestinas desarrolladas en\u00a0casa quintas de Villa Elisa, Gonnet y El Peligro, entre otros barrios. La clausura fue llevada a cabo por agentes de la Municipalidad y efectivos policiales. Entre las fiestas, se destacaba una\u00a0fiesta electr\u00f3nica celebrada en el barrio Aeropuerto, donde unos\u2026","rel":"","context":"En \u00abPOLICIALES\u00bb","block_context":{"text":"POLICIALES","link":"https:\/\/larevistadigital.com.ar\/blog\/category\/policiales\/"},"img":{"alt_text":"","src":"https:\/\/i0.wp.com\/larevistadigital.com.ar\/blog\/wp-content\/uploads\/2019\/02\/0024518018.jpg?fit=1140%2C640&ssl=1&resize=350%2C200","width":350,"height":200,"srcset":"https:\/\/i0.wp.com\/larevistadigital.com.ar\/blog\/wp-content\/uploads\/2019\/02\/0024518018.jpg?fit=1140%2C640&ssl=1&resize=350%2C200 1x, https:\/\/i0.wp.com\/larevistadigital.com.ar\/blog\/wp-content\/uploads\/2019\/02\/0024518018.jpg?fit=1140%2C640&ssl=1&resize=525%2C300 1.5x, https:\/\/i0.wp.com\/larevistadigital.com.ar\/blog\/wp-content\/uploads\/2019\/02\/0024518018.jpg?fit=1140%2C640&ssl=1&resize=700%2C400 2x, https:\/\/i0.wp.com\/larevistadigital.com.ar\/blog\/wp-content\/uploads\/2019\/02\/0024518018.jpg?fit=1140%2C640&ssl=1&resize=1050%2C600 3x"},"classes":[]},{"id":9603,"url":"https:\/\/larevistadigital.com.ar\/blog\/dolores-clausura-y-disturbios-y-detenidos\/","url_meta":{"origin":17405,"position":2},"title":"DOLORES: CLAUSURA Y DISTURBIOS Y DETENIDOS","author":"Alejandro Sosa Ruda","date":"8 abril, 2019","format":false,"excerpt":"La Direcci\u00f3n Provincial de Registro y Control de la Comercializaci\u00f3n de Bebidas Alcoh\u00f3licas (ReBA), que pertenece al Ministerio de Seguridad de la Provincia de Buenos Aires, incaut\u00f3 botellas con bebidas alcoh\u00f3licas, inspeccion\u00f3 y clausur\u00f3 dos locales de esparcimiento nocturno en Dolores. El Director Provincial de Coordinaci\u00f3n y Fiscalizaci\u00f3n de la\u2026","rel":"","context":"En \u00abDOLORES\u00bb","block_context":{"text":"DOLORES","link":"https:\/\/larevistadigital.com.ar\/blog\/category\/dolores\/"},"img":{"alt_text":"","src":"https:\/\/i0.wp.com\/larevistadigital.com.ar\/blog\/wp-content\/uploads\/2019\/04\/Screenshot_3-2.jpg?fit=754%2C475&ssl=1&resize=350%2C200","width":350,"height":200,"srcset":"https:\/\/i0.wp.com\/larevistadigital.com.ar\/blog\/wp-content\/uploads\/2019\/04\/Screenshot_3-2.jpg?fit=754%2C475&ssl=1&resize=350%2C200 1x, https:\/\/i0.wp.com\/larevistadigital.com.ar\/blog\/wp-content\/uploads\/2019\/04\/Screenshot_3-2.jpg?fit=754%2C475&ssl=1&resize=525%2C300 1.5x, https:\/\/i0.wp.com\/larevistadigital.com.ar\/blog\/wp-content\/uploads\/2019\/04\/Screenshot_3-2.jpg?fit=754%2C475&ssl=1&resize=700%2C400 2x"},"classes":[]},{"id":18642,"url":"https:\/\/larevistadigital.com.ar\/blog\/mardel-dos-fiestas-clandestinas-simultaneas-con-500-personas-en-cada-una-el-descontrol-en-punta-mogotes\/","url_meta":{"origin":17405,"position":3},"title":"MARDEL: DOS FIESTAS CLANDESTINAS SIMULT\u00c1NEAS CON 500 PERSONAS EN CADA UNA. EL DESCONTROL EN PUNTA MOGOTES","author":"Alejandro Sosa Ruda","date":"15 enero, 2021","format":false,"excerpt":"Dos j\u00f3venes rosarinos alquilaron un chalet en Punta Mogotes. Uno la planta de arriba y otro la de abajo. La justicia los imput\u00f3 por organizar fiestas clandestinas y ahora ser\u00e1n indagados. Dos j\u00f3venes rosarinos\u00a0enfrentan una\u00a0causa judicial\u00a0por la organizaci\u00f3n de fiestas clandestinas en un inmueble alquilado en la\u00a0zona de Punta Mogotes,\u00a0una\u2026","rel":"","context":"En \u00abPOLICIALES\u00bb","block_context":{"text":"POLICIALES","link":"https:\/\/larevistadigital.com.ar\/blog\/category\/policiales\/"},"img":{"alt_text":"","src":"https:\/\/i0.wp.com\/larevistadigital.com.ar\/blog\/wp-content\/uploads\/Screenshot_1-198.jpg?fit=1003%2C566&ssl=1&resize=350%2C200","width":350,"height":200,"srcset":"https:\/\/i0.wp.com\/larevistadigital.com.ar\/blog\/wp-content\/uploads\/Screenshot_1-198.jpg?fit=1003%2C566&ssl=1&resize=350%2C200 1x, https:\/\/i0.wp.com\/larevistadigital.com.ar\/blog\/wp-content\/uploads\/Screenshot_1-198.jpg?fit=1003%2C566&ssl=1&resize=525%2C300 1.5x, https:\/\/i0.wp.com\/larevistadigital.com.ar\/blog\/wp-content\/uploads\/Screenshot_1-198.jpg?fit=1003%2C566&ssl=1&resize=700%2C400 2x"},"classes":[]},{"id":29557,"url":"https:\/\/larevistadigital.com.ar\/blog\/chascomus-mariela-moscarella-afirmo-que-no-es-capricho-habilitar-los-eventos-es-por-la-seguridad-de-las-personas\/","url_meta":{"origin":17405,"position":4},"title":"CHASCOM\u00daS: MARIELA MOSCARELLA EXPLIC\u00d3 ALGUNAS MEDIDAS PARA BRINDAR MAYOR SEGURIDAD EN LAS FIESTAS BAILABLES EN NAVIDAD.","author":"Alejandro Sosa Ruda","date":"20 diciembre, 2022","format":false,"excerpt":"La Secretaria de Seguridad Ciudadana, Mariela Moscarella mantuvo una conversaci\u00f3n con el periodista Alberto Morel, donde evidenci\u00f3 una fuerte decisi\u00f3n pol\u00edtica de prevenci\u00f3n por las \"fiestas\" de Navidad, y la importancia de concurrir a lugares habilitados. En primer lugar, consultada acerca de la reuni\u00f3n que mantuvo d\u00edas atr\u00e1s con los\u2026","rel":"","context":"En \u00abDESTACADAS\u00bb","block_context":{"text":"DESTACADAS","link":"https:\/\/larevistadigital.com.ar\/blog\/category\/destacadas\/"},"img":{"alt_text":"","src":"https:\/\/i0.wp.com\/larevistadigital.com.ar\/blog\/wp-content\/uploads\/WhatsApp-Image-2022-12-20-at-20.30.54.jpeg?fit=1200%2C800&ssl=1&resize=350%2C200","width":350,"height":200,"srcset":"https:\/\/i0.wp.com\/larevistadigital.com.ar\/blog\/wp-content\/uploads\/WhatsApp-Image-2022-12-20-at-20.30.54.jpeg?fit=1200%2C800&ssl=1&resize=350%2C200 1x, https:\/\/i0.wp.com\/larevistadigital.com.ar\/blog\/wp-content\/uploads\/WhatsApp-Image-2022-12-20-at-20.30.54.jpeg?fit=1200%2C800&ssl=1&resize=525%2C300 1.5x, https:\/\/i0.wp.com\/larevistadigital.com.ar\/blog\/wp-content\/uploads\/WhatsApp-Image-2022-12-20-at-20.30.54.jpeg?fit=1200%2C800&ssl=1&resize=700%2C400 2x, https:\/\/i0.wp.com\/larevistadigital.com.ar\/blog\/wp-content\/uploads\/WhatsApp-Image-2022-12-20-at-20.30.54.jpeg?fit=1200%2C800&ssl=1&resize=1050%2C600 3x"},"classes":[]},{"id":15736,"url":"https:\/\/larevistadigital.com.ar\/blog\/atencion-se-busca-a-joven-acusado-de-abuso-sexual-que-escapo-del-instituto-de-abasto\/","url_meta":{"origin":17405,"position":5},"title":"\u00a1ATENCI\u00d3N! SE BUSCA A JOVEN ACUSADO DE ABUSO SEXUAL QUE ESCAP\u00d3 DEL INSTITUTO DE ABASTO","author":"Alejandro Sosa Ruda","date":"19 junio, 2020","format":false,"excerpt":"Un joven de 18 a\u00f1os acusado por abuso sexual se escap\u00f3 anoche del Instituto de menores Ar\u00e1oz Alfano de la localidad de Abasto, al parecer, tras saltar un pared\u00f3n. La fuga fue denunciada por el director de la entidad, un hombre de 57 a\u00f1os, en la comisar\u00eda S\u00e9ptima, donde detall\u00f3\u2026","rel":"","context":"En \u00abPOLICIALES\u00bb","block_context":{"text":"POLICIALES","link":"https:\/\/larevistadigital.com.ar\/blog\/category\/policiales\/"},"img":{"alt_text":"","src":"https:\/\/i0.wp.com\/larevistadigital.com.ar\/blog\/wp-content\/uploads\/20200619124951_0023409735.jpg?fit=880%2C586&ssl=1&resize=350%2C200","width":350,"height":200,"srcset":"https:\/\/i0.wp.com\/larevistadigital.com.ar\/blog\/wp-content\/uploads\/20200619124951_0023409735.jpg?fit=880%2C586&ssl=1&resize=350%2C200 1x, https:\/\/i0.wp.com\/larevistadigital.com.ar\/blog\/wp-content\/uploads\/20200619124951_0023409735.jpg?fit=880%2C586&ssl=1&resize=525%2C300 1.5x, https:\/\/i0.wp.com\/larevistadigital.com.ar\/blog\/wp-content\/uploads\/20200619124951_0023409735.jpg?fit=880%2C586&ssl=1&resize=700%2C400 2x"},"classes":[]}],"_links":{"self":[{"href":"https:\/\/larevistadigital.com.ar\/blog\/wp-json\/wp\/v2\/posts\/17405","targetHints":{"allow":["GET"]}}],"collection":[{"href":"https:\/\/larevistadigital.com.ar\/blog\/wp-json\/wp\/v2\/posts"}],"about":[{"href":"https:\/\/larevistadigital.com.ar\/blog\/wp-json\/wp\/v2\/types\/post"}],"author":[{"embeddable":true,"href":"https:\/\/larevistadigital.com.ar\/blog\/wp-json\/wp\/v2\/users\/3"}],"replies":[{"embeddable":true,"href":"https:\/\/larevistadigital.com.ar\/blog\/wp-json\/wp\/v2\/comments?post=17405"}],"version-history":[{"count":1,"href":"https:\/\/larevistadigital.com.ar\/blog\/wp-json\/wp\/v2\/posts\/17405\/revisions"}],"predecessor-version":[{"id":17409,"href":"https:\/\/larevistadigital.com.ar\/blog\/wp-json\/wp\/v2\/posts\/17405\/revisions\/17409"}],"wp:featuredmedia":[{"embeddable":true,"href":"https:\/\/larevistadigital.com.ar\/blog\/wp-json\/wp\/v2\/media\/17406"}],"wp:attachment":[{"href":"https:\/\/larevistadigital.com.ar\/blog\/wp-json\/wp\/v2\/media?parent=17405"}],"wp:term":[{"taxonomy":"category","embeddable":true,"href":"https:\/\/larevistadigital.com.ar\/blog\/wp-json\/wp\/v2\/categories?post=17405"},{"taxonomy":"post_tag","embeddable":true,"href":"https:\/\/larevistadigital.com.ar\/blog\/wp-json\/wp\/v2\/tags?post=17405"}],"curies":[{"name":"wp","href":"https:\/\/api.w.org\/{rel}","templated":true}]}}