{"id":17413,"date":"2020-11-03T00:00:25","date_gmt":"2020-11-03T00:00:25","guid":{"rendered":"https:\/\/larevistadigital.com.ar\/blog\/?p=17413"},"modified":"2020-11-03T00:04:03","modified_gmt":"2020-11-03T00:04:03","slug":"fm-por-siempre-informo-de-un-intento-de-usurpacion-el-dia-domingo-en-el-barrio-san-luis","status":"publish","type":"post","link":"https:\/\/larevistadigital.com.ar\/blog\/fm-por-siempre-informo-de-un-intento-de-usurpacion-el-dia-domingo-en-el-barrio-san-luis\/","title":{"rendered":"FM POR SIEMPRE INFORM\u00d3 DE UN INTENTO DE USURPACI\u00d3N EL D\u00cdA DOMINGO EN EL BARRIO SAN LUIS"},"content":{"rendered":"<p>Sucedi\u00f3 en el Barrio San Luis, y el propietario de la vivienda habl\u00f3 con la FM por siempre 97.3, relatando c\u00f3mo se dieron los hechos y disturbios por la usurpaci\u00f3n de una casa.<\/p>\n<blockquote>\n<h3>EL hombre, cont\u00f3 que durante la ma\u00f1ana del Domingo recibi\u00f3 un mensaje de la persona que ilegalmente ocupada su domicilio argumentando que no ten\u00edan donde vivir y que <span class=\"text_exposed_show\">todos los objetos personales estaban siendo acomodados en la cochera de la casa.<\/span><\/h3>\n<\/blockquote>\n<p><span class=\"text_exposed_show\"> Entonces, esta noticia el propietario se comunica con su hijo y procede a viajar hacia Chascomus, dado que estaba trabajando en Buenos Aires.<\/span><\/p>\n<p><span class=\"text_exposed_show\">La casa se encontraba amueblada y ordenada, el propietario contaba que por razones econ\u00f3micas tuvo que irse a trabajar a CABA solo llevando un bolso con ropa.\u00a0<\/span><\/p>\n<blockquote>\n<h3><span class=\"text_exposed_show\">Probablemente lo m\u00e1s raro e ins\u00f3lito de esta preocupante cuesti\u00f3n, es que la usurpadora (vecina de la zona) le env\u00eda un mensaje v\u00eda Facebook para notificarle que ingresaron tras romper una puerta de manera ilegal en su domicilio y que todas sus pertenencias estaban siendo acomodadas en la parte trasera del domicilio, con un may\u00fasculo descaro.<\/span><\/h3>\n<\/blockquote>\n<p><span class=\"text_exposed_show\">En referencia a los disturbios manifestados por vecinos, el propietario argumenta desconocer la situaci\u00f3n; solo recibi\u00f3 un llamado del comisario con el fin de presentarse en el destacamento con la documentaci\u00f3n de la propiedad y realizar la denuncia correspondiente.<\/span><\/p>\n<p><span class=\"text_exposed_show\">Tras desalojar a quienes irrumpieron el propietario se encontr\u00f3 con su domicilio desordenado y hasta dice que le est\u00e1n faltando algunas cosas, como juguetes y documentaci\u00f3n.<\/span><\/p>\n<blockquote>\n<h3><span class=\"text_exposed_show\">La ma\u00f1ana del Domingo y luego de enterarse de la usurpaci\u00f3n, el hijo procedi\u00f3 a apersonarse en el domicilio justo en el momento que quienes usurpaban la casa se encontraban acomodando las pertenec\u00edas de su propietario.<\/span><\/h3>\n<\/blockquote>\n<p><span class=\"text_exposed_show\">Lamentablemente, esta situaci\u00f3n termin\u00f3 provocando al propietario un gasto econ\u00f3mico que acarrea arreglar la ruptura de la puerta violada para ingresar al domicilio y el dinero prestado que tuvo que pedir para regresar a Chascom\u00fas.<\/span><\/p>\n<p>fuente: FM POR SIEMPRE 97,3 MHTZ.<\/p>\n","protected":false},"excerpt":{"rendered":"<div class=\"mh-excerpt\"><p>Sucedi\u00f3 en el Barrio San Luis, y el propietario de la vivienda habl\u00f3 con la FM por siempre 97.3, relatando c\u00f3mo se dieron los hechos y disturbios por la usurpaci\u00f3n de una casa. EL hombre, <a class=\"mh-excerpt-more\" href=\"https:\/\/larevistadigital.com.ar\/blog\/fm-por-siempre-informo-de-un-intento-de-usurpacion-el-dia-domingo-en-el-barrio-san-luis\/\" title=\"FM POR SIEMPRE INFORM\u00d3 DE UN INTENTO DE USURPACI\u00d3N EL D\u00cdA DOMINGO EN EL BARRIO SAN LUIS\">[Leer M\u00e1s]<\/a><\/p>\n<\/div>","protected":false},"author":3,"featured_media":17415,"comment_status":"open","ping_status":"open","sticky":false,"template":"","format":"standard","meta":{"_jetpack_memberships_contains_paid_content":false,"footnotes":"","jetpack_publicize_message":"","jetpack_publicize_feature_enabled":true,"jetpack_social_post_already_shared":true,"jetpack_social_options":{"image_generator_settings":{"template":"highway","default_image_id":0,"font":"","enabled":false},"version":2}},"categories":[50,44],"tags":[],"class_list":{"0":"post-17413","1":"post","2":"type-post","3":"status-publish","4":"format-standard","5":"has-post-thumbnail","7":"category-interes-general","8":"category-policiales"},"jetpack_publicize_connections":[],"jetpack_featured_media_url":"https:\/\/i0.wp.com\/larevistadigital.com.ar\/blog\/wp-content\/uploads\/cierre-de-puertas-encadenadas-y-candados-candado-cadena-inglaterra-reino-unido-reino-unido-gb-gran-bretana-d7a50a.jpg?fit=1300%2C956&ssl=1","jetpack_sharing_enabled":true,"jetpack_shortlink":"https:\/\/wp.me\/p8qtrQ-4wR","jetpack-related-posts":[{"id":38940,"url":"https:\/\/larevistadigital.com.ar\/blog\/un-predio-ocupado-ilegalmente-desde-2021-por-mapuches-vuelve-a-su-legitimo-propietario\/","url_meta":{"origin":17413,"position":0},"title":"Un predio ocupado ilegalmente desde 2021 por Mapuches, vuelve a su leg\u00edtimo propietario","author":"Alejandro Sosa Ruda","date":"6 marzo, 2025","format":false,"excerpt":"Luego de dos largos a\u00f1os de tomado el predio por supuestos Mapuches, la justicia hizo que premie la cordura y que se retiren los usurpadores. 06 de Marzo de 2025 R\u00cdO NEGRO -\u00a0 El gobierno de R\u00edo Negro concret\u00f3 hoy el desalojo de un predio forestal ubicado entre Bariloche y\u2026","rel":"","context":"En \u00abINTERES GENERAL\u00bb","block_context":{"text":"INTERES GENERAL","link":"https:\/\/larevistadigital.com.ar\/blog\/category\/interes-general\/"},"img":{"alt_text":"","src":"https:\/\/i0.wp.com\/larevistadigital.com.ar\/blog\/wp-content\/uploads\/Captura-de-pantalla-2025-03-06-154309.jpg?fit=678%2C392&ssl=1&resize=350%2C200","width":350,"height":200,"srcset":"https:\/\/i0.wp.com\/larevistadigital.com.ar\/blog\/wp-content\/uploads\/Captura-de-pantalla-2025-03-06-154309.jpg?fit=678%2C392&ssl=1&resize=350%2C200 1x, https:\/\/i0.wp.com\/larevistadigital.com.ar\/blog\/wp-content\/uploads\/Captura-de-pantalla-2025-03-06-154309.jpg?fit=678%2C392&ssl=1&resize=525%2C300 1.5x"},"classes":[]},{"id":17536,"url":"https:\/\/larevistadigital.com.ar\/blog\/bronca-e-indignacion-de-vecinos-de-girado-por-presunta-usurpacion-de-una-casa-en-el-barrio\/","url_meta":{"origin":17413,"position":1},"title":"BRONCA E INDIGNACI\u00d3N DE VECINOS DE GIRADO, POR PRESUNTA USURPACI\u00d3N DE UNA CASA EN EL BARRIO","author":"Alejandro Sosa Ruda","date":"9 noviembre, 2020","format":false,"excerpt":"Los vecinos de Barrio Parque Girado se encuentran movilizados, y con un alt\u00edsimo grado de preocupaci\u00f3n, bronca e indignaci\u00f3n por sucesos que han venido ocurriendo en los \u00faltimos d\u00edas. Se preguntan entre otras cosas \u00bfC\u00f3mo ingresaron a la ciudad? Resulta que hace d\u00edas, apareci\u00f3 un matrimonio con 9 hijos que\u2026","rel":"","context":"En \u00abCHASCOM\u00daS\u00bb","block_context":{"text":"CHASCOM\u00daS","link":"https:\/\/larevistadigital.com.ar\/blog\/category\/chascomus\/"},"img":{"alt_text":"","src":"https:\/\/i0.wp.com\/larevistadigital.com.ar\/blog\/wp-content\/uploads\/WhatsApp-Image-2020-11-06-at-19.50.41.jpeg?fit=1024%2C576&ssl=1&resize=350%2C200","width":350,"height":200,"srcset":"https:\/\/i0.wp.com\/larevistadigital.com.ar\/blog\/wp-content\/uploads\/WhatsApp-Image-2020-11-06-at-19.50.41.jpeg?fit=1024%2C576&ssl=1&resize=350%2C200 1x, https:\/\/i0.wp.com\/larevistadigital.com.ar\/blog\/wp-content\/uploads\/WhatsApp-Image-2020-11-06-at-19.50.41.jpeg?fit=1024%2C576&ssl=1&resize=525%2C300 1.5x, https:\/\/i0.wp.com\/larevistadigital.com.ar\/blog\/wp-content\/uploads\/WhatsApp-Image-2020-11-06-at-19.50.41.jpeg?fit=1024%2C576&ssl=1&resize=700%2C400 2x"},"classes":[]},{"id":16411,"url":"https:\/\/larevistadigital.com.ar\/blog\/mar-del-plata-detienen-4-individuos-por-intento-de-usurpacion\/","url_meta":{"origin":17413,"position":2},"title":"MAR DEL PLATA: DETIENEN 4 INDIVIDUOS POR INTENTO DE USURPACI\u00d3N","author":"Alejandro Sosa Ruda","date":"18 septiembre, 2020","format":false,"excerpt":"Tienen entre 28 y 47 a\u00f1os. Se les form\u00f3 una causa penal en la fiscal\u00eda tem\u00e1tica, se los identific\u00f3 y recuperaron la libertad. MAR DEL PLATA - El aviso que dieron algunos vecinos del barrio San Jacinto al 911 tras notar la presencia de desconocidos en un lote deriv\u00f3 en\u2026","rel":"","context":"En \u00abPOLICIALES\u00bb","block_context":{"text":"POLICIALES","link":"https:\/\/larevistadigital.com.ar\/blog\/category\/policiales\/"},"img":{"alt_text":"","src":"https:\/\/i0.wp.com\/larevistadigital.com.ar\/blog\/wp-content\/uploads\/Screenshot_5-11.jpg?fit=1001%2C560&ssl=1&resize=350%2C200","width":350,"height":200,"srcset":"https:\/\/i0.wp.com\/larevistadigital.com.ar\/blog\/wp-content\/uploads\/Screenshot_5-11.jpg?fit=1001%2C560&ssl=1&resize=350%2C200 1x, https:\/\/i0.wp.com\/larevistadigital.com.ar\/blog\/wp-content\/uploads\/Screenshot_5-11.jpg?fit=1001%2C560&ssl=1&resize=525%2C300 1.5x, https:\/\/i0.wp.com\/larevistadigital.com.ar\/blog\/wp-content\/uploads\/Screenshot_5-11.jpg?fit=1001%2C560&ssl=1&resize=700%2C400 2x"},"classes":[]},{"id":17943,"url":"https:\/\/larevistadigital.com.ar\/blog\/vecino-del-barrio-san-luis-evito-un-robo\/","url_meta":{"origin":17413,"position":3},"title":"VECINO DEL BARRIO SAN LUIS, EVIT\u00d3 UN ROBO","author":"Alejandro Sosa Ruda","date":"3 diciembre, 2020","format":false,"excerpt":"El testigo del robo ocurrido en calle Escribano E\/Ju\u00e1rez y Dorrego fue entrevistado en la ma\u00f1ana de FM por siempre 97.3\u00a0 donde contaba que el episodio tuvo lugar entre la 1:45 y 2:00 am. de la noche del martes. El vecino escuch\u00f3 ruidos y al acercarse a ver por una\u2026","rel":"","context":"En \u00abCHASCOM\u00daS\u00bb","block_context":{"text":"CHASCOM\u00daS","link":"https:\/\/larevistadigital.com.ar\/blog\/category\/chascomus\/"},"img":{"alt_text":"","src":"https:\/\/i0.wp.com\/larevistadigital.com.ar\/blog\/wp-content\/uploads\/2018\/03\/Policia-allanamiento-noche.jpg?fit=777%2C498&ssl=1&resize=350%2C200","width":350,"height":200,"srcset":"https:\/\/i0.wp.com\/larevistadigital.com.ar\/blog\/wp-content\/uploads\/2018\/03\/Policia-allanamiento-noche.jpg?fit=777%2C498&ssl=1&resize=350%2C200 1x, https:\/\/i0.wp.com\/larevistadigital.com.ar\/blog\/wp-content\/uploads\/2018\/03\/Policia-allanamiento-noche.jpg?fit=777%2C498&ssl=1&resize=525%2C300 1.5x, https:\/\/i0.wp.com\/larevistadigital.com.ar\/blog\/wp-content\/uploads\/2018\/03\/Policia-allanamiento-noche.jpg?fit=777%2C498&ssl=1&resize=700%2C400 2x"},"classes":[]},{"id":14837,"url":"https:\/\/larevistadigital.com.ar\/blog\/desconocidos-prenden-fuego-la-casa-de-la-mujer-detenida-por-varios-delitos-en-el-barrio-san-luis\/","url_meta":{"origin":17413,"position":4},"title":"DESCONOCIDOS PRENDEN FUEGO LA CASA DE LA MUJER DETENIDA POR VARIOS DELITOS EN EL BARRIO SAN LUIS","author":"Alejandro Sosa Ruda","date":"14 febrero, 2020","format":false,"excerpt":"En la noche de ayer, aproximadamente a las 22:30 hs. uno o varios vecinos, de los cuales a\u00fan no hay precisiones, prendieron fuego la casa de una mujer que fue detenida d\u00edas atr\u00e1s por varios delitos en el Barrio San Luis. El domicilio siniestrado, es donde viv\u00eda la mujer que\u2026","rel":"","context":"En \u00abCHASCOM\u00daS\u00bb","block_context":{"text":"CHASCOM\u00daS","link":"https:\/\/larevistadigital.com.ar\/blog\/category\/chascomus\/"},"img":{"alt_text":"","src":"https:\/\/i0.wp.com\/larevistadigital.com.ar\/blog\/wp-content\/uploads\/fuego-1024x768.jpg?fit=1024%2C768&ssl=1&resize=350%2C200","width":350,"height":200,"srcset":"https:\/\/i0.wp.com\/larevistadigital.com.ar\/blog\/wp-content\/uploads\/fuego-1024x768.jpg?fit=1024%2C768&ssl=1&resize=350%2C200 1x, https:\/\/i0.wp.com\/larevistadigital.com.ar\/blog\/wp-content\/uploads\/fuego-1024x768.jpg?fit=1024%2C768&ssl=1&resize=525%2C300 1.5x, https:\/\/i0.wp.com\/larevistadigital.com.ar\/blog\/wp-content\/uploads\/fuego-1024x768.jpg?fit=1024%2C768&ssl=1&resize=700%2C400 2x"},"classes":[]},{"id":22340,"url":"https:\/\/larevistadigital.com.ar\/blog\/nuevo-robo-de-ganado-ahora-en-el-barrio-la-pampita\/","url_meta":{"origin":17413,"position":5},"title":"NUEVO ROBO DE GANADO, AHORA EN EL BARRIO \u00abLA PAMPITA\u00bb","author":"Alejandro Sosa Ruda","date":"11 octubre, 2021","format":false,"excerpt":"CHASCOM\u00daS -\u00a0 Durante la ma\u00f1ana de ayer, el periodista Marcelo Caggiano durante su programa en FM SONAR; dialog\u00f3 con el se\u00f1or Marcelo Wright, quien fuera v\u00edctima de un robo de ganado en el barrio \"La Pampita\". El hombre cont\u00f3 que se dedica a criar terneros para luego enviarlos al campo\u2026","rel":"","context":"En \u00abINTERES GENERAL\u00bb","block_context":{"text":"INTERES GENERAL","link":"https:\/\/larevistadigital.com.ar\/blog\/category\/interes-general\/"},"img":{"alt_text":"","src":"https:\/\/i0.wp.com\/larevistadigital.com.ar\/blog\/wp-content\/uploads\/12254.jpg?fit=1024%2C768&ssl=1&resize=350%2C200","width":350,"height":200,"srcset":"https:\/\/i0.wp.com\/larevistadigital.com.ar\/blog\/wp-content\/uploads\/12254.jpg?fit=1024%2C768&ssl=1&resize=350%2C200 1x, https:\/\/i0.wp.com\/larevistadigital.com.ar\/blog\/wp-content\/uploads\/12254.jpg?fit=1024%2C768&ssl=1&resize=525%2C300 1.5x, https:\/\/i0.wp.com\/larevistadigital.com.ar\/blog\/wp-content\/uploads\/12254.jpg?fit=1024%2C768&ssl=1&resize=700%2C400 2x"},"classes":[]}],"_links":{"self":[{"href":"https:\/\/larevistadigital.com.ar\/blog\/wp-json\/wp\/v2\/posts\/17413","targetHints":{"allow":["GET"]}}],"collection":[{"href":"https:\/\/larevistadigital.com.ar\/blog\/wp-json\/wp\/v2\/posts"}],"about":[{"href":"https:\/\/larevistadigital.com.ar\/blog\/wp-json\/wp\/v2\/types\/post"}],"author":[{"embeddable":true,"href":"https:\/\/larevistadigital.com.ar\/blog\/wp-json\/wp\/v2\/users\/3"}],"replies":[{"embeddable":true,"href":"https:\/\/larevistadigital.com.ar\/blog\/wp-json\/wp\/v2\/comments?post=17413"}],"version-history":[{"count":3,"href":"https:\/\/larevistadigital.com.ar\/blog\/wp-json\/wp\/v2\/posts\/17413\/revisions"}],"predecessor-version":[{"id":17418,"href":"https:\/\/larevistadigital.com.ar\/blog\/wp-json\/wp\/v2\/posts\/17413\/revisions\/17418"}],"wp:featuredmedia":[{"embeddable":true,"href":"https:\/\/larevistadigital.com.ar\/blog\/wp-json\/wp\/v2\/media\/17415"}],"wp:attachment":[{"href":"https:\/\/larevistadigital.com.ar\/blog\/wp-json\/wp\/v2\/media?parent=17413"}],"wp:term":[{"taxonomy":"category","embeddable":true,"href":"https:\/\/larevistadigital.com.ar\/blog\/wp-json\/wp\/v2\/categories?post=17413"},{"taxonomy":"post_tag","embeddable":true,"href":"https:\/\/larevistadigital.com.ar\/blog\/wp-json\/wp\/v2\/tags?post=17413"}],"curies":[{"name":"wp","href":"https:\/\/api.w.org\/{rel}","templated":true}]}}