{"id":1743,"date":"2017-03-31T13:56:18","date_gmt":"2017-03-31T13:56:18","guid":{"rendered":"https:\/\/larevistadigital.com.ar\/blog\/?p=1743"},"modified":"2017-03-31T14:46:25","modified_gmt":"2017-03-31T14:46:25","slug":"el-senador-daniel-barreda-del-fpv-visito-chascomus","status":"publish","type":"post","link":"https:\/\/larevistadigital.com.ar\/blog\/el-senador-daniel-barreda-del-fpv-visito-chascomus\/","title":{"rendered":"EL SENADOR DANIEL BARRERA DEL FPV VISIT\u00d3 CHASCOM\u00daS"},"content":{"rendered":"<h2>El senador provincial del distrito de La Matanza, Daniel Barrera visit\u00f3 nuestra ciudad, en el marco de la estrategia que se est\u00e1 desarrollando dentro de esa fuerza pol\u00edtica con respecto a las necesidades y\u00a0 reclamos de la sociedad.<\/h2>\n<p>El encuentro se llev\u00f3 a cabo en el bloque de concejales del FPV en el concejo deliberante de nuestra ciudad y participaron entre otros, los concejales del frente para la victoria, autoridades del PJ, Nuevo Encuentro, La C\u00e1mpora, Grupo San Mart\u00edn, Sindicatos de Utedyc, Smata, textiles, Correo, Kolina (concejal MC Oscar Ruiz entre otros.<\/p>\n<p><a href=\"https:\/\/i0.wp.com\/larevistadigital.com.ar\/blog\/wp-content\/uploads\/2017\/03\/WhatsApp-Image-2017-03-30-at-23.42.23.jpeg?ssl=1\"><img data-recalc-dims=\"1\" loading=\"lazy\" decoding=\"async\" class=\"alignnone size-full wp-image-1747\" src=\"https:\/\/i0.wp.com\/larevistadigital.com.ar\/blog\/wp-content\/uploads\/2017\/03\/WhatsApp-Image-2017-03-30-at-23.42.23.jpeg?resize=901%2C518&#038;ssl=1\" alt=\"\" width=\"901\" height=\"518\" srcset=\"https:\/\/i0.wp.com\/larevistadigital.com.ar\/blog\/wp-content\/uploads\/2017\/03\/WhatsApp-Image-2017-03-30-at-23.42.23.jpeg?w=901&amp;ssl=1 901w, https:\/\/i0.wp.com\/larevistadigital.com.ar\/blog\/wp-content\/uploads\/2017\/03\/WhatsApp-Image-2017-03-30-at-23.42.23.jpeg?resize=300%2C172&amp;ssl=1 300w, https:\/\/i0.wp.com\/larevistadigital.com.ar\/blog\/wp-content\/uploads\/2017\/03\/WhatsApp-Image-2017-03-30-at-23.42.23.jpeg?resize=768%2C442&amp;ssl=1 768w\" sizes=\"auto, (max-width: 901px) 100vw, 901px\" \/><\/a><\/p>\n<p>En el encuentro se debati\u00f3 y analiz\u00f3 el contexto social y la situaci\u00f3n preocupante de los trabajadores planeando estrategias y acciones en conjunto para trabajar en sinton\u00eda con lo que se est\u00e1 haciendo en otros distritos de la provincia de buenos aires, con el objetivo de frenar los despidos y tarifazos a los que se somete al pueblo.<\/p>\n","protected":false},"excerpt":{"rendered":"<div class=\"mh-excerpt\"><p>El senador provincial del distrito de La Matanza, Daniel Barrera visit\u00f3 nuestra ciudad, en el marco de la estrategia que se est\u00e1 desarrollando dentro de esa fuerza pol\u00edtica con respecto a las necesidades y\u00a0 reclamos <a class=\"mh-excerpt-more\" href=\"https:\/\/larevistadigital.com.ar\/blog\/el-senador-daniel-barreda-del-fpv-visito-chascomus\/\" title=\"EL SENADOR DANIEL BARRERA DEL FPV VISIT\u00d3 CHASCOM\u00daS\">[Leer M\u00e1s]<\/a><\/p>\n<\/div>","protected":false},"author":3,"featured_media":1746,"comment_status":"open","ping_status":"open","sticky":false,"template":"","format":"standard","meta":{"_jetpack_memberships_contains_paid_content":false,"footnotes":"","jetpack_publicize_message":"","jetpack_publicize_feature_enabled":true,"jetpack_social_post_already_shared":true,"jetpack_social_options":{"image_generator_settings":{"template":"highway","default_image_id":0,"font":"","enabled":false},"version":2}},"categories":[6,41,23],"tags":[],"class_list":{"0":"post-1743","1":"post","2":"type-post","3":"status-publish","4":"format-standard","5":"has-post-thumbnail","7":"category-chascomus","8":"category-destacadas","9":"category-politica-local"},"jetpack_publicize_connections":[],"jetpack_featured_media_url":"https:\/\/i0.wp.com\/larevistadigital.com.ar\/blog\/wp-content\/uploads\/2017\/03\/WhatsApp-Image-2017-03-30-at-23.41.42.jpeg?fit=938%2C344&ssl=1","jetpack_sharing_enabled":true,"jetpack_shortlink":"https:\/\/wp.me\/p8qtrQ-s7","jetpack-related-posts":[{"id":40910,"url":"https:\/\/larevistadigital.com.ar\/blog\/guillermo-montenegro-visito-chascomus-y-compartio-una-jornada-de-dialogo-y-camaraderia\/","url_meta":{"origin":1743,"position":0},"title":"Guillermo Montenegro visit\u00f3 Chascom\u00fas y comparti\u00f3 una jornada de di\u00e1logo y camarader\u00eda","author":"Alejandro Sosa Ruda","date":"14 agosto, 2025","format":false,"excerpt":"Con un clima de entusiasmo y energ\u00eda positiva, el flamante candidato a primer senador por la Quinta Secci\u00f3n Electoral, Guillermo Montenegro, visit\u00f3 este jueves Chascom\u00fas. 14 de Agosto de 2025 CHASCOM\u00daS - La actividad comenz\u00f3 pasadas las 10 de la ma\u00f1ana de ayer en el local de La Libertad Avanza,\u2026","rel":"","context":"En \u00abDESTACADAS\u00bb","block_context":{"text":"DESTACADAS","link":"https:\/\/larevistadigital.com.ar\/blog\/category\/destacadas\/"},"img":{"alt_text":"","src":"https:\/\/i0.wp.com\/larevistadigital.com.ar\/blog\/wp-content\/uploads\/WhatsApp-Image-2025-08-13-at-20.13.39.jpeg?fit=894%2C512&ssl=1&resize=350%2C200","width":350,"height":200,"srcset":"https:\/\/i0.wp.com\/larevistadigital.com.ar\/blog\/wp-content\/uploads\/WhatsApp-Image-2025-08-13-at-20.13.39.jpeg?fit=894%2C512&ssl=1&resize=350%2C200 1x, https:\/\/i0.wp.com\/larevistadigital.com.ar\/blog\/wp-content\/uploads\/WhatsApp-Image-2025-08-13-at-20.13.39.jpeg?fit=894%2C512&ssl=1&resize=525%2C300 1.5x, https:\/\/i0.wp.com\/larevistadigital.com.ar\/blog\/wp-content\/uploads\/WhatsApp-Image-2025-08-13-at-20.13.39.jpeg?fit=894%2C512&ssl=1&resize=700%2C400 2x"},"classes":[]},{"id":11386,"url":"https:\/\/larevistadigital.com.ar\/blog\/visito-chascomus-el-candidato-a-gobernador-de-roberto-lavagna\/","url_meta":{"origin":1743,"position":1},"title":"VISIT\u00d3 CHASCOM\u00daS EL CANDIDATO A GOBERNADOR DE ROBERTO LAVAGNA","author":"Alejandro Sosa Ruda","date":"20 julio, 2019","format":false,"excerpt":"EDUARDO \u201cBALI\u201d BUCCA, EX INTNEDENTE DE BOL\u00cdVAR MANTUVO ENCUENTRO CON LA PRENSA, SE REUNIO CON LOS CANDIDATOS IGNACIO GORRIZ, LEO MOYANO, EVA BRICCIO, LA PRIMERA CANDIDATA A CONSEJERA ESCOLAR CLAUDIA QUIROGA Y DEMAS INTEGRANTES DE LA LISTA. TUVO UN CALIDO ENCUENTRO CON JUAN CARLOS HAEDO, VISITO UNA FABRICA DE CALZADO,\u2026","rel":"","context":"En \u00abINTERES GENERAL\u00bb","block_context":{"text":"INTERES GENERAL","link":"https:\/\/larevistadigital.com.ar\/blog\/category\/interes-general\/"},"img":{"alt_text":"","src":"https:\/\/i0.wp.com\/larevistadigital.com.ar\/blog\/wp-content\/uploads\/WhatsApp-Image-2019-07-20-at-21.11.24.jpeg?fit=1200%2C797&ssl=1&resize=350%2C200","width":350,"height":200,"srcset":"https:\/\/i0.wp.com\/larevistadigital.com.ar\/blog\/wp-content\/uploads\/WhatsApp-Image-2019-07-20-at-21.11.24.jpeg?fit=1200%2C797&ssl=1&resize=350%2C200 1x, https:\/\/i0.wp.com\/larevistadigital.com.ar\/blog\/wp-content\/uploads\/WhatsApp-Image-2019-07-20-at-21.11.24.jpeg?fit=1200%2C797&ssl=1&resize=525%2C300 1.5x, https:\/\/i0.wp.com\/larevistadigital.com.ar\/blog\/wp-content\/uploads\/WhatsApp-Image-2019-07-20-at-21.11.24.jpeg?fit=1200%2C797&ssl=1&resize=700%2C400 2x, https:\/\/i0.wp.com\/larevistadigital.com.ar\/blog\/wp-content\/uploads\/WhatsApp-Image-2019-07-20-at-21.11.24.jpeg?fit=1200%2C797&ssl=1&resize=1050%2C600 3x"},"classes":[]},{"id":5558,"url":"https:\/\/larevistadigital.com.ar\/blog\/chascomus-concejales-se-reunieron-con-el-presidente-del-bloque-cambiemos-en-el-senadobonaerense\/","url_meta":{"origin":1743,"position":2},"title":"CHASCOMUS: Concejales se reunieron con el presidente del bloque Cambiemos en el Senadobonaerense","author":"Alejandro Sosa Ruda","date":"10 mayo, 2018","format":false,"excerpt":"Los concejales de Chascom\u00fas mantuvieron un encuentro con el titular del bloque de senadores Cambiemos, Roberto Costa, con quien dialogaron sobre la situaci\u00f3n de la ciudad y sobre un proyecto que busca crear el Instituto Provincial de Econom\u00eda Social (IPES), iniciativa que busca darle importancia al cooperativismo social. Para el\u2026","rel":"","context":"En \u00abPOLITICA\u00bb","block_context":{"text":"POLITICA","link":"https:\/\/larevistadigital.com.ar\/blog\/category\/politica\/"},"img":{"alt_text":"","src":"https:\/\/i0.wp.com\/larevistadigital.com.ar\/blog\/wp-content\/uploads\/2018\/05\/FB_IMG_1525977578695.jpg?fit=720%2C420&ssl=1&resize=350%2C200","width":350,"height":200,"srcset":"https:\/\/i0.wp.com\/larevistadigital.com.ar\/blog\/wp-content\/uploads\/2018\/05\/FB_IMG_1525977578695.jpg?fit=720%2C420&ssl=1&resize=350%2C200 1x, https:\/\/i0.wp.com\/larevistadigital.com.ar\/blog\/wp-content\/uploads\/2018\/05\/FB_IMG_1525977578695.jpg?fit=720%2C420&ssl=1&resize=525%2C300 1.5x, https:\/\/i0.wp.com\/larevistadigital.com.ar\/blog\/wp-content\/uploads\/2018\/05\/FB_IMG_1525977578695.jpg?fit=720%2C420&ssl=1&resize=700%2C400 2x"},"classes":[]},{"id":601,"url":"https:\/\/larevistadigital.com.ar\/blog\/la-campora-pinto-dos-escuelas-chascomus-inicio-clases\/","url_meta":{"origin":1743,"position":3},"title":"La C\u00e1mpora pint\u00f3 dos escuelas de Chascom\u00fas para el inicio de clases","author":"editor","date":"6 marzo, 2017","format":false,"excerpt":"Durante el viernes y el s\u00e1bado militantes de la agrupaci\u00f3n La C\u00e1mpora de la ciudad de Chascom\u00fas, realizaron jornadas solidarias denominadas \u201cN\u00e9stor cumple\u201d por las cuales pintaron la escuela rural N\u00ba\u00a021 del paraje G\u00e1ndara y el colegio primario de la escuela Normal EP 55. De ambas jornadas participaron una veintena\u2026","rel":"","context":"En \u00abPOLITICA LOCAL\u00bb","block_context":{"text":"POLITICA LOCAL","link":"https:\/\/larevistadigital.com.ar\/blog\/category\/politica\/politica-local\/"},"img":{"alt_text":"","src":"https:\/\/i0.wp.com\/larevistadigital.com.ar\/blog\/wp-content\/uploads\/2017\/03\/17103749_1091821827612050_3207789760812396079_n.jpg?fit=490%2C364&ssl=1&resize=350%2C200","width":350,"height":200},"classes":[]},{"id":2986,"url":"https:\/\/larevistadigital.com.ar\/blog\/jorge-taiana-visito-la-ciudad-y-fue-recibido-por-gabriel-macchi\/","url_meta":{"origin":1743,"position":4},"title":"Jorge Taiana visit\u00f3 la ciudad y fue recibido por Gabriel Macchi","author":"admin","date":"4 agosto, 2017","format":false,"excerpt":"El candidato a senador nacional por la provincia de Buenos Aires Jorge Taiana, visit\u00f3 Chascom\u00fas Fue recibido por Gabriel Macchi junto al resto de los candidatos locales de Unidad Ciudadana y los actuales concejales Alfredo Ateasuain, Ana Francese, Hector Larramendy y Juan Cano y el diputado Jos\u00e9 Cote Rossi. Tras\u2026","rel":"","context":"En \u00abPOLITICA\u00bb","block_context":{"text":"POLITICA","link":"https:\/\/larevistadigital.com.ar\/blog\/category\/politica\/"},"img":{"alt_text":"","src":"https:\/\/i0.wp.com\/larevistadigital.com.ar\/blog\/wp-content\/uploads\/2017\/08\/20604157_10212049465145895_2066480076831303291_n.jpg?fit=960%2C744&ssl=1&resize=350%2C200","width":350,"height":200,"srcset":"https:\/\/i0.wp.com\/larevistadigital.com.ar\/blog\/wp-content\/uploads\/2017\/08\/20604157_10212049465145895_2066480076831303291_n.jpg?fit=960%2C744&ssl=1&resize=350%2C200 1x, https:\/\/i0.wp.com\/larevistadigital.com.ar\/blog\/wp-content\/uploads\/2017\/08\/20604157_10212049465145895_2066480076831303291_n.jpg?fit=960%2C744&ssl=1&resize=525%2C300 1.5x, https:\/\/i0.wp.com\/larevistadigital.com.ar\/blog\/wp-content\/uploads\/2017\/08\/20604157_10212049465145895_2066480076831303291_n.jpg?fit=960%2C744&ssl=1&resize=700%2C400 2x"},"classes":[]},{"id":32704,"url":"https:\/\/larevistadigital.com.ar\/blog\/gente-de-patricia-bullrich-martin-yeza-visito-la-ciudad-de-chascomus-y-se-encontro-con-gustavo-lopez\/","url_meta":{"origin":1743,"position":5},"title":"\u00abGENTE DE PATRICIA BULLRICH\u00bb MARTIN YEZA VISIT\u00d3 LA CIUDAD DE CHASCOM\u00daS Y SE ENCONTR\u00d3 CON GUSTAVO L\u00d3PEZ","author":"Alejandro Sosa Ruda","date":"1 agosto, 2023","format":false,"excerpt":"La visita fue en apoyo al precandidato a intendente Gustavo L\u00f3pez, ya que ambos acompa\u00f1an la candidatura de Patricia Bullrich. 1\u00b0 de agosto de 2023 CHASCOM\u00daS -\u00a0 Estuvo visitando nuestra ciudad el precandidato a Diputado Nacional y actual intendente de Pinamar Mart\u00edn Yeza, quien fuera recibido por el precandidato a\u2026","rel":"","context":"En \u00abPOLITICA\u00bb","block_context":{"text":"POLITICA","link":"https:\/\/larevistadigital.com.ar\/blog\/category\/politica\/"},"img":{"alt_text":"","src":"https:\/\/i0.wp.com\/larevistadigital.com.ar\/blog\/wp-content\/uploads\/Captura-de-pantalla-2023-08-01-193834.jpg?fit=800%2C525&ssl=1&resize=350%2C200","width":350,"height":200,"srcset":"https:\/\/i0.wp.com\/larevistadigital.com.ar\/blog\/wp-content\/uploads\/Captura-de-pantalla-2023-08-01-193834.jpg?fit=800%2C525&ssl=1&resize=350%2C200 1x, https:\/\/i0.wp.com\/larevistadigital.com.ar\/blog\/wp-content\/uploads\/Captura-de-pantalla-2023-08-01-193834.jpg?fit=800%2C525&ssl=1&resize=525%2C300 1.5x, https:\/\/i0.wp.com\/larevistadigital.com.ar\/blog\/wp-content\/uploads\/Captura-de-pantalla-2023-08-01-193834.jpg?fit=800%2C525&ssl=1&resize=700%2C400 2x"},"classes":[]}],"_links":{"self":[{"href":"https:\/\/larevistadigital.com.ar\/blog\/wp-json\/wp\/v2\/posts\/1743","targetHints":{"allow":["GET"]}}],"collection":[{"href":"https:\/\/larevistadigital.com.ar\/blog\/wp-json\/wp\/v2\/posts"}],"about":[{"href":"https:\/\/larevistadigital.com.ar\/blog\/wp-json\/wp\/v2\/types\/post"}],"author":[{"embeddable":true,"href":"https:\/\/larevistadigital.com.ar\/blog\/wp-json\/wp\/v2\/users\/3"}],"replies":[{"embeddable":true,"href":"https:\/\/larevistadigital.com.ar\/blog\/wp-json\/wp\/v2\/comments?post=1743"}],"version-history":[{"count":4,"href":"https:\/\/larevistadigital.com.ar\/blog\/wp-json\/wp\/v2\/posts\/1743\/revisions"}],"predecessor-version":[{"id":1752,"href":"https:\/\/larevistadigital.com.ar\/blog\/wp-json\/wp\/v2\/posts\/1743\/revisions\/1752"}],"wp:featuredmedia":[{"embeddable":true,"href":"https:\/\/larevistadigital.com.ar\/blog\/wp-json\/wp\/v2\/media\/1746"}],"wp:attachment":[{"href":"https:\/\/larevistadigital.com.ar\/blog\/wp-json\/wp\/v2\/media?parent=1743"}],"wp:term":[{"taxonomy":"category","embeddable":true,"href":"https:\/\/larevistadigital.com.ar\/blog\/wp-json\/wp\/v2\/categories?post=1743"},{"taxonomy":"post_tag","embeddable":true,"href":"https:\/\/larevistadigital.com.ar\/blog\/wp-json\/wp\/v2\/tags?post=1743"}],"curies":[{"name":"wp","href":"https:\/\/api.w.org\/{rel}","templated":true}]}}