{"id":1753,"date":"2017-03-31T22:02:00","date_gmt":"2017-03-31T22:02:00","guid":{"rendered":"https:\/\/larevistadigital.com.ar\/blog\/?p=1753"},"modified":"2017-03-31T22:02:00","modified_gmt":"2017-03-31T22:02:00","slug":"ex-combatiente-de-malvinas-dono-bandera-al-banco-nacion-de-chascomus","status":"publish","type":"post","link":"https:\/\/larevistadigital.com.ar\/blog\/ex-combatiente-de-malvinas-dono-bandera-al-banco-nacion-de-chascomus\/","title":{"rendered":"EX COMBATIENTE DE MALVINAS DON\u00d3 BANDERA AL BANCO NACI\u00d3N DE CHASCOMUS"},"content":{"rendered":"<h2>Un ex combatiente de Malvinas, que pidi\u00f3 expresamente mantener el anonimato, don\u00f3 una bandera al Banco Naci\u00f3n de Chascom\u00fas por el evidente mal estado de la que flamea en el m\u00e1stil de la instituci\u00f3n.<\/h2>\n<p>El hombre, que pidi\u00f3 no difundir su nombre, se present\u00f3 en la <strong>FM La Radio 101,5<\/strong>\u00a0 con la bandera para que la emisora la haga llegar a las autoridades del Banco Naci\u00f3n de nuestra ciudad.<\/p>\n<p>As\u00ed se hizo y se acercaron a la sucursal e hicieron entrega de la misma <strong>Alberto Morel<\/strong> y <strong>Mart\u00edn Palmero<\/strong>, periodistas del medio citado y conductores de los programas AM Show que se emite de 8 a 12 y \u201cLa revista de la tarde\u201d que sale de 18 a 20 horas.<\/p>\n<p>Recibi\u00f3 la donaci\u00f3n, el sub gerente del Banco, quien reconoci\u00f3 el descuido, y agradeci\u00f3 el gesto del an\u00f3nimo amigo.<\/p>\n","protected":false},"excerpt":{"rendered":"<div class=\"mh-excerpt\"><p>Un ex combatiente de Malvinas, que pidi\u00f3 expresamente mantener el anonimato, don\u00f3 una bandera al Banco Naci\u00f3n de Chascom\u00fas por el evidente mal estado de la que flamea en el m\u00e1stil de la instituci\u00f3n. El <a class=\"mh-excerpt-more\" href=\"https:\/\/larevistadigital.com.ar\/blog\/ex-combatiente-de-malvinas-dono-bandera-al-banco-nacion-de-chascomus\/\" title=\"EX COMBATIENTE DE MALVINAS DON\u00d3 BANDERA AL BANCO NACI\u00d3N DE CHASCOMUS\">[Leer M\u00e1s]<\/a><\/p>\n<\/div>","protected":false},"author":3,"featured_media":1754,"comment_status":"open","ping_status":"open","sticky":false,"template":"","format":"standard","meta":{"_jetpack_memberships_contains_paid_content":false,"footnotes":"","jetpack_publicize_message":"","jetpack_publicize_feature_enabled":true,"jetpack_social_post_already_shared":true,"jetpack_social_options":{"image_generator_settings":{"template":"highway","default_image_id":0,"font":"","enabled":false},"version":2}},"categories":[6,41],"tags":[],"class_list":{"0":"post-1753","1":"post","2":"type-post","3":"status-publish","4":"format-standard","5":"has-post-thumbnail","7":"category-chascomus","8":"category-destacadas"},"jetpack_publicize_connections":[],"jetpack_featured_media_url":"https:\/\/i0.wp.com\/larevistadigital.com.ar\/blog\/wp-content\/uploads\/2017\/03\/WhatsApp-Image-2017-03-31-at-15.27.32.jpeg?fit=1280%2C960&ssl=1","jetpack_sharing_enabled":true,"jetpack_shortlink":"https:\/\/wp.me\/p8qtrQ-sh","jetpack-related-posts":[{"id":2259,"url":"https:\/\/larevistadigital.com.ar\/blog\/vergonzoso-estado-de-la-bandera-al-frente-del-banco-nacion\/","url_meta":{"origin":1753,"position":0},"title":"VERGONZOSO ESTADO DE LA BANDERA AL FRENTE DEL BANCO NACI\u00d3N","author":"Alejandro Sosa Ruda","date":"9 mayo, 2017","format":false,"excerpt":"Pese a que hace m\u00e1s de un mes un ciudadano don\u00f3 una nueva, las autoridades del banco, nada han hecho al respecto. A veces en esta profesi\u00f3n que nos coloca en el lugar de informar, opinar y analizar los hechos de la realidad y aconteceres diarios en nuestra ciudad y\u2026","rel":"","context":"En \u00abCHASCOM\u00daS\u00bb","block_context":{"text":"CHASCOM\u00daS","link":"https:\/\/larevistadigital.com.ar\/blog\/category\/chascomus\/"},"img":{"alt_text":"","src":"https:\/\/i0.wp.com\/larevistadigital.com.ar\/blog\/wp-content\/uploads\/2017\/05\/WhatsApp-Image-2017-04-08-at-13.07.22-1.jpeg?fit=678%2C381&ssl=1&resize=350%2C200","width":350,"height":200,"srcset":"https:\/\/i0.wp.com\/larevistadigital.com.ar\/blog\/wp-content\/uploads\/2017\/05\/WhatsApp-Image-2017-04-08-at-13.07.22-1.jpeg?fit=678%2C381&ssl=1&resize=350%2C200 1x, https:\/\/i0.wp.com\/larevistadigital.com.ar\/blog\/wp-content\/uploads\/2017\/05\/WhatsApp-Image-2017-04-08-at-13.07.22-1.jpeg?fit=678%2C381&ssl=1&resize=525%2C300 1.5x"},"classes":[]},{"id":1914,"url":"https:\/\/larevistadigital.com.ar\/blog\/las-autoridades-del-banco-nacion-aun-no-han-cambiado-la-bandera-que-corona-su-edificio\/","url_meta":{"origin":1753,"position":1},"title":"LAS AUTORIDADES DEL BANCO NACI\u00d3N A\u00daN NO HAN CAMBIADO LA BANDERA QUE CORONA SU EDIFICIO","author":"Alejandro Sosa Ruda","date":"8 abril, 2017","format":false,"excerpt":"A pesar de haber recibido una bandera nueva, y que seguramente habr\u00e1 alg\u00fan tipo de protocolo para hacer efectivo el cambio, a\u00fan se puede ver al frente del banco el \u00a0ajado pabell\u00f3n que corona el edificio. El d\u00eda 31 de marzo pasado, un ex combatiente de Malvinas se acerc\u00f3 a\u2026","rel":"","context":"En \u00abCHASCOM\u00daS\u00bb","block_context":{"text":"CHASCOM\u00daS","link":"https:\/\/larevistadigital.com.ar\/blog\/category\/chascomus\/"},"img":{"alt_text":"","src":"https:\/\/i0.wp.com\/larevistadigital.com.ar\/blog\/wp-content\/uploads\/2017\/04\/WhatsApp-Image-2017-04-08-at-13.07.22-1.jpeg?fit=766%2C760&ssl=1&resize=350%2C200","width":350,"height":200,"srcset":"https:\/\/i0.wp.com\/larevistadigital.com.ar\/blog\/wp-content\/uploads\/2017\/04\/WhatsApp-Image-2017-04-08-at-13.07.22-1.jpeg?fit=766%2C760&ssl=1&resize=350%2C200 1x, https:\/\/i0.wp.com\/larevistadigital.com.ar\/blog\/wp-content\/uploads\/2017\/04\/WhatsApp-Image-2017-04-08-at-13.07.22-1.jpeg?fit=766%2C760&ssl=1&resize=525%2C300 1.5x, https:\/\/i0.wp.com\/larevistadigital.com.ar\/blog\/wp-content\/uploads\/2017\/04\/WhatsApp-Image-2017-04-08-at-13.07.22-1.jpeg?fit=766%2C760&ssl=1&resize=700%2C400 2x"},"classes":[]},{"id":32744,"url":"https:\/\/larevistadigital.com.ar\/blog\/chascomus-clientes-indignados-porque-el-banco-nacion-no-abrio-sus-puertas-en-tiempo-y-forma-dejandolos-afuera-por-mas-de-una-hora-y-sin-dar-explicaciones\/","url_meta":{"origin":1753,"position":2},"title":"CHASCOM\u00daS: CLIENTES INDIGNADOS PORQUE EL BANCO NACI\u00d3N NO ABRI\u00d3 SUS PUERTAS EN TIEMPO Y FORMA, DEJANDOLOS AFUERA POR M\u00c1S DE UNA HORA Y SIN DAR EXPLICACIONES.","author":"Alejandro Sosa Ruda","date":"3 agosto, 2023","format":false,"excerpt":"La gente se enter\u00f3 por personal de limpieza y no fue contenida por nadie. El argumento fue que no hab\u00eda sistema y una p\u00e9rdida de agua. 3 de agosto de 2023 CHASCOM\u00daS -\u00a0 Varios vecinos, clientes del Banco Naci\u00f3n Sucursal Chascom\u00fas, se han puesto en contacto con nuestra redacci\u00f3n, a\u2026","rel":"","context":"En \u00abCHASCOM\u00daS\u00bb","block_context":{"text":"CHASCOM\u00daS","link":"https:\/\/larevistadigital.com.ar\/blog\/category\/chascomus\/"},"img":{"alt_text":"","src":"https:\/\/i0.wp.com\/larevistadigital.com.ar\/blog\/wp-content\/uploads\/2017\/04\/WhatsApp-Image-2017-04-08-at-13.07.22-4.jpeg?fit=864%2C1152&ssl=1&resize=350%2C200","width":350,"height":200,"srcset":"https:\/\/i0.wp.com\/larevistadigital.com.ar\/blog\/wp-content\/uploads\/2017\/04\/WhatsApp-Image-2017-04-08-at-13.07.22-4.jpeg?fit=864%2C1152&ssl=1&resize=350%2C200 1x, https:\/\/i0.wp.com\/larevistadigital.com.ar\/blog\/wp-content\/uploads\/2017\/04\/WhatsApp-Image-2017-04-08-at-13.07.22-4.jpeg?fit=864%2C1152&ssl=1&resize=525%2C300 1.5x, https:\/\/i0.wp.com\/larevistadigital.com.ar\/blog\/wp-content\/uploads\/2017\/04\/WhatsApp-Image-2017-04-08-at-13.07.22-4.jpeg?fit=864%2C1152&ssl=1&resize=700%2C400 2x"},"classes":[]},{"id":24903,"url":"https:\/\/larevistadigital.com.ar\/blog\/por-gestiones-de-la-bancaria-el-intendente-de-villa-gesell-solicito-al-gernete-del-banco-nacion-que-interceda-para-evitar-el-cierre-de-la-sucursal\/","url_meta":{"origin":1753,"position":3},"title":"POR GESTIONES DE LA BANCARIA: EL INTENDENTE DE VILLA GESELL SOLICITO AL GERNETE DEL BANCO NACI\u00d3N QUE INTERCEDA PARA EVITAR EL CIERRE DE LA SUCURSAL","author":"Alejandro Sosa Ruda","date":"29 marzo, 2022","format":false,"excerpt":"VILLA GESELL -\u00a0 Luego de las reuniones y encuentros con dirigentes Bancarios, el intendente de la localidad de Villa Gesell, Gustavo Barrera escribi\u00f3 una nota en la que solicita se cambie la determinaci\u00f3n de cerrar la sucursal del Banco Naci\u00f3n de la mencionada localidad, dado el inmenso perjuicio que ocasionaran\u2026","rel":"","context":"En \u00abINTERES GENERAL\u00bb","block_context":{"text":"INTERES GENERAL","link":"https:\/\/larevistadigital.com.ar\/blog\/category\/interes-general\/"},"img":{"alt_text":"","src":"https:\/\/i0.wp.com\/larevistadigital.com.ar\/blog\/wp-content\/uploads\/REUNION-BANCARIOS-EN-GESELL.jpg?fit=749%2C558&ssl=1&resize=350%2C200","width":350,"height":200,"srcset":"https:\/\/i0.wp.com\/larevistadigital.com.ar\/blog\/wp-content\/uploads\/REUNION-BANCARIOS-EN-GESELL.jpg?fit=749%2C558&ssl=1&resize=350%2C200 1x, https:\/\/i0.wp.com\/larevistadigital.com.ar\/blog\/wp-content\/uploads\/REUNION-BANCARIOS-EN-GESELL.jpg?fit=749%2C558&ssl=1&resize=525%2C300 1.5x, https:\/\/i0.wp.com\/larevistadigital.com.ar\/blog\/wp-content\/uploads\/REUNION-BANCARIOS-EN-GESELL.jpg?fit=749%2C558&ssl=1&resize=700%2C400 2x"},"classes":[]},{"id":23498,"url":"https:\/\/larevistadigital.com.ar\/blog\/acerca-de-malvinas-y-membretes-del-facebook-de-rodolfo-pertusi-ex-combatiente\/","url_meta":{"origin":1753,"position":4},"title":"\u00abACERCA DE MALVINAS Y MEMBRETES\u00bb (DEL FACEBOOK DE RODOLFO PERTUSI- EX COMBATIENTE)","author":"Alejandro Sosa Ruda","date":"22 enero, 2022","format":false,"excerpt":"Una reflexi\u00f3n de Rodolfo Pertusi, que nos permitimos publicar y compartir, ya que nos toc\u00f3 el alma. Nos conmovi\u00f3, y nos permiti\u00f3 observar lo m\u00e1s profundo de su coraz\u00f3n y el notable sentimiento de alguien que particip\u00f3 de la guerra, con todo lo que eso conlleva. Alguien que vivi\u00f3 el\u2026","rel":"","context":"En \u00abCHASCOM\u00daS\u00bb","block_context":{"text":"CHASCOM\u00daS","link":"https:\/\/larevistadigital.com.ar\/blog\/category\/chascomus\/"},"img":{"alt_text":"","src":"https:\/\/i0.wp.com\/larevistadigital.com.ar\/blog\/wp-content\/uploads\/272090628_1280833562403304_899783548748309120_n.jpg?fit=720%2C720&ssl=1&resize=350%2C200","width":350,"height":200,"srcset":"https:\/\/i0.wp.com\/larevistadigital.com.ar\/blog\/wp-content\/uploads\/272090628_1280833562403304_899783548748309120_n.jpg?fit=720%2C720&ssl=1&resize=350%2C200 1x, https:\/\/i0.wp.com\/larevistadigital.com.ar\/blog\/wp-content\/uploads\/272090628_1280833562403304_899783548748309120_n.jpg?fit=720%2C720&ssl=1&resize=525%2C300 1.5x, https:\/\/i0.wp.com\/larevistadigital.com.ar\/blog\/wp-content\/uploads\/272090628_1280833562403304_899783548748309120_n.jpg?fit=720%2C720&ssl=1&resize=700%2C400 2x"},"classes":[]},{"id":29271,"url":"https:\/\/larevistadigital.com.ar\/blog\/encuentran-muerto-y-maniatado-a-ex-combatiente-de-malvinas\/","url_meta":{"origin":1753,"position":5},"title":"ENCUENTRAN MUERTO Y MANIATADO A EX COMBATIENTE DE MALVINAS","author":"Alejandro Sosa Ruda","date":"6 diciembre, 2022","format":false,"excerpt":"Sucedi\u00f3 en Laferrere, partido de la Matanza.\u00a0Ten\u00eda 60 a\u00f1os y no presentaba heridas u otros signos de violencia visibles. 6 de diciembre de 2022 LA MATANZA -\u00a0 Un ex combatiente de Malvinas fue\u00a0hallado sin vida\u00a0en su domicilio de la localidad bonaerense de\u00a0Gregorio de Laferrere, partido de\u00a0La Matanza. El cuerpo estaba\u2026","rel":"","context":"En \u00abPOLICIALES\u00bb","block_context":{"text":"POLICIALES","link":"https:\/\/larevistadigital.com.ar\/blog\/category\/policiales\/"},"img":{"alt_text":"","src":"https:\/\/i0.wp.com\/larevistadigital.com.ar\/blog\/wp-content\/uploads\/ae09c938583d9c55a0aaa9b9e4545369abd724ee.jpg?fit=1140%2C691&ssl=1&resize=350%2C200","width":350,"height":200,"srcset":"https:\/\/i0.wp.com\/larevistadigital.com.ar\/blog\/wp-content\/uploads\/ae09c938583d9c55a0aaa9b9e4545369abd724ee.jpg?fit=1140%2C691&ssl=1&resize=350%2C200 1x, https:\/\/i0.wp.com\/larevistadigital.com.ar\/blog\/wp-content\/uploads\/ae09c938583d9c55a0aaa9b9e4545369abd724ee.jpg?fit=1140%2C691&ssl=1&resize=525%2C300 1.5x, https:\/\/i0.wp.com\/larevistadigital.com.ar\/blog\/wp-content\/uploads\/ae09c938583d9c55a0aaa9b9e4545369abd724ee.jpg?fit=1140%2C691&ssl=1&resize=700%2C400 2x, https:\/\/i0.wp.com\/larevistadigital.com.ar\/blog\/wp-content\/uploads\/ae09c938583d9c55a0aaa9b9e4545369abd724ee.jpg?fit=1140%2C691&ssl=1&resize=1050%2C600 3x"},"classes":[]}],"_links":{"self":[{"href":"https:\/\/larevistadigital.com.ar\/blog\/wp-json\/wp\/v2\/posts\/1753","targetHints":{"allow":["GET"]}}],"collection":[{"href":"https:\/\/larevistadigital.com.ar\/blog\/wp-json\/wp\/v2\/posts"}],"about":[{"href":"https:\/\/larevistadigital.com.ar\/blog\/wp-json\/wp\/v2\/types\/post"}],"author":[{"embeddable":true,"href":"https:\/\/larevistadigital.com.ar\/blog\/wp-json\/wp\/v2\/users\/3"}],"replies":[{"embeddable":true,"href":"https:\/\/larevistadigital.com.ar\/blog\/wp-json\/wp\/v2\/comments?post=1753"}],"version-history":[{"count":1,"href":"https:\/\/larevistadigital.com.ar\/blog\/wp-json\/wp\/v2\/posts\/1753\/revisions"}],"predecessor-version":[{"id":1755,"href":"https:\/\/larevistadigital.com.ar\/blog\/wp-json\/wp\/v2\/posts\/1753\/revisions\/1755"}],"wp:featuredmedia":[{"embeddable":true,"href":"https:\/\/larevistadigital.com.ar\/blog\/wp-json\/wp\/v2\/media\/1754"}],"wp:attachment":[{"href":"https:\/\/larevistadigital.com.ar\/blog\/wp-json\/wp\/v2\/media?parent=1753"}],"wp:term":[{"taxonomy":"category","embeddable":true,"href":"https:\/\/larevistadigital.com.ar\/blog\/wp-json\/wp\/v2\/categories?post=1753"},{"taxonomy":"post_tag","embeddable":true,"href":"https:\/\/larevistadigital.com.ar\/blog\/wp-json\/wp\/v2\/tags?post=1753"}],"curies":[{"name":"wp","href":"https:\/\/api.w.org\/{rel}","templated":true}]}}