{"id":1757,"date":"2017-04-01T21:38:01","date_gmt":"2017-04-01T21:38:01","guid":{"rendered":"https:\/\/larevistadigital.com.ar\/blog\/?p=1757"},"modified":"2017-04-01T21:43:17","modified_gmt":"2017-04-01T21:43:17","slug":"el-mercosur-activa-la-clausula-democratica-por-la-falta-de-separacion-de-poderes-en-venezuela","status":"publish","type":"post","link":"https:\/\/larevistadigital.com.ar\/blog\/el-mercosur-activa-la-clausula-democratica-por-la-falta-de-separacion-de-poderes-en-venezuela\/","title":{"rendered":"EL MERCOSUR ACTIVA LA \u201cCLAUSULA DEMOCR\u00c1TICA\u201d POR LA FALTA DE SEPARACI\u00d3N DE PODERES EN VENEZUELA"},"content":{"rendered":"<p><strong>Susana Malcorra<\/strong>, canciller de nuestro pa\u00eds, dio a conocer, junto a sus pares de Uruguay,\u00a0<strong>Rodolfo Nin Novoa<\/strong>, de Brasil,\u00a0<strong>Aloysio Nunes<\/strong>, y de Paraguay,\u00a0<strong>Eladio Loizaga<\/strong>, que el Mercosur\u00a0<strong>activ\u00f3 la cl\u00e1usula democr\u00e1tica<\/strong>\u00a0en Venezuela por \u00ab<strong>la falta de separaci\u00f3n de poderes<\/strong>\u00bb bajo el r\u00e9gimen de <strong>Nicol\u00e1s Maduro<\/strong>.<\/p>\n<blockquote>\n<h3><strong>Los cuatro cancilleres firmaron un documento, que pide <em>\u00abal Gobierno de Venezuela a\u00a0adoptar inmediatamente\u00a0medidas concretas, concertadas con la\u00a0oposici\u00f3n,\u00a0para asegurar la\u00a0efectiva separaci\u00f3n de poderes, el respeto del\u00a0Estado de Derecho, los\u00a0derechos humanos,\u00a0y el respeto de las instituciones\u00bb.<\/em><\/strong><\/h3>\n<\/blockquote>\n<p>Adem\u00e1s, exhorta al r\u00e9gimen bolivariano a <strong><em>\u00abrespetar el\u00a0cronograma electoral,\u00a0restablecer la\u00a0divisi\u00f3n\u00a0de poderes\u00a0y garantizar el pleno goce de los\u00a0derechos humanos,\u00a0las\u00a0garant\u00edas individuales\u00a0y las\u00a0libertades fundamentales\u00a0y\u00a0liberar a los presos pol\u00edticos\u00bb.<\/em><\/strong><\/p>\n<p>El canciller brasile\u00f1o,\u00a0<strong>Aloysio Nunes,<\/strong>\u00a0agreg\u00f3 que <strong><em>\u00abla democracia es un\u00a0pilar fundamental\u00a0de la creaci\u00f3n del Mercosur. Un pa\u00eds que se coloca\u00a0al margen de la democracia\u00a0no puede continuar a lo largo del tiempo siendo miembro del Mercosur\u00bb. \u00abEs un proceso que podr\u00eda llevar a la\u00a0expulsi\u00f3n,\u00a0pero espero que no suceda\u00bb<\/em><\/strong>, sentenci\u00f3.<\/p>\n<p><strong>\u00bfEN QU\u00c9 CONSISTE LA CL\u00c1USULA QUE ACTIV\u00d3 EL MERCOSUR CON VENEZUELA?<\/strong><\/p>\n<div class=\"row\">\n<div class=\" col-md-offset-1 col-md-10 col-xs-12 col-print-12\">\n<p class=\"element element-paragraph\">La Cl\u00e1usula Democr\u00e1tica del Mercosur -tambi\u00e9n conocida como Protocolo de Ushuaia- es un<strong> documento que establece la suspensi\u00f3n de cualquiera de sus integrantes en caso de ruptura del orden democr\u00e1tico<\/strong>. Fue suscrito originalmente por los miembros fundadores en 1998 en la capital de la provincia argentina de Tierra del Fuego y m\u00e1s tarde firmado por Bolivia y Chile.<\/p>\n<\/div>\n<\/div>\n<div class=\"row\">\n<div class=\" col-md-offset-1 col-md-10 col-xs-12 col-print-12\">\n<p class=\"element element-paragraph\">El s\u00e1bado, en una conferencia de prensa ofrecida por los cancilleres de Argentina, Uruguay, Brasil y Paraguay, El Mercosur activ\u00f3 la clausula democr\u00e1tica en Venezuela por la falta de separaci\u00f3n de poderes,\u00a0<strong>\u00a0bajo el r\u00e9gimen de Nicol\u00e1s Maduro.<\/strong><\/p>\n<\/div>\n<\/div>\n<div class=\"row\">\n<div class=\" col-md-offset-1 col-md-10 col-xs-12 col-print-12\">\n<p class=\"element element-paragraph\"><strong>Venezuela ratific\u00f3 su compromiso con el Protocolo de Ushuaia en 2005<\/strong>, antes de solicitar formalmente su ingreso al Mercosur en 2006, y de su completa integraci\u00f3n en el a\u00f1o 2012. De acuerdo con los cancilleres, la <strong>decisi\u00f3n del Tribunal Supremo de Justicia venezolano de asumir las funciones de la Asamblea Nacional rompe con ese principio.<\/strong><\/p>\n<div class=\"row\">\n<div class=\" col-md-offset-1 col-md-10 col-xs-12 col-print-12\">\n<p class=\"element element-paragraph\">El Protocolo de Usuahia contiene <strong>10 art\u00edculos<\/strong> que establecen c\u00f3mo se debe proceder ante la suspensi\u00f3n de cualquiera de los firmantes en caso de una ruptura del orden democr\u00e1tico. Entre ellos:<\/p>\n<\/div>\n<\/div>\n<div class=\"row\">\n<div class=\" col-md-offset-1 col-md-10 col-xs-12 col-print-12\">\n<p class=\"element element-paragraph\"><strong>-El Mercosur promover\u00e1 consultas entre s\u00ed y con el Estado en cuesti\u00f3n<\/strong> que, de resultar infructuosas, implicar\u00e1n consecuencias:<strong> desde la suspensi\u00f3n del bloque hasta sanciones econ\u00f3micas.<\/strong><\/p>\n<\/div>\n<\/div>\n<div class=\"row\">\n<div class=\" col-md-offset-1 col-md-10 col-xs-12 col-print-12\">\n<p class=\"element element-paragraph\">-Para que ese proceso se desarrolle, la decisi\u00f3n debe tomarse por <strong>consenso<\/strong> entre los pa\u00edses integrantes.<\/p>\n<\/div>\n<\/div>\n<div class=\"row\">\n<div class=\" col-md-offset-1 col-md-10 col-xs-12 col-print-12\">\n<p class=\"element element-paragraph\">\u2013<strong>Las medidas aplicadas cesar\u00e1n<\/strong> cuando se compruebe que se restableci\u00f3 el orden democr\u00e1tico.<\/p>\n<\/div>\n<\/div>\n<\/div>\n<\/div>\n","protected":false},"excerpt":{"rendered":"<div class=\"mh-excerpt\"><p>Susana Malcorra, canciller de nuestro pa\u00eds, dio a conocer, junto a sus pares de Uruguay,\u00a0Rodolfo Nin Novoa, de Brasil,\u00a0Aloysio Nunes, y de Paraguay,\u00a0Eladio Loizaga, que el Mercosur\u00a0activ\u00f3 la cl\u00e1usula democr\u00e1tica\u00a0en Venezuela por \u00abla falta de <a class=\"mh-excerpt-more\" href=\"https:\/\/larevistadigital.com.ar\/blog\/el-mercosur-activa-la-clausula-democratica-por-la-falta-de-separacion-de-poderes-en-venezuela\/\" title=\"EL MERCOSUR ACTIVA LA \u201cCLAUSULA DEMOCR\u00c1TICA\u201d POR LA FALTA DE SEPARACI\u00d3N DE PODERES EN VENEZUELA\">[Leer M\u00e1s]<\/a><\/p>\n<\/div>","protected":false},"author":3,"featured_media":1758,"comment_status":"open","ping_status":"open","sticky":false,"template":"","format":"standard","meta":{"_jetpack_memberships_contains_paid_content":false,"footnotes":"","jetpack_publicize_message":"","jetpack_publicize_feature_enabled":true,"jetpack_social_post_already_shared":true,"jetpack_social_options":{"image_generator_settings":{"template":"highway","default_image_id":0,"font":"","enabled":false},"version":2}},"categories":[41,25],"tags":[],"class_list":{"0":"post-1757","1":"post","2":"type-post","3":"status-publish","4":"format-standard","5":"has-post-thumbnail","7":"category-destacadas","8":"category-politica-nacional"},"jetpack_publicize_connections":[],"jetpack_featured_media_url":"https:\/\/i0.wp.com\/larevistadigital.com.ar\/blog\/wp-content\/uploads\/2017\/04\/BJkUidahe_830x500.jpg?fit=830%2C500&ssl=1","jetpack_sharing_enabled":true,"jetpack_shortlink":"https:\/\/wp.me\/p8qtrQ-sl","jetpack-related-posts":[{"id":1770,"url":"https:\/\/larevistadigital.com.ar\/blog\/por-la-presion-internacional-maduro-debio-dar-marcha-atras-con-el-golpe-en-venezuela\/","url_meta":{"origin":1757,"position":0},"title":"POR LA PRESI\u00d3N INTERNACIONAL, MADURO DEBI\u00d3 DAR MARCHA ATR\u00c1S CON EL GOLPE EN VENEZUELA","author":"Alejandro Sosa Ruda","date":"1 abril, 2017","format":false,"excerpt":"El Tribunal Supremo de Justicia emiti\u00f3 dos nuevas sentencias que devuelven las competencias a la Asamblea Nacional. As\u00ed se da marcha atr\u00e1s por la presi\u00f3n e indignaci\u00f3n internacional por el avasallamiento de Maduro El Tribunal Supremo de Justicia (TSJ) de Venezuela\u00a0revirti\u00f3 este s\u00e1bado su decisi\u00f3n de asumir las funciones del\u2026","rel":"","context":"En \u00abDESTACADAS\u00bb","block_context":{"text":"DESTACADAS","link":"https:\/\/larevistadigital.com.ar\/blog\/category\/destacadas\/"},"img":{"alt_text":"","src":"https:\/\/i0.wp.com\/larevistadigital.com.ar\/blog\/wp-content\/uploads\/2017\/04\/Actualidad_126499122_5237127_1706x960.jpg?fit=1200%2C675&ssl=1&resize=350%2C200","width":350,"height":200,"srcset":"https:\/\/i0.wp.com\/larevistadigital.com.ar\/blog\/wp-content\/uploads\/2017\/04\/Actualidad_126499122_5237127_1706x960.jpg?fit=1200%2C675&ssl=1&resize=350%2C200 1x, https:\/\/i0.wp.com\/larevistadigital.com.ar\/blog\/wp-content\/uploads\/2017\/04\/Actualidad_126499122_5237127_1706x960.jpg?fit=1200%2C675&ssl=1&resize=525%2C300 1.5x, https:\/\/i0.wp.com\/larevistadigital.com.ar\/blog\/wp-content\/uploads\/2017\/04\/Actualidad_126499122_5237127_1706x960.jpg?fit=1200%2C675&ssl=1&resize=700%2C400 2x, https:\/\/i0.wp.com\/larevistadigital.com.ar\/blog\/wp-content\/uploads\/2017\/04\/Actualidad_126499122_5237127_1706x960.jpg?fit=1200%2C675&ssl=1&resize=1050%2C600 3x"},"classes":[]},{"id":530,"url":"https:\/\/larevistadigital.com.ar\/blog\/los-tres-gremios-pidieron-distintos-aumentos-coincidieron-la-necesidad-una-clausula-gatillo-la-inflacion\/","url_meta":{"origin":1757,"position":1},"title":"Los tres gremios pidieron distintos aumentos pero coincidieron en la necesidad de una cl\u00e1usula gatillo por la inflaci\u00f3n","author":"editor","date":"4 marzo, 2017","format":false,"excerpt":"Reuni\u00f3n de la Mesa Salarial Municipal En la ma\u00f1ana del jueves pasado, el Secretario de Gobierno, Cipriano P\u00e9rez del Cerro, junto al Director de Recursos Humanos, Jos\u00e9 Yezza Ross, recibieron a los representantes gremiales. Durante la reuni\u00f3n se aprob\u00f3 el listado de recategorizaciones correspondientes al sector de la Secretar\u00eda de\u2026","rel":"","context":"En \u00abGREMIALES\u00bb","block_context":{"text":"GREMIALES","link":"https:\/\/larevistadigital.com.ar\/blog\/category\/gremiales\/"},"img":{"alt_text":"","src":"https:\/\/i0.wp.com\/larevistadigital.com.ar\/blog\/wp-content\/uploads\/2017\/03\/gremios_elfuerte_040317.jpg?fit=946%2C641&ssl=1&resize=350%2C200","width":350,"height":200,"srcset":"https:\/\/i0.wp.com\/larevistadigital.com.ar\/blog\/wp-content\/uploads\/2017\/03\/gremios_elfuerte_040317.jpg?fit=946%2C641&ssl=1&resize=350%2C200 1x, https:\/\/i0.wp.com\/larevistadigital.com.ar\/blog\/wp-content\/uploads\/2017\/03\/gremios_elfuerte_040317.jpg?fit=946%2C641&ssl=1&resize=525%2C300 1.5x, https:\/\/i0.wp.com\/larevistadigital.com.ar\/blog\/wp-content\/uploads\/2017\/03\/gremios_elfuerte_040317.jpg?fit=946%2C641&ssl=1&resize=700%2C400 2x"},"classes":[]},{"id":6749,"url":"https:\/\/larevistadigital.com.ar\/blog\/el-diputado-balbin-compartio-el-cierre-del-parlamento-juvenil-mercosur\/","url_meta":{"origin":1757,"position":2},"title":"EL DIPUTADO BALBIN COMPARTI\u00d3 EL CIERRE DEL PARLAMENTO JUVENIL MERCOSUR","author":"Alejandro Sosa Ruda","date":"7 octubre, 2018","format":false,"excerpt":"Emiliano Balb\u00edn comparti\u00f3 con los chicos el cierre del Parlamento Juvenil del Mercosur con la presencia de S\u00e1nchez Zinny, en el recinto de diputados, se eligieron las propuestas que representar\u00e1n a la provincia en la pr\u00f3xima etapa nacional \u201cLa participaci\u00f3n juvenil es muy importante para nosotros. Hay que aprender a\u2026","rel":"","context":"En \u00abPOLITICA\u00bb","block_context":{"text":"POLITICA","link":"https:\/\/larevistadigital.com.ar\/blog\/category\/politica\/"},"img":{"alt_text":"","src":"https:\/\/i0.wp.com\/larevistadigital.com.ar\/blog\/wp-content\/uploads\/2018\/10\/mail-1.jpg?fit=1024%2C768&ssl=1&resize=350%2C200","width":350,"height":200,"srcset":"https:\/\/i0.wp.com\/larevistadigital.com.ar\/blog\/wp-content\/uploads\/2018\/10\/mail-1.jpg?fit=1024%2C768&ssl=1&resize=350%2C200 1x, https:\/\/i0.wp.com\/larevistadigital.com.ar\/blog\/wp-content\/uploads\/2018\/10\/mail-1.jpg?fit=1024%2C768&ssl=1&resize=525%2C300 1.5x, https:\/\/i0.wp.com\/larevistadigital.com.ar\/blog\/wp-content\/uploads\/2018\/10\/mail-1.jpg?fit=1024%2C768&ssl=1&resize=700%2C400 2x"},"classes":[]},{"id":19107,"url":"https:\/\/larevistadigital.com.ar\/blog\/personal-estrategico-la-ministra-definio-quienes-se-pueden-saltar-la-fila\/","url_meta":{"origin":1757,"position":3},"title":"\u00abPERSONAL ESTRAT\u00c9GICO\u00bb LA MINISTRA DEFINI\u00d3 QUIENES SE PUEDEN \u00abSALTAR LA FILA\u00bb","author":"Alejandro Sosa Ruda","date":"1 marzo, 2021","format":false,"excerpt":"La resoluci\u00f3n, firmada por la ministra Carla Vizzotti, fija los par\u00e1metros para que personal de los tres poderes del Estado se inoculen. La ministra de Salud Carla Vizzotti firm\u00f3 este viernes la resoluci\u00f3n que delimita y acota la definici\u00f3n de \u201cpersonal estrat\u00e9gico\u201d que tiene prioridad para inocularse, luego de que\u2026","rel":"","context":"En \u00abINTERES GENERAL\u00bb","block_context":{"text":"INTERES GENERAL","link":"https:\/\/larevistadigital.com.ar\/blog\/category\/interes-general\/"},"img":{"alt_text":"","src":"https:\/\/i0.wp.com\/larevistadigital.com.ar\/blog\/wp-content\/uploads\/la-numero-dos-del-ministerio_O_1frsMDI_1200x630_1_1614353721.jpg?fit=1072%2C589&ssl=1&resize=350%2C200","width":350,"height":200,"srcset":"https:\/\/i0.wp.com\/larevistadigital.com.ar\/blog\/wp-content\/uploads\/la-numero-dos-del-ministerio_O_1frsMDI_1200x630_1_1614353721.jpg?fit=1072%2C589&ssl=1&resize=350%2C200 1x, https:\/\/i0.wp.com\/larevistadigital.com.ar\/blog\/wp-content\/uploads\/la-numero-dos-del-ministerio_O_1frsMDI_1200x630_1_1614353721.jpg?fit=1072%2C589&ssl=1&resize=525%2C300 1.5x, https:\/\/i0.wp.com\/larevistadigital.com.ar\/blog\/wp-content\/uploads\/la-numero-dos-del-ministerio_O_1frsMDI_1200x630_1_1614353721.jpg?fit=1072%2C589&ssl=1&resize=700%2C400 2x, https:\/\/i0.wp.com\/larevistadigital.com.ar\/blog\/wp-content\/uploads\/la-numero-dos-del-ministerio_O_1frsMDI_1200x630_1_1614353721.jpg?fit=1072%2C589&ssl=1&resize=1050%2C600 3x"},"classes":[]},{"id":44686,"url":"https:\/\/larevistadigital.com.ar\/blog\/kicillof-y-magario-reivindicaron-el-nunca-mas-y-cuestionaron-el-negacionismo\/","url_meta":{"origin":1757,"position":4},"title":"Kicillof y Magario reivindicaron el \u201cNunca M\u00e1s\u201d y cuestionaron el negacionismo","author":"Alejandro Sosa Ruda","date":"24 marzo, 2026","format":false,"excerpt":"El gobernador y la vicegobernadora bonaerense publicaron mensajes por el 24 de marzo con foco en la memoria, los derechos humanos y el impacto econ\u00f3mico de la dictadura. 24 de marzo de 2026 En el marco del\u00a0D\u00eda Nacional de la Memoria por la Verdad y la Justicia,\u00a0y al cumplirse 50\u2026","rel":"","context":"En \u00abINTERES GENERAL\u00bb","block_context":{"text":"INTERES GENERAL","link":"https:\/\/larevistadigital.com.ar\/blog\/category\/interes-general\/"},"img":{"alt_text":"","src":"https:\/\/i0.wp.com\/larevistadigital.com.ar\/blog\/wp-content\/uploads\/Captura-de-pantalla-2026-03-24-203014.jpg?fit=866%2C502&ssl=1&resize=350%2C200","width":350,"height":200,"srcset":"https:\/\/i0.wp.com\/larevistadigital.com.ar\/blog\/wp-content\/uploads\/Captura-de-pantalla-2026-03-24-203014.jpg?fit=866%2C502&ssl=1&resize=350%2C200 1x, https:\/\/i0.wp.com\/larevistadigital.com.ar\/blog\/wp-content\/uploads\/Captura-de-pantalla-2026-03-24-203014.jpg?fit=866%2C502&ssl=1&resize=525%2C300 1.5x, https:\/\/i0.wp.com\/larevistadigital.com.ar\/blog\/wp-content\/uploads\/Captura-de-pantalla-2026-03-24-203014.jpg?fit=866%2C502&ssl=1&resize=700%2C400 2x"},"classes":[]},{"id":5996,"url":"https:\/\/larevistadigital.com.ar\/blog\/conciencia-ambiental-y-separacion-de-residuos-la-escuela-recorre-la-planta\/","url_meta":{"origin":1757,"position":5},"title":"CONCIENCIA AMBIENTAL Y SEPARACI\u00d3N DE RESIDUOS: \u201cLA ESCUELA RECORRE LA PLANTA\u201d","author":"admin","date":"10 julio, 2018","format":false,"excerpt":"Desde la Direcci\u00f3n de Producci\u00f3n y Medio Ambiente se viene desarrollando un cronograma de visitas escolares a la Planta de Tratamiento de Residuos. Como parte de la promoci\u00f3n y difusi\u00f3n del Programa GIRSU, las instituciones y el Municipio trabajan de forma mancomunada para multiplicar el mensaje de la separaci\u00f3n de\u2026","rel":"","context":"En \u00abCASTELLI\u00bb","block_context":{"text":"CASTELLI","link":"https:\/\/larevistadigital.com.ar\/blog\/category\/castelli\/"},"img":{"alt_text":"","src":"https:\/\/i0.wp.com\/larevistadigital.com.ar\/blog\/wp-content\/uploads\/2018\/07\/36996940_10212138223270215_6028348871837483008_n-664x335.jpg?fit=664%2C335&ssl=1&resize=350%2C200","width":350,"height":200,"srcset":"https:\/\/i0.wp.com\/larevistadigital.com.ar\/blog\/wp-content\/uploads\/2018\/07\/36996940_10212138223270215_6028348871837483008_n-664x335.jpg?fit=664%2C335&ssl=1&resize=350%2C200 1x, https:\/\/i0.wp.com\/larevistadigital.com.ar\/blog\/wp-content\/uploads\/2018\/07\/36996940_10212138223270215_6028348871837483008_n-664x335.jpg?fit=664%2C335&ssl=1&resize=525%2C300 1.5x"},"classes":[]}],"_links":{"self":[{"href":"https:\/\/larevistadigital.com.ar\/blog\/wp-json\/wp\/v2\/posts\/1757","targetHints":{"allow":["GET"]}}],"collection":[{"href":"https:\/\/larevistadigital.com.ar\/blog\/wp-json\/wp\/v2\/posts"}],"about":[{"href":"https:\/\/larevistadigital.com.ar\/blog\/wp-json\/wp\/v2\/types\/post"}],"author":[{"embeddable":true,"href":"https:\/\/larevistadigital.com.ar\/blog\/wp-json\/wp\/v2\/users\/3"}],"replies":[{"embeddable":true,"href":"https:\/\/larevistadigital.com.ar\/blog\/wp-json\/wp\/v2\/comments?post=1757"}],"version-history":[{"count":3,"href":"https:\/\/larevistadigital.com.ar\/blog\/wp-json\/wp\/v2\/posts\/1757\/revisions"}],"predecessor-version":[{"id":1762,"href":"https:\/\/larevistadigital.com.ar\/blog\/wp-json\/wp\/v2\/posts\/1757\/revisions\/1762"}],"wp:featuredmedia":[{"embeddable":true,"href":"https:\/\/larevistadigital.com.ar\/blog\/wp-json\/wp\/v2\/media\/1758"}],"wp:attachment":[{"href":"https:\/\/larevistadigital.com.ar\/blog\/wp-json\/wp\/v2\/media?parent=1757"}],"wp:term":[{"taxonomy":"category","embeddable":true,"href":"https:\/\/larevistadigital.com.ar\/blog\/wp-json\/wp\/v2\/categories?post=1757"},{"taxonomy":"post_tag","embeddable":true,"href":"https:\/\/larevistadigital.com.ar\/blog\/wp-json\/wp\/v2\/tags?post=1757"}],"curies":[{"name":"wp","href":"https:\/\/api.w.org\/{rel}","templated":true}]}}