{"id":177,"date":"2017-02-12T02:11:04","date_gmt":"2017-02-12T02:11:04","guid":{"rendered":"https:\/\/larevistadigital.com.ar\/blog\/?p=177"},"modified":"2017-02-12T02:11:04","modified_gmt":"2017-02-12T02:11:04","slug":"claudio-ubeda-corazon-la-mano-nos-prepararemos-duro-estar-mucho-mejor","status":"publish","type":"post","link":"https:\/\/larevistadigital.com.ar\/blog\/claudio-ubeda-corazon-la-mano-nos-prepararemos-duro-estar-mucho-mejor\/","title":{"rendered":"Claudio Ubeda, con el coraz\u00f3n en la mano: \u00abNos prepararemos duro para estar mucho mejor\u00bb"},"content":{"rendered":"<h2>El entrenador de la selecci\u00f3n Sub 20 dijo que \u00absiempre\u00bb se hicieron \u00ablas cosas bien\u00bb<\/h2>\n<p>(DyN) &#8211; Luego de la clasificaci\u00f3n al <a class=\"tema topico sudamericano-sub-20\" title=\"Ver todas las notas de Sudamericano Sub 20\" href=\"http:\/\/www.lanacion.com.ar\/sudamericano-sub-20-t48988\">Mundial Sub 20<\/a> por el empate entre Brasil y Colombia, <a class=\"tema topico claudio-ubeda\" title=\"Ver todas las notas de Claudio Ubeda\" href=\"http:\/\/www.lanacion.com.ar\/claudio-ubeda-t57856\">Claudio Ubeda<\/a> , entrenador del seleccionado argentino, afirm\u00f3 que intentar\u00e1n prepararse \u00abduro para llegar mucho mejor\u00bb a ese torneo.<\/p>\n<aside class=\"banner caja2\" data-adpos=\"caja2\">\n<div id=\"eplAdDivcaja2\"><\/div>\n<\/aside>\n<p>\u00abNos prepararemos duro para estar mucho mejor en el Mundial de Corea\u00bb, se\u00f1al\u00f3 el conductor argentino, momentos antes de desatar el festejo junto a los futbolistas en el estadio Atahualpa de Quito, donde venci\u00f3 en primer turno a Venezuela por 2-0 y donde luego presenci\u00f3 el empate entre Brasil y Colombia, resultado que le dio el boleto al Mundial.<\/p>\n<p>Adem\u00e1s, Ubeda destac\u00f3 que su equipo \u00absiempre hizo las cosas bien\u00bb y que a\u00fan si quedaba fuera del certamen de Corea del Sur hubiera \u00abapoyado tranquilo la cabeza en la almohada\u00bb.<\/p>\n<aside class=\"banner caja3\" data-adpos=\"caja3\">\n<div id=\"eplAdDivcaja3\"><\/div>\n<\/aside>\n<p>\u00ab(La clasificaci\u00f3n) es lo que vinimos a buscar. Estos chicos sienten la camiseta como realmente la tienen que sentir los jugadores de la selecci\u00f3n\u00bb, afirm\u00f3. Adem\u00e1s, revel\u00f3: \u00abEn la charla les dije que se acuerden de las \u00e9pocas de gloria de la selecci\u00f3n, de Maradona, c\u00f3mo viv\u00eda la camiseta Batista, Pumpido, Messi, Mascherano, y que se reflejen en ellos\u00bb. \u00abLes tengo que agradecer a los jugadores\u00bb, finaliz\u00f3 quien conducir\u00e1 al conjunto albiceleste en Corea del Sur, entre el 20 de mayo y el 11 de junio.<\/p>\n<p><a href=\"https:\/\/i0.wp.com\/larevistadigital.com.ar\/blog\/wp-content\/uploads\/2017\/02\/sudamericano-sub-20-2359865w620.jpg?ssl=1\"><img data-recalc-dims=\"1\" loading=\"lazy\" decoding=\"async\" class=\"alignnone size-medium wp-image-178\" src=\"https:\/\/i0.wp.com\/larevistadigital.com.ar\/blog\/wp-content\/uploads\/2017\/02\/sudamericano-sub-20-2359865w620.jpg?resize=300%2C168&#038;ssl=1\" alt=\"\" width=\"300\" height=\"168\" srcset=\"https:\/\/i0.wp.com\/larevistadigital.com.ar\/blog\/wp-content\/uploads\/2017\/02\/sudamericano-sub-20-2359865w620.jpg?resize=300%2C168&amp;ssl=1 300w, https:\/\/i0.wp.com\/larevistadigital.com.ar\/blog\/wp-content\/uploads\/2017\/02\/sudamericano-sub-20-2359865w620.jpg?w=620&amp;ssl=1 620w\" sizes=\"auto, (max-width: 300px) 100vw, 300px\" \/><\/a><\/p>\n","protected":false},"excerpt":{"rendered":"<div class=\"mh-excerpt\"><p>El entrenador de la selecci\u00f3n Sub 20 dijo que \u00absiempre\u00bb se hicieron \u00ablas cosas bien\u00bb (DyN) &#8211; Luego de la clasificaci\u00f3n al Mundial Sub 20 por el empate entre Brasil y Colombia, Claudio Ubeda , <a class=\"mh-excerpt-more\" href=\"https:\/\/larevistadigital.com.ar\/blog\/claudio-ubeda-corazon-la-mano-nos-prepararemos-duro-estar-mucho-mejor\/\" title=\"Claudio Ubeda, con el coraz\u00f3n en la mano: \u00abNos prepararemos duro para estar mucho mejor\u00bb\">[Leer M\u00e1s]<\/a><\/p>\n<\/div>","protected":false},"author":2,"featured_media":178,"comment_status":"open","ping_status":"open","sticky":false,"template":"","format":"standard","meta":{"_jetpack_memberships_contains_paid_content":false,"footnotes":"","jetpack_publicize_message":"","jetpack_publicize_feature_enabled":true,"jetpack_social_post_already_shared":false,"jetpack_social_options":{"image_generator_settings":{"template":"highway","default_image_id":0,"font":"","enabled":false},"version":2}},"categories":[8],"tags":[],"class_list":{"0":"post-177","1":"post","2":"type-post","3":"status-publish","4":"format-standard","5":"has-post-thumbnail","7":"category-deportes"},"jetpack_publicize_connections":[],"jetpack_featured_media_url":"https:\/\/i0.wp.com\/larevistadigital.com.ar\/blog\/wp-content\/uploads\/2017\/02\/sudamericano-sub-20-2359865w620.jpg?fit=620%2C348&ssl=1","jetpack_sharing_enabled":true,"jetpack_shortlink":"https:\/\/wp.me\/p8qtrQ-2R","jetpack-related-posts":[{"id":35053,"url":"https:\/\/larevistadigital.com.ar\/blog\/manana-arranca-el-sueno-del-sub-23-con-la-mira-en-los-juegos-olimpicos\/","url_meta":{"origin":177,"position":0},"title":"MA\u00d1ANA ARRANCA EL SUE\u00d1O DEL SUB-23 CON LA MIRA EN LOS JUEGOS OL\u00cdMPICOS","author":"Alejandro Sosa Ruda","date":"20 enero, 2024","format":false,"excerpt":"El equipo de Javier Mascherano enfrenta a Paraguay en el debut. 20 de enero de 2023 El Seleccionado Argentino Sub-23 de f\u00fatbol, con\u00a0Javier Mascherano\u00a0como entrenador,\u00a0debutar\u00e1 este domingo ante Paraguay\u00a0en un partido de\u00a0la primera fecha del Grupo B del Torneo Preol\u00edmpico Sudamericano, que se juega en\u00a0Venezuela\u00a0y otorga dos plazas para los\u2026","rel":"","context":"En \u00abINTERES GENERAL\u00bb","block_context":{"text":"INTERES GENERAL","link":"https:\/\/larevistadigital.com.ar\/blog\/category\/interes-general\/"},"img":{"alt_text":"","src":"https:\/\/i0.wp.com\/larevistadigital.com.ar\/blog\/wp-content\/uploads\/Captura-de-pantalla-2024-01-20-133402.png?fit=895%2C508&ssl=1&resize=350%2C200","width":350,"height":200,"srcset":"https:\/\/i0.wp.com\/larevistadigital.com.ar\/blog\/wp-content\/uploads\/Captura-de-pantalla-2024-01-20-133402.png?fit=895%2C508&ssl=1&resize=350%2C200 1x, https:\/\/i0.wp.com\/larevistadigital.com.ar\/blog\/wp-content\/uploads\/Captura-de-pantalla-2024-01-20-133402.png?fit=895%2C508&ssl=1&resize=525%2C300 1.5x, https:\/\/i0.wp.com\/larevistadigital.com.ar\/blog\/wp-content\/uploads\/Captura-de-pantalla-2024-01-20-133402.png?fit=895%2C508&ssl=1&resize=700%2C400 2x"},"classes":[]},{"id":29570,"url":"https:\/\/larevistadigital.com.ar\/blog\/otro-campeon-mundial-un-toro-argentino-angus-fue-elegido-el-mejor-del-planeta\/","url_meta":{"origin":177,"position":1},"title":"OTRO CAMPE\u00d3N MUNDIAL: UN TORO ARGENTINO \u00abANGUS\u00bb FUE ELEGIDO EL MEJOR DEL PLANETA.","author":"Alejandro Sosa Ruda","date":"21 diciembre, 2022","format":false,"excerpt":"Se trata de Mateo, un ejemplar de la Caba\u00f1a Santa Rosa, de la localidad bonaerense de Indio Rico, que fue el Gran Campe\u00f3n de Palermo y tambi\u00e9n triunf\u00f3 antes en todas las competencias en las que se present\u00f3. 21 de diciembre de 2022 Mateo es un toro Angus que naci\u00f3\u2026","rel":"","context":"En \u00abINTERES GENERAL\u00bb","block_context":{"text":"INTERES GENERAL","link":"https:\/\/larevistadigital.com.ar\/blog\/category\/interes-general\/"},"img":{"alt_text":"","src":"https:\/\/i0.wp.com\/larevistadigital.com.ar\/blog\/wp-content\/uploads\/20221220174606_gcm-angus.jpg?fit=880%2C512&ssl=1&resize=350%2C200","width":350,"height":200,"srcset":"https:\/\/i0.wp.com\/larevistadigital.com.ar\/blog\/wp-content\/uploads\/20221220174606_gcm-angus.jpg?fit=880%2C512&ssl=1&resize=350%2C200 1x, https:\/\/i0.wp.com\/larevistadigital.com.ar\/blog\/wp-content\/uploads\/20221220174606_gcm-angus.jpg?fit=880%2C512&ssl=1&resize=525%2C300 1.5x, https:\/\/i0.wp.com\/larevistadigital.com.ar\/blog\/wp-content\/uploads\/20221220174606_gcm-angus.jpg?fit=880%2C512&ssl=1&resize=700%2C400 2x"},"classes":[]},{"id":41827,"url":"https:\/\/larevistadigital.com.ar\/blog\/dolor-en-el-futbol-argentino-a-los-69-anos-fallecio-miguel-angel-russo\/","url_meta":{"origin":177,"position":2},"title":"Dolor en el f\u00fatbol argentino: a los 69 a\u00f1os falleci\u00f3 Miguel \u00c1ngel Russo","author":"Alejandro Sosa Ruda","date":"8 octubre, 2025","format":false,"excerpt":"El hist\u00f3rico entrenador de Boca Juniors y referente del f\u00fatbol sudamericano muri\u00f3 este lunes, tras enfrentar una larga enfermedad. Su legado, su ejemplo y su pasi\u00f3n por el f\u00fatbol marcaron a generaciones. 08 de Octubre de 2025 El mundo del f\u00fatbol despide con profundo dolor a Miguel \u00c1ngel Russo, quien\u2026","rel":"","context":"En \u00abDEPORTES\u00bb","block_context":{"text":"DEPORTES","link":"https:\/\/larevistadigital.com.ar\/blog\/category\/deportes\/"},"img":{"alt_text":"","src":"https:\/\/i0.wp.com\/larevistadigital.com.ar\/blog\/wp-content\/uploads\/Captura-de-pantalla-2025-10-08-200648.jpg?fit=703%2C412&ssl=1&resize=350%2C200","width":350,"height":200,"srcset":"https:\/\/i0.wp.com\/larevistadigital.com.ar\/blog\/wp-content\/uploads\/Captura-de-pantalla-2025-10-08-200648.jpg?fit=703%2C412&ssl=1&resize=350%2C200 1x, https:\/\/i0.wp.com\/larevistadigital.com.ar\/blog\/wp-content\/uploads\/Captura-de-pantalla-2025-10-08-200648.jpg?fit=703%2C412&ssl=1&resize=525%2C300 1.5x, https:\/\/i0.wp.com\/larevistadigital.com.ar\/blog\/wp-content\/uploads\/Captura-de-pantalla-2025-10-08-200648.jpg?fit=703%2C412&ssl=1&resize=700%2C400 2x"},"classes":[]},{"id":24104,"url":"https:\/\/larevistadigital.com.ar\/blog\/emocion-mundial-el-reencuentro-de-bilardo-con-los-campeones-mundiales-de-1986\/","url_meta":{"origin":177,"position":3},"title":"EMOCI\u00d3N MUNDIAL: EL REENCUENTRO DE BILARDO CON LOS CAMPEONES MUNDIALES DE 1986","author":"Alejandro Sosa Ruda","date":"18 febrero, 2022","format":false,"excerpt":"El Doctor volvi\u00f3 a aparecer en una imagen compartida en las redes, ahora posando con su\u00a0Licencia Honor\u00edfica de Entrenador de Conmebol. \u201c\u00a1Enorme alegr\u00eda haberle entregado la Licencia Honor\u00edfica de Entrenador de Conmebol a mi querido amigo, el doctor Carlos Bilardo! Uno de los muchos reconocimientos que se merece este inigualable\u2026","rel":"","context":"En \u00abINTERES GENERAL\u00bb","block_context":{"text":"INTERES GENERAL","link":"https:\/\/larevistadigital.com.ar\/blog\/category\/interes-general\/"},"img":{"alt_text":"","src":"https:\/\/i0.wp.com\/larevistadigital.com.ar\/blog\/wp-content\/uploads\/PRSK3YPWA5EPTAYDTCEWIKEMHE.jpg?fit=767%2C430&ssl=1&resize=350%2C200","width":350,"height":200,"srcset":"https:\/\/i0.wp.com\/larevistadigital.com.ar\/blog\/wp-content\/uploads\/PRSK3YPWA5EPTAYDTCEWIKEMHE.jpg?fit=767%2C430&ssl=1&resize=350%2C200 1x, https:\/\/i0.wp.com\/larevistadigital.com.ar\/blog\/wp-content\/uploads\/PRSK3YPWA5EPTAYDTCEWIKEMHE.jpg?fit=767%2C430&ssl=1&resize=525%2C300 1.5x, https:\/\/i0.wp.com\/larevistadigital.com.ar\/blog\/wp-content\/uploads\/PRSK3YPWA5EPTAYDTCEWIKEMHE.jpg?fit=767%2C430&ssl=1&resize=700%2C400 2x"},"classes":[]},{"id":29066,"url":"https:\/\/larevistadigital.com.ar\/blog\/qatar-2022-scaloni-dijo-a-la-gente-le-pido-que-confie\/","url_meta":{"origin":177,"position":4},"title":"QATAR 2022: SCALONI DIJO \u00abA LA GENTE, LE PIDO QUE CONF\u00cdE\u00bb","author":"Alejandro Sosa Ruda","date":"25 noviembre, 2022","format":false,"excerpt":"El entrenador argentino dijo que el grupo ya est\u00e1 recuperado de la derrota contra Arabia y que no va a cambiar la manera de jugar pese al debut fallido. 25 de noviembre de 2022 QATAR -\u00a0 El DT de la selecci\u00f3n argentina, Lionel Scaloni, habl\u00f3 en conferencia de prensa en\u2026","rel":"","context":"En \u00abDEPORTES\u00bb","block_context":{"text":"DEPORTES","link":"https:\/\/larevistadigital.com.ar\/blog\/category\/deportes\/"},"img":{"alt_text":"","src":"https:\/\/i0.wp.com\/larevistadigital.com.ar\/blog\/wp-content\/uploads\/637bb22baa072.jpeg?fit=800%2C600&ssl=1&resize=350%2C200","width":350,"height":200,"srcset":"https:\/\/i0.wp.com\/larevistadigital.com.ar\/blog\/wp-content\/uploads\/637bb22baa072.jpeg?fit=800%2C600&ssl=1&resize=350%2C200 1x, https:\/\/i0.wp.com\/larevistadigital.com.ar\/blog\/wp-content\/uploads\/637bb22baa072.jpeg?fit=800%2C600&ssl=1&resize=525%2C300 1.5x, https:\/\/i0.wp.com\/larevistadigital.com.ar\/blog\/wp-content\/uploads\/637bb22baa072.jpeg?fit=800%2C600&ssl=1&resize=700%2C400 2x"},"classes":[]},{"id":25431,"url":"https:\/\/larevistadigital.com.ar\/blog\/roland-garros-schwartzman-avanzo-a-octavos-y-probablemente-se-cruce-con-djokovic\/","url_meta":{"origin":177,"position":5},"title":"ROLAND GARR\u00d3S: SCHWARTZMAN AVANZ\u00d3 A OCTAVOS Y PROBABLEMENTE SE CRUCE CON DJOKOVIC","author":"Alejandro Sosa Ruda","date":"27 mayo, 2022","format":false,"excerpt":"El argentino se impuso en tres sets al b\u00falgaro Grigor Dimitrov y mantiene viva su ilusi\u00f3n en Roland Garros. En la siguiente ronda podr\u00eda encontrarse con el n\u00famero uno del mundo. PAR\u00cdS, FRANCIA -\u00a0 El argentino Diego Schwartzman (15) arroll\u00f3 este viernes al b\u00falgaro Grigor Dimitrov (21 del mundo) en\u2026","rel":"","context":"En \u00abDEPORTES\u00bb","block_context":{"text":"DEPORTES","link":"https:\/\/larevistadigital.com.ar\/blog\/category\/deportes\/"},"img":{"alt_text":"","src":"https:\/\/i0.wp.com\/larevistadigital.com.ar\/blog\/wp-content\/uploads\/PEQUE-SCHWARTZMAN.png?fit=779%2C508&ssl=1&resize=350%2C200","width":350,"height":200,"srcset":"https:\/\/i0.wp.com\/larevistadigital.com.ar\/blog\/wp-content\/uploads\/PEQUE-SCHWARTZMAN.png?fit=779%2C508&ssl=1&resize=350%2C200 1x, https:\/\/i0.wp.com\/larevistadigital.com.ar\/blog\/wp-content\/uploads\/PEQUE-SCHWARTZMAN.png?fit=779%2C508&ssl=1&resize=525%2C300 1.5x, https:\/\/i0.wp.com\/larevistadigital.com.ar\/blog\/wp-content\/uploads\/PEQUE-SCHWARTZMAN.png?fit=779%2C508&ssl=1&resize=700%2C400 2x"},"classes":[]}],"_links":{"self":[{"href":"https:\/\/larevistadigital.com.ar\/blog\/wp-json\/wp\/v2\/posts\/177","targetHints":{"allow":["GET"]}}],"collection":[{"href":"https:\/\/larevistadigital.com.ar\/blog\/wp-json\/wp\/v2\/posts"}],"about":[{"href":"https:\/\/larevistadigital.com.ar\/blog\/wp-json\/wp\/v2\/types\/post"}],"author":[{"embeddable":true,"href":"https:\/\/larevistadigital.com.ar\/blog\/wp-json\/wp\/v2\/users\/2"}],"replies":[{"embeddable":true,"href":"https:\/\/larevistadigital.com.ar\/blog\/wp-json\/wp\/v2\/comments?post=177"}],"version-history":[{"count":1,"href":"https:\/\/larevistadigital.com.ar\/blog\/wp-json\/wp\/v2\/posts\/177\/revisions"}],"predecessor-version":[{"id":179,"href":"https:\/\/larevistadigital.com.ar\/blog\/wp-json\/wp\/v2\/posts\/177\/revisions\/179"}],"wp:featuredmedia":[{"embeddable":true,"href":"https:\/\/larevistadigital.com.ar\/blog\/wp-json\/wp\/v2\/media\/178"}],"wp:attachment":[{"href":"https:\/\/larevistadigital.com.ar\/blog\/wp-json\/wp\/v2\/media?parent=177"}],"wp:term":[{"taxonomy":"category","embeddable":true,"href":"https:\/\/larevistadigital.com.ar\/blog\/wp-json\/wp\/v2\/categories?post=177"},{"taxonomy":"post_tag","embeddable":true,"href":"https:\/\/larevistadigital.com.ar\/blog\/wp-json\/wp\/v2\/tags?post=177"}],"curies":[{"name":"wp","href":"https:\/\/api.w.org\/{rel}","templated":true}]}}