{"id":180,"date":"2017-02-12T02:13:03","date_gmt":"2017-02-12T02:13:03","guid":{"rendered":"https:\/\/larevistadigital.com.ar\/blog\/?p=180"},"modified":"2017-02-12T02:13:03","modified_gmt":"2017-02-12T02:13:03","slug":"barcelona-goleo-6-0-alaves-marco-4-tantos-9-minutos-lionel-messi-tercero","status":"publish","type":"post","link":"https:\/\/larevistadigital.com.ar\/blog\/barcelona-goleo-6-0-alaves-marco-4-tantos-9-minutos-lionel-messi-tercero\/","title":{"rendered":"Barcelona gole\u00f3 6-0 a Alav\u00e9s y marc\u00f3 4 tantos en 9 minutos: Lionel Messi hizo el tercero"},"content":{"rendered":"<h2>Los catalanes se impusieron como visitantes en lo que fue un adelanto de la final de la Copa del Rey.<\/h2>\n<p class=\"primero\">VICTORIA.- Barcelona gole\u00f3 6-0 a Alav\u00e9s como visitante en lo que fue un anticipo de lo que ser\u00e1 la final de la Copa del Rey en mayo y sigue como \u00fanico escolta de la Liga de Espa\u00f1a , a un punto de Real Madrid, que hoy venci\u00f3 3-1 a Osasuna y tiene dos partidos menos.<\/p>\n<aside class=\"banner caja2\" data-adpos=\"caja2\">\n<div id=\"eplAdDivcaja2\"><\/div>\n<\/aside>\n<p>Lionel Messi marc\u00f3 el tercer gol de los catalanes y gener\u00f3 el cuarto que fue en contra de Alexis. Luis Su\u00e1rez (2), Neymar y Rakitic hicieron los otros cuatro tantos. Barcelona marc\u00f3 cuatro goles en nueve minutos: entre los 14 y los 23 minutos del segundo tiempo logr\u00f3 el tercero, cuarto, quinto y sexto grito de la tarde.<\/p>\n<figure class=\"S encolumnada\">\n<div class=\"conModal f-imagenRelacionada\" data-notaid=\"1983545\" data-imagenid=\"2359643\" data-tipo=\"imagen\" data-extension=\"jpg\" data-esrelacionada=\"0\"><img data-recalc-dims=\"1\" decoding=\"async\" id=\"imagen_2359643\" class=\"f-sinGif alignleft\" src=\"https:\/\/i0.wp.com\/bucket1.glanacion.com\/anexos\/fotos\/43\/liga-de-espana-2359643w280.jpg\" alt=\"Messi\" data-imagenid=\"2359643\" \/><\/div><figcaption id=\"epigrafe2359643\">Messi.<\/figcaption><\/figure>\n<p>El equipo de Luis Enrique suma 48 puntos, unos menos que Real Madrid (49), que tiene dos partidos menos. Sevilla, que juega ma\u00f1ana, es tercero con 43.<\/p>\n","protected":false},"excerpt":{"rendered":"<div class=\"mh-excerpt\"><p>Los catalanes se impusieron como visitantes en lo que fue un adelanto de la final de la Copa del Rey. VICTORIA.- Barcelona gole\u00f3 6-0 a Alav\u00e9s como visitante en lo que fue un anticipo de <a class=\"mh-excerpt-more\" href=\"https:\/\/larevistadigital.com.ar\/blog\/barcelona-goleo-6-0-alaves-marco-4-tantos-9-minutos-lionel-messi-tercero\/\" title=\"Barcelona gole\u00f3 6-0 a Alav\u00e9s y marc\u00f3 4 tantos en 9 minutos: Lionel Messi hizo el tercero\">[Leer M\u00e1s]<\/a><\/p>\n<\/div>","protected":false},"author":2,"featured_media":181,"comment_status":"open","ping_status":"open","sticky":false,"template":"","format":"standard","meta":{"_jetpack_memberships_contains_paid_content":false,"footnotes":"","jetpack_publicize_message":"","jetpack_publicize_feature_enabled":true,"jetpack_social_post_already_shared":false,"jetpack_social_options":{"image_generator_settings":{"template":"highway","default_image_id":0,"font":"","enabled":false},"version":2}},"categories":[8],"tags":[],"class_list":{"0":"post-180","1":"post","2":"type-post","3":"status-publish","4":"format-standard","5":"has-post-thumbnail","7":"category-deportes"},"jetpack_publicize_connections":[],"jetpack_featured_media_url":"https:\/\/i0.wp.com\/larevistadigital.com.ar\/blog\/wp-content\/uploads\/2017\/02\/MES.jpg?fit=640%2C360&ssl=1","jetpack_sharing_enabled":true,"jetpack_shortlink":"https:\/\/wp.me\/p8qtrQ-2U","jetpack-related-posts":[{"id":12079,"url":"https:\/\/larevistadigital.com.ar\/blog\/messi-fue-dado-de-alta-y-jugara-en-el-debut-del-barsa-en-la-champions-league\/","url_meta":{"origin":180,"position":0},"title":"MESSI FUE DADO DE ALTA Y JUGAR\u00c1 EN EL DEBUT DEL BARSA EN LA CHAMPIONS LEAGUE","author":"Alejandro Sosa Ruda","date":"16 septiembre, 2019","format":false,"excerpt":"Lionel Messi recibi\u00f3 este lunes el alta m\u00e9dica de su lesi\u00f3n muscular en la pierna derecha y de inmediato fue convocado para viajar este lunes a Alemania, donde Barcelona debutar\u00e1 este martes ante Borussia Dortmund la fase de grupos de la Champions League. Messi se recuper\u00f3 de su lesi\u00f3n en\u2026","rel":"","context":"En \u00abDEPORTES\u00bb","block_context":{"text":"DEPORTES","link":"https:\/\/larevistadigital.com.ar\/blog\/category\/deportes\/"},"img":{"alt_text":"","src":"https:\/\/i0.wp.com\/larevistadigital.com.ar\/blog\/wp-content\/uploads\/0036929230.jpg?fit=1140%2C640&ssl=1&resize=350%2C200","width":350,"height":200,"srcset":"https:\/\/i0.wp.com\/larevistadigital.com.ar\/blog\/wp-content\/uploads\/0036929230.jpg?fit=1140%2C640&ssl=1&resize=350%2C200 1x, https:\/\/i0.wp.com\/larevistadigital.com.ar\/blog\/wp-content\/uploads\/0036929230.jpg?fit=1140%2C640&ssl=1&resize=525%2C300 1.5x, https:\/\/i0.wp.com\/larevistadigital.com.ar\/blog\/wp-content\/uploads\/0036929230.jpg?fit=1140%2C640&ssl=1&resize=700%2C400 2x, https:\/\/i0.wp.com\/larevistadigital.com.ar\/blog\/wp-content\/uploads\/0036929230.jpg?fit=1140%2C640&ssl=1&resize=1050%2C600 3x"},"classes":[]},{"id":34267,"url":"https:\/\/larevistadigital.com.ar\/blog\/record-mundial-messi-gano-su-octavo-balon-de-oro-e-hizo-historia\/","url_meta":{"origin":180,"position":1},"title":"RECORD MUNDIAL: MESSI GAN\u00d3 SU OCTAVO BAL\u00d3N DE ORO E HIZO HISTORIA","author":"Alejandro Sosa Ruda","date":"31 octubre, 2023","format":false,"excerpt":"Lionel Messi volvi\u00f3 a ser elegido, por octava vez, como el mejor jugador del mundo. Dibu Mart\u00ednez mejor arquero y Juli\u00e1n \u00c1lvarez qued\u00f3 s\u00e9ptimo. 31 de Octubre de 2023 Lionel Messi\u00a0gan\u00f3 su octavo\u00a0Bal\u00f3n de Oro\u00a0este lunes en\u00a0Par\u00eds. En el d\u00eda del cumplea\u00f1os de\u00a0Diego Maradona, el rosarino volvi\u00f3 a levantar el\u2026","rel":"","context":"En \u00abDESTACADAS\u00bb","block_context":{"text":"DESTACADAS","link":"https:\/\/larevistadigital.com.ar\/blog\/category\/destacadas\/"},"img":{"alt_text":"","src":"https:\/\/i0.wp.com\/larevistadigital.com.ar\/blog\/wp-content\/uploads\/Captura-de-pantalla-2023-10-31-123853.png?fit=840%2C476&ssl=1&resize=350%2C200","width":350,"height":200,"srcset":"https:\/\/i0.wp.com\/larevistadigital.com.ar\/blog\/wp-content\/uploads\/Captura-de-pantalla-2023-10-31-123853.png?fit=840%2C476&ssl=1&resize=350%2C200 1x, https:\/\/i0.wp.com\/larevistadigital.com.ar\/blog\/wp-content\/uploads\/Captura-de-pantalla-2023-10-31-123853.png?fit=840%2C476&ssl=1&resize=525%2C300 1.5x, https:\/\/i0.wp.com\/larevistadigital.com.ar\/blog\/wp-content\/uploads\/Captura-de-pantalla-2023-10-31-123853.png?fit=840%2C476&ssl=1&resize=700%2C400 2x"},"classes":[]},{"id":21393,"url":"https:\/\/larevistadigital.com.ar\/blog\/bomba-mundial-lionel-messi-dejo-de-ser-jugador-del-barcelona\/","url_meta":{"origin":180,"position":2},"title":"BOMBA MUNDIAL: LIONEL MESSI DEJ\u00d3 DE SER JUGADOR DEL BARCELONA","author":"Alejandro Sosa Ruda","date":"5 agosto, 2021","format":false,"excerpt":"Lo confirm\u00f3 el club espa\u00f1ol a trav\u00e9s de un comunicado. La instituci\u00f3n sostuvo que el contrato \"no se podr\u00e1 formalizar debido a obst\u00e1culos econ\u00f3micos y estructurales (normativa de LaLiga espa\u00f1ola)\". El\u00a0FC\u00a0Barcelona\u00a0inform\u00f3 este jueves que\u00a0Lionel Messi\u00a0dejar\u00e1 el club en el que juega desde el inicio de su carrera a pesar de\u2026","rel":"","context":"En \u00abDEPORTES\u00bb","block_context":{"text":"DEPORTES","link":"https:\/\/larevistadigital.com.ar\/blog\/category\/deportes\/"},"img":{"alt_text":"","src":"https:\/\/i0.wp.com\/larevistadigital.com.ar\/blog\/wp-content\/uploads\/Messi1-scaled-1.jpg?fit=1200%2C715&ssl=1&resize=350%2C200","width":350,"height":200,"srcset":"https:\/\/i0.wp.com\/larevistadigital.com.ar\/blog\/wp-content\/uploads\/Messi1-scaled-1.jpg?fit=1200%2C715&ssl=1&resize=350%2C200 1x, https:\/\/i0.wp.com\/larevistadigital.com.ar\/blog\/wp-content\/uploads\/Messi1-scaled-1.jpg?fit=1200%2C715&ssl=1&resize=525%2C300 1.5x, https:\/\/i0.wp.com\/larevistadigital.com.ar\/blog\/wp-content\/uploads\/Messi1-scaled-1.jpg?fit=1200%2C715&ssl=1&resize=700%2C400 2x, https:\/\/i0.wp.com\/larevistadigital.com.ar\/blog\/wp-content\/uploads\/Messi1-scaled-1.jpg?fit=1200%2C715&ssl=1&resize=1050%2C600 3x"},"classes":[]},{"id":1695,"url":"https:\/\/larevistadigital.com.ar\/blog\/ultimo-momento-messi-sancionado-4-fechas\/","url_meta":{"origin":180,"position":3},"title":"ULTIMO MOMENTO: MESSI SANCIONADO. 4 FECHAS","author":"Alejandro Sosa Ruda","date":"28 marzo, 2017","format":false,"excerpt":"El futbolista Lionel Messi fue sancionado por la FIFA muy duramente. Le aplicaron 4 fechas de suspensi\u00f3n por infracci\u00f3n a los art\u00edculos 77 y 108 \u00a0del C\u00f3digo de disciplina de la FIFA. De esta manera, el mejor futbolista del mundo se perder\u00e1 de jugar junto al seleccionado nacional las pr\u00f3ximas\u2026","rel":"","context":"En \u00abDESTACADAS\u00bb","block_context":{"text":"DESTACADAS","link":"https:\/\/larevistadigital.com.ar\/blog\/category\/destacadas\/"},"img":{"alt_text":"","src":"https:\/\/i0.wp.com\/larevistadigital.com.ar\/blog\/wp-content\/uploads\/2017\/03\/ST_20170325_SPTARG_3030037.jpg?fit=1200%2C800&ssl=1&resize=350%2C200","width":350,"height":200,"srcset":"https:\/\/i0.wp.com\/larevistadigital.com.ar\/blog\/wp-content\/uploads\/2017\/03\/ST_20170325_SPTARG_3030037.jpg?fit=1200%2C800&ssl=1&resize=350%2C200 1x, https:\/\/i0.wp.com\/larevistadigital.com.ar\/blog\/wp-content\/uploads\/2017\/03\/ST_20170325_SPTARG_3030037.jpg?fit=1200%2C800&ssl=1&resize=525%2C300 1.5x, https:\/\/i0.wp.com\/larevistadigital.com.ar\/blog\/wp-content\/uploads\/2017\/03\/ST_20170325_SPTARG_3030037.jpg?fit=1200%2C800&ssl=1&resize=700%2C400 2x, https:\/\/i0.wp.com\/larevistadigital.com.ar\/blog\/wp-content\/uploads\/2017\/03\/ST_20170325_SPTARG_3030037.jpg?fit=1200%2C800&ssl=1&resize=1050%2C600 3x"},"classes":[]},{"id":25534,"url":"https:\/\/larevistadigital.com.ar\/blog\/argentina-con-categoria-supero-por-3-a-0-a-italia-y-se-consagro-campeon-de-la-finalissima\/","url_meta":{"origin":180,"position":4},"title":"ARGENTINA CON CATEGOR\u00cdA SUPER\u00d3 POR 3 A 0 A ITALIA Y SE CONSAGR\u00d3 CAMPE\u00d3N DE LA \u00abFINALISSIMA\u00bb","author":"Alejandro Sosa Ruda","date":"1 junio, 2022","format":false,"excerpt":"Con goles de Lautaro Mart\u00ednez, \u00c1ngel Di Mar\u00eda y Paulo Dybala, el conjunto dirigido por Lionel Scaloni se alz\u00f3 con el trofeo en tierras inglesas. La Selecci\u00f3n argentina\u00a0super\u00f3 hoy a Italia por 3-0 tras una gran exhibici\u00f3n de f\u00fatbol y se consagr\u00f3 campe\u00f3n de la Finalissima en el m\u00edtico estadio\u2026","rel":"","context":"En \u00abDEPORTES\u00bb","block_context":{"text":"DEPORTES","link":"https:\/\/larevistadigital.com.ar\/blog\/category\/deportes\/"},"img":{"alt_text":"","src":"https:\/\/i0.wp.com\/larevistadigital.com.ar\/blog\/wp-content\/uploads\/1654118779926.jpg?fit=1200%2C594&ssl=1&resize=350%2C200","width":350,"height":200,"srcset":"https:\/\/i0.wp.com\/larevistadigital.com.ar\/blog\/wp-content\/uploads\/1654118779926.jpg?fit=1200%2C594&ssl=1&resize=350%2C200 1x, https:\/\/i0.wp.com\/larevistadigital.com.ar\/blog\/wp-content\/uploads\/1654118779926.jpg?fit=1200%2C594&ssl=1&resize=525%2C300 1.5x, https:\/\/i0.wp.com\/larevistadigital.com.ar\/blog\/wp-content\/uploads\/1654118779926.jpg?fit=1200%2C594&ssl=1&resize=700%2C400 2x, https:\/\/i0.wp.com\/larevistadigital.com.ar\/blog\/wp-content\/uploads\/1654118779926.jpg?fit=1200%2C594&ssl=1&resize=1050%2C600 3x"},"classes":[]},{"id":14109,"url":"https:\/\/larevistadigital.com.ar\/blog\/video-con-resumen-y-goles-atletico-madrid-dio-vuelta-un-partidazo-y-dejo-afuera-al-barsa\/","url_meta":{"origin":180,"position":5},"title":"[VIDEO CON RESUMEN Y GOLES] ATL\u00c9TICO MADRID DIO VUELTA UN PARTIDAZO Y DEJ\u00d3 AFUERA AL BARSA","author":"Alejandro Sosa Ruda","date":"9 enero, 2020","format":false,"excerpt":"El Atl\u00e9tico Madrid se meti\u00f3 in extremis\u00a0este jueves en la\u00a0final\u00a0de la\u00a0Supercopa de Espa\u00f1a\u00a0tras remontar un partido incre\u00edble que le gan\u00f3\u00a03-2\u00a0al\u00a0Barcelona\u00a0en la semifinal disputada en el estadio King Abdullah de la ciudad saud\u00ed de Yed\u00e1. Koke abri\u00f3 el marcador para los rojiblancos (46), pero poco despu\u00e9s Lionel Messi\u00a0igual\u00f3 (51) y Antoine\u2026","rel":"","context":"En \u00abDEPORTES\u00bb","block_context":{"text":"DEPORTES","link":"https:\/\/larevistadigital.com.ar\/blog\/category\/deportes\/"},"img":{"alt_text":"","src":"https:\/\/i0.wp.com\/larevistadigital.com.ar\/blog\/wp-content\/uploads\/atletico-madrid-barcelona-supercopa-ap-09012020.jpg?fit=650%2C446&ssl=1&resize=350%2C200","width":350,"height":200,"srcset":"https:\/\/i0.wp.com\/larevistadigital.com.ar\/blog\/wp-content\/uploads\/atletico-madrid-barcelona-supercopa-ap-09012020.jpg?fit=650%2C446&ssl=1&resize=350%2C200 1x, https:\/\/i0.wp.com\/larevistadigital.com.ar\/blog\/wp-content\/uploads\/atletico-madrid-barcelona-supercopa-ap-09012020.jpg?fit=650%2C446&ssl=1&resize=525%2C300 1.5x"},"classes":[]}],"_links":{"self":[{"href":"https:\/\/larevistadigital.com.ar\/blog\/wp-json\/wp\/v2\/posts\/180","targetHints":{"allow":["GET"]}}],"collection":[{"href":"https:\/\/larevistadigital.com.ar\/blog\/wp-json\/wp\/v2\/posts"}],"about":[{"href":"https:\/\/larevistadigital.com.ar\/blog\/wp-json\/wp\/v2\/types\/post"}],"author":[{"embeddable":true,"href":"https:\/\/larevistadigital.com.ar\/blog\/wp-json\/wp\/v2\/users\/2"}],"replies":[{"embeddable":true,"href":"https:\/\/larevistadigital.com.ar\/blog\/wp-json\/wp\/v2\/comments?post=180"}],"version-history":[{"count":1,"href":"https:\/\/larevistadigital.com.ar\/blog\/wp-json\/wp\/v2\/posts\/180\/revisions"}],"predecessor-version":[{"id":182,"href":"https:\/\/larevistadigital.com.ar\/blog\/wp-json\/wp\/v2\/posts\/180\/revisions\/182"}],"wp:featuredmedia":[{"embeddable":true,"href":"https:\/\/larevistadigital.com.ar\/blog\/wp-json\/wp\/v2\/media\/181"}],"wp:attachment":[{"href":"https:\/\/larevistadigital.com.ar\/blog\/wp-json\/wp\/v2\/media?parent=180"}],"wp:term":[{"taxonomy":"category","embeddable":true,"href":"https:\/\/larevistadigital.com.ar\/blog\/wp-json\/wp\/v2\/categories?post=180"},{"taxonomy":"post_tag","embeddable":true,"href":"https:\/\/larevistadigital.com.ar\/blog\/wp-json\/wp\/v2\/tags?post=180"}],"curies":[{"name":"wp","href":"https:\/\/api.w.org\/{rel}","templated":true}]}}