{"id":18067,"date":"2020-12-11T13:25:48","date_gmt":"2020-12-11T13:25:48","guid":{"rendered":"https:\/\/larevistadigital.com.ar\/blog\/?p=18067"},"modified":"2020-12-11T13:25:48","modified_gmt":"2020-12-11T13:25:48","slug":"river-dio-un-gran-paso-en-la-ida-ante-nacional","status":"publish","type":"post","link":"https:\/\/larevistadigital.com.ar\/blog\/river-dio-un-gran-paso-en-la-ida-ante-nacional\/","title":{"rendered":"RIVER DIO UN GRAN PASO EN LA IDA ANTE NACIONAL"},"content":{"rendered":"<h2 class=\"intro\">En la ida de los cuartos de final, el equipo de Gallardo derrot\u00f3 2-0 a los uruguayos en cancha de Independiente.<\/h2>\n<p><strong>River Plate\u00a0<\/strong>qued\u00f3 a un paso de las semifinales de la Copa Libertadores, tras vencer a\u00a0<strong>Nacional de Montevideo por 2 a 0,\u00a0<\/strong>en el partido de ida de los cuartos de final de la Copa Libertadores que se disput\u00f3 esta noche en la cancha de Independiente.<\/p>\n<blockquote>\n<h3>River se podr\u00eda haber ido al descanso del entretiempo ganando 2 a 0,<strong>\u00a0pero primero la indolencia del colombiano Rafael Santos Borr\u00e9 para ejecutar un tiro penal a los 41 minutos,\u00a0<\/strong>contenido por el arquero Sergio Rochet sin moverse del centro del arco; y cuatro m\u00e1s tarde el VAR, al referir un offside \u00absuperfino\u00bb de Mat\u00edas Su\u00e1rez, que hab\u00eda definido magn\u00edficamente de zurda mirando hacia otro lado, se lo terminaron impidiendo.<\/h3>\n<\/blockquote>\n<p>Claro que antes hubo 40 minutos de un partido intenso, en el que <strong>Marcelo Gallardo<\/strong> sorprendi\u00f3 alineando como titulares a <strong>Leonardo Ponzio, Fabricio Angileri y Jorge Carrascal<\/strong> en lugar del contagiado de coronavirus<strong> Enzo P\u00e9rez<\/strong>, el \u00faltimamente irresoluto <strong>Milton Casco<\/strong> y el poco eficiente <strong>Javier Pinola<\/strong>.<\/p>\n<blockquote>\n<h3>Esto afirm\u00f3 entonces un 4-4-2 bien marcado, con Ponzio e Ignacio Fern\u00e1ndez, otro que tampoco ven\u00eda bien, jugando por adentro, y Nicol\u00e1s De la Cruz y Carrascal a derecha e izquierda, respectivamente.<\/h3>\n<\/blockquote>\n<p>Claro que a la hora de atacar los volantes ten\u00edan por delante a Santos Borr\u00e9 y Su\u00e1rez que, con movilidad, aparec\u00edan por ambos costados o por el centro permanentemente, desconcertando a la defensa uruguaya.<\/p>\n<p>Pero River era uno atacando y otro defendiendo, ya que las proyecciones de <strong>Angileri y Montiel<\/strong> no encontraban eco en los relevos de los dos volantes externos, por lo que ambos terminaban pagando en alguna contra, sobre todo por el lado del ex Godoy Cruz, que sufr\u00eda al veloz <strong>Alfonso Trezza<\/strong>.<\/p>\n<blockquote><p><strong>Los que en cambio lo pasaban algo mejor eran los centrales Robert Rojas y Paulo D\u00edaz (se lo devoraron al argentino Gonzalo Bergessio), que parecen encaminarse a la consolidaci\u00f3n como dupla central en desmedro de un Pinola que est\u00e1 por debajo de ambos sobre todo en velocidad.<\/strong><\/p><\/blockquote>\n<p>La apuesta de <strong>Gallardo<\/strong> fue un premio a los buenos presentes de <strong>Angileri y Carrascal<\/strong>, que en cada contacto con el bal\u00f3n demostraba toda su calidad, esa que lo llev\u00f3 a decir al \u00abMu\u00f1eco\u00bb la semana pasada que era el futbolista \u00abcon m\u00e1s talento del f\u00fatbol argentino\u00bb.<\/p>\n","protected":false},"excerpt":{"rendered":"<div class=\"mh-excerpt\"><p>En la ida de los cuartos de final, el equipo de Gallardo derrot\u00f3 2-0 a los uruguayos en cancha de Independiente. River Plate\u00a0qued\u00f3 a un paso de las semifinales de la Copa Libertadores, tras vencer <a class=\"mh-excerpt-more\" href=\"https:\/\/larevistadigital.com.ar\/blog\/river-dio-un-gran-paso-en-la-ida-ante-nacional\/\" title=\"RIVER DIO UN GRAN PASO EN LA IDA ANTE NACIONAL\">[Leer M\u00e1s]<\/a><\/p>\n<\/div>","protected":false},"author":3,"featured_media":18068,"comment_status":"open","ping_status":"open","sticky":false,"template":"","format":"standard","meta":{"_jetpack_memberships_contains_paid_content":false,"footnotes":"","jetpack_publicize_message":"","jetpack_publicize_feature_enabled":true,"jetpack_social_post_already_shared":true,"jetpack_social_options":{"image_generator_settings":{"template":"highway","default_image_id":0,"font":"","enabled":false},"version":2}},"categories":[8,50],"tags":[],"class_list":{"0":"post-18067","1":"post","2":"type-post","3":"status-publish","4":"format-standard","5":"has-post-thumbnail","7":"category-deportes","8":"category-interes-general"},"jetpack_publicize_connections":[],"jetpack_featured_media_url":"https:\/\/i0.wp.com\/larevistadigital.com.ar\/blog\/wp-content\/uploads\/Screenshot_2-120.jpg?fit=1002%2C559&ssl=1","jetpack_sharing_enabled":true,"jetpack_shortlink":"https:\/\/wp.me\/p8qtrQ-4Hp","jetpack-related-posts":[{"id":25440,"url":"https:\/\/larevistadigital.com.ar\/blog\/se-sortearon-los-octavos-de-la-copa-libertadores-como-son-los-partidos-de-los-equipos-argentinos\/","url_meta":{"origin":18067,"position":0},"title":"SE SORTEARON LOS OCTAVOS DE LA COPA LIBERTADORES: \u00bfCOMO SON LOS PARTIDOS DE LOS EQUIPOS ARGENTINOS?","author":"Alejandro Sosa Ruda","date":"27 mayo, 2022","format":false,"excerpt":"River, Boca, Estudiantes, Col\u00f3n, Talleres y V\u00e9lez buscar\u00e1n el gran trofeo continental. River, Boca, Estudiantes, Col\u00f3n, V\u00e9lez y Talleres conocen sus rivales para los octavos de final de la Copa Libertadores 2022, tras el sorteo realizado este viernes en la sede de Conmebol ubicada en Luque, Paraguay. River, segundo mejor\u2026","rel":"","context":"En \u00abDESTACADAS\u00bb","block_context":{"text":"DESTACADAS","link":"https:\/\/larevistadigital.com.ar\/blog\/category\/destacadas\/"},"img":{"alt_text":"","src":"https:\/\/i0.wp.com\/larevistadigital.com.ar\/blog\/wp-content\/uploads\/COPA.jpg?fit=1200%2C675&ssl=1&resize=350%2C200","width":350,"height":200,"srcset":"https:\/\/i0.wp.com\/larevistadigital.com.ar\/blog\/wp-content\/uploads\/COPA.jpg?fit=1200%2C675&ssl=1&resize=350%2C200 1x, https:\/\/i0.wp.com\/larevistadigital.com.ar\/blog\/wp-content\/uploads\/COPA.jpg?fit=1200%2C675&ssl=1&resize=525%2C300 1.5x, https:\/\/i0.wp.com\/larevistadigital.com.ar\/blog\/wp-content\/uploads\/COPA.jpg?fit=1200%2C675&ssl=1&resize=700%2C400 2x, https:\/\/i0.wp.com\/larevistadigital.com.ar\/blog\/wp-content\/uploads\/COPA.jpg?fit=1200%2C675&ssl=1&resize=1050%2C600 3x"},"classes":[]},{"id":42209,"url":"https:\/\/larevistadigital.com.ar\/blog\/river-vs-independiente-rivadavia-hora-tv-y-formaciones-del-choque-en-cordoba\/","url_meta":{"origin":18067,"position":1},"title":"River vs. Independiente Rivadavia: hora, TV y formaciones del choque en C\u00f3rdoba","author":"Alejandro Sosa Ruda","date":"24 octubre, 2025","format":false,"excerpt":"River e Independiente Rivadavia se miden por un lugar en la final del torneo m\u00e1s federal del pa\u00eds. El encuentro ser\u00e1 en C\u00f3rdoba. 24 de Octubre de 2025 River Plate e Independiente Rivadavia\u00a0se enfrentar\u00e1n este viernes a las 22:15 en el estadio Mario Alberto Kempes de C\u00f3rdoba, en busca de\u2026","rel":"","context":"En \u00abDEPORTES\u00bb","block_context":{"text":"DEPORTES","link":"https:\/\/larevistadigital.com.ar\/blog\/category\/deportes\/"},"img":{"alt_text":"","src":"https:\/\/i0.wp.com\/larevistadigital.com.ar\/blog\/wp-content\/uploads\/Captura-de-pantalla-2025-10-24-123222.jpg?fit=797%2C431&ssl=1&resize=350%2C200","width":350,"height":200,"srcset":"https:\/\/i0.wp.com\/larevistadigital.com.ar\/blog\/wp-content\/uploads\/Captura-de-pantalla-2025-10-24-123222.jpg?fit=797%2C431&ssl=1&resize=350%2C200 1x, https:\/\/i0.wp.com\/larevistadigital.com.ar\/blog\/wp-content\/uploads\/Captura-de-pantalla-2025-10-24-123222.jpg?fit=797%2C431&ssl=1&resize=525%2C300 1.5x, https:\/\/i0.wp.com\/larevistadigital.com.ar\/blog\/wp-content\/uploads\/Captura-de-pantalla-2025-10-24-123222.jpg?fit=797%2C431&ssl=1&resize=700%2C400 2x"},"classes":[]},{"id":24833,"url":"https:\/\/larevistadigital.com.ar\/blog\/copa-libertadores-aca-los-grupos-y-las-fechas-hasta-la-final-y-habra-choque-argentino\/","url_meta":{"origin":18067,"position":2},"title":"COPA LIBERTADORES, AC\u00c1 LOS GRUPOS Y LAS FECHAS HASTA LA FINAL (Y HABR\u00c1 CHOQUE ARGENTINO)","author":"Alejandro Sosa Ruda","date":"26 marzo, 2022","format":false,"excerpt":"El Xeneize y el Millonario son cabezas de serie de los grupos E y F; V\u00e9lez y Estudiantes comparten la zona C y el Sabalero fue al grupo G con Pe\u00f1arol y los dos grandes de Paraguay. Talleres al H, con Flamengo. La espera termin\u00f3: se realiz\u00f3 en Paraguay el\u2026","rel":"","context":"En \u00abDEPORTES\u00bb","block_context":{"text":"DEPORTES","link":"https:\/\/larevistadigital.com.ar\/blog\/category\/deportes\/"},"img":{"alt_text":"","src":"https:\/\/i0.wp.com\/larevistadigital.com.ar\/blog\/wp-content\/uploads\/libertadores-2022.jpg?fit=680%2C680&ssl=1&resize=350%2C200","width":350,"height":200,"srcset":"https:\/\/i0.wp.com\/larevistadigital.com.ar\/blog\/wp-content\/uploads\/libertadores-2022.jpg?fit=680%2C680&ssl=1&resize=350%2C200 1x, https:\/\/i0.wp.com\/larevistadigital.com.ar\/blog\/wp-content\/uploads\/libertadores-2022.jpg?fit=680%2C680&ssl=1&resize=525%2C300 1.5x"},"classes":[]},{"id":20382,"url":"https:\/\/larevistadigital.com.ar\/blog\/river-hizo-historia-en-un-derroche-de-epica-y-amor-propio-enzo-perez-un-gladiador\/","url_meta":{"origin":18067,"position":3},"title":"RIVER, HIZO HISTORIA EN UN DERROCHE DE \u00c9PICA Y AMOR PROPIO. ENZO PEREZ UN GLADIADOR","author":"Alejandro Sosa Ruda","date":"20 mayo, 2021","format":false,"excerpt":"El Millonario, que tuvo al mediocampista con los guantes puestos, venci\u00f3 2-1 a los colombianos gracias a los goles de Angileri y \u00c1lvarez y es puntero del Grupo D de la Copa Libertadores de Am\u00e9rica. Parec\u00eda imposible, pero lo hizo. Con Enzo P\u00e9rez en el arco y sin suplentes, venci\u00f3\u2026","rel":"","context":"En \u00abDEPORTES\u00bb","block_context":{"text":"DEPORTES","link":"https:\/\/larevistadigital.com.ar\/blog\/category\/deportes\/"},"img":{"alt_text":"","src":"https:\/\/i0.wp.com\/larevistadigital.com.ar\/blog\/wp-content\/uploads\/enzo-2.jpg?fit=1200%2C1200&ssl=1&resize=350%2C200","width":350,"height":200,"srcset":"https:\/\/i0.wp.com\/larevistadigital.com.ar\/blog\/wp-content\/uploads\/enzo-2.jpg?fit=1200%2C1200&ssl=1&resize=350%2C200 1x, https:\/\/i0.wp.com\/larevistadigital.com.ar\/blog\/wp-content\/uploads\/enzo-2.jpg?fit=1200%2C1200&ssl=1&resize=525%2C300 1.5x, https:\/\/i0.wp.com\/larevistadigital.com.ar\/blog\/wp-content\/uploads\/enzo-2.jpg?fit=1200%2C1200&ssl=1&resize=700%2C400 2x, https:\/\/i0.wp.com\/larevistadigital.com.ar\/blog\/wp-content\/uploads\/enzo-2.jpg?fit=1200%2C1200&ssl=1&resize=1050%2C600 3x"},"classes":[]},{"id":23305,"url":"https:\/\/larevistadigital.com.ar\/blog\/se-sorteo-la-copa-de-la-liga\/","url_meta":{"origin":18067,"position":4},"title":"SE SORTE\u00d3 LA COPA DE LA LIGA","author":"Alejandro Sosa Ruda","date":"12 enero, 2022","format":false,"excerpt":"Se realiz\u00f3 esta tarde el sorteo de las zonas y el fixture de la Copa de la Liga, el torneo de primera divisi\u00f3n del f\u00fatbol argentino que comenzar\u00e1 el fin de semana del 11 de febrero, una semana despu\u00e9s de lo pautado debido al aumento de contagios de Covid-19. En\u2026","rel":"","context":"En \u00abDEPORTES\u00bb","block_context":{"text":"DEPORTES","link":"https:\/\/larevistadigital.com.ar\/blog\/category\/deportes\/"},"img":{"alt_text":"","src":"https:\/\/i0.wp.com\/larevistadigital.com.ar\/blog\/wp-content\/uploads\/copa-de-la-liga-profesional-2022-sorteojpg.jpg?fit=1200%2C675&ssl=1&resize=350%2C200","width":350,"height":200,"srcset":"https:\/\/i0.wp.com\/larevistadigital.com.ar\/blog\/wp-content\/uploads\/copa-de-la-liga-profesional-2022-sorteojpg.jpg?fit=1200%2C675&ssl=1&resize=350%2C200 1x, https:\/\/i0.wp.com\/larevistadigital.com.ar\/blog\/wp-content\/uploads\/copa-de-la-liga-profesional-2022-sorteojpg.jpg?fit=1200%2C675&ssl=1&resize=525%2C300 1.5x, https:\/\/i0.wp.com\/larevistadigital.com.ar\/blog\/wp-content\/uploads\/copa-de-la-liga-profesional-2022-sorteojpg.jpg?fit=1200%2C675&ssl=1&resize=700%2C400 2x, https:\/\/i0.wp.com\/larevistadigital.com.ar\/blog\/wp-content\/uploads\/copa-de-la-liga-profesional-2022-sorteojpg.jpg?fit=1200%2C675&ssl=1&resize=1050%2C600 3x"},"classes":[]},{"id":26539,"url":"https:\/\/larevistadigital.com.ar\/blog\/hoy-a-las-16-hs-estudiantes-se-mide-con-belgrano-por-la-copa-argentina\/","url_meta":{"origin":18067,"position":5},"title":"HOY A LAS 16 HS. ESTUDIANTES SE MIDE CON BELGRANO POR LA COPA ARGENTINA","author":"Alejandro Sosa Ruda","date":"13 julio, 2022","format":false,"excerpt":"El Pincha\u00a0se enfrentar\u00e1 al conjunto cordob\u00e9s este mi\u00e9rcoles a las 16 y si logra llevarse la victoria quedar\u00e1 en octavos de final del certamen nacional. LA PLATA -\u00a0 Estudiantes jugar\u00e1 este mi\u00e9rcoles frente a Belgrano de C\u00f3rdoba por los 16avos de la Copa Argentina y buscar\u00e1 ganar para avanzar de\u2026","rel":"","context":"En \u00abDEPORTES\u00bb","block_context":{"text":"DEPORTES","link":"https:\/\/larevistadigital.com.ar\/blog\/category\/deportes\/"},"img":{"alt_text":"","src":"https:\/\/i0.wp.com\/larevistadigital.com.ar\/blog\/wp-content\/uploads\/1649382818676.jpg?fit=1200%2C594&ssl=1&resize=350%2C200","width":350,"height":200,"srcset":"https:\/\/i0.wp.com\/larevistadigital.com.ar\/blog\/wp-content\/uploads\/1649382818676.jpg?fit=1200%2C594&ssl=1&resize=350%2C200 1x, https:\/\/i0.wp.com\/larevistadigital.com.ar\/blog\/wp-content\/uploads\/1649382818676.jpg?fit=1200%2C594&ssl=1&resize=525%2C300 1.5x, https:\/\/i0.wp.com\/larevistadigital.com.ar\/blog\/wp-content\/uploads\/1649382818676.jpg?fit=1200%2C594&ssl=1&resize=700%2C400 2x, https:\/\/i0.wp.com\/larevistadigital.com.ar\/blog\/wp-content\/uploads\/1649382818676.jpg?fit=1200%2C594&ssl=1&resize=1050%2C600 3x"},"classes":[]}],"_links":{"self":[{"href":"https:\/\/larevistadigital.com.ar\/blog\/wp-json\/wp\/v2\/posts\/18067","targetHints":{"allow":["GET"]}}],"collection":[{"href":"https:\/\/larevistadigital.com.ar\/blog\/wp-json\/wp\/v2\/posts"}],"about":[{"href":"https:\/\/larevistadigital.com.ar\/blog\/wp-json\/wp\/v2\/types\/post"}],"author":[{"embeddable":true,"href":"https:\/\/larevistadigital.com.ar\/blog\/wp-json\/wp\/v2\/users\/3"}],"replies":[{"embeddable":true,"href":"https:\/\/larevistadigital.com.ar\/blog\/wp-json\/wp\/v2\/comments?post=18067"}],"version-history":[{"count":1,"href":"https:\/\/larevistadigital.com.ar\/blog\/wp-json\/wp\/v2\/posts\/18067\/revisions"}],"predecessor-version":[{"id":18069,"href":"https:\/\/larevistadigital.com.ar\/blog\/wp-json\/wp\/v2\/posts\/18067\/revisions\/18069"}],"wp:featuredmedia":[{"embeddable":true,"href":"https:\/\/larevistadigital.com.ar\/blog\/wp-json\/wp\/v2\/media\/18068"}],"wp:attachment":[{"href":"https:\/\/larevistadigital.com.ar\/blog\/wp-json\/wp\/v2\/media?parent=18067"}],"wp:term":[{"taxonomy":"category","embeddable":true,"href":"https:\/\/larevistadigital.com.ar\/blog\/wp-json\/wp\/v2\/categories?post=18067"},{"taxonomy":"post_tag","embeddable":true,"href":"https:\/\/larevistadigital.com.ar\/blog\/wp-json\/wp\/v2\/tags?post=18067"}],"curies":[{"name":"wp","href":"https:\/\/api.w.org\/{rel}","templated":true}]}}