{"id":18215,"date":"2020-12-21T11:08:27","date_gmt":"2020-12-21T11:08:27","guid":{"rendered":"https:\/\/larevistadigital.com.ar\/blog\/?p=18215"},"modified":"2020-12-24T23:27:49","modified_gmt":"2020-12-24T23:27:49","slug":"escandalo-encubierto-que-esta-pasando-en-el-howard-jhonson-de-chascomus","status":"publish","type":"post","link":"https:\/\/larevistadigital.com.ar\/blog\/escandalo-encubierto-que-esta-pasando-en-el-howard-jhonson-de-chascomus\/","title":{"rendered":"ESC\u00c1NDALO ENCUBIERTO&#8230; \u00bfQU\u00c9 EST\u00c1 PASANDO EN EL HOWARD JOHNSON DE CHASCOM\u00daS?"},"content":{"rendered":"<p>De un tiempo a esta parte, estamos recibiendo mensajes de empleados, y ex empleados del lujoso Hotel, en donde se plantean todo tipo de situaciones desagradables, que no solo han provocado renuncias, sino que adem\u00e1s hay personas con tratamiento psiqui\u00e1trico, con trastornos f\u00edsicos y mentales luego de soportar cosas que parecen estar \u00abbajo la alfombra\u00bb, pero cada vez son m\u00e1s dif\u00edciles de ocultar.<\/p>\n<blockquote>\n<h3>La gran coincidencia, adem\u00e1s de las acciones de maltrato, es a qui\u00e9n se sindica como el autor y responsable de estas y el constante hostigamiento: Jorge Ramallo, el nombrado Administrador del Fideicomiso.<\/h3>\n<\/blockquote>\n<p>Nos resulta por dem\u00e1s incomprensible, como una instituci\u00f3n que es una franquicia, permite contar en uno de los Hoteles con una persona que provoca todo tipo de discordia, e inclusive comete actos totalmente ilegales, como tener personal trabajando \u00aben negro\u00bb.<\/p>\n<blockquote>\n<h3>Las actitudes de Ramallo, son preocupantes e intolerables. Somete al mal trato al personal, siendo uno de los fiduciarios que la administraci\u00f3n\u00a0 ha puesto para que colabore con el Gerente.<\/h3>\n<\/blockquote>\n<p>Ente otras cosas, grita al personal, se cree m\u00e1s que los dem\u00e1s, los humilla y maltrata a\u00fan delante de los hu\u00e9spedes, somete a los empleados, principalmente al personal femenino, inclusive revis\u00e1ndole los bolsos y objetos personales en p\u00fablico.<\/p>\n<blockquote>\n<h3>Cuentan los afectados, que Tanto Ramallo, como su mujer, generaron que un par de trabajadoras renunciaran, ya que no toleraban m\u00e1s humillaciones. Algunos est\u00e1n padeciendo enfermedades profesionales, fruto del acoso y maltrato de Ramallo.<\/h3>\n<\/blockquote>\n<p>Tiene una actitud totalmente mis\u00f3gina, que ha llegado a provocar crisis de angustia y ansiedad en varias trabajadoras del Hotel.<\/p>\n<blockquote><p><strong>Lo peor de todo, es que la actitud pasiva de la gerencia, hace que los trabajadores est\u00e9n a merced de este hombre que los maltrata a su gusto. \u00bfTendr\u00e1n idea quienes han puesto a este individuo en esa posici\u00f3n, de los actos que comete contra las personas, y contra la misma imagen del hotel?<\/strong><\/p><\/blockquote>\n<p>Los casos son reales, y varias de las v\u00edctimas del proceder de este se\u00f1or, ni siquiera pueden terminar de narrar los hechos sin quebrarse en llanto. Algunos, dicen que ni por todo el oro del mundo volver\u00edan a trabajar en el <strong>Howard Johnson<\/strong>, y otros, lamentan y sufren esta realidad, ya que les encanta el trabajo, pero con <strong>Ramallo<\/strong> en el lugar, no volver\u00e1n.<\/p>\n<blockquote>\n<h3>Nosotros seguiremos con este tema, que es inhumano e inaceptable. Esperemos que quienes pusieron a este hombre en ese lugar, lo quiten de manera inmediata, antes que alguien termine con alg\u00fan padecimiento grave, que no solo tendr\u00e1 a Ramallo como responsable, sino que tambi\u00e9n perjudicar\u00e1 a quienes gerencian el Hotel, ya que tendr\u00edan que hacerse cargo.<\/h3>\n<\/blockquote>\n<p>&nbsp;<\/p>\n","protected":false},"excerpt":{"rendered":"<div class=\"mh-excerpt\"><p>De un tiempo a esta parte, estamos recibiendo mensajes de empleados, y ex empleados del lujoso Hotel, en donde se plantean todo tipo de situaciones desagradables, que no solo han provocado renuncias, sino que adem\u00e1s <a class=\"mh-excerpt-more\" href=\"https:\/\/larevistadigital.com.ar\/blog\/escandalo-encubierto-que-esta-pasando-en-el-howard-jhonson-de-chascomus\/\" title=\"ESC\u00c1NDALO ENCUBIERTO&#8230; \u00bfQU\u00c9 EST\u00c1 PASANDO EN EL HOWARD JOHNSON DE CHASCOM\u00daS?\">[Leer M\u00e1s]<\/a><\/p>\n<\/div>","protected":false},"author":3,"featured_media":18224,"comment_status":"open","ping_status":"open","sticky":false,"template":"","format":"standard","meta":{"_jetpack_memberships_contains_paid_content":false,"footnotes":"","jetpack_publicize_message":"","jetpack_publicize_feature_enabled":true,"jetpack_social_post_already_shared":true,"jetpack_social_options":{"image_generator_settings":{"template":"highway","default_image_id":0,"font":"","enabled":false},"version":2}},"categories":[41],"tags":[],"class_list":{"0":"post-18215","1":"post","2":"type-post","3":"status-publish","4":"format-standard","5":"has-post-thumbnail","7":"category-destacadas"},"jetpack_publicize_connections":[],"jetpack_featured_media_url":"https:\/\/i0.wp.com\/larevistadigital.com.ar\/blog\/wp-content\/uploads\/900x600.jpg?fit=900%2C540&ssl=1","jetpack_sharing_enabled":true,"jetpack_shortlink":"https:\/\/wp.me\/p8qtrQ-4JN","jetpack-related-posts":[{"id":2059,"url":"https:\/\/larevistadigital.com.ar\/blog\/suspenden-a-tres-empleados-en-la-anses-de-chascomus\/","url_meta":{"origin":18215,"position":0},"title":"SUSPENDEN A TRES EMPLEADOS EN LA ANSES DE CHASCOM\u00daS","author":"Alejandro Sosa Ruda","date":"21 abril, 2017","format":false,"excerpt":"En el d\u00eda de ayer, fueron sancionados con una suspensi\u00f3n sin goce de haberes por el t\u00e9rmino de un mes, tres empleados de la ANSES de Chascom\u00fas. Se tratar\u00eda de los agentes Aldo Segura, Leandro \u201cMuyi\u201d Yessa \u00a0y El \u201cJota\u201d Juan Manuel Iturralde, los que est\u00e1n investigados por presuntas irregularidades\u2026","rel":"","context":"En \u00abCHASCOM\u00daS\u00bb","block_context":{"text":"CHASCOM\u00daS","link":"https:\/\/larevistadigital.com.ar\/blog\/category\/chascomus\/"},"img":{"alt_text":"","src":"https:\/\/i0.wp.com\/larevistadigital.com.ar\/blog\/wp-content\/uploads\/2017\/04\/1528712_474438772660025_1561267517_n.jpg?fit=800%2C600&ssl=1&resize=350%2C200","width":350,"height":200,"srcset":"https:\/\/i0.wp.com\/larevistadigital.com.ar\/blog\/wp-content\/uploads\/2017\/04\/1528712_474438772660025_1561267517_n.jpg?fit=800%2C600&ssl=1&resize=350%2C200 1x, https:\/\/i0.wp.com\/larevistadigital.com.ar\/blog\/wp-content\/uploads\/2017\/04\/1528712_474438772660025_1561267517_n.jpg?fit=800%2C600&ssl=1&resize=525%2C300 1.5x, https:\/\/i0.wp.com\/larevistadigital.com.ar\/blog\/wp-content\/uploads\/2017\/04\/1528712_474438772660025_1561267517_n.jpg?fit=800%2C600&ssl=1&resize=700%2C400 2x"},"classes":[]},{"id":15045,"url":"https:\/\/larevistadigital.com.ar\/blog\/vergonzoso-e-inadmisible-en-leadcam-y-fadecya-suspenderian-a-los-empleados-para-no-pagarles-el-sueldo-durante-la-cuarentena\/","url_meta":{"origin":18215,"position":1},"title":"VERGONZOSO E INADMISIBLE: EN LEADCAM Y FADECYA SUSPENDER\u00cdAN A LOS EMPLEADOS PARA NO PAGARLES EL SUELDO DURANTE LA CUARENTENA","author":"Alejandro Sosa Ruda","date":"31 marzo, 2020","format":false,"excerpt":"Algunos empleados de las f\u00e1bricas Leadcam y Fadecya, se pusieron en contacto con nuestra redacci\u00f3n, sumamente preocupados porque la empresa habr\u00eda resuelto enviar el d\u00eda de ma\u00f1ana un telegrama suspendiendo a todos los trabajadores SIN GOCE DE SUELDO por el un per\u00edodo de quince d\u00edas, burlando as\u00ed la directiva presidencial\u2026","rel":"","context":"En \u00abDESTACADAS\u00bb","block_context":{"text":"DESTACADAS","link":"https:\/\/larevistadigital.com.ar\/blog\/category\/destacadas\/"},"img":{"alt_text":"","src":"https:\/\/i0.wp.com\/larevistadigital.com.ar\/blog\/wp-content\/uploads\/unnamed-1.jpg?fit=650%2C488&ssl=1&resize=350%2C200","width":350,"height":200,"srcset":"https:\/\/i0.wp.com\/larevistadigital.com.ar\/blog\/wp-content\/uploads\/unnamed-1.jpg?fit=650%2C488&ssl=1&resize=350%2C200 1x, https:\/\/i0.wp.com\/larevistadigital.com.ar\/blog\/wp-content\/uploads\/unnamed-1.jpg?fit=650%2C488&ssl=1&resize=525%2C300 1.5x"},"classes":[]},{"id":13736,"url":"https:\/\/larevistadigital.com.ar\/blog\/ioma-le-debe-mas-de-13-000-000-a-las-farmacias-de-chascomus\/","url_meta":{"origin":18215,"position":2},"title":"IOMA LE DEBE M\u00c1S DE 13.000.000.- A LAS FARMACIAS DE CHASCOM\u00daS","author":"Alejandro Sosa Ruda","date":"19 diciembre, 2019","format":false,"excerpt":"IOMA le debe m\u00e1s de 13 millones de pesos a las farmacias de Chascom\u00fas, por los medicamentos dispensados desde el mes de agosto de 2019 a la fecha. As\u00ed lo inform\u00f3 el Colegio de Farmac\u00e9uticos de Chascom\u00fas, detallando que son $12.284.136,74 en ambulatorios y $1.004.817,48 en accesorios. Sobre esta situaci\u00f3n\u2026","rel":"","context":"En \u00abINTERES GENERAL\u00bb","block_context":{"text":"INTERES GENERAL","link":"https:\/\/larevistadigital.com.ar\/blog\/category\/interes-general\/"},"img":{"alt_text":"","src":"https:\/\/i0.wp.com\/larevistadigital.com.ar\/blog\/wp-content\/uploads\/mail-3.jpg?fit=600%2C400&ssl=1&resize=350%2C200","width":350,"height":200,"srcset":"https:\/\/i0.wp.com\/larevistadigital.com.ar\/blog\/wp-content\/uploads\/mail-3.jpg?fit=600%2C400&ssl=1&resize=350%2C200 1x, https:\/\/i0.wp.com\/larevistadigital.com.ar\/blog\/wp-content\/uploads\/mail-3.jpg?fit=600%2C400&ssl=1&resize=525%2C300 1.5x"},"classes":[]},{"id":18537,"url":"https:\/\/larevistadigital.com.ar\/blog\/los-trabajadores-del-howard-johnson-de-chascomus-son-victimas-de-moobing\/","url_meta":{"origin":18215,"position":3},"title":"LOS TRABAJADORES DEL HOWARD JOHNSON DE CHASCOM\u00daS, \u00bfSON V\u00cdCTIMAS DE MOOBING?","author":"Alejandro Sosa Ruda","date":"7 enero, 2021","format":false,"excerpt":"Qu\u00e9 es y c\u00f3mo se encuadra el \"moobing\". Una inaceptable situaci\u00f3n que se vive en la sucursal Chascom\u00fas del famoso Hotel, que puede terminar de manera muy grave. \"Moobing\", es una palabra en ingl\u00e9s que define el acoso laboral, y hace referencia tanto a la acci\u00f3n de un hostigador u\u2026","rel":"","context":"En \u00abCHASCOM\u00daS\u00bb","block_context":{"text":"CHASCOM\u00daS","link":"https:\/\/larevistadigital.com.ar\/blog\/category\/chascomus\/"},"img":{"alt_text":"","src":"https:\/\/i0.wp.com\/larevistadigital.com.ar\/blog\/wp-content\/uploads\/hojochas.jpg?fit=800%2C800&ssl=1&resize=350%2C200","width":350,"height":200,"srcset":"https:\/\/i0.wp.com\/larevistadigital.com.ar\/blog\/wp-content\/uploads\/hojochas.jpg?fit=800%2C800&ssl=1&resize=350%2C200 1x, https:\/\/i0.wp.com\/larevistadigital.com.ar\/blog\/wp-content\/uploads\/hojochas.jpg?fit=800%2C800&ssl=1&resize=525%2C300 1.5x, https:\/\/i0.wp.com\/larevistadigital.com.ar\/blog\/wp-content\/uploads\/hojochas.jpg?fit=800%2C800&ssl=1&resize=700%2C400 2x"},"classes":[]},{"id":34513,"url":"https:\/\/larevistadigital.com.ar\/blog\/despidieron-por-cierre-a-los-empleados-de-la-clinica\/","url_meta":{"origin":18215,"position":4},"title":"DESPIDIERON POR CIERRE A LOS EMPLEADOS DE LA CL\u00cdNICA","author":"Alejandro Sosa Ruda","date":"11 noviembre, 2023","format":false,"excerpt":"Hasta ayer se recib\u00edan los telegramas de despido y se retiraba la aparatolog\u00eda. Seg\u00fan dicen, solo quedar\u00eda activo el sector de di\u00e1lisis, pero no deja de ser peligroso, ya que con la Clinica sin funcionar, \u00bfqu\u00e9 se har\u00eda en caso que un paciente se descompensara?... 11 de Noviembre de 2023\u2026","rel":"","context":"En \u00abDESTACADAS\u00bb","block_context":{"text":"DESTACADAS","link":"https:\/\/larevistadigital.com.ar\/blog\/category\/destacadas\/"},"img":{"alt_text":"","src":"https:\/\/i0.wp.com\/larevistadigital.com.ar\/blog\/wp-content\/uploads\/Clinica-Chascomus.jpg?fit=768%2C588&ssl=1&resize=350%2C200","width":350,"height":200,"srcset":"https:\/\/i0.wp.com\/larevistadigital.com.ar\/blog\/wp-content\/uploads\/Clinica-Chascomus.jpg?fit=768%2C588&ssl=1&resize=350%2C200 1x, https:\/\/i0.wp.com\/larevistadigital.com.ar\/blog\/wp-content\/uploads\/Clinica-Chascomus.jpg?fit=768%2C588&ssl=1&resize=525%2C300 1.5x, https:\/\/i0.wp.com\/larevistadigital.com.ar\/blog\/wp-content\/uploads\/Clinica-Chascomus.jpg?fit=768%2C588&ssl=1&resize=700%2C400 2x"},"classes":[]},{"id":19450,"url":"https:\/\/larevistadigital.com.ar\/blog\/chascomus-chocaron-un-auto-de-la-secretaria-de-seguridad-dentro-de-obras-y-servicios\/","url_meta":{"origin":18215,"position":5},"title":"CHASCOM\u00daS: CHOCARON UN AUTO DE LA SECRETARIA DE SEGURIDAD, DENTRO DE \u00abOBRAS Y SERVICIOS\u00bb","author":"Alejandro Sosa Ruda","date":"26 marzo, 2021","format":false,"excerpt":"Cuando la noticia nos lleg\u00f3, sencillamente no pudimos creerlo: Alguien (ser\u00eda un inspector, hoy trabajando en otra \u00e1rea). Nos informaron fuentes inobjetables que \"Un inspector choc\u00f3 muy fuerte dentro de la secretar\u00eda de Obras y Servicios el Renault Logan que en la anterior gesti\u00f3n era manejado habitualmente por el ex\u2026","rel":"","context":"En \u00abDESTACADAS\u00bb","block_context":{"text":"DESTACADAS","link":"https:\/\/larevistadigital.com.ar\/blog\/category\/destacadas\/"},"img":{"alt_text":"","src":"https:\/\/i0.wp.com\/larevistadigital.com.ar\/blog\/wp-content\/uploads\/LOGAN-CHOCADO.jpg?fit=960%2C1136&ssl=1&resize=350%2C200","width":350,"height":200,"srcset":"https:\/\/i0.wp.com\/larevistadigital.com.ar\/blog\/wp-content\/uploads\/LOGAN-CHOCADO.jpg?fit=960%2C1136&ssl=1&resize=350%2C200 1x, https:\/\/i0.wp.com\/larevistadigital.com.ar\/blog\/wp-content\/uploads\/LOGAN-CHOCADO.jpg?fit=960%2C1136&ssl=1&resize=525%2C300 1.5x, https:\/\/i0.wp.com\/larevistadigital.com.ar\/blog\/wp-content\/uploads\/LOGAN-CHOCADO.jpg?fit=960%2C1136&ssl=1&resize=700%2C400 2x"},"classes":[]}],"_links":{"self":[{"href":"https:\/\/larevistadigital.com.ar\/blog\/wp-json\/wp\/v2\/posts\/18215","targetHints":{"allow":["GET"]}}],"collection":[{"href":"https:\/\/larevistadigital.com.ar\/blog\/wp-json\/wp\/v2\/posts"}],"about":[{"href":"https:\/\/larevistadigital.com.ar\/blog\/wp-json\/wp\/v2\/types\/post"}],"author":[{"embeddable":true,"href":"https:\/\/larevistadigital.com.ar\/blog\/wp-json\/wp\/v2\/users\/3"}],"replies":[{"embeddable":true,"href":"https:\/\/larevistadigital.com.ar\/blog\/wp-json\/wp\/v2\/comments?post=18215"}],"version-history":[{"count":4,"href":"https:\/\/larevistadigital.com.ar\/blog\/wp-json\/wp\/v2\/posts\/18215\/revisions"}],"predecessor-version":[{"id":18342,"href":"https:\/\/larevistadigital.com.ar\/blog\/wp-json\/wp\/v2\/posts\/18215\/revisions\/18342"}],"wp:featuredmedia":[{"embeddable":true,"href":"https:\/\/larevistadigital.com.ar\/blog\/wp-json\/wp\/v2\/media\/18224"}],"wp:attachment":[{"href":"https:\/\/larevistadigital.com.ar\/blog\/wp-json\/wp\/v2\/media?parent=18215"}],"wp:term":[{"taxonomy":"category","embeddable":true,"href":"https:\/\/larevistadigital.com.ar\/blog\/wp-json\/wp\/v2\/categories?post=18215"},{"taxonomy":"post_tag","embeddable":true,"href":"https:\/\/larevistadigital.com.ar\/blog\/wp-json\/wp\/v2\/tags?post=18215"}],"curies":[{"name":"wp","href":"https:\/\/api.w.org\/{rel}","templated":true}]}}