{"id":18261,"date":"2020-12-21T11:02:29","date_gmt":"2020-12-21T11:02:29","guid":{"rendered":"https:\/\/larevistadigital.com.ar\/blog\/?p=18261"},"modified":"2020-12-21T11:02:29","modified_gmt":"2020-12-21T11:02:29","slug":"todo-esto-paso-un-dia-como-hoy-21-de-diciembre","status":"publish","type":"post","link":"https:\/\/larevistadigital.com.ar\/blog\/todo-esto-paso-un-dia-como-hoy-21-de-diciembre\/","title":{"rendered":"TODO ESTO PAS\u00d3 UN D\u00cdA COMO HOY: 21 DE DICIEMBRE&#8230;"},"content":{"rendered":"<h2><u><strong>Jane Fonda: de tal palo&#8230;<\/strong><\/u><\/h2>\n<p><strong>1937 &#8211;<\/strong>\u00a0Naci\u00f3\u00a0<strong>Jane Fonda,<\/strong>\u00a0quien es una actriz, escritora, editora y activista estadounidense que ha tenido una vasta trayectoria en el mundo del espect\u00e1culo. Se adjudic\u00f3 dos Premios Oscar por mejor actriz en las pel\u00edculas\u00a0<em>\u00abComing home\u00bb<\/em>\u00a0(1979) y<em>\u00a0\u00abKlute\u00bb<\/em>\u00a0(1972), en tanto, otras cintas destacadas son\u00a0<em>\u00abEl s\u00edndrome de China\u00bb, \u00abJulia\u00bb\u00a0<\/em>y\u00a0<em>\u00abThe morning after\u00bb.<\/em><\/p>\n<h2><u><strong>George Patton: adi\u00f3s al estratega<\/strong><\/u><\/h2>\n<p><strong>1945 &#8211;\u00a0<\/strong>Muri\u00f3\u00a0<strong>George Smith Patton,\u00a0<\/strong>quien fue un militar estadounidense que hab\u00eda sido un general del Ej\u00e9rcito de dicho pa\u00eds durante la Segunda Guerra Mundial. Seg\u00fan la descripci\u00f3n de los historiadores, ha sido un militar considerado como un genio en las t\u00e1cticas y fue el soldado aliado al que m\u00e1s temieron los alemanes en el conflicto mundial.<\/p>\n<h2><u><strong>Paco de Luc\u00eda: su mejor amiga, la guitarra<\/strong><\/u><\/h2>\n<p><strong>1947 &#8211;\u00a0<\/strong>Naci\u00f3<strong>\u00a0Francisco S\u00e1nchez G\u00f3mez<\/strong>\u00a0m\u00e1s conocido como<strong>\u00a0Paco de Luc\u00eda<\/strong>, quien fue un guitarrista y compositor espa\u00f1ol que es considerado como el mejor guitarrista de flamenco contempor\u00e1neo y uno de los m\u00e1s virtuosos del instrumento a nivel mundial. Recibi\u00f3 dos premios Grammy latinos por sus \u00e1lbumes\u00a0<strong>Cositas buenas<\/strong>\u00a0(2004) y\u00a0<strong>En vivo Conciertos Espa\u00f1a\u00a0<\/strong>(2010).<\/p>\n<h2><u><strong>Samuel Jackson: actor de m\u00faltiples funciones<\/strong><\/u><\/h2>\n<p><strong>1948 &#8211;\u00a0<\/strong>Naci\u00f3\u00a0<strong>Samuel Leroy Jackson<\/strong>, quien es un actor y productor de cine, teatro y televisi\u00f3n estadounidense que ha ganado diversos premios en su carrera. Algunas de sus pel\u00edculas m\u00e1s destacadas son<em>\u00a0\u00abTiempo para matar\u00bb, \u00abJurassic Park\u00bb, \u00abEl protegido\u00bb, \u00abPulp fiction\u00bb, \u00abStar Wars\u00bb, \u00abIron man\u00bb, \u00abLos vengadores\u00bb<\/em>\u00a0y<em>\u00a0\u00abCapitana Marvel\u00bb.<\/em><\/p>\n<h2><u><strong>Chris Evert: multicampeona del tenis<\/strong><\/u><\/h2>\n<p><strong>1954 &#8211;\u00a0<\/strong>Naci\u00f3\u00a0<strong>Christine Marie Evert,<\/strong>\u00a0quien es una ex tenista profesional estadounidense que lleg\u00f3 a ser n\u00famero uno del r\u00e1nking mundial en 1975. Se adjudic\u00f3 157 t\u00edtulos de la WTA, entre los cuales figuran siete Roland Garros, seis US Open, tres Wimbledon, dos Abiertos de Australia y ocho Copa Federaci\u00f3n. Estableci\u00f3 un r\u00e9cord para mujeres, ganando 56 partidos seguidos.<\/p>\n<h2><u><strong>Fundaci\u00f3n\u00a0<em>\u00ablunfarda\u00bb<\/em><\/strong><\/u><\/h2>\n<p><strong>1962 &#8211;\u00a0<\/strong>Se\u00a0<strong>fund\u00f3 la Academia Porte\u00f1a del Lunfardo<\/strong>\u00a0que es una instituci\u00f3n cuyo objetivo es la investigaci\u00f3n ling\u00fc\u00edstica, y el estudio de la evoluci\u00f3n del habla coloquial de Buenos Aires y otras ciudades argentinas. Sus fines se extienden al estudio, valorizaci\u00f3n y difusi\u00f3n de los aspectos que conforman la cultura popular de Buenos Aires, como m\u00fasica, canto, literatura, historia, arquitectura y arte.<\/p>\n<h2><u><strong>Kiefer Sutherland: herencia sobre el escenario<\/strong><\/u><\/h2>\n<p><strong>1966 &#8211;\u00a0<\/strong>Naci\u00f3<strong>\u00a0Kiefer William Fredrick Dempsey George Rufus Sutherland<\/strong>, quien es un actor y director de cine y televisi\u00f3n canadiense que es conocido mundialmente por su papel del agente federal\u00a0<strong>Jack Bauer\u00a0<\/strong>en la popular serie 24. Algunas pel\u00edculas en las cuales se destac\u00f3 son<em>\u00a0\u00abPompeya\u00bb, \u00abTiempo para matar\u00bb, \u00abCuenta conmigo\u00bb<\/em>\u00a0y<em>\u00a0\u00abLos tres mosqueteros\u00bb.<\/em><\/p>\n<h2><u><strong>Emmanuel Macron: pol\u00edtico de raza<\/strong><\/u><\/h2>\n<p><strong>1977 &#8211;<\/strong>\u00a0Naci\u00f3<strong>\u00a0Emmanuel Jean-Michel Fr\u00e9d\u00e9ric Macron,\u00a0<\/strong>quien es un pol\u00edtico y actua.\u00a0presidente franc\u00e9s que fuera adem\u00e1s asesor econ\u00f3mico del presidente de la Rep\u00fablica en\u00a0<strong>Fran\u00e7ois Hollande\u00a0<\/strong>en 2012. A los 39 a\u00f1os de edad, se convirti\u00f3 en el presidente m\u00e1s joven de la historia francesa y el jefe de Estado franc\u00e9s m\u00e1s joven desde Napole\u00f3n Bonaparte.<\/p>\n<h2><u><strong>Federico Moura: canto a la pasi\u00f3n nacional<\/strong><\/u><\/h2>\n<p><strong>1988 &#8211;<\/strong>\u00a0Muri\u00f3\u00a0<strong>Federico Jos\u00e9 Moura,\u00a0<\/strong>quien fue un cantante, compositor, productor, dise\u00f1ador de ropa y l\u00edder de la banda de rock nacional Virus, que ha sido una de las m\u00e1s destacadas en la d\u00e9cada del 80. Algunas de sus canciones m\u00e1s importantes son\u00a0<em>\u00abPronta entrega\u00bb, \u00abAmor descartable\u00bb, \u00abIm\u00e1genes paganas\u00bb, \u00abHay que salir del agujero interior\u00bb\u00a0<\/em>y<em>\u00a0\u00abSin disfraz\u00bb.\u00a0<\/em><\/p>\n<p>&nbsp;<\/p>\n","protected":false},"excerpt":{"rendered":"<div class=\"mh-excerpt\"><p>Jane Fonda: de tal palo&#8230; 1937 &#8211;\u00a0Naci\u00f3\u00a0Jane Fonda,\u00a0quien es una actriz, escritora, editora y activista estadounidense que ha tenido una vasta trayectoria en el mundo del espect\u00e1culo. Se adjudic\u00f3 dos Premios Oscar por mejor actriz <a class=\"mh-excerpt-more\" href=\"https:\/\/larevistadigital.com.ar\/blog\/todo-esto-paso-un-dia-como-hoy-21-de-diciembre\/\" title=\"TODO ESTO PAS\u00d3 UN D\u00cdA COMO HOY: 21 DE DICIEMBRE&#8230;\">[Leer M\u00e1s]<\/a><\/p>\n<\/div>","protected":false},"author":3,"featured_media":16747,"comment_status":"open","ping_status":"open","sticky":false,"template":"","format":"standard","meta":{"_jetpack_memberships_contains_paid_content":false,"footnotes":"","jetpack_publicize_message":"","jetpack_publicize_feature_enabled":true,"jetpack_social_post_already_shared":true,"jetpack_social_options":{"image_generator_settings":{"template":"highway","default_image_id":0,"font":"","enabled":false},"version":2}},"categories":[29],"tags":[],"class_list":{"0":"post-18261","1":"post","2":"type-post","3":"status-publish","4":"format-standard","5":"has-post-thumbnail","7":"category-sociedad"},"jetpack_publicize_connections":[],"jetpack_featured_media_url":"https:\/\/i0.wp.com\/larevistadigital.com.ar\/blog\/wp-content\/uploads\/LOGO-EFEMERIDES.jpg?fit=1268%2C664&ssl=1","jetpack_sharing_enabled":true,"jetpack_shortlink":"https:\/\/wp.me\/p8qtrQ-4Kx","jetpack-related-posts":[{"id":17644,"url":"https:\/\/larevistadigital.com.ar\/blog\/todo-esto-paso-un-dia-como-hoy-12-de-noviembre\/","url_meta":{"origin":18261,"position":0},"title":"TODO ESTO PAS\u00d3, UN D\u00cdA COMO HOY 12 DE NOVIEMBRE","author":"Alejandro Sosa Ruda","date":"12 noviembre, 2020","format":false,"excerpt":"Francois Rodin: esculpiendo obras de arte 1840 -\u00a0Naci\u00f3\u00a0Francois Auguste Ren\u00e9 Rodin, quien fue un escultor franc\u00e9s que es considerado como uno de los m\u00e1s importantes en la escultura moderna. Algunas de sus obras m\u00e1s reconocidas son\u00a0\"El pensador\", \"Los burgueses de Calais\", \"La m\u00e1rtir\", \"La puerta del infierno\", \"Eva\"\u00a0y\u00a0\"La eterna primavera\".\u2026","rel":"","context":"En \u00abSOCIEDAD\u00bb","block_context":{"text":"SOCIEDAD","link":"https:\/\/larevistadigital.com.ar\/blog\/category\/sociedad\/"},"img":{"alt_text":"","src":"https:\/\/i0.wp.com\/larevistadigital.com.ar\/blog\/wp-content\/uploads\/LOGO-EFEMERIDES.jpg?fit=1200%2C628&ssl=1&resize=350%2C200","width":350,"height":200,"srcset":"https:\/\/i0.wp.com\/larevistadigital.com.ar\/blog\/wp-content\/uploads\/LOGO-EFEMERIDES.jpg?fit=1200%2C628&ssl=1&resize=350%2C200 1x, https:\/\/i0.wp.com\/larevistadigital.com.ar\/blog\/wp-content\/uploads\/LOGO-EFEMERIDES.jpg?fit=1200%2C628&ssl=1&resize=525%2C300 1.5x, https:\/\/i0.wp.com\/larevistadigital.com.ar\/blog\/wp-content\/uploads\/LOGO-EFEMERIDES.jpg?fit=1200%2C628&ssl=1&resize=700%2C400 2x, https:\/\/i0.wp.com\/larevistadigital.com.ar\/blog\/wp-content\/uploads\/LOGO-EFEMERIDES.jpg?fit=1200%2C628&ssl=1&resize=1050%2C600 3x"},"classes":[]},{"id":17798,"url":"https:\/\/larevistadigital.com.ar\/blog\/esto-ocurrio-un-dia-como-hoy\/","url_meta":{"origin":18261,"position":1},"title":"ESTO OCURRI\u00d3 UN D\u00cdA COMO HOY&#8230;","author":"Alejandro Sosa Ruda","date":"24 noviembre, 2020","format":false,"excerpt":"Convenio con Inglaterra 1849 -\u00a0Inglaterra firm\u00f3 un convenio con la Provincia de Buenos Aires (gobernada por\u00a0Juan Manuel de Rosas) por el cual\u00a0se retir\u00f3 del bloqueo del R\u00edo de la Plata, que realiz\u00f3 junto a Francia durante esa d\u00e9cada y tuvo como protagonista a la Vuelta de Obligado.\u00a0El Tratado Southern-Arana reconoc\u00eda\u2026","rel":"","context":"En \u00abSOCIEDAD\u00bb","block_context":{"text":"SOCIEDAD","link":"https:\/\/larevistadigital.com.ar\/blog\/category\/sociedad\/"},"img":{"alt_text":"","src":"https:\/\/i0.wp.com\/larevistadigital.com.ar\/blog\/wp-content\/uploads\/LOGO-EFEMERIDES.jpg?fit=1200%2C628&ssl=1&resize=350%2C200","width":350,"height":200,"srcset":"https:\/\/i0.wp.com\/larevistadigital.com.ar\/blog\/wp-content\/uploads\/LOGO-EFEMERIDES.jpg?fit=1200%2C628&ssl=1&resize=350%2C200 1x, https:\/\/i0.wp.com\/larevistadigital.com.ar\/blog\/wp-content\/uploads\/LOGO-EFEMERIDES.jpg?fit=1200%2C628&ssl=1&resize=525%2C300 1.5x, https:\/\/i0.wp.com\/larevistadigital.com.ar\/blog\/wp-content\/uploads\/LOGO-EFEMERIDES.jpg?fit=1200%2C628&ssl=1&resize=700%2C400 2x, https:\/\/i0.wp.com\/larevistadigital.com.ar\/blog\/wp-content\/uploads\/LOGO-EFEMERIDES.jpg?fit=1200%2C628&ssl=1&resize=1050%2C600 3x"},"classes":[]},{"id":16777,"url":"https:\/\/larevistadigital.com.ar\/blog\/las-efemerides-de-un-dia-como-hoy-6-10\/","url_meta":{"origin":18261,"position":2},"title":"LAS EFEM\u00c9RIDES DE UN D\u00cdA COMO HOY&#8230;6\/10","author":"Alejandro Sosa Ruda","date":"6 octubre, 2020","format":false,"excerpt":"El D\u00eda del Circo 1858 -\u00a0Se celebra en esta fecha el D\u00eda del Circo,\u00a0debido al natalicio del uruguayo\u00a0Jos\u00e9 Juan\u00a0\"Pepe\"\u00a0Podest\u00e1, quien naci\u00f3 en la ciudad de Montevideo y supo desarrollar aqu\u00ed en nuestro pa\u00eds una inmensa tarea dentro de la actividad circense. A\u00f1os m\u00e1s tarde entra\u00f1ar\u00eda al payaso Pepino el 88,\u2026","rel":"","context":"En \u00abSOCIEDAD\u00bb","block_context":{"text":"SOCIEDAD","link":"https:\/\/larevistadigital.com.ar\/blog\/category\/sociedad\/"},"img":{"alt_text":"","src":"https:\/\/i0.wp.com\/larevistadigital.com.ar\/blog\/wp-content\/uploads\/LOGO-EFEMERIDES.jpg?fit=1200%2C628&ssl=1&resize=350%2C200","width":350,"height":200,"srcset":"https:\/\/i0.wp.com\/larevistadigital.com.ar\/blog\/wp-content\/uploads\/LOGO-EFEMERIDES.jpg?fit=1200%2C628&ssl=1&resize=350%2C200 1x, https:\/\/i0.wp.com\/larevistadigital.com.ar\/blog\/wp-content\/uploads\/LOGO-EFEMERIDES.jpg?fit=1200%2C628&ssl=1&resize=525%2C300 1.5x, https:\/\/i0.wp.com\/larevistadigital.com.ar\/blog\/wp-content\/uploads\/LOGO-EFEMERIDES.jpg?fit=1200%2C628&ssl=1&resize=700%2C400 2x, https:\/\/i0.wp.com\/larevistadigital.com.ar\/blog\/wp-content\/uploads\/LOGO-EFEMERIDES.jpg?fit=1200%2C628&ssl=1&resize=1050%2C600 3x"},"classes":[]},{"id":16746,"url":"https:\/\/larevistadigital.com.ar\/blog\/efemerides-de-un-dia-como-hoy-5-10\/","url_meta":{"origin":18261,"position":3},"title":"EFEM\u00c9RIDES DE \u00abUN D\u00cdA COMO HOY\u00bb 5\/10&#8230;","author":"Alejandro Sosa Ruda","date":"5 octubre, 2020","format":false,"excerpt":"Juan Vieytes: patriota y pilar revolucionario 1815 -\u00a0Muri\u00f3\u00a0Juan Hip\u00f3lito Vieytes, quien fue un comerciante, militar y pol\u00edtico que particip\u00f3 en las Invasiones Inglesas de los a\u00f1os 1806 y 1807 y la Reconquista de Buenos Aires, logrando el grado militar de capit\u00e1n. En la llamada \"jaboner\u00eda de Vieytes\", los patriotas se\u2026","rel":"","context":"En \u00abSOCIEDAD\u00bb","block_context":{"text":"SOCIEDAD","link":"https:\/\/larevistadigital.com.ar\/blog\/category\/sociedad\/"},"img":{"alt_text":"","src":"https:\/\/i0.wp.com\/larevistadigital.com.ar\/blog\/wp-content\/uploads\/LOGO-EFEMERIDES.jpg?fit=1200%2C628&ssl=1&resize=350%2C200","width":350,"height":200,"srcset":"https:\/\/i0.wp.com\/larevistadigital.com.ar\/blog\/wp-content\/uploads\/LOGO-EFEMERIDES.jpg?fit=1200%2C628&ssl=1&resize=350%2C200 1x, https:\/\/i0.wp.com\/larevistadigital.com.ar\/blog\/wp-content\/uploads\/LOGO-EFEMERIDES.jpg?fit=1200%2C628&ssl=1&resize=525%2C300 1.5x, https:\/\/i0.wp.com\/larevistadigital.com.ar\/blog\/wp-content\/uploads\/LOGO-EFEMERIDES.jpg?fit=1200%2C628&ssl=1&resize=700%2C400 2x, https:\/\/i0.wp.com\/larevistadigital.com.ar\/blog\/wp-content\/uploads\/LOGO-EFEMERIDES.jpg?fit=1200%2C628&ssl=1&resize=1050%2C600 3x"},"classes":[]},{"id":18193,"url":"https:\/\/larevistadigital.com.ar\/blog\/esto-paso-un-dia-como-hoy-17-de-diciembre\/","url_meta":{"origin":18261,"position":4},"title":"ESTO PAS\u00d3 UN D\u00cdA COMO HOY, 17 DE DICIEMBRE","author":"Alejandro Sosa Ruda","date":"17 diciembre, 2020","format":false,"excerpt":"Sim\u00f3n Bol\u00edvar: Am\u00e9rica llora a un l\u00edder 1830 -\u00a0Muri\u00f3\u00a0Sim\u00f3n Antonio Jos\u00e9 de la Sant\u00edsima Trinidad Bol\u00edvar Palacios Ponte Andrade y Blanco, quien fue un militar y pol\u00edtico venezolano que ha sido el fundador de las rep\u00fablicas de Gran Colombia y Bolivia. Lleg\u00f3 a liberar a Bolivia, Colombia, Venezuela, Panam\u00e1, Ecuador\u2026","rel":"","context":"En \u00abSOCIEDAD\u00bb","block_context":{"text":"SOCIEDAD","link":"https:\/\/larevistadigital.com.ar\/blog\/category\/sociedad\/"},"img":{"alt_text":"","src":"https:\/\/i0.wp.com\/larevistadigital.com.ar\/blog\/wp-content\/uploads\/LOGO-EFEMERIDES.jpg?fit=1200%2C628&ssl=1&resize=350%2C200","width":350,"height":200,"srcset":"https:\/\/i0.wp.com\/larevistadigital.com.ar\/blog\/wp-content\/uploads\/LOGO-EFEMERIDES.jpg?fit=1200%2C628&ssl=1&resize=350%2C200 1x, https:\/\/i0.wp.com\/larevistadigital.com.ar\/blog\/wp-content\/uploads\/LOGO-EFEMERIDES.jpg?fit=1200%2C628&ssl=1&resize=525%2C300 1.5x, https:\/\/i0.wp.com\/larevistadigital.com.ar\/blog\/wp-content\/uploads\/LOGO-EFEMERIDES.jpg?fit=1200%2C628&ssl=1&resize=700%2C400 2x, https:\/\/i0.wp.com\/larevistadigital.com.ar\/blog\/wp-content\/uploads\/LOGO-EFEMERIDES.jpg?fit=1200%2C628&ssl=1&resize=1050%2C600 3x"},"classes":[]},{"id":18155,"url":"https:\/\/larevistadigital.com.ar\/blog\/esto-ocurrio-un-dia-como-hoy-16-de-diciembre\/","url_meta":{"origin":18261,"position":5},"title":"ESTO OCURRI\u00d3 UN D\u00cdA COMO HOY&#8230;16 DE DICIEMBRE!","author":"Alejandro Sosa Ruda","date":"16 diciembre, 2020","format":false,"excerpt":"Ludwig van Beethoven: icono de la m\u00fasica cl\u00e1sica 1770 -\u00a0Naci\u00f3\u00a0Ludwig van Beethoven,\u00a0quien fue un compositor, director de orquesta y pianista alem\u00e1n que es considerado como uno de los mejores de la historia mundial. Su producci\u00f3n incluye los g\u00e9neros pian\u00edstico, de c\u00e1mara, concertante, sacra, lieder, m\u00fasica incidental y orquestal, en la\u2026","rel":"","context":"En \u00abSOCIEDAD\u00bb","block_context":{"text":"SOCIEDAD","link":"https:\/\/larevistadigital.com.ar\/blog\/category\/sociedad\/"},"img":{"alt_text":"","src":"https:\/\/i0.wp.com\/larevistadigital.com.ar\/blog\/wp-content\/uploads\/LOGO-EFEMERIDES.jpg?fit=1200%2C628&ssl=1&resize=350%2C200","width":350,"height":200,"srcset":"https:\/\/i0.wp.com\/larevistadigital.com.ar\/blog\/wp-content\/uploads\/LOGO-EFEMERIDES.jpg?fit=1200%2C628&ssl=1&resize=350%2C200 1x, https:\/\/i0.wp.com\/larevistadigital.com.ar\/blog\/wp-content\/uploads\/LOGO-EFEMERIDES.jpg?fit=1200%2C628&ssl=1&resize=525%2C300 1.5x, https:\/\/i0.wp.com\/larevistadigital.com.ar\/blog\/wp-content\/uploads\/LOGO-EFEMERIDES.jpg?fit=1200%2C628&ssl=1&resize=700%2C400 2x, https:\/\/i0.wp.com\/larevistadigital.com.ar\/blog\/wp-content\/uploads\/LOGO-EFEMERIDES.jpg?fit=1200%2C628&ssl=1&resize=1050%2C600 3x"},"classes":[]}],"_links":{"self":[{"href":"https:\/\/larevistadigital.com.ar\/blog\/wp-json\/wp\/v2\/posts\/18261","targetHints":{"allow":["GET"]}}],"collection":[{"href":"https:\/\/larevistadigital.com.ar\/blog\/wp-json\/wp\/v2\/posts"}],"about":[{"href":"https:\/\/larevistadigital.com.ar\/blog\/wp-json\/wp\/v2\/types\/post"}],"author":[{"embeddable":true,"href":"https:\/\/larevistadigital.com.ar\/blog\/wp-json\/wp\/v2\/users\/3"}],"replies":[{"embeddable":true,"href":"https:\/\/larevistadigital.com.ar\/blog\/wp-json\/wp\/v2\/comments?post=18261"}],"version-history":[{"count":1,"href":"https:\/\/larevistadigital.com.ar\/blog\/wp-json\/wp\/v2\/posts\/18261\/revisions"}],"predecessor-version":[{"id":18262,"href":"https:\/\/larevistadigital.com.ar\/blog\/wp-json\/wp\/v2\/posts\/18261\/revisions\/18262"}],"wp:featuredmedia":[{"embeddable":true,"href":"https:\/\/larevistadigital.com.ar\/blog\/wp-json\/wp\/v2\/media\/16747"}],"wp:attachment":[{"href":"https:\/\/larevistadigital.com.ar\/blog\/wp-json\/wp\/v2\/media?parent=18261"}],"wp:term":[{"taxonomy":"category","embeddable":true,"href":"https:\/\/larevistadigital.com.ar\/blog\/wp-json\/wp\/v2\/categories?post=18261"},{"taxonomy":"post_tag","embeddable":true,"href":"https:\/\/larevistadigital.com.ar\/blog\/wp-json\/wp\/v2\/tags?post=18261"}],"curies":[{"name":"wp","href":"https:\/\/api.w.org\/{rel}","templated":true}]}}