{"id":18266,"date":"2020-12-21T12:33:15","date_gmt":"2020-12-21T12:33:15","guid":{"rendered":"https:\/\/larevistadigital.com.ar\/blog\/?p=18266"},"modified":"2020-12-21T12:40:33","modified_gmt":"2020-12-21T12:40:33","slug":"video-el-basurero-escondido-en-chascomus-investigacion-exclusiva","status":"publish","type":"post","link":"https:\/\/larevistadigital.com.ar\/blog\/video-el-basurero-escondido-en-chascomus-investigacion-exclusiva\/","title":{"rendered":"[VIDEO] EL BASURERO ESCONDIDO EN CHASCOM\u00daS&#8230; (Investigaci\u00f3n exclusiva)"},"content":{"rendered":"<p>En una investigaci\u00f3n exclusiva para el segmento \u00abLa Aventura del Hombre 2\u00bb, el <strong>Hijo de Pooh<\/strong> descubri\u00f3 el lugar donde se esconde otro basurero a cielo abierto, que se encuentra en un lugar de Chascom\u00fas&#8230;<\/p>\n<p>Luego de un gran trabajo de producci\u00f3n lleg\u00f3 al lugar, y nos acerc\u00f3 el impresionante video, que ac\u00e1 compartimos:<\/p>\n<p><strong>EL VIDEO:<\/strong><\/p>\n<div style=\"width: 352px;\" class=\"wp-video\"><!--[if lt IE 9]><script>document.createElement('video');<\/script><![endif]-->\n<video class=\"wp-video-shortcode\" id=\"video-18266-1\" width=\"352\" height=\"640\" preload=\"metadata\" controls=\"controls\"><source type=\"video\/mp4\" src=\"https:\/\/larevistadigital.com.ar\/blog\/wp-content\/uploads\/BASURERO-ESCONDIDO.mp4?_=1\" \/><a href=\"https:\/\/larevistadigital.com.ar\/blog\/wp-content\/uploads\/BASURERO-ESCONDIDO.mp4\">https:\/\/larevistadigital.com.ar\/blog\/wp-content\/uploads\/BASURERO-ESCONDIDO.mp4<\/a><\/video><\/div>\n","protected":false},"excerpt":{"rendered":"<div class=\"mh-excerpt\"><p>En una investigaci\u00f3n exclusiva para el segmento \u00abLa Aventura del Hombre 2\u00bb, el Hijo de Pooh descubri\u00f3 el lugar donde se esconde otro basurero a cielo abierto, que se encuentra en un lugar de Chascom\u00fas&#8230; <a class=\"mh-excerpt-more\" href=\"https:\/\/larevistadigital.com.ar\/blog\/video-el-basurero-escondido-en-chascomus-investigacion-exclusiva\/\" title=\"[VIDEO] EL BASURERO ESCONDIDO EN CHASCOM\u00daS&#8230; (Investigaci\u00f3n exclusiva)\">[Leer M\u00e1s]<\/a><\/p>\n<\/div>","protected":false},"author":3,"featured_media":18269,"comment_status":"open","ping_status":"open","sticky":false,"template":"","format":"standard","meta":{"_jetpack_memberships_contains_paid_content":false,"footnotes":"","jetpack_publicize_message":"","jetpack_publicize_feature_enabled":true,"jetpack_social_post_already_shared":true,"jetpack_social_options":{"image_generator_settings":{"template":"highway","default_image_id":0,"font":"","enabled":false},"version":2}},"categories":[6],"tags":[],"class_list":{"0":"post-18266","1":"post","2":"type-post","3":"status-publish","4":"format-standard","5":"has-post-thumbnail","7":"category-chascomus"},"jetpack_publicize_connections":[],"jetpack_featured_media_url":"https:\/\/i0.wp.com\/larevistadigital.com.ar\/blog\/wp-content\/uploads\/Mujer-Basura-Escondida-2-794497.jpg?fit=436%2C313&ssl=1","jetpack_sharing_enabled":true,"jetpack_shortlink":"https:\/\/wp.me\/p8qtrQ-4KC","jetpack-related-posts":[{"id":19990,"url":"https:\/\/larevistadigital.com.ar\/blog\/video-conseguimos-que-se-cierre-el-ingreso-al-basurero-escondido-en-parque-girado\/","url_meta":{"origin":18266,"position":0},"title":"[VIDEO] CONSEGUIMOS QUE SE CIERRE EL INGRESO AL \u00abBASURERO ESCONDIDO \u00bb EN PARQUE GIRADO","author":"Alejandro Sosa Ruda","date":"1 mayo, 2021","format":false,"excerpt":"Luego de un par de publicaciones, el aporte de nuestro cronista Juan Lemik y un video de \"El Hijo de Pooh\", se consigui\u00f3 que se cierre el paso a un basurero \"escondido\" que se encontraba a metros del camino de circunvalaci\u00f3n en donde algunos p\u00edcaros iban y depositaban sus residuos,\u2026","rel":"","context":"En \u00abINTERES GENERAL\u00bb","block_context":{"text":"INTERES GENERAL","link":"https:\/\/larevistadigital.com.ar\/blog\/category\/interes-general\/"},"img":{"alt_text":"","src":"https:\/\/i0.wp.com\/larevistadigital.com.ar\/blog\/wp-content\/uploads\/ANTES-Y-AHORA-BASURERO-GIRADO-e1619893233358.jpg?fit=750%2C397&ssl=1&resize=350%2C200","width":350,"height":200,"srcset":"https:\/\/i0.wp.com\/larevistadigital.com.ar\/blog\/wp-content\/uploads\/ANTES-Y-AHORA-BASURERO-GIRADO-e1619893233358.jpg?fit=750%2C397&ssl=1&resize=350%2C200 1x, https:\/\/i0.wp.com\/larevistadigital.com.ar\/blog\/wp-content\/uploads\/ANTES-Y-AHORA-BASURERO-GIRADO-e1619893233358.jpg?fit=750%2C397&ssl=1&resize=525%2C300 1.5x, https:\/\/i0.wp.com\/larevistadigital.com.ar\/blog\/wp-content\/uploads\/ANTES-Y-AHORA-BASURERO-GIRADO-e1619893233358.jpg?fit=750%2C397&ssl=1&resize=700%2C400 2x"},"classes":[]},{"id":20782,"url":"https:\/\/larevistadigital.com.ar\/blog\/los-vecinos-de-chascomus-se-movilizan-el-lunes-contra-la-instalacion-ilegal-del-basurero\/","url_meta":{"origin":18266,"position":1},"title":"LOS VECINOS DE CHASCOM\u00daS SE MOVILIZAN EL LUNES CONTRA LA INSTALACI\u00d3N ILEGAL DEL BASURERO","author":"Alejandro Sosa Ruda","date":"18 junio, 2021","format":false,"excerpt":"Los vecinos autoconvocados de la ruta 20, y el distrito en general se pronunciar\u00e1n el pr\u00f3ximo lunes 21 de junio a partir de las 15 hs. a la vera de la ruta en el cruce de ruta 2 y ruta 20, para que no se instale un basurero que provocar\u00eda\u2026","rel":"","context":"En \u00abDESTACADAS\u00bb","block_context":{"text":"DESTACADAS","link":"https:\/\/larevistadigital.com.ar\/blog\/category\/destacadas\/"},"img":{"alt_text":"","src":"https:\/\/i0.wp.com\/larevistadigital.com.ar\/blog\/wp-content\/uploads\/WhatsApp-Image-2021-06-18-at-12.23.43.jpeg?fit=646%2C638&ssl=1&resize=350%2C200","width":350,"height":200,"srcset":"https:\/\/i0.wp.com\/larevistadigital.com.ar\/blog\/wp-content\/uploads\/WhatsApp-Image-2021-06-18-at-12.23.43.jpeg?fit=646%2C638&ssl=1&resize=350%2C200 1x, https:\/\/i0.wp.com\/larevistadigital.com.ar\/blog\/wp-content\/uploads\/WhatsApp-Image-2021-06-18-at-12.23.43.jpeg?fit=646%2C638&ssl=1&resize=525%2C300 1.5x"},"classes":[]},{"id":19400,"url":"https:\/\/larevistadigital.com.ar\/blog\/los-vecinos-de-la-ruta-20-se-expresan-contra-la-ubicacion-del-basurero-de-la-ciudad-en-ese-lugar\/","url_meta":{"origin":18266,"position":2},"title":"LOS VECINOS DE LA RUTA 20 SE EXPRESAN CONTRA LA UBICACI\u00d3N DEL BASURERO DE LA CIUDAD EN ESE LUGAR","author":"Alejandro Sosa Ruda","date":"23 marzo, 2021","format":false,"excerpt":"CHASCOM\u00daS - Tal como estaba previsto, los Vecinos Autoconvocados de la Ruta 20 y personas que se han sumado apoyando el reclamo, se est\u00e1n reuniendo en este momento frente al municipio, a efectos de que las autoridades de una vez por todas escuchen su reclamo, y que cesen con la\u2026","rel":"","context":"En \u00abINTERES GENERAL\u00bb","block_context":{"text":"INTERES GENERAL","link":"https:\/\/larevistadigital.com.ar\/blog\/category\/interes-general\/"},"img":{"alt_text":"","src":"https:\/\/i0.wp.com\/larevistadigital.com.ar\/blog\/wp-content\/uploads\/WhatsApp-Image-2021-03-23-at-12.00.07.jpeg?fit=675%2C1200&ssl=1&resize=350%2C200","width":350,"height":200,"srcset":"https:\/\/i0.wp.com\/larevistadigital.com.ar\/blog\/wp-content\/uploads\/WhatsApp-Image-2021-03-23-at-12.00.07.jpeg?fit=675%2C1200&ssl=1&resize=350%2C200 1x, https:\/\/i0.wp.com\/larevistadigital.com.ar\/blog\/wp-content\/uploads\/WhatsApp-Image-2021-03-23-at-12.00.07.jpeg?fit=675%2C1200&ssl=1&resize=525%2C300 1.5x"},"classes":[]},{"id":16999,"url":"https:\/\/larevistadigital.com.ar\/blog\/la-ucr-de-chascomus-presento-un-proyecto-para-una-consulta-popular-sobre-el-basurero-regional\/","url_meta":{"origin":18266,"position":3},"title":"LA UCR DE CHASCOM\u00daS, PRESENT\u00d3 UN PROYECTO PARA UNA CONSULTA POPULAR SOBRE EL \u00abBASURERO REGIONAL\u00bb","author":"Alejandro Sosa Ruda","date":"15 octubre, 2020","format":false,"excerpt":"En el marco del proyecto que el gobierno local impulsa como \"Polo Ambiental\", pero que diversos especialistas en el tema vienen sosteniendo que ser\u00eda un \"basurero regional\", la UCR de Chascom\u00fas, sostiene que hay muchos interrogantes que no est\u00e1n respondidos, y que lo mejor, entre otras cosas ser\u00eda brindar a\u2026","rel":"","context":"En \u00abDESTACADAS\u00bb","block_context":{"text":"DESTACADAS","link":"https:\/\/larevistadigital.com.ar\/blog\/category\/destacadas\/"},"img":{"alt_text":"","src":"https:\/\/i0.wp.com\/larevistadigital.com.ar\/blog\/wp-content\/uploads\/WhatsApp-Image-2020-10-15-at-11.39.14.jpeg?fit=800%2C800&ssl=1&resize=350%2C200","width":350,"height":200,"srcset":"https:\/\/i0.wp.com\/larevistadigital.com.ar\/blog\/wp-content\/uploads\/WhatsApp-Image-2020-10-15-at-11.39.14.jpeg?fit=800%2C800&ssl=1&resize=350%2C200 1x, https:\/\/i0.wp.com\/larevistadigital.com.ar\/blog\/wp-content\/uploads\/WhatsApp-Image-2020-10-15-at-11.39.14.jpeg?fit=800%2C800&ssl=1&resize=525%2C300 1.5x, https:\/\/i0.wp.com\/larevistadigital.com.ar\/blog\/wp-content\/uploads\/WhatsApp-Image-2020-10-15-at-11.39.14.jpeg?fit=800%2C800&ssl=1&resize=700%2C400 2x"},"classes":[]},{"id":17958,"url":"https:\/\/larevistadigital.com.ar\/blog\/el-municipio-de-chascomus-asegura-haber-encontrado-el-lugar-ideal-para-ubicar-el-basurero\/","url_meta":{"origin":18266,"position":4},"title":"EL MUNICIPIO DE CHASCOM\u00daS, ASEGURA HABER ENCONTRADO EL LUGAR IDEAL PARA UBICAR EL BASURERO","author":"Alejandro Sosa Ruda","date":"3 diciembre, 2020","format":false,"excerpt":"As\u00ed lo asegur\u00f3 Cipriano P\u00e9rez del Cerro en una nota con FM POR SIEMPRE, aunqu\u00e9 no especific\u00f3 donde es el lugar elegido. Tambi\u00e9n dej\u00f3 una importante duda con respecto al actual basurero, al decir que se \"RELLENARA\" todo con tierra f\u00e9rtil, pero sin especificar si antes se quitar\u00e1 la basura\u2026","rel":"","context":"En \u00abINTERES GENERAL\u00bb","block_context":{"text":"INTERES GENERAL","link":"https:\/\/larevistadigital.com.ar\/blog\/category\/interes-general\/"},"img":{"alt_text":"","src":"https:\/\/i0.wp.com\/larevistadigital.com.ar\/blog\/wp-content\/uploads\/98000750_3243140779040118_8890385799376273408_o.jpg?fit=843%2C759&ssl=1&resize=350%2C200","width":350,"height":200,"srcset":"https:\/\/i0.wp.com\/larevistadigital.com.ar\/blog\/wp-content\/uploads\/98000750_3243140779040118_8890385799376273408_o.jpg?fit=843%2C759&ssl=1&resize=350%2C200 1x, https:\/\/i0.wp.com\/larevistadigital.com.ar\/blog\/wp-content\/uploads\/98000750_3243140779040118_8890385799376273408_o.jpg?fit=843%2C759&ssl=1&resize=525%2C300 1.5x, https:\/\/i0.wp.com\/larevistadigital.com.ar\/blog\/wp-content\/uploads\/98000750_3243140779040118_8890385799376273408_o.jpg?fit=843%2C759&ssl=1&resize=700%2C400 2x"},"classes":[]},{"id":4362,"url":"https:\/\/larevistadigital.com.ar\/blog\/chascomus-importante-incendio-basurero-municipal\/","url_meta":{"origin":18266,"position":5},"title":"CHASCOM\u00daS: IMPORTANTE INCENDIO EN EL BASURERO MUNICIPAL","author":"Alejandro Sosa Ruda","date":"3 enero, 2018","format":false,"excerpt":"Al parecer, tan f\u00e1cil no era. Otra vez ocurri\u00f3 un incendio en el predio del basurero municipal, como viene sucediendo hace a\u00f1os, por lo que luego de dos a\u00f1os de gesti\u00f3n local, casi todo contin\u00faa de la misma manera, al menos en lo que respecta a incendios y un abogado\u2026","rel":"","context":"En \u00abDESTACADAS\u00bb","block_context":{"text":"DESTACADAS","link":"https:\/\/larevistadigital.com.ar\/blog\/category\/destacadas\/"},"img":{"alt_text":"","src":"https:\/\/i0.wp.com\/larevistadigital.com.ar\/blog\/wp-content\/uploads\/2018\/01\/26232197_1680733981969616_4018854102632795421_o.jpg?fit=1200%2C900&ssl=1&resize=350%2C200","width":350,"height":200,"srcset":"https:\/\/i0.wp.com\/larevistadigital.com.ar\/blog\/wp-content\/uploads\/2018\/01\/26232197_1680733981969616_4018854102632795421_o.jpg?fit=1200%2C900&ssl=1&resize=350%2C200 1x, https:\/\/i0.wp.com\/larevistadigital.com.ar\/blog\/wp-content\/uploads\/2018\/01\/26232197_1680733981969616_4018854102632795421_o.jpg?fit=1200%2C900&ssl=1&resize=525%2C300 1.5x, https:\/\/i0.wp.com\/larevistadigital.com.ar\/blog\/wp-content\/uploads\/2018\/01\/26232197_1680733981969616_4018854102632795421_o.jpg?fit=1200%2C900&ssl=1&resize=700%2C400 2x, https:\/\/i0.wp.com\/larevistadigital.com.ar\/blog\/wp-content\/uploads\/2018\/01\/26232197_1680733981969616_4018854102632795421_o.jpg?fit=1200%2C900&ssl=1&resize=1050%2C600 3x"},"classes":[]}],"_links":{"self":[{"href":"https:\/\/larevistadigital.com.ar\/blog\/wp-json\/wp\/v2\/posts\/18266","targetHints":{"allow":["GET"]}}],"collection":[{"href":"https:\/\/larevistadigital.com.ar\/blog\/wp-json\/wp\/v2\/posts"}],"about":[{"href":"https:\/\/larevistadigital.com.ar\/blog\/wp-json\/wp\/v2\/types\/post"}],"author":[{"embeddable":true,"href":"https:\/\/larevistadigital.com.ar\/blog\/wp-json\/wp\/v2\/users\/3"}],"replies":[{"embeddable":true,"href":"https:\/\/larevistadigital.com.ar\/blog\/wp-json\/wp\/v2\/comments?post=18266"}],"version-history":[{"count":1,"href":"https:\/\/larevistadigital.com.ar\/blog\/wp-json\/wp\/v2\/posts\/18266\/revisions"}],"predecessor-version":[{"id":18268,"href":"https:\/\/larevistadigital.com.ar\/blog\/wp-json\/wp\/v2\/posts\/18266\/revisions\/18268"}],"wp:featuredmedia":[{"embeddable":true,"href":"https:\/\/larevistadigital.com.ar\/blog\/wp-json\/wp\/v2\/media\/18269"}],"wp:attachment":[{"href":"https:\/\/larevistadigital.com.ar\/blog\/wp-json\/wp\/v2\/media?parent=18266"}],"wp:term":[{"taxonomy":"category","embeddable":true,"href":"https:\/\/larevistadigital.com.ar\/blog\/wp-json\/wp\/v2\/categories?post=18266"},{"taxonomy":"post_tag","embeddable":true,"href":"https:\/\/larevistadigital.com.ar\/blog\/wp-json\/wp\/v2\/tags?post=18266"}],"curies":[{"name":"wp","href":"https:\/\/api.w.org\/{rel}","templated":true}]}}