{"id":183,"date":"2017-02-12T02:15:02","date_gmt":"2017-02-12T02:15:02","guid":{"rendered":"https:\/\/larevistadigital.com.ar\/blog\/?p=183"},"modified":"2017-02-12T02:15:02","modified_gmt":"2017-02-12T02:15:02","slug":"festejo-del-barsa-no-fue-completo-impactante-lesion-aleix-vidal","status":"publish","type":"post","link":"https:\/\/larevistadigital.com.ar\/blog\/festejo-del-barsa-no-fue-completo-impactante-lesion-aleix-vidal\/","title":{"rendered":"El festejo del Barsa no fue completo: impactante lesi\u00f3n de Aleix Vidal"},"content":{"rendered":"<div class=\"box_title col-lg-9 col-md-12\">\n<div class=\"title\">\n<div class=\"bajada\">\n<p>El defensor se lastim\u00f3 tras una falta de Theo. \u00abEs evidente que es algo grave\u00bb, dijo Luis Enrique.<\/p>\n<\/div>\n<\/div>\n<\/div>\n<div class=\"interior-l page\">\n<div class=\"notas-content\">\n<div class=\"media-container col-lg-9 col-md-12\">\n<div id=\"galeria-trigger\" class=\"media-cont main-image pointer\" data-index=\"0\">\n<figure><img data-recalc-dims=\"1\" decoding=\"async\" class=\"img-responsive intelResolution\" title=\"El festejo del Barsa no fue completo: impactante lesi\u00f3n de Aleix Vidal\" src=\"https:\/\/i0.wp.com\/images.clarin.com\/2017\/02\/11\/H1uhDRhdx_930x525.jpg\" alt=\"El festejo del Barsa no fue completo: impactante lesi\u00f3n de Aleix Vidal\" data-big=\"\/\/images.clarin.com\/2017\/02\/11\/H1uhDRhdx_930x525.jpg\" data-small=\"\/\/images.clarin.com\/2017\/02\/11\/H1uhDRhdx_640x361.jpg\" \/><i class=\"fa fa-circle fa-stack-2x icon-background1\"><\/i><i class=\"fa fa-circle-o fa-stack-2x icon-background2\"><\/i><i class=\"fa fa-arrows-alt fa-stack-1x\"><\/i><\/figure>\n<p>Aleix Vidal sufre. El defensor espera el diagn\u00f3stico sobre su grave lesi\u00f3n. (EFE)<\/p>\n<\/div>\n<div id=\"galeria-show-trigger\">\n<p>\u00ab<strong>En principio, es evidente que es algo grave. Podr\u00eda tener el tobillo fracturado o luxado<\/strong>\u00ab, afirm\u00f3 Luis Enrique, entrenador del equipo catal\u00e1n, sobre la lesi\u00f3n en la pierna derecha de Vidal. \u00abNo es nada bueno, est\u00e1 claro; pero hay que esperar a que lo vean y a lo que digan los m\u00e9dicos\u00bb, agreg\u00f3 en la conferencia de prensa, en la que se mostr\u00f3 \u00abfastidiado por la lesi\u00f3n de Aleix\u00bb. El jugador fue trasladado a un centro hospitalario de la ciudad de Vitoria acompa\u00f1ado del Dr. Yanguas, m\u00e9dico del club.<\/p>\n<div class=\"image-trigger pointer\" data-index=\"1\">\n<figure><img data-recalc-dims=\"1\" decoding=\"async\" class=\"img-responsive intelResolution image-modal-trigger\" title=\"El festejo del Barsa no fue completo: impactante lesi\u00f3n de Aleix Vidal\" src=\"https:\/\/i0.wp.com\/images.clarin.com\/2017\/02\/11\/ryxGDAhOg_720x0.jpg\" alt=\"El festejo del Barsa no fue completo: impactante lesi\u00f3n de Aleix Vidal\" data-index=\"1\" data-big=\"\/\/images.clarin.com\/2017\/02\/11\/ryxGDAhOg_720x0.jpg\" data-small=\"\/\/images.clarin.com\/2017\/02\/11\/ryxGDAhOg_720x0.jpg\" \/><i class=\"fa fa-circle fa-stack-2x icon-background1\"><\/i><i class=\"fa fa-circle-o fa-stack-2x icon-background2\"><\/i><i class=\"fa fa-arrows-alt fa-stack-1x\"><\/i><\/figure>\n<p>As\u00ed se retir\u00f3 Aleix Vidal. (AFP)<\/p>\n<\/div>\n<p>Mientras tanto, quien se mostr\u00f3 apenado fue Theo, quien pidi\u00f3 \u00abperd\u00f3n\u00bb por esa acci\u00f3n, pero dej\u00f3 claro que no tuvo intenci\u00f3n de hacer da\u00f1o al defensor. \u00abDoy primero al bal\u00f3n y tiene el pie de apoyo apoyado\u00bb, se\u00f1al\u00f3 en declaraciones a Bein. \u00ab<strong>No lo he visto, solo le pido perd\u00f3n y ahora ver\u00e9 qu\u00e9 tal est\u00e1<\/strong>\u00ab, a\u00f1adi\u00f3.<\/p>\n<\/div>\n<\/div>\n<div class=\"cuerpoSolo col-lg-6 col-md-9 col-lg-offset-3 \"><\/div>\n<\/div>\n<\/div>\n","protected":false},"excerpt":{"rendered":"<div class=\"mh-excerpt\"><p>El defensor se lastim\u00f3 tras una falta de Theo. \u00abEs evidente que es algo grave\u00bb, dijo Luis Enrique. Aleix Vidal sufre. El defensor espera el diagn\u00f3stico sobre su grave lesi\u00f3n. (EFE) \u00abEn principio, es evidente <a class=\"mh-excerpt-more\" href=\"https:\/\/larevistadigital.com.ar\/blog\/festejo-del-barsa-no-fue-completo-impactante-lesion-aleix-vidal\/\" title=\"El festejo del Barsa no fue completo: impactante lesi\u00f3n de Aleix Vidal\">[Leer M\u00e1s]<\/a><\/p>\n<\/div>","protected":false},"author":2,"featured_media":184,"comment_status":"open","ping_status":"open","sticky":false,"template":"","format":"standard","meta":{"_jetpack_memberships_contains_paid_content":false,"footnotes":"","jetpack_publicize_message":"","jetpack_publicize_feature_enabled":true,"jetpack_social_post_already_shared":false,"jetpack_social_options":{"image_generator_settings":{"template":"highway","default_image_id":0,"font":"","enabled":false},"version":2}},"categories":[8],"tags":[],"class_list":{"0":"post-183","1":"post","2":"type-post","3":"status-publish","4":"format-standard","5":"has-post-thumbnail","7":"category-deportes"},"jetpack_publicize_connections":[],"jetpack_featured_media_url":"https:\/\/i0.wp.com\/larevistadigital.com.ar\/blog\/wp-content\/uploads\/2017\/02\/H1uhDRhdx_930x525.jpg?fit=930%2C525&ssl=1","jetpack_sharing_enabled":true,"jetpack_shortlink":"https:\/\/wp.me\/p8qtrQ-2X","jetpack-related-posts":[{"id":1296,"url":"https:\/\/larevistadigital.com.ar\/blog\/defensor-del-pueblo-bonaerense-se-ofrecio-como-mediador-entre-el-gobierno-y-los-docentes\/","url_meta":{"origin":183,"position":0},"title":"DEFENSOR DEL PUEBLO BONAERENSE SE OFRECI\u00d3 COMO MEDIADOR ENTRE EL GOBIERNO Y LOS DOCENTES","author":"Alejandro Sosa Ruda","date":"18 marzo, 2017","format":false,"excerpt":"Se trata de Guido Lorenzino, quien cit\u00f3 a las partes a una mesa de di\u00e1logo, a efectos de tratar de destrabar el conflicto que mantienen hace rato, y ha afectado a muchas criaturas que vieron pospuesto el inicio de sus clases. Lorenzino les envi\u00f3 una carta a la gobernadora de\u2026","rel":"","context":"En \u00abDESTACADAS\u00bb","block_context":{"text":"DESTACADAS","link":"https:\/\/larevistadigital.com.ar\/blog\/category\/destacadas\/"},"img":{"alt_text":"","src":"https:\/\/i0.wp.com\/larevistadigital.com.ar\/blog\/wp-content\/uploads\/2017\/03\/c82dfbd432ac1b4c036cda5a078002cc_XL.jpg?fit=1200%2C716&ssl=1&resize=350%2C200","width":350,"height":200,"srcset":"https:\/\/i0.wp.com\/larevistadigital.com.ar\/blog\/wp-content\/uploads\/2017\/03\/c82dfbd432ac1b4c036cda5a078002cc_XL.jpg?fit=1200%2C716&ssl=1&resize=350%2C200 1x, https:\/\/i0.wp.com\/larevistadigital.com.ar\/blog\/wp-content\/uploads\/2017\/03\/c82dfbd432ac1b4c036cda5a078002cc_XL.jpg?fit=1200%2C716&ssl=1&resize=525%2C300 1.5x, https:\/\/i0.wp.com\/larevistadigital.com.ar\/blog\/wp-content\/uploads\/2017\/03\/c82dfbd432ac1b4c036cda5a078002cc_XL.jpg?fit=1200%2C716&ssl=1&resize=700%2C400 2x, https:\/\/i0.wp.com\/larevistadigital.com.ar\/blog\/wp-content\/uploads\/2017\/03\/c82dfbd432ac1b4c036cda5a078002cc_XL.jpg?fit=1200%2C716&ssl=1&resize=1050%2C600 3x"},"classes":[]},{"id":32813,"url":"https:\/\/larevistadigital.com.ar\/blog\/atropellaron-a-un-hombre-que-caminaba-por-la-ruta-2-esta-en-grave-estado\/","url_meta":{"origin":183,"position":1},"title":"ATROPELLARON A UN HOMBRE QUE CAMINABA POR LA RUTA 2. EST\u00c1 EN GRAVE ESTADO","author":"Alejandro Sosa Ruda","date":"8 agosto, 2023","format":false,"excerpt":"Sucedi\u00f3 mientras la persona hac\u00eda ejercicios, durante la ma\u00f1ana de ayer. 8 de agosto de 2023 MAR CHIQUITA -\u00a0 Una persona de sexo masculino de 58 a\u00f1os de edad,\u00a0 fue atropellado en la ruta 2, en jurisdicci\u00f3n del partido de Mar Chiquita, y se encuentra en grave estado. El lamentable\u2026","rel":"","context":"En \u00abPOLICIALES\u00bb","block_context":{"text":"POLICIALES","link":"https:\/\/larevistadigital.com.ar\/blog\/category\/policiales\/"},"img":{"alt_text":"","src":"https:\/\/i0.wp.com\/larevistadigital.com.ar\/blog\/wp-content\/uploads\/2019\/02\/ambulancia.jpg?fit=800%2C454&ssl=1&resize=350%2C200","width":350,"height":200,"srcset":"https:\/\/i0.wp.com\/larevistadigital.com.ar\/blog\/wp-content\/uploads\/2019\/02\/ambulancia.jpg?fit=800%2C454&ssl=1&resize=350%2C200 1x, https:\/\/i0.wp.com\/larevistadigital.com.ar\/blog\/wp-content\/uploads\/2019\/02\/ambulancia.jpg?fit=800%2C454&ssl=1&resize=525%2C300 1.5x, https:\/\/i0.wp.com\/larevistadigital.com.ar\/blog\/wp-content\/uploads\/2019\/02\/ambulancia.jpg?fit=800%2C454&ssl=1&resize=700%2C400 2x"},"classes":[]},{"id":41458,"url":"https:\/\/larevistadigital.com.ar\/blog\/tragedia-en-coronel-vidal-un-motociclista-murio-y-otro-resulto-gravemente-herido-tras-chocar-contra-la-barrera-del-tren\/","url_meta":{"origin":183,"position":2},"title":"Tragedia en Coronel Vidal: un motociclista muri\u00f3 y otro result\u00f3 gravemente herido tras chocar contra la barrera del tren","author":"Alejandro Sosa Ruda","date":"15 septiembre, 2025","format":false,"excerpt":"El siniestro ocurri\u00f3 en la madrugada del domingo en el cruce de la Ruta 55 y el ingreso a Coronel Vidal. Uno de los conductores falleci\u00f3 en el acto y otro permanece internado en grave estado. 15 de septiembre de 2025 CORONEL VIDAL -\u00a0 \u00a0Un tr\u00e1gico accidente se produjo este\u2026","rel":"","context":"En \u00abPOLICIALES\u00bb","block_context":{"text":"POLICIALES","link":"https:\/\/larevistadigital.com.ar\/blog\/category\/policiales\/"},"img":{"alt_text":"","src":"https:\/\/i0.wp.com\/larevistadigital.com.ar\/blog\/wp-content\/uploads\/e554f2555198221fa41688bde2a8ab59e2797d3e.jpg?fit=1140%2C724&ssl=1&resize=350%2C200","width":350,"height":200,"srcset":"https:\/\/i0.wp.com\/larevistadigital.com.ar\/blog\/wp-content\/uploads\/e554f2555198221fa41688bde2a8ab59e2797d3e.jpg?fit=1140%2C724&ssl=1&resize=350%2C200 1x, https:\/\/i0.wp.com\/larevistadigital.com.ar\/blog\/wp-content\/uploads\/e554f2555198221fa41688bde2a8ab59e2797d3e.jpg?fit=1140%2C724&ssl=1&resize=525%2C300 1.5x, https:\/\/i0.wp.com\/larevistadigital.com.ar\/blog\/wp-content\/uploads\/e554f2555198221fa41688bde2a8ab59e2797d3e.jpg?fit=1140%2C724&ssl=1&resize=700%2C400 2x, https:\/\/i0.wp.com\/larevistadigital.com.ar\/blog\/wp-content\/uploads\/e554f2555198221fa41688bde2a8ab59e2797d3e.jpg?fit=1140%2C724&ssl=1&resize=1050%2C600 3x"},"classes":[]},{"id":9532,"url":"https:\/\/larevistadigital.com.ar\/blog\/el-gobierno-de-chascomus-hace-responsable-a-la-gobernadora-vidal-de-la-dificil-situacion-por-el-juicio-de-la-rifa\/","url_meta":{"origin":183,"position":3},"title":"EL GOBIERNO DE CHASCOM\u00daS, HACE RESPONSABLE A LA GOBERNADORA VIDAL DE LA DIF\u00cdCIL SITUACI\u00d3N POR EL JUICIO DE \u00abLA RIFA\u00bb","author":"Alejandro Sosa Ruda","date":"4 abril, 2019","format":false,"excerpt":"El Secretario de Gobierno de Chascom\u00fas, Cipriano P\u00e9rez del Cerro destac\u00f3 que \u201ceste juicio nos va a complicar la vida diaria a todos los vecinos que venimos atravesando un calvario de m\u00e1s de 20 a\u00f1os\u201d. La reciente sentencia del Juzgado Civil y Comercial N\u00b0 27 de La Plata divide el\u2026","rel":"","context":"En \u00abDESTACADAS\u00bb","block_context":{"text":"DESTACADAS","link":"https:\/\/larevistadigital.com.ar\/blog\/category\/destacadas\/"},"img":{"alt_text":"","src":"https:\/\/i0.wp.com\/larevistadigital.com.ar\/blog\/wp-content\/uploads\/2019\/04\/13701015_1204889799531903_4701031029618542748_o.jpg?fit=1200%2C800&ssl=1&resize=350%2C200","width":350,"height":200,"srcset":"https:\/\/i0.wp.com\/larevistadigital.com.ar\/blog\/wp-content\/uploads\/2019\/04\/13701015_1204889799531903_4701031029618542748_o.jpg?fit=1200%2C800&ssl=1&resize=350%2C200 1x, https:\/\/i0.wp.com\/larevistadigital.com.ar\/blog\/wp-content\/uploads\/2019\/04\/13701015_1204889799531903_4701031029618542748_o.jpg?fit=1200%2C800&ssl=1&resize=525%2C300 1.5x, https:\/\/i0.wp.com\/larevistadigital.com.ar\/blog\/wp-content\/uploads\/2019\/04\/13701015_1204889799531903_4701031029618542748_o.jpg?fit=1200%2C800&ssl=1&resize=700%2C400 2x, https:\/\/i0.wp.com\/larevistadigital.com.ar\/blog\/wp-content\/uploads\/2019\/04\/13701015_1204889799531903_4701031029618542748_o.jpg?fit=1200%2C800&ssl=1&resize=1050%2C600 3x"},"classes":[]},{"id":28890,"url":"https:\/\/larevistadigital.com.ar\/blog\/bomba-en-la-copa-del-mundo-benzema-afuera-del-mundial-por-un-desgarro\/","url_meta":{"origin":183,"position":4},"title":"BOMBA EN LA COPA DEL MUNDO: BENZEM\u00c1 AFUERA DEL MUNDIAL POR UN DESGARRO","author":"Alejandro Sosa Ruda","date":"19 noviembre, 2022","format":false,"excerpt":"Seg\u00fan informa el sitio galo Le Parisien, la decisi\u00f3n del cuerpo t\u00e9cnico es que abandone la concentraci\u00f3n porque su lesi\u00f3n le impide jugar el torneo. 19 de noviembre de 2022 El delantero Karim Benzema, con una lesi\u00f3n en la pierna izquierda, fue desafectado del seleccionado de f\u00fatbol de Francia, campe\u00f3n\u2026","rel":"","context":"En \u00abDEPORTES\u00bb","block_context":{"text":"DEPORTES","link":"https:\/\/larevistadigital.com.ar\/blog\/category\/deportes\/"},"img":{"alt_text":"","src":"https:\/\/i0.wp.com\/larevistadigital.com.ar\/blog\/wp-content\/uploads\/GettyImages-1243681660.jpg?fit=1200%2C675&ssl=1&resize=350%2C200","width":350,"height":200,"srcset":"https:\/\/i0.wp.com\/larevistadigital.com.ar\/blog\/wp-content\/uploads\/GettyImages-1243681660.jpg?fit=1200%2C675&ssl=1&resize=350%2C200 1x, https:\/\/i0.wp.com\/larevistadigital.com.ar\/blog\/wp-content\/uploads\/GettyImages-1243681660.jpg?fit=1200%2C675&ssl=1&resize=525%2C300 1.5x, https:\/\/i0.wp.com\/larevistadigital.com.ar\/blog\/wp-content\/uploads\/GettyImages-1243681660.jpg?fit=1200%2C675&ssl=1&resize=700%2C400 2x, https:\/\/i0.wp.com\/larevistadigital.com.ar\/blog\/wp-content\/uploads\/GettyImages-1243681660.jpg?fit=1200%2C675&ssl=1&resize=1050%2C600 3x"},"classes":[]},{"id":6216,"url":"https:\/\/larevistadigital.com.ar\/blog\/vidal-reunio-su-gabinete-en-san-miguel-y-visito-un-centro-de-contencion-infantil\/","url_meta":{"origin":183,"position":5},"title":"VIDAL REUNI\u00d3 SU GABINETE EN SAN MIGUEL Y VISIT\u00d3 UN CENTRO DE CONTENCI\u00d3N INFANTIL","author":"Alejandro Sosa Ruda","date":"15 agosto, 2018","format":false,"excerpt":"La gobernadora de la provincia de Buenos Aires, Mar\u00eda Eugenia Vidal, encabez\u00f3 hoy la reuni\u00f3n de gabinete semanal que en esta ocasi\u00f3n se desarroll\u00f3 en un Centro de Desarrollo Infanto Familiar del municipio de San Miguel CDIF. Al t\u00e9rmino de la reuni\u00f3n con sus ministros, la Gobernadora recorri\u00f3 el centro\u2026","rel":"","context":"En \u00abPOLITICA\u00bb","block_context":{"text":"POLITICA","link":"https:\/\/larevistadigital.com.ar\/blog\/category\/politica\/"},"img":{"alt_text":"","src":"https:\/\/i0.wp.com\/larevistadigital.com.ar\/blog\/wp-content\/uploads\/2018\/08\/mail.jpg?fit=1200%2C802&ssl=1&resize=350%2C200","width":350,"height":200,"srcset":"https:\/\/i0.wp.com\/larevistadigital.com.ar\/blog\/wp-content\/uploads\/2018\/08\/mail.jpg?fit=1200%2C802&ssl=1&resize=350%2C200 1x, https:\/\/i0.wp.com\/larevistadigital.com.ar\/blog\/wp-content\/uploads\/2018\/08\/mail.jpg?fit=1200%2C802&ssl=1&resize=525%2C300 1.5x, https:\/\/i0.wp.com\/larevistadigital.com.ar\/blog\/wp-content\/uploads\/2018\/08\/mail.jpg?fit=1200%2C802&ssl=1&resize=700%2C400 2x, https:\/\/i0.wp.com\/larevistadigital.com.ar\/blog\/wp-content\/uploads\/2018\/08\/mail.jpg?fit=1200%2C802&ssl=1&resize=1050%2C600 3x"},"classes":[]}],"_links":{"self":[{"href":"https:\/\/larevistadigital.com.ar\/blog\/wp-json\/wp\/v2\/posts\/183","targetHints":{"allow":["GET"]}}],"collection":[{"href":"https:\/\/larevistadigital.com.ar\/blog\/wp-json\/wp\/v2\/posts"}],"about":[{"href":"https:\/\/larevistadigital.com.ar\/blog\/wp-json\/wp\/v2\/types\/post"}],"author":[{"embeddable":true,"href":"https:\/\/larevistadigital.com.ar\/blog\/wp-json\/wp\/v2\/users\/2"}],"replies":[{"embeddable":true,"href":"https:\/\/larevistadigital.com.ar\/blog\/wp-json\/wp\/v2\/comments?post=183"}],"version-history":[{"count":1,"href":"https:\/\/larevistadigital.com.ar\/blog\/wp-json\/wp\/v2\/posts\/183\/revisions"}],"predecessor-version":[{"id":185,"href":"https:\/\/larevistadigital.com.ar\/blog\/wp-json\/wp\/v2\/posts\/183\/revisions\/185"}],"wp:featuredmedia":[{"embeddable":true,"href":"https:\/\/larevistadigital.com.ar\/blog\/wp-json\/wp\/v2\/media\/184"}],"wp:attachment":[{"href":"https:\/\/larevistadigital.com.ar\/blog\/wp-json\/wp\/v2\/media?parent=183"}],"wp:term":[{"taxonomy":"category","embeddable":true,"href":"https:\/\/larevistadigital.com.ar\/blog\/wp-json\/wp\/v2\/categories?post=183"},{"taxonomy":"post_tag","embeddable":true,"href":"https:\/\/larevistadigital.com.ar\/blog\/wp-json\/wp\/v2\/tags?post=183"}],"curies":[{"name":"wp","href":"https:\/\/api.w.org\/{rel}","templated":true}]}}