{"id":18418,"date":"2020-12-30T03:15:04","date_gmt":"2020-12-30T03:15:04","guid":{"rendered":"https:\/\/larevistadigital.com.ar\/blog\/?p=18418"},"modified":"2020-12-30T03:15:04","modified_gmt":"2020-12-30T03:15:04","slug":"que-pasa-con-el-107-y-la-atencion-el-segundo-vecino-que-nos-escribe-contando-que-tiene-covid-y-dice-no-haber-sido-atendido-por-el-municipio","status":"publish","type":"post","link":"https:\/\/larevistadigital.com.ar\/blog\/que-pasa-con-el-107-y-la-atencion-el-segundo-vecino-que-nos-escribe-contando-que-tiene-covid-y-dice-no-haber-sido-atendido-por-el-municipio\/","title":{"rendered":"\u00bfQU\u00c9 PASA CON EL 107 Y LA ATENCI\u00d3N? \u2026 EL SEGUNDO VECINO QUE NOS ESCRIBE, CONTANDO QUE TIENE COVID, Y DICE NO HABER SIDO ATENDIDO POR EL MUNICIPIO"},"content":{"rendered":"<p>Hace unos d\u00edas atr\u00e1s, se comunic\u00f3 con nosotros un amigo y vecino, que nos cont\u00f3 que sinti\u00f3 claros s\u00edntomas que lo hicieron sospechar que ten\u00eda Covid-19. Una vez que lo atendieron le prometieron que ir\u00edan al otro d\u00eda a su domicilio por la ma\u00f1ana. Nunca ocurri\u00f3. Luego, llam\u00f3 telef\u00f3nicamente a la doctora <strong>Arias<\/strong>, quien le contest\u00f3 que <em><strong>\u00abahora no puedo atenderlo, lo llamo en un rato a este n\u00famero\u00bb<\/strong><\/em>. Tampoco ocurri\u00f3 nada. Nunca se lo llam\u00f3.<\/p>\n<p>Hoy, se comunica otro amigo, con un relato similar al primer caso. No le prestaron atenci\u00f3n. Su mujer hizo un hisopado de manera particular, y dio positivo. Ahora \u00e9l est\u00e1 sintiendo todos los s\u00edntomas.<\/p>\n<p><strong>A continuaci\u00f3n, reproducimos el preocupante mensaje:\u00a0<\/strong><\/p>\n<p><em><strong>\u00abHola amigo, estoy aislado con s\u00edntomas de covid. A mi mujer ayer la llev\u00e9 a la Plata a un laboratorio privado a hacer el hisopado y le dio positivo, as\u00ed que estamos en cama no muy bien, con fiebre, falta de olfato y gusto. No se lo deseo a nadie. <\/strong><\/em><\/p>\n<p><em><strong>Pero lo m\u00e1s triste es que el lunes tipo 14 hs llam\u00e9 al 107 para reportar lo que nos est\u00e1 ocurriendo y no tuve respuesta favorable. Me pasaron un n\u00famero de tel\u00e9fono de epidemiolog\u00eda y obviamente que nadie me atendi\u00f3. Hoy martes por la ma\u00f1ana, despu\u00e9s de mover cielo y tierra consigo el n\u00famero de la secretaria de salud, me atendi\u00f3 muy amablemente una persona de nombre Federica y me comunic\u00f3 que lo iba a pasar a la jefa de guardia y que en breve me llamar\u00edan&#8230; Ya pasaron 12 horas y nadie absolutamente nadie me llamo para asesorarme al respecto. Ahora veo por qu\u00e9 no hay casos de covid en Chascom\u00fas, si nadie atiende a las personas que lo necesitan. <\/strong><\/em><\/p>\n<p><em><strong>Es incre\u00edble la cantidad de personas que hacen los hisopados en forma particular, es m\u00e1s los laboratorios se abusan ac\u00e1: te cobran 6500 pesos. M\u00e1s del doble que en cualquier laboratorio prestigioso de la Plata, disculpa que escrib\u00ed tanto, pero me ten\u00eda que descargar, no doy m\u00e1s de que el sistema m\u00e9dico estatal en Chascom\u00fas se cagan en todo, igualmente donde se me complique me rajo a la Plata, ya que mi hija es m\u00e9dica all\u00e1 en hospital p\u00fablico y privado, no puede creer lo que nos esta pasando. Chau gracias por preguntar y si Dios quiere y zafo de esta nos vemos. Abrazos\u00bb.<\/strong><\/em><\/p>\n<blockquote>\n<h3>\u00bfY ahora? \u00bfQu\u00e9 excusa van a poner?. No se entiende como ni siquiera se ocuparon de atender un caso que dio positivo. \u00bfQu\u00e9 pretenden? \u00bfNo quieren sumar m\u00e1s casos a las estad\u00edsticas que ya no publican?<\/h3>\n<\/blockquote>\n<p>\u00bfHasta cu\u00e1ndo seguir\u00e1 esta inoperancia e irresponsabilidad que pone en riesgo la salud de las personas?. \u00bfpara qu\u00e9 sirve un tel\u00e9fono que cuando hablan con uno, luego se olvidan y hacen como si nunca hubieran llamado?<\/p>\n<p>Muchas preguntas, que en alg\u00fan momento deber\u00e1 responder la doctora <strong>Arias<\/strong>, Secretaria de Salud, y responsable de estas situaciones.<\/p>\n","protected":false},"excerpt":{"rendered":"<div class=\"mh-excerpt\"><p>Hace unos d\u00edas atr\u00e1s, se comunic\u00f3 con nosotros un amigo y vecino, que nos cont\u00f3 que sinti\u00f3 claros s\u00edntomas que lo hicieron sospechar que ten\u00eda Covid-19. Una vez que lo atendieron le prometieron que ir\u00edan <a class=\"mh-excerpt-more\" href=\"https:\/\/larevistadigital.com.ar\/blog\/que-pasa-con-el-107-y-la-atencion-el-segundo-vecino-que-nos-escribe-contando-que-tiene-covid-y-dice-no-haber-sido-atendido-por-el-municipio\/\" title=\"\u00bfQU\u00c9 PASA CON EL 107 Y LA ATENCI\u00d3N? \u2026 EL SEGUNDO VECINO QUE NOS ESCRIBE, CONTANDO QUE TIENE COVID, Y DICE NO HABER SIDO ATENDIDO POR EL MUNICIPIO\">[Leer M\u00e1s]<\/a><\/p>\n<\/div>","protected":false},"author":3,"featured_media":18419,"comment_status":"open","ping_status":"open","sticky":false,"template":"","format":"standard","meta":{"_jetpack_memberships_contains_paid_content":false,"footnotes":"","jetpack_publicize_message":"","jetpack_publicize_feature_enabled":true,"jetpack_social_post_already_shared":true,"jetpack_social_options":{"image_generator_settings":{"template":"highway","default_image_id":0,"font":"","enabled":false},"version":2}},"categories":[41],"tags":[],"class_list":{"0":"post-18418","1":"post","2":"type-post","3":"status-publish","4":"format-standard","5":"has-post-thumbnail","7":"category-destacadas"},"jetpack_publicize_connections":[],"jetpack_featured_media_url":"https:\/\/i0.wp.com\/larevistadigital.com.ar\/blog\/wp-content\/uploads\/coronavirus_cepa.jpg?fit=1280%2C720&ssl=1","jetpack_sharing_enabled":true,"jetpack_shortlink":"https:\/\/wp.me\/p8qtrQ-4N4","jetpack-related-posts":[{"id":18428,"url":"https:\/\/larevistadigital.com.ar\/blog\/mas-quejas-por-la-mala-atencion-del-107-a-vecinos-con-sintomas-de-covid-19\/","url_meta":{"origin":18418,"position":0},"title":"MAS QUEJAS POR LA MALA ATENCI\u00d3N DEL 107 A VECINOS CON S\u00cdNTOMAS DE COVID-19","author":"Alejandro Sosa Ruda","date":"2 enero, 2021","format":false,"excerpt":"Otra vez, nos encontramos con casos de vecinos que elevan sus quejas por la desatenci\u00f3n a que fueron sometidos cuando presentaron s\u00edntomas de Covid-19 y llamaron al 107, solicitando atenci\u00f3n, consejos y por lo menos un poco de inter\u00e9s en la situaci\u00f3n que estaban viviendo. Esto se viene repitiendo, y\u2026","rel":"","context":"En \u00abDESTACADAS\u00bb","block_context":{"text":"DESTACADAS","link":"https:\/\/larevistadigital.com.ar\/blog\/category\/destacadas\/"},"img":{"alt_text":"","src":"https:\/\/i0.wp.com\/larevistadigital.com.ar\/blog\/wp-content\/uploads\/COVID-19-SM-1200px-v2.jpg?fit=1200%2C675&ssl=1&resize=350%2C200","width":350,"height":200,"srcset":"https:\/\/i0.wp.com\/larevistadigital.com.ar\/blog\/wp-content\/uploads\/COVID-19-SM-1200px-v2.jpg?fit=1200%2C675&ssl=1&resize=350%2C200 1x, https:\/\/i0.wp.com\/larevistadigital.com.ar\/blog\/wp-content\/uploads\/COVID-19-SM-1200px-v2.jpg?fit=1200%2C675&ssl=1&resize=525%2C300 1.5x, https:\/\/i0.wp.com\/larevistadigital.com.ar\/blog\/wp-content\/uploads\/COVID-19-SM-1200px-v2.jpg?fit=1200%2C675&ssl=1&resize=700%2C400 2x, https:\/\/i0.wp.com\/larevistadigital.com.ar\/blog\/wp-content\/uploads\/COVID-19-SM-1200px-v2.jpg?fit=1200%2C675&ssl=1&resize=1050%2C600 3x"},"classes":[]},{"id":21242,"url":"https:\/\/larevistadigital.com.ar\/blog\/chascomus-intentan-estafar-a-un-vecino-diciendo-que-eran-de-telefonica\/","url_meta":{"origin":18418,"position":1},"title":"CHASCOM\u00daS: INTENTAN ESTAFAR A UN VECINO DICIENDO QUE ERAN DE TELEF\u00d3NICA","author":"Alejandro Sosa Ruda","date":"22 julio, 2021","format":false,"excerpt":"CHASCOM\u00daS -\u00a0 El vecino Alfredo Gauna, se comunic\u00f3 con nosotros, para relatarnos una desagradable situaci\u00f3n que le toc\u00f3 vivir junto a su madre, a efectos de poner a los vecinos y lectores de La Revista digital para que nadie m\u00e1s tenga que pasar por esto y ser estafado en su\u2026","rel":"","context":"En \u00abINTERES GENERAL\u00bb","block_context":{"text":"INTERES GENERAL","link":"https:\/\/larevistadigital.com.ar\/blog\/category\/interes-general\/"},"img":{"alt_text":"","src":"https:\/\/i0.wp.com\/larevistadigital.com.ar\/blog\/wp-content\/uploads\/Estafas.jpg?fit=800%2C450&ssl=1&resize=350%2C200","width":350,"height":200,"srcset":"https:\/\/i0.wp.com\/larevistadigital.com.ar\/blog\/wp-content\/uploads\/Estafas.jpg?fit=800%2C450&ssl=1&resize=350%2C200 1x, https:\/\/i0.wp.com\/larevistadigital.com.ar\/blog\/wp-content\/uploads\/Estafas.jpg?fit=800%2C450&ssl=1&resize=525%2C300 1.5x, https:\/\/i0.wp.com\/larevistadigital.com.ar\/blog\/wp-content\/uploads\/Estafas.jpg?fit=800%2C450&ssl=1&resize=700%2C400 2x"},"classes":[]},{"id":17030,"url":"https:\/\/larevistadigital.com.ar\/blog\/pila-registro-su-cuarta-muerte-por-covid-19\/","url_meta":{"origin":18418,"position":2},"title":"PILA REGISTR\u00d3 SU CUARTA MUERTE POR COVID-19","author":"Alejandro Sosa Ruda","date":"19 octubre, 2020","format":false,"excerpt":"El paciente se encontraba internado en un sanatorio de la ciudad de La Plata. El distrito cuenta con 30 casos activos. Se inform\u00f3 desde la Secretar\u00eda de Salud de la Municipalidad de Pila que un paciente internado en un sanatorio de la ciudad de La Plata se convirti\u00f3 en el\u2026","rel":"","context":"En \u00abPILA\u00bb","block_context":{"text":"PILA","link":"https:\/\/larevistadigital.com.ar\/blog\/category\/pila\/"},"img":{"alt_text":"","src":"https:\/\/i0.wp.com\/larevistadigital.com.ar\/blog\/wp-content\/uploads\/c02553453cb12afe28340038d1c2503d96f0f70c.jpg?fit=1140%2C718&ssl=1&resize=350%2C200","width":350,"height":200,"srcset":"https:\/\/i0.wp.com\/larevistadigital.com.ar\/blog\/wp-content\/uploads\/c02553453cb12afe28340038d1c2503d96f0f70c.jpg?fit=1140%2C718&ssl=1&resize=350%2C200 1x, https:\/\/i0.wp.com\/larevistadigital.com.ar\/blog\/wp-content\/uploads\/c02553453cb12afe28340038d1c2503d96f0f70c.jpg?fit=1140%2C718&ssl=1&resize=525%2C300 1.5x, https:\/\/i0.wp.com\/larevistadigital.com.ar\/blog\/wp-content\/uploads\/c02553453cb12afe28340038d1c2503d96f0f70c.jpg?fit=1140%2C718&ssl=1&resize=700%2C400 2x, https:\/\/i0.wp.com\/larevistadigital.com.ar\/blog\/wp-content\/uploads\/c02553453cb12afe28340038d1c2503d96f0f70c.jpg?fit=1140%2C718&ssl=1&resize=1050%2C600 3x"},"classes":[]},{"id":24412,"url":"https:\/\/larevistadigital.com.ar\/blog\/indignante-los-bomberos-voluntarios-debieron-salir-a-la-madrugada-por-una-llamada-de-un-incendio-que-nunca-ocurrio\/","url_meta":{"origin":18418,"position":3},"title":"INDIGNANTE&#8230; LOS BOMBEROS VOLUNTARIOS DEBIERON SALIR A LA MADRUGADA POR UNA LLAMADA DE UN INCENDIO QUE NUNCA OCURRI\u00d3","author":"Alejandro Sosa Ruda","date":"8 marzo, 2022","format":false,"excerpt":"CHASCOM\u00daS -\u00a0\u00a0Al parecer en estos tiempos donde se han perdido el respeto, la \u00e9tica, la moral y muchas cosas m\u00e1s, uno no termina de sorprenderse por el grado de estupidez, o maldad que algunos poseen, cometiendo actos que perjudican a quienes est\u00e1n las 24 horas del d\u00eda preparados para salir\u2026","rel":"","context":"En \u00abCHASCOM\u00daS\u00bb","block_context":{"text":"CHASCOM\u00daS","link":"https:\/\/larevistadigital.com.ar\/blog\/category\/chascomus\/"},"img":{"alt_text":"","src":"https:\/\/i0.wp.com\/larevistadigital.com.ar\/blog\/wp-content\/uploads\/Mesa-de-trabajo-1-1.jpg?fit=1200%2C675&ssl=1&resize=350%2C200","width":350,"height":200,"srcset":"https:\/\/i0.wp.com\/larevistadigital.com.ar\/blog\/wp-content\/uploads\/Mesa-de-trabajo-1-1.jpg?fit=1200%2C675&ssl=1&resize=350%2C200 1x, https:\/\/i0.wp.com\/larevistadigital.com.ar\/blog\/wp-content\/uploads\/Mesa-de-trabajo-1-1.jpg?fit=1200%2C675&ssl=1&resize=525%2C300 1.5x, https:\/\/i0.wp.com\/larevistadigital.com.ar\/blog\/wp-content\/uploads\/Mesa-de-trabajo-1-1.jpg?fit=1200%2C675&ssl=1&resize=700%2C400 2x, https:\/\/i0.wp.com\/larevistadigital.com.ar\/blog\/wp-content\/uploads\/Mesa-de-trabajo-1-1.jpg?fit=1200%2C675&ssl=1&resize=1050%2C600 3x"},"classes":[]},{"id":16520,"url":"https:\/\/larevistadigital.com.ar\/blog\/chascomus-claudio-ortega-dio-negativo-de-covid-19\/","url_meta":{"origin":18418,"position":4},"title":"CHASCOM\u00daS: CLAUDIO ORTEGA DI\u00d3 NEGATIVO DE COVID 19,","author":"Alejandro Sosa Ruda","date":"26 septiembre, 2020","format":false,"excerpt":"Finalmente y gracias a Dios, dio negativo el hisopado de Claudio Leonardo Ortega, amigo y colaborador del intendente municipal de Chascom\u00fas, Javier Gast\u00f3n. Esto se conoci\u00f3 en la tarde de hoy, y llev\u00f3 tranquilidad y alegr\u00eda a sus compa\u00f1eros y amigos.\u00a0Claudio Leonardo Ortega habr\u00eda presentado el jueves s\u00edntomas compatibles con\u2026","rel":"","context":"En \u00abDESTACADAS\u00bb","block_context":{"text":"DESTACADAS","link":"https:\/\/larevistadigital.com.ar\/blog\/category\/destacadas\/"},"img":{"alt_text":"","src":"https:\/\/i0.wp.com\/larevistadigital.com.ar\/blog\/wp-content\/uploads\/73270558_2477120862334577_6958532668099133440_o.jpg?fit=1200%2C900&ssl=1&resize=350%2C200","width":350,"height":200,"srcset":"https:\/\/i0.wp.com\/larevistadigital.com.ar\/blog\/wp-content\/uploads\/73270558_2477120862334577_6958532668099133440_o.jpg?fit=1200%2C900&ssl=1&resize=350%2C200 1x, https:\/\/i0.wp.com\/larevistadigital.com.ar\/blog\/wp-content\/uploads\/73270558_2477120862334577_6958532668099133440_o.jpg?fit=1200%2C900&ssl=1&resize=525%2C300 1.5x, https:\/\/i0.wp.com\/larevistadigital.com.ar\/blog\/wp-content\/uploads\/73270558_2477120862334577_6958532668099133440_o.jpg?fit=1200%2C900&ssl=1&resize=700%2C400 2x, https:\/\/i0.wp.com\/larevistadigital.com.ar\/blog\/wp-content\/uploads\/73270558_2477120862334577_6958532668099133440_o.jpg?fit=1200%2C900&ssl=1&resize=1050%2C600 3x"},"classes":[]},{"id":15879,"url":"https:\/\/larevistadigital.com.ar\/blog\/mar-del-plata-dos-policias-contagiados-de-covid-19-y-ocho-aislados-tres-de-ellos-con-sintomas\/","url_meta":{"origin":18418,"position":5},"title":"MAR DEL PLATA: DOS POLIC\u00cdAS CONTAGIADOS DE COVID-19 Y OCHO AISLADOS. TRES DE ELLOS CON S\u00cdNTOMAS","author":"Alejandro Sosa Ruda","date":"10 agosto, 2020","format":false,"excerpt":"Se trata de un efectivo que presta servicios en la base del CPC Norte, lo que provoc\u00f3 que tres de sus compa\u00f1eros de guardia debieran ser hisopados y aislados preventivamente. Tambi\u00e9n se contagi\u00f3 una uniformada de la Comisar\u00eda de la Mujer, por lo que debieron aislar a cinco colegas suyos.\u2026","rel":"","context":"En \u00abREGIONALES\u00bb","block_context":{"text":"REGIONALES","link":"https:\/\/larevistadigital.com.ar\/blog\/category\/regionales\/"},"img":{"alt_text":"","src":"https:\/\/i0.wp.com\/larevistadigital.com.ar\/blog\/wp-content\/uploads\/Screenshot_1-123.jpg?fit=1005%2C655&ssl=1&resize=350%2C200","width":350,"height":200,"srcset":"https:\/\/i0.wp.com\/larevistadigital.com.ar\/blog\/wp-content\/uploads\/Screenshot_1-123.jpg?fit=1005%2C655&ssl=1&resize=350%2C200 1x, https:\/\/i0.wp.com\/larevistadigital.com.ar\/blog\/wp-content\/uploads\/Screenshot_1-123.jpg?fit=1005%2C655&ssl=1&resize=525%2C300 1.5x, https:\/\/i0.wp.com\/larevistadigital.com.ar\/blog\/wp-content\/uploads\/Screenshot_1-123.jpg?fit=1005%2C655&ssl=1&resize=700%2C400 2x"},"classes":[]}],"_links":{"self":[{"href":"https:\/\/larevistadigital.com.ar\/blog\/wp-json\/wp\/v2\/posts\/18418","targetHints":{"allow":["GET"]}}],"collection":[{"href":"https:\/\/larevistadigital.com.ar\/blog\/wp-json\/wp\/v2\/posts"}],"about":[{"href":"https:\/\/larevistadigital.com.ar\/blog\/wp-json\/wp\/v2\/types\/post"}],"author":[{"embeddable":true,"href":"https:\/\/larevistadigital.com.ar\/blog\/wp-json\/wp\/v2\/users\/3"}],"replies":[{"embeddable":true,"href":"https:\/\/larevistadigital.com.ar\/blog\/wp-json\/wp\/v2\/comments?post=18418"}],"version-history":[{"count":1,"href":"https:\/\/larevistadigital.com.ar\/blog\/wp-json\/wp\/v2\/posts\/18418\/revisions"}],"predecessor-version":[{"id":18420,"href":"https:\/\/larevistadigital.com.ar\/blog\/wp-json\/wp\/v2\/posts\/18418\/revisions\/18420"}],"wp:featuredmedia":[{"embeddable":true,"href":"https:\/\/larevistadigital.com.ar\/blog\/wp-json\/wp\/v2\/media\/18419"}],"wp:attachment":[{"href":"https:\/\/larevistadigital.com.ar\/blog\/wp-json\/wp\/v2\/media?parent=18418"}],"wp:term":[{"taxonomy":"category","embeddable":true,"href":"https:\/\/larevistadigital.com.ar\/blog\/wp-json\/wp\/v2\/categories?post=18418"},{"taxonomy":"post_tag","embeddable":true,"href":"https:\/\/larevistadigital.com.ar\/blog\/wp-json\/wp\/v2\/tags?post=18418"}],"curies":[{"name":"wp","href":"https:\/\/api.w.org\/{rel}","templated":true}]}}